{"id":8600,"date":"2012-05-20T21:08:51","date_gmt":"2012-05-20T19:08:51","guid":{"rendered":"http:\/\/blog.zeit.de\/stoerungsmelder\/?p=8600"},"modified":"2012-05-20T21:08:51","modified_gmt":"2012-05-20T19:08:51","slug":"polizeistatistik-zu-rechter-gewalt-muss-uberarbeitet-werden","status":"publish","type":"post","link":"https:\/\/blog.zeit.de\/stoerungsmelder\/2012\/05\/20\/polizeistatistik-zu-rechter-gewalt-muss-uberarbeitet-werden_8600","title":{"rendered":"Polizeistatistik zu rechter Gewalt muss \u00fcberarbeitet werden"},"content":{"rendered":"<p><a href=\"https:\/\/blog.zeit.de\/stoerungsmelder\/files\/2010\/04\/Clara_Herrmann.jpg\"><img loading=\"lazy\" decoding=\"async\" class=\"alignleft size-full wp-image-7012\" src=\"https:\/\/blog.zeit.de\/stoerungsmelder\/files\/2010\/04\/Clara_Herrmann.jpg\" alt=\"\" width=\"180\" height=\"240\" \/><\/a>\u201ePolacken, verpisst euch\u201c-Rufe bei einer Gewalttat gelten in Berlin nicht als rassistisches Tatmotiv? Rechte Gewalttaten tauchen in der Statistik oft nicht als solche auf \u2013 das muss sich \u00e4ndern! <em>Ein Kommentar von Clara Hermann (Gr\u00fcne)<\/em><!--more--><\/p>\n<p>Am 29.08.1992 mischen sich zwei Obdachlose, darunter G\u00fcnther S., ein, als in der N\u00e4he einer Parkbank in Berlin-Charlottenburg eine Gruppe Skinheads Zuwanderer provoziert. Daraufhin wenden sich die Skinheads, die Mitglied einer rechtsextremen Organisation sind, den beiden Obdachlosen zu. Es kommt zu einem kurzen Wortgefecht. Dann wird G\u00fcnther S. brutal mit einem Baseballschl\u00e4ger auf den Kopf geschlagen. Er stirbt an den Folgen des Schlages.<\/p>\n<p>Es ist die Nacht des 26.07. 1994, als Jan W. von einer Gruppe junger Deutscher in Berlin in die Spree getrieben wird. Er schafft es nicht, zur\u00fcck ans Ufer zu schwimmen, da er von der Gruppe gewaltsam davon abgehalten wird \u2013 schlie\u00dflich ertrinkt er in der Spree. Eine Polizeistreife h\u00f6rte die Rufe \u201ePolacken, verpisst euch\u201c und \u201eLasst den Polen nicht raus\u201c.<br \/>\nOffiziell werden G\u00fcnther S. Und Jan W. nicht als Opfer rechtsextremer, rassistischer oder antisemitischer Gewalt gef\u00fchrt.<\/p>\n<p>F\u00fcr den Raum Berlin sind seit 1990 zwei Todesopfer als Opfer rechtsextremistischer Gewalt nach der Definition \u201ePolitisch motivierte Kriminalit\u00e4t\u201c offiziell anerkannt. Demgegen\u00fcber haben die Zeitungen \u201eDIE ZEIT\u201c und der \u201eTagesspiegel\u201c nach aufw\u00e4ndigen Recherchen f\u00fcr den gleichen Zeitraum <a href=\"http:\/\/www.zeit.de\/gesellschaft\/zeitgeschehen\/todesopfer-rechter-gewalt\">zehn Todesopfer rechtsextremer Gewalt<\/a> ermitteln k\u00f6nnen. Diese enorme Diskrepanz zwischen den offiziellen Zahlen und den offensichtlich einem rechtsextremen Hintergrund zuzuordnenden T\u00f6tungsdelikten ist nicht hinnehmbar.<\/p>\n<p>Der Berliner Senat h\u00e4lt eine \u00dcberpr\u00fcfung der F\u00e4lle und eine daraus folgende Anpassung der Zahlen f\u00fcr unn\u00f6tig. Das Kleinrechnen der Opferzahlen rechtsextremer Gewalt muss ein Ende haben.<\/p>\n<p>Wir fordern deshalb, dass sich der Berliner Senat innerhalb der Innenministerkonferenz f\u00fcr eine \u00dcberarbeitung des polizeilichen Definitionssystems \u201ePolitisch motivierte Kriminalit\u00e4t (PMK) -rechts\u201c einsetzen soll. Wir wollen, dass eine umfassendere und verl\u00e4sslichere Erfassung aller rechtsextrem motivierten Straftaten gew\u00e4hrleistet wird. Eine Tat, die von einem nachweislich dem rechtsextremen Milieu Zugeh\u00f6rigen begangen wurde, muss zuk\u00fcnftig in die \u201ePMK \u2013 rechts\u201c aufgenommen werden, es sei denn, der oder die T\u00e4ter haben erkennbar nicht aus politisch motivierten Gr\u00fcnden gehandelt. Wir regen au\u00dferdem an, dass die Polizei verpflichtet werden sollte, den weiteren justiziellen Verlauf eines Falles zu verfolgen und mit in ihre eigene Bewertung aufzunehmen. Der Antrag, den wir dazu im Abgeordnetenhaus gestellt haben, findet sich <a href=\"http:\/\/www.clara-herrmann.net\/artikel\/2012\/05\/opfer-rechtsextremer-gewalt-anerkennen\">hier<\/a>.<\/p>\n<p>Diese Einstufung in die Statistik hat nicht nur Folgen f\u00fcr die Opferhilfe, sondern ist auch f\u00fcr die politische Bewertung der Gefahren des Rechtsextremismus wichtig. Angesichts der nun aufgedeckten Mordserie der rechten Terrorzelle NSU und der \u00f6ffentlichen Debatte um die Einstufung politisch motivierter Kriminalit\u00e4t (PMK) von Rechts w\u00e4re es angebracht, Fehler der Vergangenheit einzugestehen und eine neue, sensiblere Betrachtung einzuf\u00fchren.<\/p>\n","protected":false},"excerpt":{"rendered":"<p>\u201ePolacken, verpisst euch\u201c-Rufe bei einer Gewalttat gelten in Berlin nicht als rassistisches Tatmotiv? Rechte Gewalttaten tauchen in der Statistik oft nicht als solche auf \u2013 das muss sich \u00e4ndern! Ein Kommentar von Clara Hermann (Gr\u00fcne)<\/p>\n","protected":false},"author":255,"featured_media":0,"comment_status":"open","ping_status":"open","sticky":false,"template":"","format":"standard","meta":{"_jetpack_memberships_contains_paid_content":false,"footnotes":""},"categories":[249],"tags":[1755,6377],"class_list":["post-8600","post","type-post","status-publish","format-standard","hentry","category-berlin","tag-rechte-gewalt","tag-todesopfer"],"yoast_head":"<!-- This site is optimized with the Yoast SEO plugin v21.0 - https:\/\/yoast.com\/wordpress\/plugins\/seo\/ -->\n<title>Polizeistatistik zu rechter Gewalt muss \u00fcberarbeitet werden - St\u00f6rungsmelder<\/title>\n<meta name=\"robots\" content=\"index, follow, max-snippet:-1, max-image-preview:large, max-video-preview:-1\" \/>\n<link rel=\"canonical\" href=\"https:\/\/blog.zeit.de\/stoerungsmelder\/2012\/05\/20\/polizeistatistik-zu-rechter-gewalt-muss-uberarbeitet-werden_8600\" \/>\n<meta property=\"og:locale\" content=\"de_DE\" \/>\n<meta property=\"og:type\" content=\"article\" \/>\n<meta property=\"og:title\" content=\"Polizeistatistik zu rechter Gewalt muss \u00fcberarbeitet werden - St\u00f6rungsmelder\" \/>\n<meta property=\"og:description\" content=\"\u201ePolacken, verpisst euch\u201c-Rufe bei einer Gewalttat gelten in Berlin nicht als rassistisches Tatmotiv? Rechte Gewalttaten tauchen in der Statistik oft nicht als solche auf \u2013 das muss sich \u00e4ndern! Ein Kommentar von Clara Hermann (Gr\u00fcne)\" \/>\n<meta property=\"og:url\" content=\"https:\/\/blog.zeit.de\/stoerungsmelder\/2012\/05\/20\/polizeistatistik-zu-rechter-gewalt-muss-uberarbeitet-werden_8600\" \/>\n<meta property=\"og:site_name\" content=\"St\u00f6rungsmelder\" \/>\n<meta property=\"article:published_time\" content=\"2012-05-20T19:08:51+00:00\" \/>\n<meta property=\"og:image\" content=\"https:\/\/blog.zeit.de\/stoerungsmelder\/files\/2010\/04\/Clara_Herrmann.jpg\" \/>\n<meta name=\"author\" content=\"Clara Herrmann\" \/>\n<meta name=\"twitter:card\" content=\"summary_large_image\" \/>\n<meta name=\"twitter:label1\" content=\"Geschrieben von\" \/>\n\t<meta name=\"twitter:data1\" content=\"Clara Herrmann\" \/>\n\t<meta name=\"twitter:label2\" content=\"Gesch\u00e4tzte Lesezeit\" \/>\n\t<meta name=\"twitter:data2\" content=\"2\u00a0Minuten\" \/>\n<script type=\"application\/ld+json\" class=\"yoast-schema-graph\">{\"@context\":\"https:\/\/schema.org\",\"@graph\":[{\"@type\":\"WebPage\",\"@id\":\"https:\/\/blog.zeit.de\/stoerungsmelder\/2012\/05\/20\/polizeistatistik-zu-rechter-gewalt-muss-uberarbeitet-werden_8600\",\"url\":\"https:\/\/blog.zeit.de\/stoerungsmelder\/2012\/05\/20\/polizeistatistik-zu-rechter-gewalt-muss-uberarbeitet-werden_8600\",\"name\":\"Polizeistatistik zu rechter Gewalt muss \u00fcberarbeitet werden - St\u00f6rungsmelder\",\"isPartOf\":{\"@id\":\"https:\/\/blog.zeit.de\/stoerungsmelder\/#website\"},\"datePublished\":\"2012-05-20T19:08:51+00:00\",\"dateModified\":\"2012-05-20T19:08:51+00:00\",\"author\":{\"@id\":\"https:\/\/blog.zeit.de\/stoerungsmelder\/#\/schema\/person\/edc999bf09f96e71c295c3551c323fa2\"},\"breadcrumb\":{\"@id\":\"https:\/\/blog.zeit.de\/stoerungsmelder\/2012\/05\/20\/polizeistatistik-zu-rechter-gewalt-muss-uberarbeitet-werden_8600#breadcrumb\"},\"inLanguage\":\"de\",\"potentialAction\":[{\"@type\":\"ReadAction\",\"target\":[\"https:\/\/blog.zeit.de\/stoerungsmelder\/2012\/05\/20\/polizeistatistik-zu-rechter-gewalt-muss-uberarbeitet-werden_8600\"]}]},{\"@type\":\"BreadcrumbList\",\"@id\":\"https:\/\/blog.zeit.de\/stoerungsmelder\/2012\/05\/20\/polizeistatistik-zu-rechter-gewalt-muss-uberarbeitet-werden_8600#breadcrumb\",\"itemListElement\":[{\"@type\":\"ListItem\",\"position\":1,\"name\":\"Startseite\",\"item\":\"https:\/\/blog.zeit.de\/stoerungsmelder\"},{\"@type\":\"ListItem\",\"position\":2,\"name\":\"Polizeistatistik zu rechter Gewalt muss \u00fcberarbeitet werden\"}]},{\"@type\":\"WebSite\",\"@id\":\"https:\/\/blog.zeit.de\/stoerungsmelder\/#website\",\"url\":\"https:\/\/blog.zeit.de\/stoerungsmelder\/\",\"name\":\"St\u00f6rungsmelder\",\"description\":\"Recherchen und Analysen \u00fcber die extreme Rechte\",\"potentialAction\":[{\"@type\":\"SearchAction\",\"target\":{\"@type\":\"EntryPoint\",\"urlTemplate\":\"https:\/\/blog.zeit.de\/stoerungsmelder\/?s={search_term_string}\"},\"query-input\":\"required name=search_term_string\"}],\"inLanguage\":\"de\"},{\"@type\":\"Person\",\"@id\":\"https:\/\/blog.zeit.de\/stoerungsmelder\/#\/schema\/person\/edc999bf09f96e71c295c3551c323fa2\",\"name\":\"Clara Herrmann\",\"image\":{\"@type\":\"ImageObject\",\"inLanguage\":\"de\",\"@id\":\"https:\/\/blog.zeit.de\/stoerungsmelder\/#\/schema\/person\/image\/\",\"url\":\"https:\/\/secure.gravatar.com\/avatar\/04b40705f948898f2d062b2baf918db0e44716afe022753fee34274b82cee0d7?s=96&d=mm&r=pg\",\"contentUrl\":\"https:\/\/secure.gravatar.com\/avatar\/04b40705f948898f2d062b2baf918db0e44716afe022753fee34274b82cee0d7?s=96&d=mm&r=pg\",\"caption\":\"Clara Herrmann\"},\"url\":\"https:\/\/blog.zeit.de\/stoerungsmelder\/author\/clara-herrmann\"}]}<\/script>\n<!-- \/ Yoast SEO plugin. -->","yoast_head_json":{"title":"Polizeistatistik zu rechter Gewalt muss \u00fcberarbeitet werden - St\u00f6rungsmelder","robots":{"index":"index","follow":"follow","max-snippet":"max-snippet:-1","max-image-preview":"max-image-preview:large","max-video-preview":"max-video-preview:-1"},"canonical":"https:\/\/blog.zeit.de\/stoerungsmelder\/2012\/05\/20\/polizeistatistik-zu-rechter-gewalt-muss-uberarbeitet-werden_8600","og_locale":"de_DE","og_type":"article","og_title":"Polizeistatistik zu rechter Gewalt muss \u00fcberarbeitet werden - St\u00f6rungsmelder","og_description":"\u201ePolacken, verpisst euch\u201c-Rufe bei einer Gewalttat gelten in Berlin nicht als rassistisches Tatmotiv? Rechte Gewalttaten tauchen in der Statistik oft nicht als solche auf \u2013 das muss sich \u00e4ndern! Ein Kommentar von Clara Hermann (Gr\u00fcne)","og_url":"https:\/\/blog.zeit.de\/stoerungsmelder\/2012\/05\/20\/polizeistatistik-zu-rechter-gewalt-muss-uberarbeitet-werden_8600","og_site_name":"St\u00f6rungsmelder","article_published_time":"2012-05-20T19:08:51+00:00","og_image":[{"url":"https:\/\/blog.zeit.de\/stoerungsmelder\/files\/2010\/04\/Clara_Herrmann.jpg"}],"author":"Clara Herrmann","twitter_card":"summary_large_image","twitter_misc":{"Geschrieben von":"Clara Herrmann","Gesch\u00e4tzte Lesezeit":"2\u00a0Minuten"},"schema":{"@context":"https:\/\/schema.org","@graph":[{"@type":"WebPage","@id":"https:\/\/blog.zeit.de\/stoerungsmelder\/2012\/05\/20\/polizeistatistik-zu-rechter-gewalt-muss-uberarbeitet-werden_8600","url":"https:\/\/blog.zeit.de\/stoerungsmelder\/2012\/05\/20\/polizeistatistik-zu-rechter-gewalt-muss-uberarbeitet-werden_8600","name":"Polizeistatistik zu rechter Gewalt muss \u00fcberarbeitet werden - St\u00f6rungsmelder","isPartOf":{"@id":"https:\/\/blog.zeit.de\/stoerungsmelder\/#website"},"datePublished":"2012-05-20T19:08:51+00:00","dateModified":"2012-05-20T19:08:51+00:00","author":{"@id":"https:\/\/blog.zeit.de\/stoerungsmelder\/#\/schema\/person\/edc999bf09f96e71c295c3551c323fa2"},"breadcrumb":{"@id":"https:\/\/blog.zeit.de\/stoerungsmelder\/2012\/05\/20\/polizeistatistik-zu-rechter-gewalt-muss-uberarbeitet-werden_8600#breadcrumb"},"inLanguage":"de","potentialAction":[{"@type":"ReadAction","target":["https:\/\/blog.zeit.de\/stoerungsmelder\/2012\/05\/20\/polizeistatistik-zu-rechter-gewalt-muss-uberarbeitet-werden_8600"]}]},{"@type":"BreadcrumbList","@id":"https:\/\/blog.zeit.de\/stoerungsmelder\/2012\/05\/20\/polizeistatistik-zu-rechter-gewalt-muss-uberarbeitet-werden_8600#breadcrumb","itemListElement":[{"@type":"ListItem","position":1,"name":"Startseite","item":"https:\/\/blog.zeit.de\/stoerungsmelder"},{"@type":"ListItem","position":2,"name":"Polizeistatistik zu rechter Gewalt muss \u00fcberarbeitet werden"}]},{"@type":"WebSite","@id":"https:\/\/blog.zeit.de\/stoerungsmelder\/#website","url":"https:\/\/blog.zeit.de\/stoerungsmelder\/","name":"St\u00f6rungsmelder","description":"Recherchen und Analysen \u00fcber die extreme Rechte","potentialAction":[{"@type":"SearchAction","target":{"@type":"EntryPoint","urlTemplate":"https:\/\/blog.zeit.de\/stoerungsmelder\/?s={search_term_string}"},"query-input":"required name=search_term_string"}],"inLanguage":"de"},{"@type":"Person","@id":"https:\/\/blog.zeit.de\/stoerungsmelder\/#\/schema\/person\/edc999bf09f96e71c295c3551c323fa2","name":"Clara Herrmann","image":{"@type":"ImageObject","inLanguage":"de","@id":"https:\/\/blog.zeit.de\/stoerungsmelder\/#\/schema\/person\/image\/","url":"https:\/\/secure.gravatar.com\/avatar\/04b40705f948898f2d062b2baf918db0e44716afe022753fee34274b82cee0d7?s=96&d=mm&r=pg","contentUrl":"https:\/\/secure.gravatar.com\/avatar\/04b40705f948898f2d062b2baf918db0e44716afe022753fee34274b82cee0d7?s=96&d=mm&r=pg","caption":"Clara Herrmann"},"url":"https:\/\/blog.zeit.de\/stoerungsmelder\/author\/clara-herrmann"}]}},"jetpack_featured_media_url":"","jetpack_sharing_enabled":true,"_links":{"self":[{"href":"https:\/\/blog.zeit.de\/stoerungsmelder\/wp-json\/wp\/v2\/posts\/8600","targetHints":{"allow":["GET"]}}],"collection":[{"href":"https:\/\/blog.zeit.de\/stoerungsmelder\/wp-json\/wp\/v2\/posts"}],"about":[{"href":"https:\/\/blog.zeit.de\/stoerungsmelder\/wp-json\/wp\/v2\/types\/post"}],"author":[{"embeddable":true,"href":"https:\/\/blog.zeit.de\/stoerungsmelder\/wp-json\/wp\/v2\/users\/255"}],"replies":[{"embeddable":true,"href":"https:\/\/blog.zeit.de\/stoerungsmelder\/wp-json\/wp\/v2\/comments?post=8600"}],"version-history":[{"count":2,"href":"https:\/\/blog.zeit.de\/stoerungsmelder\/wp-json\/wp\/v2\/posts\/8600\/revisions"}],"predecessor-version":[{"id":8618,"href":"https:\/\/blog.zeit.de\/stoerungsmelder\/wp-json\/wp\/v2\/posts\/8600\/revisions\/8618"}],"wp:attachment":[{"href":"https:\/\/blog.zeit.de\/stoerungsmelder\/wp-json\/wp\/v2\/media?parent=8600"}],"wp:term":[{"taxonomy":"category","embeddable":true,"href":"https:\/\/blog.zeit.de\/stoerungsmelder\/wp-json\/wp\/v2\/categories?post=8600"},{"taxonomy":"post_tag","embeddable":true,"href":"https:\/\/blog.zeit.de\/stoerungsmelder\/wp-json\/wp\/v2\/tags?post=8600"}],"curies":[{"name":"wp","href":"https:\/\/api.w.org\/{rel}","templated":true}]}}