{"id":8607,"date":"2012-05-18T11:58:25","date_gmt":"2012-05-18T09:58:25","guid":{"rendered":"http:\/\/blog.zeit.de\/stoerungsmelder\/?p=8607"},"modified":"2017-07-08T16:36:04","modified_gmt":"2017-07-08T14:36:04","slug":"hamburg-rustet-sich-gegen-bundesweiten-naziaufmarsch","status":"publish","type":"post","link":"https:\/\/blog.zeit.de\/stoerungsmelder\/2012\/05\/18\/hamburg-rustet-sich-gegen-bundesweiten-naziaufmarsch_8607","title":{"rendered":"Hamburg r\u00fcstet sich gegen bundesweiten Naziaufmarsch"},"content":{"rendered":"<p>[youtube https:\/\/www.youtube.com\/watch?v=5UoRzZhncDg]<\/p>\n<p>Bis zu 1000 Neonazis wollen am 2. Juni in Hamburg aufmarschieren. Rund 200 Gruppen, K\u00fcnstler und Einzelpersonen haben in einem <a href=\"http:\/\/www.keine-stimme-den-nazis.org\/index.php?option=com_content&amp;task=view&amp;id=4900&amp;Itemid=196\">gemeinsamen Aufruf<\/a> angek\u00fcndigt den Aufmarsch zu blockieren. Sie rechnen mit mehr als 20.000 Gegendemonstranten. Am Samstag findet von 10.00 &#8211; 18.00 Uhr das erste Blockadetraining im Gewerkschaftshaus im Besenbinderhof 60 statt. Bei einem Mobilisierungskonzert gegen das Nazitreffen sind am 5. Mai bereits <a href=\"http:\/\/www.deichkind.de\/landingpages\/leider-geil\/index.php\">Deichkind<\/a> und viele weitere K\u00fcnstler aufgetreten.<!--more--><\/p>\n<p><a href=\"https:\/\/blog.zeit.de\/stoerungsmelder\/files\/2012\/05\/hbgr-juni2012-590x209.jpg\"><img loading=\"lazy\" decoding=\"async\" class=\"aligncenter  wp-image-8608\" src=\"https:\/\/blog.zeit.de\/stoerungsmelder\/files\/2012\/05\/hbgr-juni2012-590x209.jpg\" alt=\"\" width=\"540\" height=\"191\" srcset=\"https:\/\/blog.zeit.de\/stoerungsmelder\/files\/2012\/05\/hbgr-juni2012-590x209.jpg 590w, https:\/\/blog.zeit.de\/stoerungsmelder\/files\/2012\/05\/hbgr-juni2012-590x209-300x106.jpg 300w\" sizes=\"auto, (max-width: 540px) 100vw, 540px\" \/><br \/>\n<\/a><em><strong>Wir dokumentieren den Aufruf des <a href=\"http:\/\/www.keine-stimme-den-nazis.org\/index.php?option=com_content&amp;task=view&amp;id=4900&amp;Itemid=196\">B\u00fcndnis gegen Rechts<\/a>:<\/strong><\/em><\/p>\n<p>F\u00fcr Samstag, den 2. Juni 2012 planen Nazis einen \u00fcberregionalen Aufmarsch durch Hamburgs Innenstadt unter dem volksverhetzenden Motto \u201eTag der deutschen Zukunft \u2013 Unser Signal gegen \u00dcberfremdung\u201c. Sie wollen damit ihre menschenfeindliche, rassistische und auf Ausgrenzung basierende Politik \u00f6ffentlich darstellen. Ihre neofaschistischen Positionen und Auftritte sollen zur Normalit\u00e4t werden. Am 27.Juni 2001 wurde der Kaufmann S\u00fcleyman Task\u00f6pr\u00fc in Hamburg-Bahrenfeld durch den \u201eNationalsozialistischen Untergrund\u201c (NSU) ermordet. Die Veranstalter_innen dieses Aufmarsches rekrutieren sich aus dem Teil der Faschistenszene, aus deren Reihen sich u.a. der NSU bildete und unterst\u00fctzt wurde: Kameradschaften, autonome Nationalisten und NPD.<\/p>\n<p><strong>Keine Zukunft den Faschisten!<\/strong><br \/>\nDas Hamburger B\u00fcndnis gegen Rechts ruft deshalb f\u00fcr den 2. Juni 2012 zu einem breiten Widerstand gegen die Faschisten und jede rassistische Stimmungsmache auf. Wir werden es nicht zulassen, dass sie ihre Hetze ungest\u00f6rt verbreiten k\u00f6nnen. Wir rufen alle Menschen dazu auf, den Nazis nicht die Stra\u00dfe zu \u00fcberlassen und sich mit vielf\u00e4ltigen Formen des Protestes z.B. Kundgebungen, Demonstrationen, Blockaden gegen diesen Aufmarsch zu beteiligen. Wir sind solidarisch mit allen, die mit uns das Ziel teilen, den Aufmarsch zu verhindern. Am 1. Mai 2008 haben wir schon einmal erfolgreich den Nazis Paroli geboten.<\/p>\n<p><strong>Faschisten in der Tradition der NSDAP<\/strong><br \/>\nBereits in den Vorjahren fanden unter dem gleichen Motto Aufm\u00e4rsche der Nazis in Pinneberg, Hildesheim und Braunschweig\/Peine statt. Die Kameradschaftsszene will damit in Norddeutschland ihre eigene Politikf\u00e4higkeit und St\u00e4rke beweisen und ein Event etablieren. Die NPD demonstriert bei dem Aufmarsch ihre Kooperationsbereitschaft mit den Nazi-Schl\u00e4gern in SA-Tradition. In den j\u00e4hrlichen Aufrufen reden sie, ganz in der Sprache des NS-Verbrecherstaates, von \u201e\u00dcberfremdungsirrsinn\u201c, \u201eAusl\u00e4nderbanden\u201c und \u201eGhetto\u201c. Sie fordern ein nach \u201av\u00f6lkischen Kriterien bereinigtes\u2018 Deutschland. In ihrer aktuellen Mobilisierung hetzen die Nazis seit Monaten nicht nur gegen Migrantinnen und Migranten und Fl\u00fcchtlinge, sondern auch mit steckbrief\u00e4hnlichen Pamphleten gegen antirassistische Menschen und Organisationen.<\/p>\n<p><strong>Wasser auf die M\u00fchlen<\/strong><br \/>\nSchon immer wurden Nazi-Parteien und Organisationen nicht nur geduldet, sondern verharmlost. Bei den Terrortaten des NSU, aber auch bei dem Massaker in Ut\u00f8ya in Norwegen, wurde zun\u00e4chst immer wieder behauptet, es handelt sich nur um Einzelt\u00e4ter_innen. Solche Taten entstehen auf dem Boden weit verbreiteter Ressentiments. Ausgel\u00f6st durch Thilo Sarrazin und befeuert durch bundesweit erscheinende Medien ging im Jahr 2010 erneut eine Welle von Rassismus durch Deutschland, der sich haupts\u00e4chlich gegen Muslime richtete. Die Bundeskanzlerin flankierte dieses mit den Worten \u201eDie multikulturelle Gesellschaft ist gescheitert, absolut gescheitert.\u201c Hingegen wurden und werden Nazigegnerinnen und -gegner oftmals bel\u00e4chelt, kriminalisiert, ihr Engagement gegen Neofaschismus als \u201eExtremismus von links\u201c denunziert, und damit die Verbrechen des Faschismus relativiert.<\/p>\n<p><strong>Aus der Geschichte lernen \u2026.<\/strong><br \/>\nNach der Macht\u00fcbertragung am 30. Januar 1933 wurde die politische Opposition ausgeschaltet. Die Gewerkschaften wurden zerschlagen, am 2. Mai 1933 die Gewerkschaftsh\u00e4user besetzt. In den folgenden Jahren setzten die Nazis einen beispiellosen V\u00f6lkermord gegen die europ\u00e4ischen Juden und die Sinti und Roma ins Werk. Der von Nazi-Deutschland begonnene Krieg f\u00fchrte zur Verw\u00fcstung weiter Teile Europas und zum Tod von mehr als 55 Millionen Menschen. Die Faschisten von heute sehen in den Nazi-Verbrechern von damals ihre Vorbilder.<\/p>\n<p><strong>\u2026. unsere Zukunft selbst gestalten<\/strong><br \/>\nUnser Ziel ist eine solidarische Gesellschaft, in der Platz f\u00fcr alle Menschen ist, unabh\u00e4ngig von Herkunft, Geschlecht, Religion, Weltanschauung, sozialem Status oder Behinderungen. Wir stellen uns gegen rassistische Erkl\u00e4rungsmuster oder Ausgrenzungen, die gesellschaftlichen Konkurrenzverh\u00e4ltnissen entspringen. In diesem Sinne sind alle Menschen aufgefordert, sich aktiv einzumischen f\u00fcr eine soziale Umgestaltung und Demokratisierung der Gesellschaft, um den Faschisten den N\u00e4hrboden zu entziehen.<\/p>\n<p><strong>Wir fordern:<\/strong><br \/>\nDie vollst\u00e4ndige Aufl\u00f6sung der NPD und aller faschistischen Organisationen L\u00fcckenlose Aufkl\u00e4rung der Mordserie des NSU und der staatlichen Verstrickungen Gegen jegliche Ausgrenzung und Diskriminierung \u2013 gleiche Rechte f\u00fcr alle Menschen<\/p>\n<p><a href=\"http:\/\/www.keine-stimme-den-nazis.org\/index.php?option=com_content&amp;task=view&amp;id=4636&amp;Itemid=\">Hamburger B\u00fcndnis gegen Rechts<\/a>, 25.01.2012<\/p>\n","protected":false},"excerpt":{"rendered":"<p>[youtube https:\/\/www.youtube.com\/watch?v=5UoRzZhncDg] Bis zu 1000 Neonazis wollen am 2. Juni in Hamburg aufmarschieren. Rund 200 Gruppen, K\u00fcnstler und Einzelpersonen haben in einem gemeinsamen Aufruf angek\u00fcndigt den Aufmarsch zu blockieren. Sie rechnen mit mehr als 20.000 Gegendemonstranten. Am Samstag findet von 10.00 &#8211; 18.00 Uhr das erste Blockadetraining im Gewerkschaftshaus im Besenbinderhof 60 statt. Bei einem [&hellip;]<\/p>\n","protected":false},"author":229,"featured_media":0,"comment_status":"open","ping_status":"open","sticky":false,"template":"","format":"standard","meta":{"_jetpack_memberships_contains_paid_content":false,"footnotes":""},"categories":[1329],"tags":[1707,1752,1795,1858],"class_list":["post-8607","post","type-post","status-publish","format-standard","hentry","category-hamburg","tag-naziaufmarsch","tag-protest","tag-sitzblockade","tag-zivilcourage"],"yoast_head":"<!-- This site is optimized with the Yoast SEO plugin v21.0 - https:\/\/yoast.com\/wordpress\/plugins\/seo\/ -->\n<title>Hamburg r\u00fcstet sich gegen bundesweiten Naziaufmarsch - St\u00f6rungsmelder<\/title>\n<meta name=\"robots\" content=\"index, follow, max-snippet:-1, max-image-preview:large, max-video-preview:-1\" \/>\n<link rel=\"canonical\" href=\"https:\/\/blog.zeit.de\/stoerungsmelder\/2012\/05\/18\/hamburg-rustet-sich-gegen-bundesweiten-naziaufmarsch_8607\" \/>\n<meta property=\"og:locale\" content=\"de_DE\" \/>\n<meta property=\"og:type\" content=\"article\" \/>\n<meta property=\"og:title\" content=\"Hamburg r\u00fcstet sich gegen bundesweiten Naziaufmarsch - St\u00f6rungsmelder\" \/>\n<meta property=\"og:description\" content=\"[youtube https:\/\/www.youtube.com\/watch?v=5UoRzZhncDg] Bis zu 1000 Neonazis wollen am 2. Juni in Hamburg aufmarschieren. Rund 200 Gruppen, K\u00fcnstler und Einzelpersonen haben in einem gemeinsamen Aufruf angek\u00fcndigt den Aufmarsch zu blockieren. Sie rechnen mit mehr als 20.000 Gegendemonstranten. Am Samstag findet von 10.00 &#8211; 18.00 Uhr das erste Blockadetraining im Gewerkschaftshaus im Besenbinderhof 60 statt. Bei einem [&hellip;]\" \/>\n<meta property=\"og:url\" content=\"https:\/\/blog.zeit.de\/stoerungsmelder\/2012\/05\/18\/hamburg-rustet-sich-gegen-bundesweiten-naziaufmarsch_8607\" \/>\n<meta property=\"og:site_name\" content=\"St\u00f6rungsmelder\" \/>\n<meta property=\"article:published_time\" content=\"2012-05-18T09:58:25+00:00\" \/>\n<meta property=\"article:modified_time\" content=\"2017-07-08T14:36:04+00:00\" \/>\n<meta property=\"og:image\" content=\"https:\/\/blog.zeit.de\/stoerungsmelder\/files\/2012\/05\/hbgr-juni2012-590x209.jpg\" \/>\n<meta name=\"author\" content=\"St\u00f6rungsmelder\" \/>\n<meta name=\"twitter:card\" content=\"summary_large_image\" \/>\n<meta name=\"twitter:label1\" content=\"Geschrieben von\" \/>\n\t<meta name=\"twitter:data1\" content=\"St\u00f6rungsmelder\" \/>\n\t<meta name=\"twitter:label2\" content=\"Gesch\u00e4tzte Lesezeit\" \/>\n\t<meta name=\"twitter:data2\" content=\"4\u00a0Minuten\" \/>\n<script type=\"application\/ld+json\" class=\"yoast-schema-graph\">{\"@context\":\"https:\/\/schema.org\",\"@graph\":[{\"@type\":\"WebPage\",\"@id\":\"https:\/\/blog.zeit.de\/stoerungsmelder\/2012\/05\/18\/hamburg-rustet-sich-gegen-bundesweiten-naziaufmarsch_8607\",\"url\":\"https:\/\/blog.zeit.de\/stoerungsmelder\/2012\/05\/18\/hamburg-rustet-sich-gegen-bundesweiten-naziaufmarsch_8607\",\"name\":\"Hamburg r\u00fcstet sich gegen bundesweiten Naziaufmarsch - St\u00f6rungsmelder\",\"isPartOf\":{\"@id\":\"https:\/\/blog.zeit.de\/stoerungsmelder\/#website\"},\"datePublished\":\"2012-05-18T09:58:25+00:00\",\"dateModified\":\"2017-07-08T14:36:04+00:00\",\"author\":{\"@id\":\"https:\/\/blog.zeit.de\/stoerungsmelder\/#\/schema\/person\/fdd0b9818f65738672810b6d6f037f71\"},\"breadcrumb\":{\"@id\":\"https:\/\/blog.zeit.de\/stoerungsmelder\/2012\/05\/18\/hamburg-rustet-sich-gegen-bundesweiten-naziaufmarsch_8607#breadcrumb\"},\"inLanguage\":\"de\",\"potentialAction\":[{\"@type\":\"ReadAction\",\"target\":[\"https:\/\/blog.zeit.de\/stoerungsmelder\/2012\/05\/18\/hamburg-rustet-sich-gegen-bundesweiten-naziaufmarsch_8607\"]}]},{\"@type\":\"BreadcrumbList\",\"@id\":\"https:\/\/blog.zeit.de\/stoerungsmelder\/2012\/05\/18\/hamburg-rustet-sich-gegen-bundesweiten-naziaufmarsch_8607#breadcrumb\",\"itemListElement\":[{\"@type\":\"ListItem\",\"position\":1,\"name\":\"Startseite\",\"item\":\"https:\/\/blog.zeit.de\/stoerungsmelder\"},{\"@type\":\"ListItem\",\"position\":2,\"name\":\"Hamburg r\u00fcstet sich gegen bundesweiten Naziaufmarsch\"}]},{\"@type\":\"WebSite\",\"@id\":\"https:\/\/blog.zeit.de\/stoerungsmelder\/#website\",\"url\":\"https:\/\/blog.zeit.de\/stoerungsmelder\/\",\"name\":\"St\u00f6rungsmelder\",\"description\":\"Recherchen und Analysen \u00fcber die extreme Rechte\",\"potentialAction\":[{\"@type\":\"SearchAction\",\"target\":{\"@type\":\"EntryPoint\",\"urlTemplate\":\"https:\/\/blog.zeit.de\/stoerungsmelder\/?s={search_term_string}\"},\"query-input\":\"required name=search_term_string\"}],\"inLanguage\":\"de\"},{\"@type\":\"Person\",\"@id\":\"https:\/\/blog.zeit.de\/stoerungsmelder\/#\/schema\/person\/fdd0b9818f65738672810b6d6f037f71\",\"name\":\"St\u00f6rungsmelder\",\"image\":{\"@type\":\"ImageObject\",\"inLanguage\":\"de\",\"@id\":\"https:\/\/blog.zeit.de\/stoerungsmelder\/#\/schema\/person\/image\/\",\"url\":\"https:\/\/secure.gravatar.com\/avatar\/dfa4be514c3e82a71e4f9a0020035d38192d080ccaa5e4e6d7a1472c763535c5?s=96&d=mm&r=pg\",\"contentUrl\":\"https:\/\/secure.gravatar.com\/avatar\/dfa4be514c3e82a71e4f9a0020035d38192d080ccaa5e4e6d7a1472c763535c5?s=96&d=mm&r=pg\",\"caption\":\"St\u00f6rungsmelder\"},\"url\":\"https:\/\/blog.zeit.de\/stoerungsmelder\/author\/stoerungsmelder\"}]}<\/script>\n<!-- \/ Yoast SEO plugin. -->","yoast_head_json":{"title":"Hamburg r\u00fcstet sich gegen bundesweiten Naziaufmarsch - St\u00f6rungsmelder","robots":{"index":"index","follow":"follow","max-snippet":"max-snippet:-1","max-image-preview":"max-image-preview:large","max-video-preview":"max-video-preview:-1"},"canonical":"https:\/\/blog.zeit.de\/stoerungsmelder\/2012\/05\/18\/hamburg-rustet-sich-gegen-bundesweiten-naziaufmarsch_8607","og_locale":"de_DE","og_type":"article","og_title":"Hamburg r\u00fcstet sich gegen bundesweiten Naziaufmarsch - St\u00f6rungsmelder","og_description":"[youtube https:\/\/www.youtube.com\/watch?v=5UoRzZhncDg] Bis zu 1000 Neonazis wollen am 2. Juni in Hamburg aufmarschieren. Rund 200 Gruppen, K\u00fcnstler und Einzelpersonen haben in einem gemeinsamen Aufruf angek\u00fcndigt den Aufmarsch zu blockieren. Sie rechnen mit mehr als 20.000 Gegendemonstranten. Am Samstag findet von 10.00 &#8211; 18.00 Uhr das erste Blockadetraining im Gewerkschaftshaus im Besenbinderhof 60 statt. Bei einem [&hellip;]","og_url":"https:\/\/blog.zeit.de\/stoerungsmelder\/2012\/05\/18\/hamburg-rustet-sich-gegen-bundesweiten-naziaufmarsch_8607","og_site_name":"St\u00f6rungsmelder","article_published_time":"2012-05-18T09:58:25+00:00","article_modified_time":"2017-07-08T14:36:04+00:00","og_image":[{"url":"https:\/\/blog.zeit.de\/stoerungsmelder\/files\/2012\/05\/hbgr-juni2012-590x209.jpg"}],"author":"St\u00f6rungsmelder","twitter_card":"summary_large_image","twitter_misc":{"Geschrieben von":"St\u00f6rungsmelder","Gesch\u00e4tzte Lesezeit":"4\u00a0Minuten"},"schema":{"@context":"https:\/\/schema.org","@graph":[{"@type":"WebPage","@id":"https:\/\/blog.zeit.de\/stoerungsmelder\/2012\/05\/18\/hamburg-rustet-sich-gegen-bundesweiten-naziaufmarsch_8607","url":"https:\/\/blog.zeit.de\/stoerungsmelder\/2012\/05\/18\/hamburg-rustet-sich-gegen-bundesweiten-naziaufmarsch_8607","name":"Hamburg r\u00fcstet sich gegen bundesweiten Naziaufmarsch - St\u00f6rungsmelder","isPartOf":{"@id":"https:\/\/blog.zeit.de\/stoerungsmelder\/#website"},"datePublished":"2012-05-18T09:58:25+00:00","dateModified":"2017-07-08T14:36:04+00:00","author":{"@id":"https:\/\/blog.zeit.de\/stoerungsmelder\/#\/schema\/person\/fdd0b9818f65738672810b6d6f037f71"},"breadcrumb":{"@id":"https:\/\/blog.zeit.de\/stoerungsmelder\/2012\/05\/18\/hamburg-rustet-sich-gegen-bundesweiten-naziaufmarsch_8607#breadcrumb"},"inLanguage":"de","potentialAction":[{"@type":"ReadAction","target":["https:\/\/blog.zeit.de\/stoerungsmelder\/2012\/05\/18\/hamburg-rustet-sich-gegen-bundesweiten-naziaufmarsch_8607"]}]},{"@type":"BreadcrumbList","@id":"https:\/\/blog.zeit.de\/stoerungsmelder\/2012\/05\/18\/hamburg-rustet-sich-gegen-bundesweiten-naziaufmarsch_8607#breadcrumb","itemListElement":[{"@type":"ListItem","position":1,"name":"Startseite","item":"https:\/\/blog.zeit.de\/stoerungsmelder"},{"@type":"ListItem","position":2,"name":"Hamburg r\u00fcstet sich gegen bundesweiten Naziaufmarsch"}]},{"@type":"WebSite","@id":"https:\/\/blog.zeit.de\/stoerungsmelder\/#website","url":"https:\/\/blog.zeit.de\/stoerungsmelder\/","name":"St\u00f6rungsmelder","description":"Recherchen und Analysen \u00fcber die extreme Rechte","potentialAction":[{"@type":"SearchAction","target":{"@type":"EntryPoint","urlTemplate":"https:\/\/blog.zeit.de\/stoerungsmelder\/?s={search_term_string}"},"query-input":"required name=search_term_string"}],"inLanguage":"de"},{"@type":"Person","@id":"https:\/\/blog.zeit.de\/stoerungsmelder\/#\/schema\/person\/fdd0b9818f65738672810b6d6f037f71","name":"St\u00f6rungsmelder","image":{"@type":"ImageObject","inLanguage":"de","@id":"https:\/\/blog.zeit.de\/stoerungsmelder\/#\/schema\/person\/image\/","url":"https:\/\/secure.gravatar.com\/avatar\/dfa4be514c3e82a71e4f9a0020035d38192d080ccaa5e4e6d7a1472c763535c5?s=96&d=mm&r=pg","contentUrl":"https:\/\/secure.gravatar.com\/avatar\/dfa4be514c3e82a71e4f9a0020035d38192d080ccaa5e4e6d7a1472c763535c5?s=96&d=mm&r=pg","caption":"St\u00f6rungsmelder"},"url":"https:\/\/blog.zeit.de\/stoerungsmelder\/author\/stoerungsmelder"}]}},"jetpack_featured_media_url":"","jetpack_sharing_enabled":true,"_links":{"self":[{"href":"https:\/\/blog.zeit.de\/stoerungsmelder\/wp-json\/wp\/v2\/posts\/8607","targetHints":{"allow":["GET"]}}],"collection":[{"href":"https:\/\/blog.zeit.de\/stoerungsmelder\/wp-json\/wp\/v2\/posts"}],"about":[{"href":"https:\/\/blog.zeit.de\/stoerungsmelder\/wp-json\/wp\/v2\/types\/post"}],"author":[{"embeddable":true,"href":"https:\/\/blog.zeit.de\/stoerungsmelder\/wp-json\/wp\/v2\/users\/229"}],"replies":[{"embeddable":true,"href":"https:\/\/blog.zeit.de\/stoerungsmelder\/wp-json\/wp\/v2\/comments?post=8607"}],"version-history":[{"count":9,"href":"https:\/\/blog.zeit.de\/stoerungsmelder\/wp-json\/wp\/v2\/posts\/8607\/revisions"}],"predecessor-version":[{"id":24105,"href":"https:\/\/blog.zeit.de\/stoerungsmelder\/wp-json\/wp\/v2\/posts\/8607\/revisions\/24105"}],"wp:attachment":[{"href":"https:\/\/blog.zeit.de\/stoerungsmelder\/wp-json\/wp\/v2\/media?parent=8607"}],"wp:term":[{"taxonomy":"category","embeddable":true,"href":"https:\/\/blog.zeit.de\/stoerungsmelder\/wp-json\/wp\/v2\/categories?post=8607"},{"taxonomy":"post_tag","embeddable":true,"href":"https:\/\/blog.zeit.de\/stoerungsmelder\/wp-json\/wp\/v2\/tags?post=8607"}],"curies":[{"name":"wp","href":"https:\/\/api.w.org\/{rel}","templated":true}]}}