{"id":8660,"date":"2012-05-24T12:06:23","date_gmt":"2012-05-24T10:06:23","guid":{"rendered":"http:\/\/blog.zeit.de\/stoerungsmelder\/?p=8660"},"modified":"2012-05-24T12:06:23","modified_gmt":"2012-05-24T10:06:23","slug":"100-neue-nazi-cds-und-publikationen-auf-dem-index","status":"publish","type":"post","link":"https:\/\/blog.zeit.de\/stoerungsmelder\/2012\/05\/24\/100-neue-nazi-cds-und-publikationen-auf-dem-index_8660","title":{"rendered":"100 neue Nazi-CDs und Publikationen auf dem Index"},"content":{"rendered":"<p><figure id=\"attachment_6229\" aria-describedby=\"caption-attachment-6229\" style=\"width: 540px\" class=\"wp-caption aligncenter\"><a href=\"https:\/\/blog.zeit.de\/stoerungsmelder\/files\/2011\/05\/rechtsrock.jpg\"><img loading=\"lazy\" decoding=\"async\" class=\"size-full wp-image-6229\" src=\"https:\/\/blog.zeit.de\/stoerungsmelder\/files\/2011\/05\/rechtsrock.jpg\" alt=\"Nazirock als Publikumsmagnet\" width=\"540\" height=\"200\" srcset=\"https:\/\/blog.zeit.de\/stoerungsmelder\/files\/2011\/05\/rechtsrock.jpg 540w, https:\/\/blog.zeit.de\/stoerungsmelder\/files\/2011\/05\/rechtsrock-300x111.jpg 300w\" sizes=\"auto, (max-width: 540px) 100vw, 540px\" \/><\/a><figcaption id=\"caption-attachment-6229\" class=\"wp-caption-text\">Nazirock bleibt das wichtigste Rekrutierungsmittel der Szene \u00a9 Kai Budler<\/figcaption><\/figure><\/p>\n<p>Die Bundespr\u00fcfstelle f\u00fcr jugendgef\u00e4hrdende Schriften hat im vergangenen Jahr 95 rechtsextreme CDs und andere Tontr\u00e4ger sowie f\u00fcnf Schriften und B\u00fccher auf den Index gesetzt. Betroffen ist auch der NPD-Verlag &#8222;Deutsche Stimme&#8220;.<!--more--><\/p>\n<p><em>Von <a href=\"http:\/\/www.tagesspiegel.de\/politik\/bundespruefstelle-100-rechtsextreme-tontraeger-und-druckwerke-auf-dem-index\/6665766.html\">Tagesspiegel<\/a>-Autor Frank Jansen<\/em><\/p>\n<p>Das geht aus einer Antwort des Bundesfamilienministeriums auf eine Anfrage von Bundestagsvizepr\u00e4sidentin Petra Pau (Linke) hervor. Die Zahl der indizierten rechtsextremen Erzeugnisse liegt \u00fcber der des Jahres 2010. Damals setzte die Bundespr\u00fcfstelle 80 Tontr\u00e4ger und vier Schriften sowie B\u00fccher mit rechtsextremen Inhalten auf den Index.<\/p>\n<p>Bei den im Jahr 2011 indizierten Druckwerken ist auch die NPD betroffen. Auf Antrag des Landeskriminalamts Sachsen hatte die Bundespr\u00fcfstelle die Brosch\u00fcre &#8222;Verlagsempfehlungen 2011, Ein Herz f\u00fcr Deutschland&#8220; des zur Partei geh\u00f6renden &#8222;Deutsche Stimme&#8220;-Verlags untersucht. Mehrere der in der Brosch\u00fcre angebotenen B\u00fccher, Textilien mit Aufdrucken sowie weitere Produkte dienen nach Ansicht der Bundespr\u00fcfstelle der Verherrlichung des NS-Regimes. Genannt werden unter anderem B\u00fccher \u00fcber die Waffen-SS und ein Blechschild mit dem Aufdruck &#8222;Wolfsschanze&#8220;. Die Wolfsschanze war eines der Hauptquartiere Adolf Hitlers im Zweiten Weltkrieg.<\/p>\n<p>Die 95 indizierten Tontr\u00e4ger sind alle der rechtsextremen Musikszene zuzurechnen. Zu den von der Bundespr\u00fcfstelle als jugendgef\u00e4hrdend eingestuften CDs z\u00e4hlen Titel wie &#8222;Gaskammer&#8220; der Band &#8222;Schwarze Sonne&#8220;, &#8222;Judenhass&#8220; der Gruppe &#8222;D.N.F.&#8220; und &#8222;Sturmsignal&#8220; der Band &#8222;Deutschtum&#8220;. Nach dem Jugendschutzgesetz indizierte Medien d\u00fcrfen Kindern und Jugendlichen nicht zug\u00e4nglich gemacht, nicht \u00f6ffentlich beworben und nicht im Versandhandel vertrieben werden.<\/p>\n","protected":false},"excerpt":{"rendered":"<p>Die Bundespr\u00fcfstelle f\u00fcr jugendgef\u00e4hrdende Schriften hat im vergangenen Jahr 95 rechtsextreme CDs und andere Tontr\u00e4ger sowie f\u00fcnf Schriften und B\u00fccher auf den Index gesetzt. Betroffen ist auch der NPD-Verlag &#8222;Deutsche Stimme&#8220;.<\/p>\n","protected":false},"author":229,"featured_media":0,"comment_status":"open","ping_status":"open","sticky":false,"template":"","format":"standard","meta":{"_jetpack_memberships_contains_paid_content":false,"footnotes":""},"categories":[1],"tags":[],"class_list":["post-8660","post","type-post","status-publish","format-standard","hentry","category-allgemein"],"yoast_head":"<!-- This site is optimized with the Yoast SEO plugin v21.0 - https:\/\/yoast.com\/wordpress\/plugins\/seo\/ -->\n<title>100 neue Nazi-CDs und Publikationen auf dem Index - St\u00f6rungsmelder<\/title>\n<meta name=\"robots\" content=\"index, follow, max-snippet:-1, max-image-preview:large, max-video-preview:-1\" \/>\n<link rel=\"canonical\" href=\"https:\/\/blog.zeit.de\/stoerungsmelder\/2012\/05\/24\/100-neue-nazi-cds-und-publikationen-auf-dem-index_8660\" \/>\n<meta property=\"og:locale\" content=\"de_DE\" \/>\n<meta property=\"og:type\" content=\"article\" \/>\n<meta property=\"og:title\" content=\"100 neue Nazi-CDs und Publikationen auf dem Index - St\u00f6rungsmelder\" \/>\n<meta property=\"og:description\" content=\"Die Bundespr\u00fcfstelle f\u00fcr jugendgef\u00e4hrdende Schriften hat im vergangenen Jahr 95 rechtsextreme CDs und andere Tontr\u00e4ger sowie f\u00fcnf Schriften und B\u00fccher auf den Index gesetzt. Betroffen ist auch der NPD-Verlag &#8222;Deutsche Stimme&#8220;.\" \/>\n<meta property=\"og:url\" content=\"https:\/\/blog.zeit.de\/stoerungsmelder\/2012\/05\/24\/100-neue-nazi-cds-und-publikationen-auf-dem-index_8660\" \/>\n<meta property=\"og:site_name\" content=\"St\u00f6rungsmelder\" \/>\n<meta property=\"article:published_time\" content=\"2012-05-24T10:06:23+00:00\" \/>\n<meta property=\"og:image\" content=\"https:\/\/blog.zeit.de\/stoerungsmelder\/files\/2011\/05\/rechtsrock.jpg\" \/>\n<meta name=\"author\" content=\"St\u00f6rungsmelder\" \/>\n<meta name=\"twitter:card\" content=\"summary_large_image\" \/>\n<meta name=\"twitter:label1\" content=\"Geschrieben von\" \/>\n\t<meta name=\"twitter:data1\" content=\"St\u00f6rungsmelder\" \/>\n\t<meta name=\"twitter:label2\" content=\"Gesch\u00e4tzte Lesezeit\" \/>\n\t<meta name=\"twitter:data2\" content=\"1\u00a0Minute\" \/>\n<script type=\"application\/ld+json\" class=\"yoast-schema-graph\">{\"@context\":\"https:\/\/schema.org\",\"@graph\":[{\"@type\":\"WebPage\",\"@id\":\"https:\/\/blog.zeit.de\/stoerungsmelder\/2012\/05\/24\/100-neue-nazi-cds-und-publikationen-auf-dem-index_8660\",\"url\":\"https:\/\/blog.zeit.de\/stoerungsmelder\/2012\/05\/24\/100-neue-nazi-cds-und-publikationen-auf-dem-index_8660\",\"name\":\"100 neue Nazi-CDs und Publikationen auf dem Index - St\u00f6rungsmelder\",\"isPartOf\":{\"@id\":\"https:\/\/blog.zeit.de\/stoerungsmelder\/#website\"},\"datePublished\":\"2012-05-24T10:06:23+00:00\",\"dateModified\":\"2012-05-24T10:06:23+00:00\",\"author\":{\"@id\":\"https:\/\/blog.zeit.de\/stoerungsmelder\/#\/schema\/person\/fdd0b9818f65738672810b6d6f037f71\"},\"breadcrumb\":{\"@id\":\"https:\/\/blog.zeit.de\/stoerungsmelder\/2012\/05\/24\/100-neue-nazi-cds-und-publikationen-auf-dem-index_8660#breadcrumb\"},\"inLanguage\":\"de\",\"potentialAction\":[{\"@type\":\"ReadAction\",\"target\":[\"https:\/\/blog.zeit.de\/stoerungsmelder\/2012\/05\/24\/100-neue-nazi-cds-und-publikationen-auf-dem-index_8660\"]}]},{\"@type\":\"BreadcrumbList\",\"@id\":\"https:\/\/blog.zeit.de\/stoerungsmelder\/2012\/05\/24\/100-neue-nazi-cds-und-publikationen-auf-dem-index_8660#breadcrumb\",\"itemListElement\":[{\"@type\":\"ListItem\",\"position\":1,\"name\":\"Startseite\",\"item\":\"https:\/\/blog.zeit.de\/stoerungsmelder\"},{\"@type\":\"ListItem\",\"position\":2,\"name\":\"100 neue Nazi-CDs und Publikationen auf dem Index\"}]},{\"@type\":\"WebSite\",\"@id\":\"https:\/\/blog.zeit.de\/stoerungsmelder\/#website\",\"url\":\"https:\/\/blog.zeit.de\/stoerungsmelder\/\",\"name\":\"St\u00f6rungsmelder\",\"description\":\"Recherchen und Analysen \u00fcber die extreme Rechte\",\"potentialAction\":[{\"@type\":\"SearchAction\",\"target\":{\"@type\":\"EntryPoint\",\"urlTemplate\":\"https:\/\/blog.zeit.de\/stoerungsmelder\/?s={search_term_string}\"},\"query-input\":\"required name=search_term_string\"}],\"inLanguage\":\"de\"},{\"@type\":\"Person\",\"@id\":\"https:\/\/blog.zeit.de\/stoerungsmelder\/#\/schema\/person\/fdd0b9818f65738672810b6d6f037f71\",\"name\":\"St\u00f6rungsmelder\",\"image\":{\"@type\":\"ImageObject\",\"inLanguage\":\"de\",\"@id\":\"https:\/\/blog.zeit.de\/stoerungsmelder\/#\/schema\/person\/image\/\",\"url\":\"https:\/\/secure.gravatar.com\/avatar\/dfa4be514c3e82a71e4f9a0020035d38192d080ccaa5e4e6d7a1472c763535c5?s=96&d=mm&r=pg\",\"contentUrl\":\"https:\/\/secure.gravatar.com\/avatar\/dfa4be514c3e82a71e4f9a0020035d38192d080ccaa5e4e6d7a1472c763535c5?s=96&d=mm&r=pg\",\"caption\":\"St\u00f6rungsmelder\"},\"url\":\"https:\/\/blog.zeit.de\/stoerungsmelder\/author\/stoerungsmelder\"}]}<\/script>\n<!-- \/ Yoast SEO plugin. -->","yoast_head_json":{"title":"100 neue Nazi-CDs und Publikationen auf dem Index - St\u00f6rungsmelder","robots":{"index":"index","follow":"follow","max-snippet":"max-snippet:-1","max-image-preview":"max-image-preview:large","max-video-preview":"max-video-preview:-1"},"canonical":"https:\/\/blog.zeit.de\/stoerungsmelder\/2012\/05\/24\/100-neue-nazi-cds-und-publikationen-auf-dem-index_8660","og_locale":"de_DE","og_type":"article","og_title":"100 neue Nazi-CDs und Publikationen auf dem Index - St\u00f6rungsmelder","og_description":"Die Bundespr\u00fcfstelle f\u00fcr jugendgef\u00e4hrdende Schriften hat im vergangenen Jahr 95 rechtsextreme CDs und andere Tontr\u00e4ger sowie f\u00fcnf Schriften und B\u00fccher auf den Index gesetzt. Betroffen ist auch der NPD-Verlag &#8222;Deutsche Stimme&#8220;.","og_url":"https:\/\/blog.zeit.de\/stoerungsmelder\/2012\/05\/24\/100-neue-nazi-cds-und-publikationen-auf-dem-index_8660","og_site_name":"St\u00f6rungsmelder","article_published_time":"2012-05-24T10:06:23+00:00","og_image":[{"url":"https:\/\/blog.zeit.de\/stoerungsmelder\/files\/2011\/05\/rechtsrock.jpg"}],"author":"St\u00f6rungsmelder","twitter_card":"summary_large_image","twitter_misc":{"Geschrieben von":"St\u00f6rungsmelder","Gesch\u00e4tzte Lesezeit":"1\u00a0Minute"},"schema":{"@context":"https:\/\/schema.org","@graph":[{"@type":"WebPage","@id":"https:\/\/blog.zeit.de\/stoerungsmelder\/2012\/05\/24\/100-neue-nazi-cds-und-publikationen-auf-dem-index_8660","url":"https:\/\/blog.zeit.de\/stoerungsmelder\/2012\/05\/24\/100-neue-nazi-cds-und-publikationen-auf-dem-index_8660","name":"100 neue Nazi-CDs und Publikationen auf dem Index - St\u00f6rungsmelder","isPartOf":{"@id":"https:\/\/blog.zeit.de\/stoerungsmelder\/#website"},"datePublished":"2012-05-24T10:06:23+00:00","dateModified":"2012-05-24T10:06:23+00:00","author":{"@id":"https:\/\/blog.zeit.de\/stoerungsmelder\/#\/schema\/person\/fdd0b9818f65738672810b6d6f037f71"},"breadcrumb":{"@id":"https:\/\/blog.zeit.de\/stoerungsmelder\/2012\/05\/24\/100-neue-nazi-cds-und-publikationen-auf-dem-index_8660#breadcrumb"},"inLanguage":"de","potentialAction":[{"@type":"ReadAction","target":["https:\/\/blog.zeit.de\/stoerungsmelder\/2012\/05\/24\/100-neue-nazi-cds-und-publikationen-auf-dem-index_8660"]}]},{"@type":"BreadcrumbList","@id":"https:\/\/blog.zeit.de\/stoerungsmelder\/2012\/05\/24\/100-neue-nazi-cds-und-publikationen-auf-dem-index_8660#breadcrumb","itemListElement":[{"@type":"ListItem","position":1,"name":"Startseite","item":"https:\/\/blog.zeit.de\/stoerungsmelder"},{"@type":"ListItem","position":2,"name":"100 neue Nazi-CDs und Publikationen auf dem Index"}]},{"@type":"WebSite","@id":"https:\/\/blog.zeit.de\/stoerungsmelder\/#website","url":"https:\/\/blog.zeit.de\/stoerungsmelder\/","name":"St\u00f6rungsmelder","description":"Recherchen und Analysen \u00fcber die extreme Rechte","potentialAction":[{"@type":"SearchAction","target":{"@type":"EntryPoint","urlTemplate":"https:\/\/blog.zeit.de\/stoerungsmelder\/?s={search_term_string}"},"query-input":"required name=search_term_string"}],"inLanguage":"de"},{"@type":"Person","@id":"https:\/\/blog.zeit.de\/stoerungsmelder\/#\/schema\/person\/fdd0b9818f65738672810b6d6f037f71","name":"St\u00f6rungsmelder","image":{"@type":"ImageObject","inLanguage":"de","@id":"https:\/\/blog.zeit.de\/stoerungsmelder\/#\/schema\/person\/image\/","url":"https:\/\/secure.gravatar.com\/avatar\/dfa4be514c3e82a71e4f9a0020035d38192d080ccaa5e4e6d7a1472c763535c5?s=96&d=mm&r=pg","contentUrl":"https:\/\/secure.gravatar.com\/avatar\/dfa4be514c3e82a71e4f9a0020035d38192d080ccaa5e4e6d7a1472c763535c5?s=96&d=mm&r=pg","caption":"St\u00f6rungsmelder"},"url":"https:\/\/blog.zeit.de\/stoerungsmelder\/author\/stoerungsmelder"}]}},"jetpack_featured_media_url":"","jetpack_sharing_enabled":true,"_links":{"self":[{"href":"https:\/\/blog.zeit.de\/stoerungsmelder\/wp-json\/wp\/v2\/posts\/8660","targetHints":{"allow":["GET"]}}],"collection":[{"href":"https:\/\/blog.zeit.de\/stoerungsmelder\/wp-json\/wp\/v2\/posts"}],"about":[{"href":"https:\/\/blog.zeit.de\/stoerungsmelder\/wp-json\/wp\/v2\/types\/post"}],"author":[{"embeddable":true,"href":"https:\/\/blog.zeit.de\/stoerungsmelder\/wp-json\/wp\/v2\/users\/229"}],"replies":[{"embeddable":true,"href":"https:\/\/blog.zeit.de\/stoerungsmelder\/wp-json\/wp\/v2\/comments?post=8660"}],"version-history":[{"count":1,"href":"https:\/\/blog.zeit.de\/stoerungsmelder\/wp-json\/wp\/v2\/posts\/8660\/revisions"}],"predecessor-version":[{"id":8661,"href":"https:\/\/blog.zeit.de\/stoerungsmelder\/wp-json\/wp\/v2\/posts\/8660\/revisions\/8661"}],"wp:attachment":[{"href":"https:\/\/blog.zeit.de\/stoerungsmelder\/wp-json\/wp\/v2\/media?parent=8660"}],"wp:term":[{"taxonomy":"category","embeddable":true,"href":"https:\/\/blog.zeit.de\/stoerungsmelder\/wp-json\/wp\/v2\/categories?post=8660"},{"taxonomy":"post_tag","embeddable":true,"href":"https:\/\/blog.zeit.de\/stoerungsmelder\/wp-json\/wp\/v2\/tags?post=8660"}],"curies":[{"name":"wp","href":"https:\/\/api.w.org\/{rel}","templated":true}]}}