{"id":8664,"date":"2012-05-24T18:29:29","date_gmt":"2012-05-24T16:29:29","guid":{"rendered":"http:\/\/blog.zeit.de\/stoerungsmelder\/?p=8664"},"modified":"2012-05-24T18:29:29","modified_gmt":"2012-05-24T16:29:29","slug":"lese-tipp-herrn-chans-kampf-in-cottbus","status":"publish","type":"post","link":"https:\/\/blog.zeit.de\/stoerungsmelder\/2012\/05\/24\/lese-tipp-herrn-chans-kampf-in-cottbus_8664","title":{"rendered":"Lese-Tipp: Herrn Chans Kampf in Cottbus"},"content":{"rendered":"<p><a href=\"https:\/\/blog.zeit.de\/stoerungsmelder\/files\/2012\/05\/18140073001_1637786815001_Bildschirmfoto-2012-05-14-um-10-45-14.jpg\"><img loading=\"lazy\" decoding=\"async\" class=\"alignnone size-full wp-image-8665\" src=\"https:\/\/blog.zeit.de\/stoerungsmelder\/files\/2012\/05\/18140073001_1637786815001_Bildschirmfoto-2012-05-14-um-10-45-14.jpg\" alt=\"\" width=\"480\" height=\"271\" srcset=\"https:\/\/blog.zeit.de\/stoerungsmelder\/files\/2012\/05\/18140073001_1637786815001_Bildschirmfoto-2012-05-14-um-10-45-14.jpg 480w, https:\/\/blog.zeit.de\/stoerungsmelder\/files\/2012\/05\/18140073001_1637786815001_Bildschirmfoto-2012-05-14-um-10-45-14-300x169.jpg 300w\" sizes=\"auto, (max-width: 480px) 100vw, 480px\" \/><\/a><\/p>\n<p>Samnang Chan tr\u00e4umte von den USA und landete in Cottbus. Als einziger Kambodschaner Brandenburgs war er dort nicht gewollt. Aber er blieb. Eine <a href=\"http:\/\/www.zeit.de\/gesellschaft\/zeitgeschehen\/2012-05\/cottbus-nazi-npd-chan-asyl\">ber\u00fchrende Geschichte des Kollegen Steffen Dobbert <\/a>in unserer ZEIT-ONLINE-Themenwoche <a href=\"http:\/\/www.zeit.de\/serie\/leben-mit-rassismus\">&#8222;Leben mit Rassismus&#8220;.<\/a> <a href=\"http:\/\/www.zeit.de\/gesellschaft\/2012-05\/icpinar-guemues-protokolle\">Kollege Michael G\u00f6tting<\/a> hat au\u00dferdem die Erfahrungen zweier junger t\u00fcrkischst\u00e4mmiger Studentinnen protokolliert, die von Berlin nach Frankfurt\/Oder zum Studieren zogen. Dort trauten sie sich erst nicht, T\u00fcrkisch in der Stra\u00dfenbahn zu sprechen. Heute leben sie wieder in der Hauptstadt.<\/p>\n","protected":false},"excerpt":{"rendered":"<p>Samnang Chan tr\u00e4umte von den USA und landete in Cottbus. Als einziger Kambodschaner Brandenburgs war er dort nicht gewollt. Aber er blieb. Eine ber\u00fchrende Geschichte des Kollegen Steffen Dobbert in unserer ZEIT-ONLINE-Themenwoche &#8222;Leben mit Rassismus&#8220;. Kollege Michael G\u00f6tting hat au\u00dferdem die Erfahrungen zweier junger t\u00fcrkischst\u00e4mmiger Studentinnen protokolliert, die von Berlin nach Frankfurt\/Oder zum Studieren zogen. [&hellip;]<\/p>\n","protected":false},"author":350,"featured_media":0,"comment_status":"open","ping_status":"open","sticky":false,"template":"","format":"standard","meta":{"_jetpack_memberships_contains_paid_content":false,"footnotes":""},"categories":[1515],"tags":[],"class_list":["post-8664","post","type-post","status-publish","format-standard","hentry","category-bundesweit"],"yoast_head":"<!-- This site is optimized with the Yoast SEO plugin v21.0 - https:\/\/yoast.com\/wordpress\/plugins\/seo\/ -->\n<title>Lese-Tipp: Herrn Chans Kampf in Cottbus - St\u00f6rungsmelder<\/title>\n<meta name=\"robots\" content=\"index, follow, max-snippet:-1, max-image-preview:large, max-video-preview:-1\" \/>\n<link rel=\"canonical\" href=\"https:\/\/blog.zeit.de\/stoerungsmelder\/2012\/05\/24\/lese-tipp-herrn-chans-kampf-in-cottbus_8664\" \/>\n<meta property=\"og:locale\" content=\"de_DE\" \/>\n<meta property=\"og:type\" content=\"article\" \/>\n<meta property=\"og:title\" content=\"Lese-Tipp: Herrn Chans Kampf in Cottbus - St\u00f6rungsmelder\" \/>\n<meta property=\"og:description\" content=\"Samnang Chan tr\u00e4umte von den USA und landete in Cottbus. Als einziger Kambodschaner Brandenburgs war er dort nicht gewollt. Aber er blieb. Eine ber\u00fchrende Geschichte des Kollegen Steffen Dobbert in unserer ZEIT-ONLINE-Themenwoche &#8222;Leben mit Rassismus&#8220;. Kollege Michael G\u00f6tting hat au\u00dferdem die Erfahrungen zweier junger t\u00fcrkischst\u00e4mmiger Studentinnen protokolliert, die von Berlin nach Frankfurt\/Oder zum Studieren zogen. [&hellip;]\" \/>\n<meta property=\"og:url\" content=\"https:\/\/blog.zeit.de\/stoerungsmelder\/2012\/05\/24\/lese-tipp-herrn-chans-kampf-in-cottbus_8664\" \/>\n<meta property=\"og:site_name\" content=\"St\u00f6rungsmelder\" \/>\n<meta property=\"article:published_time\" content=\"2012-05-24T16:29:29+00:00\" \/>\n<meta property=\"og:image\" content=\"https:\/\/blog.zeit.de\/stoerungsmelder\/files\/2012\/05\/18140073001_1637786815001_Bildschirmfoto-2012-05-14-um-10-45-14.jpg\" \/>\n<meta name=\"author\" content=\"Lisa Caspari\" \/>\n<meta name=\"twitter:card\" content=\"summary_large_image\" \/>\n<meta name=\"twitter:label1\" content=\"Geschrieben von\" \/>\n\t<meta name=\"twitter:data1\" content=\"Lisa Caspari\" \/>\n<script type=\"application\/ld+json\" class=\"yoast-schema-graph\">{\"@context\":\"https:\/\/schema.org\",\"@graph\":[{\"@type\":\"WebPage\",\"@id\":\"https:\/\/blog.zeit.de\/stoerungsmelder\/2012\/05\/24\/lese-tipp-herrn-chans-kampf-in-cottbus_8664\",\"url\":\"https:\/\/blog.zeit.de\/stoerungsmelder\/2012\/05\/24\/lese-tipp-herrn-chans-kampf-in-cottbus_8664\",\"name\":\"Lese-Tipp: Herrn Chans Kampf in Cottbus - St\u00f6rungsmelder\",\"isPartOf\":{\"@id\":\"https:\/\/blog.zeit.de\/stoerungsmelder\/#website\"},\"datePublished\":\"2012-05-24T16:29:29+00:00\",\"dateModified\":\"2012-05-24T16:29:29+00:00\",\"author\":{\"@id\":\"https:\/\/blog.zeit.de\/stoerungsmelder\/#\/schema\/person\/3863bcab169f6697a6d5c63117df8405\"},\"breadcrumb\":{\"@id\":\"https:\/\/blog.zeit.de\/stoerungsmelder\/2012\/05\/24\/lese-tipp-herrn-chans-kampf-in-cottbus_8664#breadcrumb\"},\"inLanguage\":\"de\",\"potentialAction\":[{\"@type\":\"ReadAction\",\"target\":[\"https:\/\/blog.zeit.de\/stoerungsmelder\/2012\/05\/24\/lese-tipp-herrn-chans-kampf-in-cottbus_8664\"]}]},{\"@type\":\"BreadcrumbList\",\"@id\":\"https:\/\/blog.zeit.de\/stoerungsmelder\/2012\/05\/24\/lese-tipp-herrn-chans-kampf-in-cottbus_8664#breadcrumb\",\"itemListElement\":[{\"@type\":\"ListItem\",\"position\":1,\"name\":\"Startseite\",\"item\":\"https:\/\/blog.zeit.de\/stoerungsmelder\"},{\"@type\":\"ListItem\",\"position\":2,\"name\":\"Lese-Tipp: Herrn Chans Kampf in Cottbus\"}]},{\"@type\":\"WebSite\",\"@id\":\"https:\/\/blog.zeit.de\/stoerungsmelder\/#website\",\"url\":\"https:\/\/blog.zeit.de\/stoerungsmelder\/\",\"name\":\"St\u00f6rungsmelder\",\"description\":\"Recherchen und Analysen \u00fcber die extreme Rechte\",\"potentialAction\":[{\"@type\":\"SearchAction\",\"target\":{\"@type\":\"EntryPoint\",\"urlTemplate\":\"https:\/\/blog.zeit.de\/stoerungsmelder\/?s={search_term_string}\"},\"query-input\":\"required name=search_term_string\"}],\"inLanguage\":\"de\"},{\"@type\":\"Person\",\"@id\":\"https:\/\/blog.zeit.de\/stoerungsmelder\/#\/schema\/person\/3863bcab169f6697a6d5c63117df8405\",\"name\":\"Lisa Caspari\",\"image\":{\"@type\":\"ImageObject\",\"inLanguage\":\"de\",\"@id\":\"https:\/\/blog.zeit.de\/stoerungsmelder\/#\/schema\/person\/image\/\",\"url\":\"https:\/\/secure.gravatar.com\/avatar\/24bd331e48d30258d7a5e9a5037e7c5af9e47c88ab2ecbc7568c2f10e40e93fc?s=96&d=mm&r=pg\",\"contentUrl\":\"https:\/\/secure.gravatar.com\/avatar\/24bd331e48d30258d7a5e9a5037e7c5af9e47c88ab2ecbc7568c2f10e40e93fc?s=96&d=mm&r=pg\",\"caption\":\"Lisa Caspari\"},\"description\":\"ist Redakteurin im Ressort Politik, Wirtschaft und Gesellschaft bei ZEIT ONLINE.\",\"url\":\"https:\/\/blog.zeit.de\/stoerungsmelder\/author\/lisacaspari\"}]}<\/script>\n<!-- \/ Yoast SEO plugin. -->","yoast_head_json":{"title":"Lese-Tipp: Herrn Chans Kampf in Cottbus - St\u00f6rungsmelder","robots":{"index":"index","follow":"follow","max-snippet":"max-snippet:-1","max-image-preview":"max-image-preview:large","max-video-preview":"max-video-preview:-1"},"canonical":"https:\/\/blog.zeit.de\/stoerungsmelder\/2012\/05\/24\/lese-tipp-herrn-chans-kampf-in-cottbus_8664","og_locale":"de_DE","og_type":"article","og_title":"Lese-Tipp: Herrn Chans Kampf in Cottbus - St\u00f6rungsmelder","og_description":"Samnang Chan tr\u00e4umte von den USA und landete in Cottbus. Als einziger Kambodschaner Brandenburgs war er dort nicht gewollt. Aber er blieb. Eine ber\u00fchrende Geschichte des Kollegen Steffen Dobbert in unserer ZEIT-ONLINE-Themenwoche &#8222;Leben mit Rassismus&#8220;. Kollege Michael G\u00f6tting hat au\u00dferdem die Erfahrungen zweier junger t\u00fcrkischst\u00e4mmiger Studentinnen protokolliert, die von Berlin nach Frankfurt\/Oder zum Studieren zogen. [&hellip;]","og_url":"https:\/\/blog.zeit.de\/stoerungsmelder\/2012\/05\/24\/lese-tipp-herrn-chans-kampf-in-cottbus_8664","og_site_name":"St\u00f6rungsmelder","article_published_time":"2012-05-24T16:29:29+00:00","og_image":[{"url":"https:\/\/blog.zeit.de\/stoerungsmelder\/files\/2012\/05\/18140073001_1637786815001_Bildschirmfoto-2012-05-14-um-10-45-14.jpg"}],"author":"Lisa Caspari","twitter_card":"summary_large_image","twitter_misc":{"Geschrieben von":"Lisa Caspari"},"schema":{"@context":"https:\/\/schema.org","@graph":[{"@type":"WebPage","@id":"https:\/\/blog.zeit.de\/stoerungsmelder\/2012\/05\/24\/lese-tipp-herrn-chans-kampf-in-cottbus_8664","url":"https:\/\/blog.zeit.de\/stoerungsmelder\/2012\/05\/24\/lese-tipp-herrn-chans-kampf-in-cottbus_8664","name":"Lese-Tipp: Herrn Chans Kampf in Cottbus - St\u00f6rungsmelder","isPartOf":{"@id":"https:\/\/blog.zeit.de\/stoerungsmelder\/#website"},"datePublished":"2012-05-24T16:29:29+00:00","dateModified":"2012-05-24T16:29:29+00:00","author":{"@id":"https:\/\/blog.zeit.de\/stoerungsmelder\/#\/schema\/person\/3863bcab169f6697a6d5c63117df8405"},"breadcrumb":{"@id":"https:\/\/blog.zeit.de\/stoerungsmelder\/2012\/05\/24\/lese-tipp-herrn-chans-kampf-in-cottbus_8664#breadcrumb"},"inLanguage":"de","potentialAction":[{"@type":"ReadAction","target":["https:\/\/blog.zeit.de\/stoerungsmelder\/2012\/05\/24\/lese-tipp-herrn-chans-kampf-in-cottbus_8664"]}]},{"@type":"BreadcrumbList","@id":"https:\/\/blog.zeit.de\/stoerungsmelder\/2012\/05\/24\/lese-tipp-herrn-chans-kampf-in-cottbus_8664#breadcrumb","itemListElement":[{"@type":"ListItem","position":1,"name":"Startseite","item":"https:\/\/blog.zeit.de\/stoerungsmelder"},{"@type":"ListItem","position":2,"name":"Lese-Tipp: Herrn Chans Kampf in Cottbus"}]},{"@type":"WebSite","@id":"https:\/\/blog.zeit.de\/stoerungsmelder\/#website","url":"https:\/\/blog.zeit.de\/stoerungsmelder\/","name":"St\u00f6rungsmelder","description":"Recherchen und Analysen \u00fcber die extreme Rechte","potentialAction":[{"@type":"SearchAction","target":{"@type":"EntryPoint","urlTemplate":"https:\/\/blog.zeit.de\/stoerungsmelder\/?s={search_term_string}"},"query-input":"required name=search_term_string"}],"inLanguage":"de"},{"@type":"Person","@id":"https:\/\/blog.zeit.de\/stoerungsmelder\/#\/schema\/person\/3863bcab169f6697a6d5c63117df8405","name":"Lisa Caspari","image":{"@type":"ImageObject","inLanguage":"de","@id":"https:\/\/blog.zeit.de\/stoerungsmelder\/#\/schema\/person\/image\/","url":"https:\/\/secure.gravatar.com\/avatar\/24bd331e48d30258d7a5e9a5037e7c5af9e47c88ab2ecbc7568c2f10e40e93fc?s=96&d=mm&r=pg","contentUrl":"https:\/\/secure.gravatar.com\/avatar\/24bd331e48d30258d7a5e9a5037e7c5af9e47c88ab2ecbc7568c2f10e40e93fc?s=96&d=mm&r=pg","caption":"Lisa Caspari"},"description":"ist Redakteurin im Ressort Politik, Wirtschaft und Gesellschaft bei ZEIT ONLINE.","url":"https:\/\/blog.zeit.de\/stoerungsmelder\/author\/lisacaspari"}]}},"jetpack_featured_media_url":"","jetpack_sharing_enabled":true,"_links":{"self":[{"href":"https:\/\/blog.zeit.de\/stoerungsmelder\/wp-json\/wp\/v2\/posts\/8664","targetHints":{"allow":["GET"]}}],"collection":[{"href":"https:\/\/blog.zeit.de\/stoerungsmelder\/wp-json\/wp\/v2\/posts"}],"about":[{"href":"https:\/\/blog.zeit.de\/stoerungsmelder\/wp-json\/wp\/v2\/types\/post"}],"author":[{"embeddable":true,"href":"https:\/\/blog.zeit.de\/stoerungsmelder\/wp-json\/wp\/v2\/users\/350"}],"replies":[{"embeddable":true,"href":"https:\/\/blog.zeit.de\/stoerungsmelder\/wp-json\/wp\/v2\/comments?post=8664"}],"version-history":[{"count":1,"href":"https:\/\/blog.zeit.de\/stoerungsmelder\/wp-json\/wp\/v2\/posts\/8664\/revisions"}],"predecessor-version":[{"id":8666,"href":"https:\/\/blog.zeit.de\/stoerungsmelder\/wp-json\/wp\/v2\/posts\/8664\/revisions\/8666"}],"wp:attachment":[{"href":"https:\/\/blog.zeit.de\/stoerungsmelder\/wp-json\/wp\/v2\/media?parent=8664"}],"wp:term":[{"taxonomy":"category","embeddable":true,"href":"https:\/\/blog.zeit.de\/stoerungsmelder\/wp-json\/wp\/v2\/categories?post=8664"},{"taxonomy":"post_tag","embeddable":true,"href":"https:\/\/blog.zeit.de\/stoerungsmelder\/wp-json\/wp\/v2\/tags?post=8664"}],"curies":[{"name":"wp","href":"https:\/\/api.w.org\/{rel}","templated":true}]}}