{"id":8671,"date":"2012-05-25T12:42:38","date_gmt":"2012-05-25T10:42:38","guid":{"rendered":"http:\/\/blog.zeit.de\/stoerungsmelder\/?p=8671"},"modified":"2012-05-29T07:37:46","modified_gmt":"2012-05-29T05:37:46","slug":"lese-tipp-kampfansage-an-braune-burschenschaften","status":"publish","type":"post","link":"https:\/\/blog.zeit.de\/stoerungsmelder\/2012\/05\/25\/lese-tipp-kampfansage-an-braune-burschenschaften_8671","title":{"rendered":"Lese-Tipp: Kampfansage an braune Burschenschaften"},"content":{"rendered":"<p><a href=\"https:\/\/blog.zeit.de\/stoerungsmelder\/files\/2012\/05\/burschenschaft-540x304.jpg\"><img loading=\"lazy\" decoding=\"async\" class=\"alignnone size-full wp-image-8672\" src=\"https:\/\/blog.zeit.de\/stoerungsmelder\/files\/2012\/05\/burschenschaft-540x304.jpg\" alt=\"\" width=\"540\" height=\"304\" srcset=\"https:\/\/blog.zeit.de\/stoerungsmelder\/files\/2012\/05\/burschenschaft-540x304.jpg 540w, https:\/\/blog.zeit.de\/stoerungsmelder\/files\/2012\/05\/burschenschaft-540x304-300x168.jpg 300w\" sizes=\"auto, (max-width: 540px) 100vw, 540px\" \/><\/a>Antisemitische Pamphlete, Kontakte zu Neonazis: In Studentenverbindungen gewinnen Rechtsextreme an Einfluss. Liberale Dissidenten k\u00e4mpfen dagegen an. Ein <a href=\"http:\/\/www.zeit.de\/gesellschaft\/2012-05\/burschenschaften-neonazis-rechtsextremismus\">rechercheintensiver Beitrag<\/a> unseres\u00a0 Redakteurs Tilman Steffen in unserer ZEIT-ONLINE-Serie <a href=\"http:\/\/www.zeit.de\/serie\/leben-mit-rassismus\">&#8222;Leben mit Rassismus&#8220;<\/a>. Auch dieses Interview ist sehr lesenswert: Michael G\u00f6tting hat mit dem <a href=\"http:\/\/www.zeit.de\/gesellschaft\/2012-05\/interview-zeca-schall\">CDU-Politiker Zeca Schall gesprochen<\/a>, der als geb\u00fcrtiger Angolaner im th\u00fcringischen Wahlkampf bedroht wurde. Er sagt: &#8222;Wir dulden keinen Rechtsextremismus mehr.&#8220;<\/p>\n","protected":false},"excerpt":{"rendered":"<p>Antisemitische Pamphlete, Kontakte zu Neonazis: In Studentenverbindungen gewinnen Rechtsextreme an Einfluss. Liberale Dissidenten k\u00e4mpfen dagegen an. Ein rechercheintensiver Beitrag unseres\u00a0 Redakteurs Tilman Steffen in unserer ZEIT-ONLINE-Serie &#8222;Leben mit Rassismus&#8220;. Auch dieses Interview ist sehr lesenswert: Michael G\u00f6tting hat mit dem CDU-Politiker Zeca Schall gesprochen, der als geb\u00fcrtiger Angolaner im th\u00fcringischen Wahlkampf bedroht wurde. Er sagt: [&hellip;]<\/p>\n","protected":false},"author":350,"featured_media":0,"comment_status":"open","ping_status":"open","sticky":false,"template":"","format":"standard","meta":{"_jetpack_memberships_contains_paid_content":false,"footnotes":""},"categories":[1515],"tags":[],"class_list":["post-8671","post","type-post","status-publish","format-standard","hentry","category-bundesweit"],"yoast_head":"<!-- This site is optimized with the Yoast SEO plugin v21.0 - https:\/\/yoast.com\/wordpress\/plugins\/seo\/ -->\n<title>Lese-Tipp: Kampfansage an braune Burschenschaften - St\u00f6rungsmelder<\/title>\n<meta name=\"robots\" content=\"index, follow, max-snippet:-1, max-image-preview:large, max-video-preview:-1\" \/>\n<link rel=\"canonical\" href=\"https:\/\/blog.zeit.de\/stoerungsmelder\/2012\/05\/25\/lese-tipp-kampfansage-an-braune-burschenschaften_8671\" \/>\n<meta property=\"og:locale\" content=\"de_DE\" \/>\n<meta property=\"og:type\" content=\"article\" \/>\n<meta property=\"og:title\" content=\"Lese-Tipp: Kampfansage an braune Burschenschaften - St\u00f6rungsmelder\" \/>\n<meta property=\"og:description\" content=\"Antisemitische Pamphlete, Kontakte zu Neonazis: In Studentenverbindungen gewinnen Rechtsextreme an Einfluss. Liberale Dissidenten k\u00e4mpfen dagegen an. Ein rechercheintensiver Beitrag unseres\u00a0 Redakteurs Tilman Steffen in unserer ZEIT-ONLINE-Serie &#8222;Leben mit Rassismus&#8220;. Auch dieses Interview ist sehr lesenswert: Michael G\u00f6tting hat mit dem CDU-Politiker Zeca Schall gesprochen, der als geb\u00fcrtiger Angolaner im th\u00fcringischen Wahlkampf bedroht wurde. Er sagt: [&hellip;]\" \/>\n<meta property=\"og:url\" content=\"https:\/\/blog.zeit.de\/stoerungsmelder\/2012\/05\/25\/lese-tipp-kampfansage-an-braune-burschenschaften_8671\" \/>\n<meta property=\"og:site_name\" content=\"St\u00f6rungsmelder\" \/>\n<meta property=\"article:published_time\" content=\"2012-05-25T10:42:38+00:00\" \/>\n<meta property=\"article:modified_time\" content=\"2012-05-29T05:37:46+00:00\" \/>\n<meta property=\"og:image\" content=\"https:\/\/blog.zeit.de\/stoerungsmelder\/files\/2012\/05\/burschenschaft-540x304.jpg\" \/>\n<meta name=\"author\" content=\"Lisa Caspari\" \/>\n<meta name=\"twitter:card\" content=\"summary_large_image\" \/>\n<meta name=\"twitter:label1\" content=\"Geschrieben von\" \/>\n\t<meta name=\"twitter:data1\" content=\"Lisa Caspari\" \/>\n<script type=\"application\/ld+json\" class=\"yoast-schema-graph\">{\"@context\":\"https:\/\/schema.org\",\"@graph\":[{\"@type\":\"WebPage\",\"@id\":\"https:\/\/blog.zeit.de\/stoerungsmelder\/2012\/05\/25\/lese-tipp-kampfansage-an-braune-burschenschaften_8671\",\"url\":\"https:\/\/blog.zeit.de\/stoerungsmelder\/2012\/05\/25\/lese-tipp-kampfansage-an-braune-burschenschaften_8671\",\"name\":\"Lese-Tipp: Kampfansage an braune Burschenschaften - St\u00f6rungsmelder\",\"isPartOf\":{\"@id\":\"https:\/\/blog.zeit.de\/stoerungsmelder\/#website\"},\"datePublished\":\"2012-05-25T10:42:38+00:00\",\"dateModified\":\"2012-05-29T05:37:46+00:00\",\"author\":{\"@id\":\"https:\/\/blog.zeit.de\/stoerungsmelder\/#\/schema\/person\/3863bcab169f6697a6d5c63117df8405\"},\"breadcrumb\":{\"@id\":\"https:\/\/blog.zeit.de\/stoerungsmelder\/2012\/05\/25\/lese-tipp-kampfansage-an-braune-burschenschaften_8671#breadcrumb\"},\"inLanguage\":\"de\",\"potentialAction\":[{\"@type\":\"ReadAction\",\"target\":[\"https:\/\/blog.zeit.de\/stoerungsmelder\/2012\/05\/25\/lese-tipp-kampfansage-an-braune-burschenschaften_8671\"]}]},{\"@type\":\"BreadcrumbList\",\"@id\":\"https:\/\/blog.zeit.de\/stoerungsmelder\/2012\/05\/25\/lese-tipp-kampfansage-an-braune-burschenschaften_8671#breadcrumb\",\"itemListElement\":[{\"@type\":\"ListItem\",\"position\":1,\"name\":\"Startseite\",\"item\":\"https:\/\/blog.zeit.de\/stoerungsmelder\"},{\"@type\":\"ListItem\",\"position\":2,\"name\":\"Lese-Tipp: Kampfansage an braune Burschenschaften\"}]},{\"@type\":\"WebSite\",\"@id\":\"https:\/\/blog.zeit.de\/stoerungsmelder\/#website\",\"url\":\"https:\/\/blog.zeit.de\/stoerungsmelder\/\",\"name\":\"St\u00f6rungsmelder\",\"description\":\"Recherchen und Analysen \u00fcber die extreme Rechte\",\"potentialAction\":[{\"@type\":\"SearchAction\",\"target\":{\"@type\":\"EntryPoint\",\"urlTemplate\":\"https:\/\/blog.zeit.de\/stoerungsmelder\/?s={search_term_string}\"},\"query-input\":\"required name=search_term_string\"}],\"inLanguage\":\"de\"},{\"@type\":\"Person\",\"@id\":\"https:\/\/blog.zeit.de\/stoerungsmelder\/#\/schema\/person\/3863bcab169f6697a6d5c63117df8405\",\"name\":\"Lisa Caspari\",\"image\":{\"@type\":\"ImageObject\",\"inLanguage\":\"de\",\"@id\":\"https:\/\/blog.zeit.de\/stoerungsmelder\/#\/schema\/person\/image\/\",\"url\":\"https:\/\/secure.gravatar.com\/avatar\/24bd331e48d30258d7a5e9a5037e7c5af9e47c88ab2ecbc7568c2f10e40e93fc?s=96&d=mm&r=pg\",\"contentUrl\":\"https:\/\/secure.gravatar.com\/avatar\/24bd331e48d30258d7a5e9a5037e7c5af9e47c88ab2ecbc7568c2f10e40e93fc?s=96&d=mm&r=pg\",\"caption\":\"Lisa Caspari\"},\"description\":\"ist Redakteurin im Ressort Politik, Wirtschaft und Gesellschaft bei ZEIT ONLINE.\",\"url\":\"https:\/\/blog.zeit.de\/stoerungsmelder\/author\/lisacaspari\"}]}<\/script>\n<!-- \/ Yoast SEO plugin. -->","yoast_head_json":{"title":"Lese-Tipp: Kampfansage an braune Burschenschaften - St\u00f6rungsmelder","robots":{"index":"index","follow":"follow","max-snippet":"max-snippet:-1","max-image-preview":"max-image-preview:large","max-video-preview":"max-video-preview:-1"},"canonical":"https:\/\/blog.zeit.de\/stoerungsmelder\/2012\/05\/25\/lese-tipp-kampfansage-an-braune-burschenschaften_8671","og_locale":"de_DE","og_type":"article","og_title":"Lese-Tipp: Kampfansage an braune Burschenschaften - St\u00f6rungsmelder","og_description":"Antisemitische Pamphlete, Kontakte zu Neonazis: In Studentenverbindungen gewinnen Rechtsextreme an Einfluss. Liberale Dissidenten k\u00e4mpfen dagegen an. Ein rechercheintensiver Beitrag unseres\u00a0 Redakteurs Tilman Steffen in unserer ZEIT-ONLINE-Serie &#8222;Leben mit Rassismus&#8220;. Auch dieses Interview ist sehr lesenswert: Michael G\u00f6tting hat mit dem CDU-Politiker Zeca Schall gesprochen, der als geb\u00fcrtiger Angolaner im th\u00fcringischen Wahlkampf bedroht wurde. Er sagt: [&hellip;]","og_url":"https:\/\/blog.zeit.de\/stoerungsmelder\/2012\/05\/25\/lese-tipp-kampfansage-an-braune-burschenschaften_8671","og_site_name":"St\u00f6rungsmelder","article_published_time":"2012-05-25T10:42:38+00:00","article_modified_time":"2012-05-29T05:37:46+00:00","og_image":[{"url":"https:\/\/blog.zeit.de\/stoerungsmelder\/files\/2012\/05\/burschenschaft-540x304.jpg"}],"author":"Lisa Caspari","twitter_card":"summary_large_image","twitter_misc":{"Geschrieben von":"Lisa Caspari"},"schema":{"@context":"https:\/\/schema.org","@graph":[{"@type":"WebPage","@id":"https:\/\/blog.zeit.de\/stoerungsmelder\/2012\/05\/25\/lese-tipp-kampfansage-an-braune-burschenschaften_8671","url":"https:\/\/blog.zeit.de\/stoerungsmelder\/2012\/05\/25\/lese-tipp-kampfansage-an-braune-burschenschaften_8671","name":"Lese-Tipp: Kampfansage an braune Burschenschaften - St\u00f6rungsmelder","isPartOf":{"@id":"https:\/\/blog.zeit.de\/stoerungsmelder\/#website"},"datePublished":"2012-05-25T10:42:38+00:00","dateModified":"2012-05-29T05:37:46+00:00","author":{"@id":"https:\/\/blog.zeit.de\/stoerungsmelder\/#\/schema\/person\/3863bcab169f6697a6d5c63117df8405"},"breadcrumb":{"@id":"https:\/\/blog.zeit.de\/stoerungsmelder\/2012\/05\/25\/lese-tipp-kampfansage-an-braune-burschenschaften_8671#breadcrumb"},"inLanguage":"de","potentialAction":[{"@type":"ReadAction","target":["https:\/\/blog.zeit.de\/stoerungsmelder\/2012\/05\/25\/lese-tipp-kampfansage-an-braune-burschenschaften_8671"]}]},{"@type":"BreadcrumbList","@id":"https:\/\/blog.zeit.de\/stoerungsmelder\/2012\/05\/25\/lese-tipp-kampfansage-an-braune-burschenschaften_8671#breadcrumb","itemListElement":[{"@type":"ListItem","position":1,"name":"Startseite","item":"https:\/\/blog.zeit.de\/stoerungsmelder"},{"@type":"ListItem","position":2,"name":"Lese-Tipp: Kampfansage an braune Burschenschaften"}]},{"@type":"WebSite","@id":"https:\/\/blog.zeit.de\/stoerungsmelder\/#website","url":"https:\/\/blog.zeit.de\/stoerungsmelder\/","name":"St\u00f6rungsmelder","description":"Recherchen und Analysen \u00fcber die extreme Rechte","potentialAction":[{"@type":"SearchAction","target":{"@type":"EntryPoint","urlTemplate":"https:\/\/blog.zeit.de\/stoerungsmelder\/?s={search_term_string}"},"query-input":"required name=search_term_string"}],"inLanguage":"de"},{"@type":"Person","@id":"https:\/\/blog.zeit.de\/stoerungsmelder\/#\/schema\/person\/3863bcab169f6697a6d5c63117df8405","name":"Lisa Caspari","image":{"@type":"ImageObject","inLanguage":"de","@id":"https:\/\/blog.zeit.de\/stoerungsmelder\/#\/schema\/person\/image\/","url":"https:\/\/secure.gravatar.com\/avatar\/24bd331e48d30258d7a5e9a5037e7c5af9e47c88ab2ecbc7568c2f10e40e93fc?s=96&d=mm&r=pg","contentUrl":"https:\/\/secure.gravatar.com\/avatar\/24bd331e48d30258d7a5e9a5037e7c5af9e47c88ab2ecbc7568c2f10e40e93fc?s=96&d=mm&r=pg","caption":"Lisa Caspari"},"description":"ist Redakteurin im Ressort Politik, Wirtschaft und Gesellschaft bei ZEIT ONLINE.","url":"https:\/\/blog.zeit.de\/stoerungsmelder\/author\/lisacaspari"}]}},"jetpack_featured_media_url":"","jetpack_sharing_enabled":true,"_links":{"self":[{"href":"https:\/\/blog.zeit.de\/stoerungsmelder\/wp-json\/wp\/v2\/posts\/8671","targetHints":{"allow":["GET"]}}],"collection":[{"href":"https:\/\/blog.zeit.de\/stoerungsmelder\/wp-json\/wp\/v2\/posts"}],"about":[{"href":"https:\/\/blog.zeit.de\/stoerungsmelder\/wp-json\/wp\/v2\/types\/post"}],"author":[{"embeddable":true,"href":"https:\/\/blog.zeit.de\/stoerungsmelder\/wp-json\/wp\/v2\/users\/350"}],"replies":[{"embeddable":true,"href":"https:\/\/blog.zeit.de\/stoerungsmelder\/wp-json\/wp\/v2\/comments?post=8671"}],"version-history":[{"count":5,"href":"https:\/\/blog.zeit.de\/stoerungsmelder\/wp-json\/wp\/v2\/posts\/8671\/revisions"}],"predecessor-version":[{"id":8689,"href":"https:\/\/blog.zeit.de\/stoerungsmelder\/wp-json\/wp\/v2\/posts\/8671\/revisions\/8689"}],"wp:attachment":[{"href":"https:\/\/blog.zeit.de\/stoerungsmelder\/wp-json\/wp\/v2\/media?parent=8671"}],"wp:term":[{"taxonomy":"category","embeddable":true,"href":"https:\/\/blog.zeit.de\/stoerungsmelder\/wp-json\/wp\/v2\/categories?post=8671"},{"taxonomy":"post_tag","embeddable":true,"href":"https:\/\/blog.zeit.de\/stoerungsmelder\/wp-json\/wp\/v2\/tags?post=8671"}],"curies":[{"name":"wp","href":"https:\/\/api.w.org\/{rel}","templated":true}]}}