{"id":8698,"date":"2012-06-01T08:42:30","date_gmt":"2012-06-01T06:42:30","guid":{"rendered":"http:\/\/blog.zeit.de\/stoerungsmelder\/?p=8698"},"modified":"2012-06-01T08:42:30","modified_gmt":"2012-06-01T06:42:30","slug":"linkliste-zum-npd-verbot","status":"publish","type":"post","link":"https:\/\/blog.zeit.de\/stoerungsmelder\/2012\/06\/01\/linkliste-zum-npd-verbot_8698","title":{"rendered":"Linkliste zum NPD-Verbot"},"content":{"rendered":"<p><a href=\"https:\/\/blog.zeit.de\/stoerungsmelder\/files\/2012\/06\/verdi.jpg\"><img loading=\"lazy\" decoding=\"async\" class=\"aligncenter size-full wp-image-8699\" src=\"https:\/\/blog.zeit.de\/stoerungsmelder\/files\/2012\/06\/verdi.jpg\" alt=\"\" width=\"388\" height=\"147\" srcset=\"https:\/\/blog.zeit.de\/stoerungsmelder\/files\/2012\/06\/verdi.jpg 388w, https:\/\/blog.zeit.de\/stoerungsmelder\/files\/2012\/06\/verdi-300x113.jpg 300w\" sizes=\"auto, (max-width: 388px) 100vw, 388px\" \/><\/a><\/p>\n<p>Das Thema ist der Dauerbrenner der bundesdeutschen Politik: ein m\u00f6gliches Verbot der NPD. Bereits seit mehr als 40 Jahren debattieren Experten und Politiker, ob, wie und wann die Partei verschwinden soll. Die Ver.di-Jugend hat jetzt eine <a href=\"http:\/\/www.aktiv-gegen-diskriminierung.info\/node\/86\">Linksammlung<\/a> mit allen Infos zum gescheiterten Verbotsverfahren von 2003 und aktuellen Texten zusammengestellt.<!--more--><\/p>\n<p>Nach der Aufdeckung der Gruppe &#8222;Nationalsozialistischer Untergrund&#8220; kamen erneut Forderungen nach einem Verbot der NPD auf. F\u00fchrende Mitglieder der Partei hatten jahrelang das Trio unterst\u00fctzt. Aufgrunddessen gibt es in allen Parteien sowie seitens vieler au\u00dferparlamentarischer Initiativen Unterst\u00fctzung f\u00fcr ein neues Verbotsverfahren.<\/p>\n<p>Neben einer Reform der so genannten Sicherheitsbeh\u00f6rden, beschloss die Innenministerkonferenz im Dezember 2012, ein erneutes Verfahren zu pr\u00fcfen. Ein erster Versuch war an den V-Leuten des Verfassungsschutzes innerhalb der Partei gescheitert. Diese sollen nun sogar abgezogen werden<\/p>\n<p>Aber welche Argumente gibt es f\u00fcr und gegen ein Verbot?<\/p>\n<p>Um einen Einblick in die vergangenen und die aktuellen Debatten sowie zum bereits gescheiterten Verbotsverfahren (2003) zu erm\u00f6glichen, hat die Ver.di-Jugend eine Archiv-Sammlung zusammengestellt. <a href=\"http:\/\/www.aktiv-gegen-diskriminierung.info\/node\/86\">Hier geht es direkt zur Seite.<\/a><\/p>\n","protected":false},"excerpt":{"rendered":"<p>Das Thema ist der Dauerbrenner der bundesdeutschen Politik: ein m\u00f6gliches Verbot der NPD. Bereits seit mehr als 40 Jahren debattieren Experten und Politiker, ob, wie und wann die Partei verschwinden soll. Die Ver.di-Jugend hat jetzt eine Linksammlung mit allen Infos zum gescheiterten Verbotsverfahren von 2003 und aktuellen Texten zusammengestellt.<\/p>\n","protected":false},"author":229,"featured_media":0,"comment_status":"open","ping_status":"open","sticky":false,"template":"","format":"standard","meta":{"_jetpack_memberships_contains_paid_content":false,"footnotes":""},"categories":[1515],"tags":[1716,17813],"class_list":["post-8698","post","type-post","status-publish","format-standard","hentry","category-bundesweit","tag-npd","tag-verbotsverfahren"],"yoast_head":"<!-- This site is optimized with the Yoast SEO plugin v21.0 - https:\/\/yoast.com\/wordpress\/plugins\/seo\/ -->\n<title>Linkliste zum NPD-Verbot - St\u00f6rungsmelder<\/title>\n<meta name=\"robots\" content=\"index, follow, max-snippet:-1, max-image-preview:large, max-video-preview:-1\" \/>\n<link rel=\"canonical\" href=\"https:\/\/blog.zeit.de\/stoerungsmelder\/2012\/06\/01\/linkliste-zum-npd-verbot_8698\" \/>\n<meta property=\"og:locale\" content=\"de_DE\" \/>\n<meta property=\"og:type\" content=\"article\" \/>\n<meta property=\"og:title\" content=\"Linkliste zum NPD-Verbot - St\u00f6rungsmelder\" \/>\n<meta property=\"og:description\" content=\"Das Thema ist der Dauerbrenner der bundesdeutschen Politik: ein m\u00f6gliches Verbot der NPD. Bereits seit mehr als 40 Jahren debattieren Experten und Politiker, ob, wie und wann die Partei verschwinden soll. Die Ver.di-Jugend hat jetzt eine Linksammlung mit allen Infos zum gescheiterten Verbotsverfahren von 2003 und aktuellen Texten zusammengestellt.\" \/>\n<meta property=\"og:url\" content=\"https:\/\/blog.zeit.de\/stoerungsmelder\/2012\/06\/01\/linkliste-zum-npd-verbot_8698\" \/>\n<meta property=\"og:site_name\" content=\"St\u00f6rungsmelder\" \/>\n<meta property=\"article:published_time\" content=\"2012-06-01T06:42:30+00:00\" \/>\n<meta property=\"og:image\" content=\"https:\/\/blog.zeit.de\/stoerungsmelder\/files\/2012\/06\/verdi.jpg\" \/>\n<meta name=\"author\" content=\"St\u00f6rungsmelder\" \/>\n<meta name=\"twitter:card\" content=\"summary_large_image\" \/>\n<meta name=\"twitter:label1\" content=\"Geschrieben von\" \/>\n\t<meta name=\"twitter:data1\" content=\"St\u00f6rungsmelder\" \/>\n\t<meta name=\"twitter:label2\" content=\"Gesch\u00e4tzte Lesezeit\" \/>\n\t<meta name=\"twitter:data2\" content=\"1\u00a0Minute\" \/>\n<script type=\"application\/ld+json\" class=\"yoast-schema-graph\">{\"@context\":\"https:\/\/schema.org\",\"@graph\":[{\"@type\":\"WebPage\",\"@id\":\"https:\/\/blog.zeit.de\/stoerungsmelder\/2012\/06\/01\/linkliste-zum-npd-verbot_8698\",\"url\":\"https:\/\/blog.zeit.de\/stoerungsmelder\/2012\/06\/01\/linkliste-zum-npd-verbot_8698\",\"name\":\"Linkliste zum NPD-Verbot - St\u00f6rungsmelder\",\"isPartOf\":{\"@id\":\"https:\/\/blog.zeit.de\/stoerungsmelder\/#website\"},\"datePublished\":\"2012-06-01T06:42:30+00:00\",\"dateModified\":\"2012-06-01T06:42:30+00:00\",\"author\":{\"@id\":\"https:\/\/blog.zeit.de\/stoerungsmelder\/#\/schema\/person\/fdd0b9818f65738672810b6d6f037f71\"},\"breadcrumb\":{\"@id\":\"https:\/\/blog.zeit.de\/stoerungsmelder\/2012\/06\/01\/linkliste-zum-npd-verbot_8698#breadcrumb\"},\"inLanguage\":\"de\",\"potentialAction\":[{\"@type\":\"ReadAction\",\"target\":[\"https:\/\/blog.zeit.de\/stoerungsmelder\/2012\/06\/01\/linkliste-zum-npd-verbot_8698\"]}]},{\"@type\":\"BreadcrumbList\",\"@id\":\"https:\/\/blog.zeit.de\/stoerungsmelder\/2012\/06\/01\/linkliste-zum-npd-verbot_8698#breadcrumb\",\"itemListElement\":[{\"@type\":\"ListItem\",\"position\":1,\"name\":\"Startseite\",\"item\":\"https:\/\/blog.zeit.de\/stoerungsmelder\"},{\"@type\":\"ListItem\",\"position\":2,\"name\":\"Linkliste zum NPD-Verbot\"}]},{\"@type\":\"WebSite\",\"@id\":\"https:\/\/blog.zeit.de\/stoerungsmelder\/#website\",\"url\":\"https:\/\/blog.zeit.de\/stoerungsmelder\/\",\"name\":\"St\u00f6rungsmelder\",\"description\":\"Recherchen und Analysen \u00fcber die extreme Rechte\",\"potentialAction\":[{\"@type\":\"SearchAction\",\"target\":{\"@type\":\"EntryPoint\",\"urlTemplate\":\"https:\/\/blog.zeit.de\/stoerungsmelder\/?s={search_term_string}\"},\"query-input\":\"required name=search_term_string\"}],\"inLanguage\":\"de\"},{\"@type\":\"Person\",\"@id\":\"https:\/\/blog.zeit.de\/stoerungsmelder\/#\/schema\/person\/fdd0b9818f65738672810b6d6f037f71\",\"name\":\"St\u00f6rungsmelder\",\"image\":{\"@type\":\"ImageObject\",\"inLanguage\":\"de\",\"@id\":\"https:\/\/blog.zeit.de\/stoerungsmelder\/#\/schema\/person\/image\/\",\"url\":\"https:\/\/secure.gravatar.com\/avatar\/dfa4be514c3e82a71e4f9a0020035d38192d080ccaa5e4e6d7a1472c763535c5?s=96&d=mm&r=pg\",\"contentUrl\":\"https:\/\/secure.gravatar.com\/avatar\/dfa4be514c3e82a71e4f9a0020035d38192d080ccaa5e4e6d7a1472c763535c5?s=96&d=mm&r=pg\",\"caption\":\"St\u00f6rungsmelder\"},\"url\":\"https:\/\/blog.zeit.de\/stoerungsmelder\/author\/stoerungsmelder\"}]}<\/script>\n<!-- \/ Yoast SEO plugin. -->","yoast_head_json":{"title":"Linkliste zum NPD-Verbot - St\u00f6rungsmelder","robots":{"index":"index","follow":"follow","max-snippet":"max-snippet:-1","max-image-preview":"max-image-preview:large","max-video-preview":"max-video-preview:-1"},"canonical":"https:\/\/blog.zeit.de\/stoerungsmelder\/2012\/06\/01\/linkliste-zum-npd-verbot_8698","og_locale":"de_DE","og_type":"article","og_title":"Linkliste zum NPD-Verbot - St\u00f6rungsmelder","og_description":"Das Thema ist der Dauerbrenner der bundesdeutschen Politik: ein m\u00f6gliches Verbot der NPD. Bereits seit mehr als 40 Jahren debattieren Experten und Politiker, ob, wie und wann die Partei verschwinden soll. Die Ver.di-Jugend hat jetzt eine Linksammlung mit allen Infos zum gescheiterten Verbotsverfahren von 2003 und aktuellen Texten zusammengestellt.","og_url":"https:\/\/blog.zeit.de\/stoerungsmelder\/2012\/06\/01\/linkliste-zum-npd-verbot_8698","og_site_name":"St\u00f6rungsmelder","article_published_time":"2012-06-01T06:42:30+00:00","og_image":[{"url":"https:\/\/blog.zeit.de\/stoerungsmelder\/files\/2012\/06\/verdi.jpg"}],"author":"St\u00f6rungsmelder","twitter_card":"summary_large_image","twitter_misc":{"Geschrieben von":"St\u00f6rungsmelder","Gesch\u00e4tzte Lesezeit":"1\u00a0Minute"},"schema":{"@context":"https:\/\/schema.org","@graph":[{"@type":"WebPage","@id":"https:\/\/blog.zeit.de\/stoerungsmelder\/2012\/06\/01\/linkliste-zum-npd-verbot_8698","url":"https:\/\/blog.zeit.de\/stoerungsmelder\/2012\/06\/01\/linkliste-zum-npd-verbot_8698","name":"Linkliste zum NPD-Verbot - St\u00f6rungsmelder","isPartOf":{"@id":"https:\/\/blog.zeit.de\/stoerungsmelder\/#website"},"datePublished":"2012-06-01T06:42:30+00:00","dateModified":"2012-06-01T06:42:30+00:00","author":{"@id":"https:\/\/blog.zeit.de\/stoerungsmelder\/#\/schema\/person\/fdd0b9818f65738672810b6d6f037f71"},"breadcrumb":{"@id":"https:\/\/blog.zeit.de\/stoerungsmelder\/2012\/06\/01\/linkliste-zum-npd-verbot_8698#breadcrumb"},"inLanguage":"de","potentialAction":[{"@type":"ReadAction","target":["https:\/\/blog.zeit.de\/stoerungsmelder\/2012\/06\/01\/linkliste-zum-npd-verbot_8698"]}]},{"@type":"BreadcrumbList","@id":"https:\/\/blog.zeit.de\/stoerungsmelder\/2012\/06\/01\/linkliste-zum-npd-verbot_8698#breadcrumb","itemListElement":[{"@type":"ListItem","position":1,"name":"Startseite","item":"https:\/\/blog.zeit.de\/stoerungsmelder"},{"@type":"ListItem","position":2,"name":"Linkliste zum NPD-Verbot"}]},{"@type":"WebSite","@id":"https:\/\/blog.zeit.de\/stoerungsmelder\/#website","url":"https:\/\/blog.zeit.de\/stoerungsmelder\/","name":"St\u00f6rungsmelder","description":"Recherchen und Analysen \u00fcber die extreme Rechte","potentialAction":[{"@type":"SearchAction","target":{"@type":"EntryPoint","urlTemplate":"https:\/\/blog.zeit.de\/stoerungsmelder\/?s={search_term_string}"},"query-input":"required name=search_term_string"}],"inLanguage":"de"},{"@type":"Person","@id":"https:\/\/blog.zeit.de\/stoerungsmelder\/#\/schema\/person\/fdd0b9818f65738672810b6d6f037f71","name":"St\u00f6rungsmelder","image":{"@type":"ImageObject","inLanguage":"de","@id":"https:\/\/blog.zeit.de\/stoerungsmelder\/#\/schema\/person\/image\/","url":"https:\/\/secure.gravatar.com\/avatar\/dfa4be514c3e82a71e4f9a0020035d38192d080ccaa5e4e6d7a1472c763535c5?s=96&d=mm&r=pg","contentUrl":"https:\/\/secure.gravatar.com\/avatar\/dfa4be514c3e82a71e4f9a0020035d38192d080ccaa5e4e6d7a1472c763535c5?s=96&d=mm&r=pg","caption":"St\u00f6rungsmelder"},"url":"https:\/\/blog.zeit.de\/stoerungsmelder\/author\/stoerungsmelder"}]}},"jetpack_featured_media_url":"","jetpack_sharing_enabled":true,"_links":{"self":[{"href":"https:\/\/blog.zeit.de\/stoerungsmelder\/wp-json\/wp\/v2\/posts\/8698","targetHints":{"allow":["GET"]}}],"collection":[{"href":"https:\/\/blog.zeit.de\/stoerungsmelder\/wp-json\/wp\/v2\/posts"}],"about":[{"href":"https:\/\/blog.zeit.de\/stoerungsmelder\/wp-json\/wp\/v2\/types\/post"}],"author":[{"embeddable":true,"href":"https:\/\/blog.zeit.de\/stoerungsmelder\/wp-json\/wp\/v2\/users\/229"}],"replies":[{"embeddable":true,"href":"https:\/\/blog.zeit.de\/stoerungsmelder\/wp-json\/wp\/v2\/comments?post=8698"}],"version-history":[{"count":2,"href":"https:\/\/blog.zeit.de\/stoerungsmelder\/wp-json\/wp\/v2\/posts\/8698\/revisions"}],"predecessor-version":[{"id":8701,"href":"https:\/\/blog.zeit.de\/stoerungsmelder\/wp-json\/wp\/v2\/posts\/8698\/revisions\/8701"}],"wp:attachment":[{"href":"https:\/\/blog.zeit.de\/stoerungsmelder\/wp-json\/wp\/v2\/media?parent=8698"}],"wp:term":[{"taxonomy":"category","embeddable":true,"href":"https:\/\/blog.zeit.de\/stoerungsmelder\/wp-json\/wp\/v2\/categories?post=8698"},{"taxonomy":"post_tag","embeddable":true,"href":"https:\/\/blog.zeit.de\/stoerungsmelder\/wp-json\/wp\/v2\/tags?post=8698"}],"curies":[{"name":"wp","href":"https:\/\/api.w.org\/{rel}","templated":true}]}}