{"id":8755,"date":"2012-06-07T14:55:26","date_gmt":"2012-06-07T12:55:26","guid":{"rendered":"http:\/\/blog.zeit.de\/stoerungsmelder\/?p=8755"},"modified":"2012-06-07T14:55:47","modified_gmt":"2012-06-07T12:55:47","slug":"rechtswidrige-extremismusklausel-endlich-abschaffen","status":"publish","type":"post","link":"https:\/\/blog.zeit.de\/stoerungsmelder\/2012\/06\/07\/rechtswidrige-extremismusklausel-endlich-abschaffen_8755","title":{"rendered":"Rechtswidrige Extremismusklausel endlich abschaffen!"},"content":{"rendered":"<p><a href=\"https:\/\/blog.zeit.de\/stoerungsmelder\/files\/2010\/04\/Clara_Herrmann.jpg\"><img loading=\"lazy\" decoding=\"async\" class=\"alignleft size-thumbnail wp-image-7012\" src=\"https:\/\/blog.zeit.de\/stoerungsmelder\/files\/2010\/04\/Clara_Herrmann-150x150.jpg\" alt=\"\" width=\"150\" height=\"150\" \/><\/a>Die Klausel stellt B\u00fcndnisse und Initiativen unter Generalverdacht und ruft zur gegenseitigen Bespitzelung auf. Damit erzeugt sie ein Klima des Misstrauens. F\u00fcr uns war und ist immer klar: Mit antidemokratischen Methoden l\u00e4sst sich keine erfolgreiche Demokratiearbeit machen.<br \/>\n<em>Ein Kommentar der Berliner Abgeordneten der Gr\u00fcnen, Clara Herrmann.<\/em><!--more--><\/p>\n<p>Daher haben wir uns auf allen Ebenen f\u00fcr die Streichung der umstrittenen Extremismusklausel eingesetzt. Auch die SPD spricht sich auf Bundesebene gegen die Klausel aus.<br \/>\nEs gab verschiedene juristische Gutachten und einen breiten Protest in Wissenschaft und Zivilgesellschaft. Jetzt ist klar, die Klausel ist nicht nur abwegig und schikan\u00f6s, sondern auch rechtswidrig. Das hat das Dresdener Verwaltungsgericht im April erkl\u00e4rt.<\/p>\n<p>Derzeit findet im Bunderat eine Debatte um die umstrittene und rechtswidrige Extremismusklausel statt. Die Initiative gegen die Extremismusklausel wurde im Bundesrat bereits im Ausschuss f\u00fcr Frauen und Jugend sowie im Innenausschuss beraten und abgestimmt. Mit einer abschlie\u00dfenden Behandlung im Plenum ist vor der Sommerpause zu rechnen und bei dieser Abstimmung k\u00f6nnte es auf die Berliner Stimmen ankommen.<br \/>\nWir fordern in unserem Antrag im Berliner Abgeordnetenhaus den Senat auf, die Bundesratsinitiative der L\u00e4nder NRW und Rheinland-Pfalz f\u00fcr die Streichung der Klausel zu unterst\u00fctzen. Doch SPD und CDU weigern sich unseren Antrag zu behandeln.<\/p>\n<p>Mit der Nichtbefassung vor der Abstimmung im Bundesrat dr\u00fcckt sich die Koalition aus SPD und CDU in Berlin davor, Stellung zur Extremismusklausel zu beziehen und verfolgt ihre \u00fcbliche Praxis, unbequeme und unliebsame Antr\u00e4ge zu versenken.<\/p>\n<p>Gerade die SPD Fraktion in Berlin hat es vers\u00e4umt, sich zur Abschaffung der rechtswidrigen Extremismusklausel zu bekennen.<\/p>\n<p>Wir fordern dennoch den rot-schwarzen Senat auf, im Bundesrat die Streichung der Extremismusklausel zu unterst\u00fctzten! Wer sich enth\u00e4lt, unterst\u00fctzt dieses sch\u00e4dliche und rechtswidrige Instrument.<\/p>\n","protected":false},"excerpt":{"rendered":"<p>Die Klausel stellt B\u00fcndnisse und Initiativen unter Generalverdacht und ruft zur gegenseitigen Bespitzelung auf. Damit erzeugt sie ein Klima des Misstrauens. F\u00fcr uns war und ist immer klar: Mit antidemokratischen Methoden l\u00e4sst sich keine erfolgreiche Demokratiearbeit machen. Ein Kommentar der Berliner Abgeordneten der Gr\u00fcnen, Clara Herrmann.<\/p>\n","protected":false},"author":255,"featured_media":0,"comment_status":"open","ping_status":"open","sticky":false,"template":"","format":"standard","meta":{"_jetpack_memberships_contains_paid_content":false,"footnotes":""},"categories":[249],"tags":[6356,1752],"class_list":["post-8755","post","type-post","status-publish","format-standard","hentry","category-berlin","tag-extremismustheorie","tag-protest"],"yoast_head":"<!-- This site is optimized with the Yoast SEO plugin v21.0 - https:\/\/yoast.com\/wordpress\/plugins\/seo\/ -->\n<title>Rechtswidrige Extremismusklausel endlich abschaffen! - St\u00f6rungsmelder<\/title>\n<meta name=\"robots\" content=\"index, follow, max-snippet:-1, max-image-preview:large, max-video-preview:-1\" \/>\n<link rel=\"canonical\" href=\"https:\/\/blog.zeit.de\/stoerungsmelder\/2012\/06\/07\/rechtswidrige-extremismusklausel-endlich-abschaffen_8755\" \/>\n<meta property=\"og:locale\" content=\"de_DE\" \/>\n<meta property=\"og:type\" content=\"article\" \/>\n<meta property=\"og:title\" content=\"Rechtswidrige Extremismusklausel endlich abschaffen! - St\u00f6rungsmelder\" \/>\n<meta property=\"og:description\" content=\"Die Klausel stellt B\u00fcndnisse und Initiativen unter Generalverdacht und ruft zur gegenseitigen Bespitzelung auf. Damit erzeugt sie ein Klima des Misstrauens. F\u00fcr uns war und ist immer klar: Mit antidemokratischen Methoden l\u00e4sst sich keine erfolgreiche Demokratiearbeit machen. Ein Kommentar der Berliner Abgeordneten der Gr\u00fcnen, Clara Herrmann.\" \/>\n<meta property=\"og:url\" content=\"https:\/\/blog.zeit.de\/stoerungsmelder\/2012\/06\/07\/rechtswidrige-extremismusklausel-endlich-abschaffen_8755\" \/>\n<meta property=\"og:site_name\" content=\"St\u00f6rungsmelder\" \/>\n<meta property=\"article:published_time\" content=\"2012-06-07T12:55:26+00:00\" \/>\n<meta property=\"article:modified_time\" content=\"2012-06-07T12:55:47+00:00\" \/>\n<meta property=\"og:image\" content=\"https:\/\/blog.zeit.de\/stoerungsmelder\/files\/2010\/04\/Clara_Herrmann-150x150.jpg\" \/>\n<meta name=\"author\" content=\"Clara Herrmann\" \/>\n<meta name=\"twitter:card\" content=\"summary_large_image\" \/>\n<meta name=\"twitter:label1\" content=\"Geschrieben von\" \/>\n\t<meta name=\"twitter:data1\" content=\"Clara Herrmann\" \/>\n\t<meta name=\"twitter:label2\" content=\"Gesch\u00e4tzte Lesezeit\" \/>\n\t<meta name=\"twitter:data2\" content=\"1\u00a0Minute\" \/>\n<script type=\"application\/ld+json\" class=\"yoast-schema-graph\">{\"@context\":\"https:\/\/schema.org\",\"@graph\":[{\"@type\":\"WebPage\",\"@id\":\"https:\/\/blog.zeit.de\/stoerungsmelder\/2012\/06\/07\/rechtswidrige-extremismusklausel-endlich-abschaffen_8755\",\"url\":\"https:\/\/blog.zeit.de\/stoerungsmelder\/2012\/06\/07\/rechtswidrige-extremismusklausel-endlich-abschaffen_8755\",\"name\":\"Rechtswidrige Extremismusklausel endlich abschaffen! - St\u00f6rungsmelder\",\"isPartOf\":{\"@id\":\"https:\/\/blog.zeit.de\/stoerungsmelder\/#website\"},\"datePublished\":\"2012-06-07T12:55:26+00:00\",\"dateModified\":\"2012-06-07T12:55:47+00:00\",\"author\":{\"@id\":\"https:\/\/blog.zeit.de\/stoerungsmelder\/#\/schema\/person\/edc999bf09f96e71c295c3551c323fa2\"},\"breadcrumb\":{\"@id\":\"https:\/\/blog.zeit.de\/stoerungsmelder\/2012\/06\/07\/rechtswidrige-extremismusklausel-endlich-abschaffen_8755#breadcrumb\"},\"inLanguage\":\"de\",\"potentialAction\":[{\"@type\":\"ReadAction\",\"target\":[\"https:\/\/blog.zeit.de\/stoerungsmelder\/2012\/06\/07\/rechtswidrige-extremismusklausel-endlich-abschaffen_8755\"]}]},{\"@type\":\"BreadcrumbList\",\"@id\":\"https:\/\/blog.zeit.de\/stoerungsmelder\/2012\/06\/07\/rechtswidrige-extremismusklausel-endlich-abschaffen_8755#breadcrumb\",\"itemListElement\":[{\"@type\":\"ListItem\",\"position\":1,\"name\":\"Startseite\",\"item\":\"https:\/\/blog.zeit.de\/stoerungsmelder\"},{\"@type\":\"ListItem\",\"position\":2,\"name\":\"Rechtswidrige Extremismusklausel endlich abschaffen!\"}]},{\"@type\":\"WebSite\",\"@id\":\"https:\/\/blog.zeit.de\/stoerungsmelder\/#website\",\"url\":\"https:\/\/blog.zeit.de\/stoerungsmelder\/\",\"name\":\"St\u00f6rungsmelder\",\"description\":\"Recherchen und Analysen \u00fcber die extreme Rechte\",\"potentialAction\":[{\"@type\":\"SearchAction\",\"target\":{\"@type\":\"EntryPoint\",\"urlTemplate\":\"https:\/\/blog.zeit.de\/stoerungsmelder\/?s={search_term_string}\"},\"query-input\":\"required name=search_term_string\"}],\"inLanguage\":\"de\"},{\"@type\":\"Person\",\"@id\":\"https:\/\/blog.zeit.de\/stoerungsmelder\/#\/schema\/person\/edc999bf09f96e71c295c3551c323fa2\",\"name\":\"Clara Herrmann\",\"image\":{\"@type\":\"ImageObject\",\"inLanguage\":\"de\",\"@id\":\"https:\/\/blog.zeit.de\/stoerungsmelder\/#\/schema\/person\/image\/\",\"url\":\"https:\/\/secure.gravatar.com\/avatar\/04b40705f948898f2d062b2baf918db0e44716afe022753fee34274b82cee0d7?s=96&d=mm&r=pg\",\"contentUrl\":\"https:\/\/secure.gravatar.com\/avatar\/04b40705f948898f2d062b2baf918db0e44716afe022753fee34274b82cee0d7?s=96&d=mm&r=pg\",\"caption\":\"Clara Herrmann\"},\"url\":\"https:\/\/blog.zeit.de\/stoerungsmelder\/author\/clara-herrmann\"}]}<\/script>\n<!-- \/ Yoast SEO plugin. -->","yoast_head_json":{"title":"Rechtswidrige Extremismusklausel endlich abschaffen! - St\u00f6rungsmelder","robots":{"index":"index","follow":"follow","max-snippet":"max-snippet:-1","max-image-preview":"max-image-preview:large","max-video-preview":"max-video-preview:-1"},"canonical":"https:\/\/blog.zeit.de\/stoerungsmelder\/2012\/06\/07\/rechtswidrige-extremismusklausel-endlich-abschaffen_8755","og_locale":"de_DE","og_type":"article","og_title":"Rechtswidrige Extremismusklausel endlich abschaffen! - St\u00f6rungsmelder","og_description":"Die Klausel stellt B\u00fcndnisse und Initiativen unter Generalverdacht und ruft zur gegenseitigen Bespitzelung auf. Damit erzeugt sie ein Klima des Misstrauens. F\u00fcr uns war und ist immer klar: Mit antidemokratischen Methoden l\u00e4sst sich keine erfolgreiche Demokratiearbeit machen. Ein Kommentar der Berliner Abgeordneten der Gr\u00fcnen, Clara Herrmann.","og_url":"https:\/\/blog.zeit.de\/stoerungsmelder\/2012\/06\/07\/rechtswidrige-extremismusklausel-endlich-abschaffen_8755","og_site_name":"St\u00f6rungsmelder","article_published_time":"2012-06-07T12:55:26+00:00","article_modified_time":"2012-06-07T12:55:47+00:00","og_image":[{"url":"https:\/\/blog.zeit.de\/stoerungsmelder\/files\/2010\/04\/Clara_Herrmann-150x150.jpg"}],"author":"Clara Herrmann","twitter_card":"summary_large_image","twitter_misc":{"Geschrieben von":"Clara Herrmann","Gesch\u00e4tzte Lesezeit":"1\u00a0Minute"},"schema":{"@context":"https:\/\/schema.org","@graph":[{"@type":"WebPage","@id":"https:\/\/blog.zeit.de\/stoerungsmelder\/2012\/06\/07\/rechtswidrige-extremismusklausel-endlich-abschaffen_8755","url":"https:\/\/blog.zeit.de\/stoerungsmelder\/2012\/06\/07\/rechtswidrige-extremismusklausel-endlich-abschaffen_8755","name":"Rechtswidrige Extremismusklausel endlich abschaffen! - St\u00f6rungsmelder","isPartOf":{"@id":"https:\/\/blog.zeit.de\/stoerungsmelder\/#website"},"datePublished":"2012-06-07T12:55:26+00:00","dateModified":"2012-06-07T12:55:47+00:00","author":{"@id":"https:\/\/blog.zeit.de\/stoerungsmelder\/#\/schema\/person\/edc999bf09f96e71c295c3551c323fa2"},"breadcrumb":{"@id":"https:\/\/blog.zeit.de\/stoerungsmelder\/2012\/06\/07\/rechtswidrige-extremismusklausel-endlich-abschaffen_8755#breadcrumb"},"inLanguage":"de","potentialAction":[{"@type":"ReadAction","target":["https:\/\/blog.zeit.de\/stoerungsmelder\/2012\/06\/07\/rechtswidrige-extremismusklausel-endlich-abschaffen_8755"]}]},{"@type":"BreadcrumbList","@id":"https:\/\/blog.zeit.de\/stoerungsmelder\/2012\/06\/07\/rechtswidrige-extremismusklausel-endlich-abschaffen_8755#breadcrumb","itemListElement":[{"@type":"ListItem","position":1,"name":"Startseite","item":"https:\/\/blog.zeit.de\/stoerungsmelder"},{"@type":"ListItem","position":2,"name":"Rechtswidrige Extremismusklausel endlich abschaffen!"}]},{"@type":"WebSite","@id":"https:\/\/blog.zeit.de\/stoerungsmelder\/#website","url":"https:\/\/blog.zeit.de\/stoerungsmelder\/","name":"St\u00f6rungsmelder","description":"Recherchen und Analysen \u00fcber die extreme Rechte","potentialAction":[{"@type":"SearchAction","target":{"@type":"EntryPoint","urlTemplate":"https:\/\/blog.zeit.de\/stoerungsmelder\/?s={search_term_string}"},"query-input":"required name=search_term_string"}],"inLanguage":"de"},{"@type":"Person","@id":"https:\/\/blog.zeit.de\/stoerungsmelder\/#\/schema\/person\/edc999bf09f96e71c295c3551c323fa2","name":"Clara Herrmann","image":{"@type":"ImageObject","inLanguage":"de","@id":"https:\/\/blog.zeit.de\/stoerungsmelder\/#\/schema\/person\/image\/","url":"https:\/\/secure.gravatar.com\/avatar\/04b40705f948898f2d062b2baf918db0e44716afe022753fee34274b82cee0d7?s=96&d=mm&r=pg","contentUrl":"https:\/\/secure.gravatar.com\/avatar\/04b40705f948898f2d062b2baf918db0e44716afe022753fee34274b82cee0d7?s=96&d=mm&r=pg","caption":"Clara Herrmann"},"url":"https:\/\/blog.zeit.de\/stoerungsmelder\/author\/clara-herrmann"}]}},"jetpack_featured_media_url":"","jetpack_sharing_enabled":true,"_links":{"self":[{"href":"https:\/\/blog.zeit.de\/stoerungsmelder\/wp-json\/wp\/v2\/posts\/8755","targetHints":{"allow":["GET"]}}],"collection":[{"href":"https:\/\/blog.zeit.de\/stoerungsmelder\/wp-json\/wp\/v2\/posts"}],"about":[{"href":"https:\/\/blog.zeit.de\/stoerungsmelder\/wp-json\/wp\/v2\/types\/post"}],"author":[{"embeddable":true,"href":"https:\/\/blog.zeit.de\/stoerungsmelder\/wp-json\/wp\/v2\/users\/255"}],"replies":[{"embeddable":true,"href":"https:\/\/blog.zeit.de\/stoerungsmelder\/wp-json\/wp\/v2\/comments?post=8755"}],"version-history":[{"count":2,"href":"https:\/\/blog.zeit.de\/stoerungsmelder\/wp-json\/wp\/v2\/posts\/8755\/revisions"}],"predecessor-version":[{"id":8757,"href":"https:\/\/blog.zeit.de\/stoerungsmelder\/wp-json\/wp\/v2\/posts\/8755\/revisions\/8757"}],"wp:attachment":[{"href":"https:\/\/blog.zeit.de\/stoerungsmelder\/wp-json\/wp\/v2\/media?parent=8755"}],"wp:term":[{"taxonomy":"category","embeddable":true,"href":"https:\/\/blog.zeit.de\/stoerungsmelder\/wp-json\/wp\/v2\/categories?post=8755"},{"taxonomy":"post_tag","embeddable":true,"href":"https:\/\/blog.zeit.de\/stoerungsmelder\/wp-json\/wp\/v2\/tags?post=8755"}],"curies":[{"name":"wp","href":"https:\/\/api.w.org\/{rel}","templated":true}]}}