{"id":8777,"date":"2012-06-08T11:56:13","date_gmt":"2012-06-08T09:56:13","guid":{"rendered":"http:\/\/blog.zeit.de\/stoerungsmelder\/?p=8777"},"modified":"2012-06-08T12:16:49","modified_gmt":"2012-06-08T10:16:49","slug":"npd-fest-am-schweinestall","status":"publish","type":"post","link":"https:\/\/blog.zeit.de\/stoerungsmelder\/2012\/06\/08\/npd-fest-am-schweinestall_8777","title":{"rendered":"NPD-Fest am Schweinestall"},"content":{"rendered":"<p><figure id=\"attachment_6229\" aria-describedby=\"caption-attachment-6229\" style=\"width: 540px\" class=\"wp-caption aligncenter\"><a href=\"https:\/\/blog.zeit.de\/stoerungsmelder\/files\/2011\/05\/rechtsrock.jpg\"><img loading=\"lazy\" decoding=\"async\" class=\"size-full wp-image-6229\" src=\"https:\/\/blog.zeit.de\/stoerungsmelder\/files\/2011\/05\/rechtsrock.jpg\" alt=\"Nazirock als Publikumsmagnet\" width=\"540\" height=\"200\" srcset=\"https:\/\/blog.zeit.de\/stoerungsmelder\/files\/2011\/05\/rechtsrock.jpg 540w, https:\/\/blog.zeit.de\/stoerungsmelder\/files\/2011\/05\/rechtsrock-300x111.jpg 300w\" sizes=\"auto, (max-width: 540px) 100vw, 540px\" \/><\/a><figcaption id=\"caption-attachment-6229\" class=\"wp-caption-text\">Nazirock bleibt das wichtigste Rekrutierungsmittel der Szene \u00a9 Kai Budler<\/figcaption><\/figure><\/p>\n<p>Das Pressefest des Deutsche Stimme-Verlags findet im August auf gepachtetem Privatgel\u00e4nde im Landkreis Uecker-Randow statt. Au\u00dferdem bietet ein neues Veranstaltungshaus Platz f\u00fcr weitere Treffen.<!--more--><\/p>\n<p><em>Von Andrea R\u00f6pke, zuerst erschinen beim <a href=\"http:\/\/www.bnr.de\/artikel\/hintergrund\/npd-fest-am-schweinestall\">blick nach rechts<\/a><\/em><\/p>\n<p>Im D\u00f6rfchen Viereck in Vorpommern soll am 11. August das diesj\u00e4hrige Pressefest des Deutsche Stimme-Verlags an einem umgebauten Schweinestall durchgef\u00fchrt werden. W\u00e4hrend in den Jahren 2010 und 2011 noch \u00fcber 2000 braune G\u00e4ste nach Sachsen reisten, stellen sich die Veranstalter in diesem Jahr aber nur noch auf die H\u00e4lfte ein.<\/p>\n<p>Auf dem abgelegenen Gel\u00e4nde nahe Pasewalk, am Gehege Nr. 3, werden schon seit 2009 Konzerte und Treffen abgehalten, berichtet der Anklamer Pr\u00e4ventionsexperte G\u00fcnther Hoffmann. Der Besitzer des Stalls hat das umgebaute Geb\u00e4ude an den Verein \u201eSport- und Kulturwiese e.V.\u201c verpachtet. Ein Tarnverein, so Hoffmann, in dessen Satzung als Zweck \u201edie F\u00f6rderung der Jugendhilfe\u201c stehe. Dies solle \u00fcber scheinbar harmlose Themen wie Verkehrserziehung, sportliche und musikalische Veranstaltungen, den Umgang mit Tieren oder der Bek\u00e4mpfung des Drogenmissbrauchs erreicht werden.<\/p>\n<p><strong>Musikalisches Rahmenprogramm mit \u201eLunikoff-Verschw\u00f6rung\u201c<\/strong><\/p>\n<p>Der Szenekenner hat nachgewiesen, dass einige Mitglieder des Vereins regional bekannte Mitglieder der NPD sind. Konzerte und Veranstaltungen in Viereck wurden in der Vergangenheit vom \u201eJugendbund Pommern\u201c, der Nachfolgeorganisation des \u201eHeimatbunds Pommern\u201c um Henry Schenz aus Eggesin abgesichert. 2010 und auch 2012 war es der Polizei gelungen, zwei Konzerte mit Neonazi-Bands auf dem Gel\u00e4nde zu verhindern.<\/p>\n<p>Organisiert wird das diesj\u00e4hrige Spektakel des NPD-Parteiverlags ma\u00dfgeblich von Eckart Br\u00e4uniger, einem Hardliner aus Berlin. Zu den angek\u00fcndigten Rednern z\u00e4hlen unter anderem der Parteivorsitzende Holger Apfel, der mecklenburgische Fraktionschef Udo Past\u00f6rs, der letzte Bundesf\u00fchrer der verbotenen \u201eWiking-Jugend\u201c Wolfram Nahrath sowie die neue Vorsitzende des \u201eRing Nationaler Frauen\u201c (RNF), Sigrid Sch\u00fc\u00dfler, aus Bayern. Zum musikalischen Rahmenprogramm sollen die v\u00f6lkisch-nationalistischen Liedermacher Frank Rennicke und J\u00f6rg H\u00e4hnel, Mittelalter-Gaukler, eine Volksmusiktruppe, sowie vor allem die \u201eLunikoff-Verschw\u00f6rung\u201c des ehemaligen \u201eLandser\u201c-S\u00e4ngers Michael Regener, Ken Mc Lellan, S\u00e4nger von \u201eBrutal Attack\u201c, \u201eWiege des Schicksals\u201c, eine einheimische Band aus Bargischow, die Gruppe \u201eFaust\u201c aus Frankfurt am Main und \u201eSachsonia\u201c aus Dresden geh\u00f6ren.<\/p>\n<p><strong>Zahlreiche Immobilien in den H\u00e4nden von Neonazis<\/strong><\/p>\n<p>In Vorpommern spielen im Innercircle der kommunal verankerten Neonazi-Szene weniger die NPD eine Rolle als viel mehr die radikal v\u00f6lkischen Strukturen von \u201eFreies Pommern\u201c und seiner Ableger. Ebenso breiten sich seit einigen Jahren mit Konzerten und Musikvernetzungen Anh\u00e4nger der \u201eHammerskin Nations\u201c in der Region aus. Zahlreiche Immobilien sind bereits an die Neonazis gegangen. Protest und Widerstand gegen deren Veranstaltungen wie braune Kinderfeste oder politische Schulungen gibt es so wie keinen.<\/p>\n<p>Auch im westlichen Mecklenburg verf\u00fcgen NPD und Freie Kr\u00e4fte, neben dem Thing-Haus in Grevesm\u00fchlen, \u00fcber eine neue Veranstaltungsst\u00e4tte. Ende Mai referierte der s\u00e4chsische Landtagsabgeordnete Arne Schimmer in dem ehemaligen Hotel Stadt Hamburg mitten in L\u00fcbtheen. Dort hatten Marianne Past\u00f6rs sowie deren Schwiegersohn gleich neben dem NPD-B\u00fcrgerb\u00fcro mehrere H\u00e4user erworben. Das Hotel wurde seit Monaten von Rechten saniert. Inzwischen sollen dort auch Skatabende und B\u00fcrgerberatungen stattfinden.<\/p>\n","protected":false},"excerpt":{"rendered":"<p>Das Pressefest des Deutsche Stimme-Verlags findet im August auf gepachtetem Privatgel\u00e4nde im Landkreis Uecker-Randow statt. Au\u00dferdem bietet ein neues Veranstaltungshaus Platz f\u00fcr weitere Treffen.<\/p>\n","protected":false},"author":229,"featured_media":0,"comment_status":"open","ping_status":"open","sticky":false,"template":"","format":"standard","meta":{"_jetpack_memberships_contains_paid_content":false,"footnotes":""},"categories":[1456],"tags":[17817,11409,11413,17819,17820,17822,1605,1622,1663,17818,11364,1716,1765,17821,1827],"class_list":["post-8777","post","type-post","status-publish","format-standard","hentry","category-sachsen","tag-arne-schimmer","tag-brutal-attack","tag-frank-rennicke","tag-freies-pommern","tag-hammerskin-nation","tag-henry-schenz","tag-holger-apfel","tag-jorg-hahnel","tag-landser","tag-marianne-pastors","tag-michael-regener","tag-npd","tag-rechtsrock","tag-sigrid-schusler","tag-udo-pastors"],"yoast_head":"<!-- This site is optimized with the Yoast SEO plugin v21.0 - https:\/\/yoast.com\/wordpress\/plugins\/seo\/ -->\n<title>NPD-Fest am Schweinestall - St\u00f6rungsmelder<\/title>\n<meta name=\"robots\" content=\"index, follow, max-snippet:-1, max-image-preview:large, max-video-preview:-1\" \/>\n<link rel=\"canonical\" href=\"https:\/\/blog.zeit.de\/stoerungsmelder\/2012\/06\/08\/npd-fest-am-schweinestall_8777\" \/>\n<meta property=\"og:locale\" content=\"de_DE\" \/>\n<meta property=\"og:type\" content=\"article\" \/>\n<meta property=\"og:title\" content=\"NPD-Fest am Schweinestall - St\u00f6rungsmelder\" \/>\n<meta property=\"og:description\" content=\"Das Pressefest des Deutsche Stimme-Verlags findet im August auf gepachtetem Privatgel\u00e4nde im Landkreis Uecker-Randow statt. Au\u00dferdem bietet ein neues Veranstaltungshaus Platz f\u00fcr weitere Treffen.\" \/>\n<meta property=\"og:url\" content=\"https:\/\/blog.zeit.de\/stoerungsmelder\/2012\/06\/08\/npd-fest-am-schweinestall_8777\" \/>\n<meta property=\"og:site_name\" content=\"St\u00f6rungsmelder\" \/>\n<meta property=\"article:published_time\" content=\"2012-06-08T09:56:13+00:00\" \/>\n<meta property=\"article:modified_time\" content=\"2012-06-08T10:16:49+00:00\" \/>\n<meta property=\"og:image\" content=\"https:\/\/blog.zeit.de\/stoerungsmelder\/files\/2011\/05\/rechtsrock.jpg\" \/>\n<meta name=\"author\" content=\"St\u00f6rungsmelder\" \/>\n<meta name=\"twitter:card\" content=\"summary_large_image\" \/>\n<meta name=\"twitter:label1\" content=\"Geschrieben von\" \/>\n\t<meta name=\"twitter:data1\" content=\"St\u00f6rungsmelder\" \/>\n\t<meta name=\"twitter:label2\" content=\"Gesch\u00e4tzte Lesezeit\" \/>\n\t<meta name=\"twitter:data2\" content=\"3\u00a0Minuten\" \/>\n<script type=\"application\/ld+json\" class=\"yoast-schema-graph\">{\"@context\":\"https:\/\/schema.org\",\"@graph\":[{\"@type\":\"WebPage\",\"@id\":\"https:\/\/blog.zeit.de\/stoerungsmelder\/2012\/06\/08\/npd-fest-am-schweinestall_8777\",\"url\":\"https:\/\/blog.zeit.de\/stoerungsmelder\/2012\/06\/08\/npd-fest-am-schweinestall_8777\",\"name\":\"NPD-Fest am Schweinestall - St\u00f6rungsmelder\",\"isPartOf\":{\"@id\":\"https:\/\/blog.zeit.de\/stoerungsmelder\/#website\"},\"datePublished\":\"2012-06-08T09:56:13+00:00\",\"dateModified\":\"2012-06-08T10:16:49+00:00\",\"author\":{\"@id\":\"https:\/\/blog.zeit.de\/stoerungsmelder\/#\/schema\/person\/fdd0b9818f65738672810b6d6f037f71\"},\"breadcrumb\":{\"@id\":\"https:\/\/blog.zeit.de\/stoerungsmelder\/2012\/06\/08\/npd-fest-am-schweinestall_8777#breadcrumb\"},\"inLanguage\":\"de\",\"potentialAction\":[{\"@type\":\"ReadAction\",\"target\":[\"https:\/\/blog.zeit.de\/stoerungsmelder\/2012\/06\/08\/npd-fest-am-schweinestall_8777\"]}]},{\"@type\":\"BreadcrumbList\",\"@id\":\"https:\/\/blog.zeit.de\/stoerungsmelder\/2012\/06\/08\/npd-fest-am-schweinestall_8777#breadcrumb\",\"itemListElement\":[{\"@type\":\"ListItem\",\"position\":1,\"name\":\"Startseite\",\"item\":\"https:\/\/blog.zeit.de\/stoerungsmelder\"},{\"@type\":\"ListItem\",\"position\":2,\"name\":\"NPD-Fest am Schweinestall\"}]},{\"@type\":\"WebSite\",\"@id\":\"https:\/\/blog.zeit.de\/stoerungsmelder\/#website\",\"url\":\"https:\/\/blog.zeit.de\/stoerungsmelder\/\",\"name\":\"St\u00f6rungsmelder\",\"description\":\"Recherchen und Analysen \u00fcber die extreme Rechte\",\"potentialAction\":[{\"@type\":\"SearchAction\",\"target\":{\"@type\":\"EntryPoint\",\"urlTemplate\":\"https:\/\/blog.zeit.de\/stoerungsmelder\/?s={search_term_string}\"},\"query-input\":\"required name=search_term_string\"}],\"inLanguage\":\"de\"},{\"@type\":\"Person\",\"@id\":\"https:\/\/blog.zeit.de\/stoerungsmelder\/#\/schema\/person\/fdd0b9818f65738672810b6d6f037f71\",\"name\":\"St\u00f6rungsmelder\",\"image\":{\"@type\":\"ImageObject\",\"inLanguage\":\"de\",\"@id\":\"https:\/\/blog.zeit.de\/stoerungsmelder\/#\/schema\/person\/image\/\",\"url\":\"https:\/\/secure.gravatar.com\/avatar\/dfa4be514c3e82a71e4f9a0020035d38192d080ccaa5e4e6d7a1472c763535c5?s=96&d=mm&r=pg\",\"contentUrl\":\"https:\/\/secure.gravatar.com\/avatar\/dfa4be514c3e82a71e4f9a0020035d38192d080ccaa5e4e6d7a1472c763535c5?s=96&d=mm&r=pg\",\"caption\":\"St\u00f6rungsmelder\"},\"url\":\"https:\/\/blog.zeit.de\/stoerungsmelder\/author\/stoerungsmelder\"}]}<\/script>\n<!-- \/ Yoast SEO plugin. -->","yoast_head_json":{"title":"NPD-Fest am Schweinestall - St\u00f6rungsmelder","robots":{"index":"index","follow":"follow","max-snippet":"max-snippet:-1","max-image-preview":"max-image-preview:large","max-video-preview":"max-video-preview:-1"},"canonical":"https:\/\/blog.zeit.de\/stoerungsmelder\/2012\/06\/08\/npd-fest-am-schweinestall_8777","og_locale":"de_DE","og_type":"article","og_title":"NPD-Fest am Schweinestall - St\u00f6rungsmelder","og_description":"Das Pressefest des Deutsche Stimme-Verlags findet im August auf gepachtetem Privatgel\u00e4nde im Landkreis Uecker-Randow statt. Au\u00dferdem bietet ein neues Veranstaltungshaus Platz f\u00fcr weitere Treffen.","og_url":"https:\/\/blog.zeit.de\/stoerungsmelder\/2012\/06\/08\/npd-fest-am-schweinestall_8777","og_site_name":"St\u00f6rungsmelder","article_published_time":"2012-06-08T09:56:13+00:00","article_modified_time":"2012-06-08T10:16:49+00:00","og_image":[{"url":"https:\/\/blog.zeit.de\/stoerungsmelder\/files\/2011\/05\/rechtsrock.jpg"}],"author":"St\u00f6rungsmelder","twitter_card":"summary_large_image","twitter_misc":{"Geschrieben von":"St\u00f6rungsmelder","Gesch\u00e4tzte Lesezeit":"3\u00a0Minuten"},"schema":{"@context":"https:\/\/schema.org","@graph":[{"@type":"WebPage","@id":"https:\/\/blog.zeit.de\/stoerungsmelder\/2012\/06\/08\/npd-fest-am-schweinestall_8777","url":"https:\/\/blog.zeit.de\/stoerungsmelder\/2012\/06\/08\/npd-fest-am-schweinestall_8777","name":"NPD-Fest am Schweinestall - St\u00f6rungsmelder","isPartOf":{"@id":"https:\/\/blog.zeit.de\/stoerungsmelder\/#website"},"datePublished":"2012-06-08T09:56:13+00:00","dateModified":"2012-06-08T10:16:49+00:00","author":{"@id":"https:\/\/blog.zeit.de\/stoerungsmelder\/#\/schema\/person\/fdd0b9818f65738672810b6d6f037f71"},"breadcrumb":{"@id":"https:\/\/blog.zeit.de\/stoerungsmelder\/2012\/06\/08\/npd-fest-am-schweinestall_8777#breadcrumb"},"inLanguage":"de","potentialAction":[{"@type":"ReadAction","target":["https:\/\/blog.zeit.de\/stoerungsmelder\/2012\/06\/08\/npd-fest-am-schweinestall_8777"]}]},{"@type":"BreadcrumbList","@id":"https:\/\/blog.zeit.de\/stoerungsmelder\/2012\/06\/08\/npd-fest-am-schweinestall_8777#breadcrumb","itemListElement":[{"@type":"ListItem","position":1,"name":"Startseite","item":"https:\/\/blog.zeit.de\/stoerungsmelder"},{"@type":"ListItem","position":2,"name":"NPD-Fest am Schweinestall"}]},{"@type":"WebSite","@id":"https:\/\/blog.zeit.de\/stoerungsmelder\/#website","url":"https:\/\/blog.zeit.de\/stoerungsmelder\/","name":"St\u00f6rungsmelder","description":"Recherchen und Analysen \u00fcber die extreme Rechte","potentialAction":[{"@type":"SearchAction","target":{"@type":"EntryPoint","urlTemplate":"https:\/\/blog.zeit.de\/stoerungsmelder\/?s={search_term_string}"},"query-input":"required name=search_term_string"}],"inLanguage":"de"},{"@type":"Person","@id":"https:\/\/blog.zeit.de\/stoerungsmelder\/#\/schema\/person\/fdd0b9818f65738672810b6d6f037f71","name":"St\u00f6rungsmelder","image":{"@type":"ImageObject","inLanguage":"de","@id":"https:\/\/blog.zeit.de\/stoerungsmelder\/#\/schema\/person\/image\/","url":"https:\/\/secure.gravatar.com\/avatar\/dfa4be514c3e82a71e4f9a0020035d38192d080ccaa5e4e6d7a1472c763535c5?s=96&d=mm&r=pg","contentUrl":"https:\/\/secure.gravatar.com\/avatar\/dfa4be514c3e82a71e4f9a0020035d38192d080ccaa5e4e6d7a1472c763535c5?s=96&d=mm&r=pg","caption":"St\u00f6rungsmelder"},"url":"https:\/\/blog.zeit.de\/stoerungsmelder\/author\/stoerungsmelder"}]}},"jetpack_featured_media_url":"","jetpack_sharing_enabled":true,"_links":{"self":[{"href":"https:\/\/blog.zeit.de\/stoerungsmelder\/wp-json\/wp\/v2\/posts\/8777","targetHints":{"allow":["GET"]}}],"collection":[{"href":"https:\/\/blog.zeit.de\/stoerungsmelder\/wp-json\/wp\/v2\/posts"}],"about":[{"href":"https:\/\/blog.zeit.de\/stoerungsmelder\/wp-json\/wp\/v2\/types\/post"}],"author":[{"embeddable":true,"href":"https:\/\/blog.zeit.de\/stoerungsmelder\/wp-json\/wp\/v2\/users\/229"}],"replies":[{"embeddable":true,"href":"https:\/\/blog.zeit.de\/stoerungsmelder\/wp-json\/wp\/v2\/comments?post=8777"}],"version-history":[{"count":3,"href":"https:\/\/blog.zeit.de\/stoerungsmelder\/wp-json\/wp\/v2\/posts\/8777\/revisions"}],"predecessor-version":[{"id":8779,"href":"https:\/\/blog.zeit.de\/stoerungsmelder\/wp-json\/wp\/v2\/posts\/8777\/revisions\/8779"}],"wp:attachment":[{"href":"https:\/\/blog.zeit.de\/stoerungsmelder\/wp-json\/wp\/v2\/media?parent=8777"}],"wp:term":[{"taxonomy":"category","embeddable":true,"href":"https:\/\/blog.zeit.de\/stoerungsmelder\/wp-json\/wp\/v2\/categories?post=8777"},{"taxonomy":"post_tag","embeddable":true,"href":"https:\/\/blog.zeit.de\/stoerungsmelder\/wp-json\/wp\/v2\/tags?post=8777"}],"curies":[{"name":"wp","href":"https:\/\/api.w.org\/{rel}","templated":true}]}}