{"id":8781,"date":"2012-06-08T12:29:30","date_gmt":"2012-06-08T10:29:30","guid":{"rendered":"http:\/\/blog.zeit.de\/stoerungsmelder\/?p=8781"},"modified":"2012-06-08T12:29:30","modified_gmt":"2012-06-08T10:29:30","slug":"fairplay-zur-em-2012-auf-dem-rasen-und-in-der-gesellschaft","status":"publish","type":"post","link":"https:\/\/blog.zeit.de\/stoerungsmelder\/2012\/06\/08\/fairplay-zur-em-2012-auf-dem-rasen-und-in-der-gesellschaft_8781","title":{"rendered":"Fairplay zur EM 2012 &#8211; Auf dem Rasen und in der Gesellschaft"},"content":{"rendered":"<p><a href=\"https:\/\/blog.zeit.de\/stoerungsmelder\/files\/2012\/06\/Fussball_EM_2012_586799_Gerd-Altmann.de_.jpg\"><img loading=\"lazy\" decoding=\"async\" class=\"aligncenter size-full wp-image-8782\" src=\"https:\/\/blog.zeit.de\/stoerungsmelder\/files\/2012\/06\/Fussball_EM_2012_586799_Gerd-Altmann.de_.jpg\" alt=\"\" width=\"400\" height=\"283\" srcset=\"https:\/\/blog.zeit.de\/stoerungsmelder\/files\/2012\/06\/Fussball_EM_2012_586799_Gerd-Altmann.de_.jpg 400w, https:\/\/blog.zeit.de\/stoerungsmelder\/files\/2012\/06\/Fussball_EM_2012_586799_Gerd-Altmann.de_-300x212.jpg 300w\" sizes=\"auto, (max-width: 400px) 100vw, 400px\" \/><\/a><\/p>\n<p>Die Welt schaut in den n\u00e4chsten Wochen der EM 2012 ganz genau auf die Gastgeberl\u00e4nder Polen und Ukraine. Doch im Blick hat sie nicht nur \u201edas Runde und das Eckige\u201c. Auch Themen wie Diskriminierung und Korruption stehen im Fokus. Fu\u00dfball k\u00f6nnte in der Gesellschaft mehr bewegen \u2013 w\u00e4ren sich die Organisatoren ihrer Verantwortung bewusst.<!--more--><\/p>\n<p><em>Ein Gastbeitrag der <a href=\"http:\/\/www.aktiv-gegen-diskriminierung.info\/node\/93\">Ver.di-Jugend<\/a><\/em><\/p>\n<p>\u201eRiskieren Sie nichts \u2013 Sie k\u00f6nnten am Ende in einem Sarg zur\u00fcckkommen\u201c, warnte k\u00fcrzlich der fr\u00fchere englische Nationalspieler Sol Campell seine Landsleute vor einer Reise in die Austragungsl\u00e4nder der Fu\u00dfball-Europameisterschaft 2012.<\/p>\n<p>Im Vorfeld der EM m\u00fcssen sich die Ukraine und Polen mit scharfen Rassismus-Vorw\u00fcrfen auseinandersetzen. Ausl\u00f6ser der Debatte war eine BBC-Dokumentation, die Hitlergr\u00fc\u00dfe und pr\u00fcgelnde Fans aus Fu\u00dfballstadien der beiden L\u00e4nder zeigte. Sind Campbells harte Worte also gerechtfertigt?<\/p>\n<p><strong>Rassismus vom Platz verweisen<\/strong><br \/>\nZun\u00e4chst einmal ist Rassismus kein spezifisch osteurop\u00e4isches Fu\u00dfballproblem. Vor gerade mal vier Monaten hat beispielsweise der englische Fu\u00dfball-Verband seinen Nationalmannschafts-Kapit\u00e4n John Terry wegen rassistischer \u00c4u\u00dferungen abgesetzt.<\/p>\n<p>Nationalistische Wort-Geb\u00e4rden und rassistisch motivierte \u00dcbergriffe auf Mitmenschen passieren in vielen Stadien Europas. Aber eben auch in Polen und der Ukraine. So ergab eine Studie der internationalen <a href=\"http:\/\/www.fifpro.org\" target=\"_blank\">Spielergewerkschaft FIFPro<\/a>, dass zehn Prozent der in Osteuropa besch\u00e4ftigten Fu\u00dfballspieler bereits Erfahrungen mit Rassismus und Diskriminierung machen mussten.<\/p>\n<p><strong>Fu\u00dfball als Spiegel der Gesellschaft<\/strong><br \/>\nOb Fu\u00dfball per se daf\u00fcr verantwortlich gemacht werden kann, sei dahin gestellt. Als Brennglas der Gesellschaft treten hier zumindest viele Probleme besonders deutlich hervor. Das gilt nicht nur f\u00fcr Rassismus \u2013 welcher Fu\u00dfballer bekennt sich z. B. offen zu seiner Homosexualit\u00e4t?<\/p>\n<p>Neben Homophobie und Rassismus ist auch der Umgang mit Frauen in den Austragungsl\u00e4ndern regelm\u00e4\u00dfig in der Kritik. Wiederum in der Ukraine stehen Frauenrechtler_innen bereits in den Startl\u00f6chern und wollen die bevorstehende mediale Aufmerksamkeit nutzen, um auf Prostitution und die Geringsch\u00e4tzung von Frauen in ihrer Gesellschaft hinzuweisen.<\/p>\n<p>Die Liste l\u00e4sst sich weiter erg\u00e4nzen: Korruption und Menschenrechtsverletzungen sind in Polen und der Ukraine ernst zu nehmende Probleme \u2013 innerhalb und au\u00dferhalb von Fu\u00dfballstadien. Fu\u00dfball k\u00f6nnte ein Ort sein, um solche Tabuthemen zu brechen.<\/p>\n<p><strong>Ungenutztes Potential<\/strong><br \/>\n\u201eUnser Verband hat keine politischen Ambitionen, wir werden zu politischen oder religi\u00f6sen Themen keine Stellung beziehen. Wir \u00e4u\u00dfern uns zum Fu\u00dfball\u201c, verlautbarte der franz\u00f6sische UEFA-Pr\u00e4sident Michel Platini auf einer Pressekonferenz zwei Tage vor dem ersten Anpfiff. Ja, die UEFA ist kein politischer Akteur. Aber wer eine derartige Anziehungskraft wie die f\u00fcr Fu\u00dfball-Meisterschaften erzeugt, muss auch verantwortungsvoll damit umgehen.<\/p>\n<p>Denn dadurch lassen sich Br\u00fccken bauen \u2013 auch im \u00fcbertragenen Sinne. So wie ein Fu\u00dfball-Event sein Gastgeberland durch neue Stra\u00dfen, Flugh\u00e4fen und Stadien modernisiert, kann er es ebenso gesellschaftlich mobilisieren. In S\u00fcdafrika f\u00fchrte die WM 2010 in der sonst tief gespaltenen Gesellschaft zu einem besseren Gemeinschaftsgef\u00fchl.<\/p>\n<p>Es ist somit schlicht gesagt ignorant von Panini, sich einfach auf ein paar Quadratmeter Rasenfl\u00e4che zu berufen. Die Welt endet nicht vor der eigenen Haust\u00fcr.<\/p>\n<p><strong>Webtipps:<\/strong><\/p>\n<p><a href=\"http:\/\/www.publikative.org\/2012\/06\/07\/stadien-des-hasses\" target=\"_blank\">Stadien des Hasses? &#8211; publikative.org<\/a><\/p>\n<p><a href=\"http:\/\/www.guardian.co.uk\/football\/2012\/jun\/06\/panorama-attacked-sensationalist-euro-2012-racism-claims\" target=\"_blank\">Panorama attacked over &#8217;sensationalist&#8216; euro 2012 racism claims &#8211; theguardian<\/a><\/p>\n<p><a href=\"http:\/\/vimeo.com\/43027040\" target=\"_blank\">Euro 2012 Stadiums of Hate &#8211; Panorama (Video)<\/a><\/p>\n<p><strong>Lesetipps:<\/strong><\/p>\n<p>Ronny Blaschke (2006): Im Schatten des Spiels. Rassismus und Randale im Fu\u00dfball.<br \/>\nWerkstatt Verlag, 240 Seiten, ISBN 978-3-89533-555-6<br \/>\n14,99 EUR.<\/p>\n<p>Tanja Walther-Ahrens (2011): Seitenwechsel \u2013 Coming-out im Fu\u00dfball.<br \/>\nG\u00fctersloher Verlag, 176 Seiten, ISBN 3579066994<br \/>\n14,99 EUR.<\/p>\n<p>Dirk Leibfried und Andreas Erb (2011): Das Schweigen der M\u00e4nner. Homosexualit\u00e4t im deutschen Fu\u00dfball.<br \/>\nVerlag Die Werkstatt, 176 Seiten, ISNB 978-3895338151<br \/>\n12,90 EUR<\/p>\n","protected":false},"excerpt":{"rendered":"<p>Die Welt schaut in den n\u00e4chsten Wochen der EM 2012 ganz genau auf die Gastgeberl\u00e4nder Polen und Ukraine. Doch im Blick hat sie nicht nur \u201edas Runde und das Eckige\u201c. Auch Themen wie Diskriminierung und Korruption stehen im Fokus. Fu\u00dfball k\u00f6nnte in der Gesellschaft mehr bewegen \u2013 w\u00e4ren sich die Organisatoren ihrer Verantwortung bewusst.<\/p>\n","protected":false},"author":229,"featured_media":0,"comment_status":"open","ping_status":"open","sticky":false,"template":"","format":"standard","meta":{"_jetpack_memberships_contains_paid_content":false,"footnotes":""},"categories":[1515],"tags":[1479,666,97],"class_list":["post-8781","post","type-post","status-publish","format-standard","hentry","category-bundesweit","tag-antisemitismus","tag-fusball","tag-rassismus"],"yoast_head":"<!-- This site is optimized with the Yoast SEO plugin v21.0 - https:\/\/yoast.com\/wordpress\/plugins\/seo\/ -->\n<title>Fairplay zur EM 2012 - Auf dem Rasen und in der Gesellschaft - St\u00f6rungsmelder<\/title>\n<meta name=\"robots\" content=\"index, follow, max-snippet:-1, max-image-preview:large, max-video-preview:-1\" \/>\n<link rel=\"canonical\" href=\"https:\/\/blog.zeit.de\/stoerungsmelder\/2012\/06\/08\/fairplay-zur-em-2012-auf-dem-rasen-und-in-der-gesellschaft_8781\" \/>\n<meta property=\"og:locale\" content=\"de_DE\" \/>\n<meta property=\"og:type\" content=\"article\" \/>\n<meta property=\"og:title\" content=\"Fairplay zur EM 2012 - Auf dem Rasen und in der Gesellschaft - St\u00f6rungsmelder\" \/>\n<meta property=\"og:description\" content=\"Die Welt schaut in den n\u00e4chsten Wochen der EM 2012 ganz genau auf die Gastgeberl\u00e4nder Polen und Ukraine. Doch im Blick hat sie nicht nur \u201edas Runde und das Eckige\u201c. Auch Themen wie Diskriminierung und Korruption stehen im Fokus. Fu\u00dfball k\u00f6nnte in der Gesellschaft mehr bewegen \u2013 w\u00e4ren sich die Organisatoren ihrer Verantwortung bewusst.\" \/>\n<meta property=\"og:url\" content=\"https:\/\/blog.zeit.de\/stoerungsmelder\/2012\/06\/08\/fairplay-zur-em-2012-auf-dem-rasen-und-in-der-gesellschaft_8781\" \/>\n<meta property=\"og:site_name\" content=\"St\u00f6rungsmelder\" \/>\n<meta property=\"article:published_time\" content=\"2012-06-08T10:29:30+00:00\" \/>\n<meta property=\"og:image\" content=\"https:\/\/blog.zeit.de\/stoerungsmelder\/files\/2012\/06\/Fussball_EM_2012_586799_Gerd-Altmann.de_.jpg\" \/>\n<meta name=\"author\" content=\"St\u00f6rungsmelder\" \/>\n<meta name=\"twitter:card\" content=\"summary_large_image\" \/>\n<meta name=\"twitter:label1\" content=\"Geschrieben von\" \/>\n\t<meta name=\"twitter:data1\" content=\"St\u00f6rungsmelder\" \/>\n\t<meta name=\"twitter:label2\" content=\"Gesch\u00e4tzte Lesezeit\" \/>\n\t<meta name=\"twitter:data2\" content=\"3\u00a0Minuten\" \/>\n<script type=\"application\/ld+json\" class=\"yoast-schema-graph\">{\"@context\":\"https:\/\/schema.org\",\"@graph\":[{\"@type\":\"WebPage\",\"@id\":\"https:\/\/blog.zeit.de\/stoerungsmelder\/2012\/06\/08\/fairplay-zur-em-2012-auf-dem-rasen-und-in-der-gesellschaft_8781\",\"url\":\"https:\/\/blog.zeit.de\/stoerungsmelder\/2012\/06\/08\/fairplay-zur-em-2012-auf-dem-rasen-und-in-der-gesellschaft_8781\",\"name\":\"Fairplay zur EM 2012 - Auf dem Rasen und in der Gesellschaft - St\u00f6rungsmelder\",\"isPartOf\":{\"@id\":\"https:\/\/blog.zeit.de\/stoerungsmelder\/#website\"},\"datePublished\":\"2012-06-08T10:29:30+00:00\",\"dateModified\":\"2012-06-08T10:29:30+00:00\",\"author\":{\"@id\":\"https:\/\/blog.zeit.de\/stoerungsmelder\/#\/schema\/person\/fdd0b9818f65738672810b6d6f037f71\"},\"breadcrumb\":{\"@id\":\"https:\/\/blog.zeit.de\/stoerungsmelder\/2012\/06\/08\/fairplay-zur-em-2012-auf-dem-rasen-und-in-der-gesellschaft_8781#breadcrumb\"},\"inLanguage\":\"de\",\"potentialAction\":[{\"@type\":\"ReadAction\",\"target\":[\"https:\/\/blog.zeit.de\/stoerungsmelder\/2012\/06\/08\/fairplay-zur-em-2012-auf-dem-rasen-und-in-der-gesellschaft_8781\"]}]},{\"@type\":\"BreadcrumbList\",\"@id\":\"https:\/\/blog.zeit.de\/stoerungsmelder\/2012\/06\/08\/fairplay-zur-em-2012-auf-dem-rasen-und-in-der-gesellschaft_8781#breadcrumb\",\"itemListElement\":[{\"@type\":\"ListItem\",\"position\":1,\"name\":\"Startseite\",\"item\":\"https:\/\/blog.zeit.de\/stoerungsmelder\"},{\"@type\":\"ListItem\",\"position\":2,\"name\":\"Fairplay zur EM 2012 &#8211; Auf dem Rasen und in der Gesellschaft\"}]},{\"@type\":\"WebSite\",\"@id\":\"https:\/\/blog.zeit.de\/stoerungsmelder\/#website\",\"url\":\"https:\/\/blog.zeit.de\/stoerungsmelder\/\",\"name\":\"St\u00f6rungsmelder\",\"description\":\"Recherchen und Analysen \u00fcber die extreme Rechte\",\"potentialAction\":[{\"@type\":\"SearchAction\",\"target\":{\"@type\":\"EntryPoint\",\"urlTemplate\":\"https:\/\/blog.zeit.de\/stoerungsmelder\/?s={search_term_string}\"},\"query-input\":\"required name=search_term_string\"}],\"inLanguage\":\"de\"},{\"@type\":\"Person\",\"@id\":\"https:\/\/blog.zeit.de\/stoerungsmelder\/#\/schema\/person\/fdd0b9818f65738672810b6d6f037f71\",\"name\":\"St\u00f6rungsmelder\",\"image\":{\"@type\":\"ImageObject\",\"inLanguage\":\"de\",\"@id\":\"https:\/\/blog.zeit.de\/stoerungsmelder\/#\/schema\/person\/image\/\",\"url\":\"https:\/\/secure.gravatar.com\/avatar\/dfa4be514c3e82a71e4f9a0020035d38192d080ccaa5e4e6d7a1472c763535c5?s=96&d=mm&r=pg\",\"contentUrl\":\"https:\/\/secure.gravatar.com\/avatar\/dfa4be514c3e82a71e4f9a0020035d38192d080ccaa5e4e6d7a1472c763535c5?s=96&d=mm&r=pg\",\"caption\":\"St\u00f6rungsmelder\"},\"url\":\"https:\/\/blog.zeit.de\/stoerungsmelder\/author\/stoerungsmelder\"}]}<\/script>\n<!-- \/ Yoast SEO plugin. -->","yoast_head_json":{"title":"Fairplay zur EM 2012 - Auf dem Rasen und in der Gesellschaft - St\u00f6rungsmelder","robots":{"index":"index","follow":"follow","max-snippet":"max-snippet:-1","max-image-preview":"max-image-preview:large","max-video-preview":"max-video-preview:-1"},"canonical":"https:\/\/blog.zeit.de\/stoerungsmelder\/2012\/06\/08\/fairplay-zur-em-2012-auf-dem-rasen-und-in-der-gesellschaft_8781","og_locale":"de_DE","og_type":"article","og_title":"Fairplay zur EM 2012 - Auf dem Rasen und in der Gesellschaft - St\u00f6rungsmelder","og_description":"Die Welt schaut in den n\u00e4chsten Wochen der EM 2012 ganz genau auf die Gastgeberl\u00e4nder Polen und Ukraine. Doch im Blick hat sie nicht nur \u201edas Runde und das Eckige\u201c. Auch Themen wie Diskriminierung und Korruption stehen im Fokus. Fu\u00dfball k\u00f6nnte in der Gesellschaft mehr bewegen \u2013 w\u00e4ren sich die Organisatoren ihrer Verantwortung bewusst.","og_url":"https:\/\/blog.zeit.de\/stoerungsmelder\/2012\/06\/08\/fairplay-zur-em-2012-auf-dem-rasen-und-in-der-gesellschaft_8781","og_site_name":"St\u00f6rungsmelder","article_published_time":"2012-06-08T10:29:30+00:00","og_image":[{"url":"https:\/\/blog.zeit.de\/stoerungsmelder\/files\/2012\/06\/Fussball_EM_2012_586799_Gerd-Altmann.de_.jpg"}],"author":"St\u00f6rungsmelder","twitter_card":"summary_large_image","twitter_misc":{"Geschrieben von":"St\u00f6rungsmelder","Gesch\u00e4tzte Lesezeit":"3\u00a0Minuten"},"schema":{"@context":"https:\/\/schema.org","@graph":[{"@type":"WebPage","@id":"https:\/\/blog.zeit.de\/stoerungsmelder\/2012\/06\/08\/fairplay-zur-em-2012-auf-dem-rasen-und-in-der-gesellschaft_8781","url":"https:\/\/blog.zeit.de\/stoerungsmelder\/2012\/06\/08\/fairplay-zur-em-2012-auf-dem-rasen-und-in-der-gesellschaft_8781","name":"Fairplay zur EM 2012 - Auf dem Rasen und in der Gesellschaft - St\u00f6rungsmelder","isPartOf":{"@id":"https:\/\/blog.zeit.de\/stoerungsmelder\/#website"},"datePublished":"2012-06-08T10:29:30+00:00","dateModified":"2012-06-08T10:29:30+00:00","author":{"@id":"https:\/\/blog.zeit.de\/stoerungsmelder\/#\/schema\/person\/fdd0b9818f65738672810b6d6f037f71"},"breadcrumb":{"@id":"https:\/\/blog.zeit.de\/stoerungsmelder\/2012\/06\/08\/fairplay-zur-em-2012-auf-dem-rasen-und-in-der-gesellschaft_8781#breadcrumb"},"inLanguage":"de","potentialAction":[{"@type":"ReadAction","target":["https:\/\/blog.zeit.de\/stoerungsmelder\/2012\/06\/08\/fairplay-zur-em-2012-auf-dem-rasen-und-in-der-gesellschaft_8781"]}]},{"@type":"BreadcrumbList","@id":"https:\/\/blog.zeit.de\/stoerungsmelder\/2012\/06\/08\/fairplay-zur-em-2012-auf-dem-rasen-und-in-der-gesellschaft_8781#breadcrumb","itemListElement":[{"@type":"ListItem","position":1,"name":"Startseite","item":"https:\/\/blog.zeit.de\/stoerungsmelder"},{"@type":"ListItem","position":2,"name":"Fairplay zur EM 2012 &#8211; Auf dem Rasen und in der Gesellschaft"}]},{"@type":"WebSite","@id":"https:\/\/blog.zeit.de\/stoerungsmelder\/#website","url":"https:\/\/blog.zeit.de\/stoerungsmelder\/","name":"St\u00f6rungsmelder","description":"Recherchen und Analysen \u00fcber die extreme Rechte","potentialAction":[{"@type":"SearchAction","target":{"@type":"EntryPoint","urlTemplate":"https:\/\/blog.zeit.de\/stoerungsmelder\/?s={search_term_string}"},"query-input":"required name=search_term_string"}],"inLanguage":"de"},{"@type":"Person","@id":"https:\/\/blog.zeit.de\/stoerungsmelder\/#\/schema\/person\/fdd0b9818f65738672810b6d6f037f71","name":"St\u00f6rungsmelder","image":{"@type":"ImageObject","inLanguage":"de","@id":"https:\/\/blog.zeit.de\/stoerungsmelder\/#\/schema\/person\/image\/","url":"https:\/\/secure.gravatar.com\/avatar\/dfa4be514c3e82a71e4f9a0020035d38192d080ccaa5e4e6d7a1472c763535c5?s=96&d=mm&r=pg","contentUrl":"https:\/\/secure.gravatar.com\/avatar\/dfa4be514c3e82a71e4f9a0020035d38192d080ccaa5e4e6d7a1472c763535c5?s=96&d=mm&r=pg","caption":"St\u00f6rungsmelder"},"url":"https:\/\/blog.zeit.de\/stoerungsmelder\/author\/stoerungsmelder"}]}},"jetpack_featured_media_url":"","jetpack_sharing_enabled":true,"_links":{"self":[{"href":"https:\/\/blog.zeit.de\/stoerungsmelder\/wp-json\/wp\/v2\/posts\/8781","targetHints":{"allow":["GET"]}}],"collection":[{"href":"https:\/\/blog.zeit.de\/stoerungsmelder\/wp-json\/wp\/v2\/posts"}],"about":[{"href":"https:\/\/blog.zeit.de\/stoerungsmelder\/wp-json\/wp\/v2\/types\/post"}],"author":[{"embeddable":true,"href":"https:\/\/blog.zeit.de\/stoerungsmelder\/wp-json\/wp\/v2\/users\/229"}],"replies":[{"embeddable":true,"href":"https:\/\/blog.zeit.de\/stoerungsmelder\/wp-json\/wp\/v2\/comments?post=8781"}],"version-history":[{"count":1,"href":"https:\/\/blog.zeit.de\/stoerungsmelder\/wp-json\/wp\/v2\/posts\/8781\/revisions"}],"predecessor-version":[{"id":8783,"href":"https:\/\/blog.zeit.de\/stoerungsmelder\/wp-json\/wp\/v2\/posts\/8781\/revisions\/8783"}],"wp:attachment":[{"href":"https:\/\/blog.zeit.de\/stoerungsmelder\/wp-json\/wp\/v2\/media?parent=8781"}],"wp:term":[{"taxonomy":"category","embeddable":true,"href":"https:\/\/blog.zeit.de\/stoerungsmelder\/wp-json\/wp\/v2\/categories?post=8781"},{"taxonomy":"post_tag","embeddable":true,"href":"https:\/\/blog.zeit.de\/stoerungsmelder\/wp-json\/wp\/v2\/tags?post=8781"}],"curies":[{"name":"wp","href":"https:\/\/api.w.org\/{rel}","templated":true}]}}