{"id":8790,"date":"2012-06-11T11:14:29","date_gmt":"2012-06-11T09:14:29","guid":{"rendered":"http:\/\/blog.zeit.de\/stoerungsmelder\/?p=8790"},"modified":"2012-06-11T11:14:29","modified_gmt":"2012-06-11T09:14:29","slug":"nach-der-nsu-mordserie-behorden-auf-fehlersuche","status":"publish","type":"post","link":"https:\/\/blog.zeit.de\/stoerungsmelder\/2012\/06\/11\/nach-der-nsu-mordserie-behorden-auf-fehlersuche_8790","title":{"rendered":"Nach der NSU-Mordserie: Beh\u00f6rden auf Fehlersuche"},"content":{"rendered":"<p><figure id=\"attachment_8419\" aria-describedby=\"caption-attachment-8419\" style=\"width: 540px\" class=\"wp-caption aligncenter\"><a href=\"https:\/\/blog.zeit.de\/stoerungsmelder\/files\/2012\/04\/nsu-540x304.jpg\"><img loading=\"lazy\" decoding=\"async\" class=\"size-full wp-image-8419\" src=\"https:\/\/blog.zeit.de\/stoerungsmelder\/files\/2012\/04\/nsu-540x304.jpg\" alt=\"\" width=\"540\" height=\"304\" srcset=\"https:\/\/blog.zeit.de\/stoerungsmelder\/files\/2012\/04\/nsu-540x304.jpg 540w, https:\/\/blog.zeit.de\/stoerungsmelder\/files\/2012\/04\/nsu-540x304-300x168.jpg 300w\" sizes=\"auto, (max-width: 540px) 100vw, 540px\" \/><\/a><figcaption id=\"caption-attachment-8419\" class=\"wp-caption-text\">Die ausgebrannte Wohnung der NSU-Terroristen in Zwickau \u00a9 Jan Woitas\/dpa<\/figcaption><\/figure><\/p>\n<p>Der NSU-Ausschuss offenbart viele Ermittlungspannen. Nun wird eine Reform der Beh\u00f6rden diskutiert.<!--more--><\/p>\n<p><em>Von <a href=\"http:\/\/www.tagesspiegel.de\/politik\/auf-fehlersuche\/6732884.html\">Tagesspiegel<\/a>-Redakteur Frank Jansen<\/em><\/p>\n<p>Kopfsch\u00fctteln, konsternierte Blicke, gereizter Ton \u2013 die Abgeordneten im Untersuchungsausschuss des Bundestages zu den Taten der Bande \u201eNationalsozialistischer Untergrund (NSU)\u201c sind genervt. Fast jeder Zeuge, der bisher aufgetreten ist, hat Pannen, Vers\u00e4umnisse und Kompetenzstreitigkeiten bei der vergeblichen Suche nach dem Neonazi-Trio zugeben m\u00fcssen. Einzig G\u00fcnther Beckstein (CSU), einst Innenminister, dann Ministerpr\u00e4sident Bayerns, hat in seiner Aussage den ihm fr\u00fcher unterstellten Beh\u00f6rden bescheinigt, sie h\u00e4tten \u201ekeine substanziellen Fehler\u201c gemacht. So viel Chuzpe hat die Abgeordneten erst recht in Rage gebracht.<\/p>\n<p>Der Gesamteindruck der Zeugenauftritte seit Beginn der Beweisaufnahme im April sei \u201edesastr\u00f6s\u201c, sagt die Obfrau der SPD-Fraktion, Eva H\u00f6gl. Sie und weitere Obleute sehen angesichts der gravierenden M\u00e4ngel, die Beh\u00f6rden im Fall NSU zu verantworten haben, reichlich Bedarf, \u00fcber Reformen nachzudenken.<\/p>\n<p>In einem zentralen Punkt sind sich fast alle Fraktionen bei einer Umfrage des Tagesspiegel einig: die Beh\u00f6rden k\u00f6nnen nur effektiver arbeiten, wenn Regeln, wom\u00f6glich auch Gesetze, ge\u00e4ndert werden. Am deutlichsten \u00e4u\u00dfert sich der Obmann der Gr\u00fcnen, Wolfgang Wieland. \u201eDer Generalbundesanwalt braucht eine Vorermittlungskompetenz, um pr\u00fcfen zu k\u00f6nnen, ob seine Zust\u00e4ndigkeit gegeben ist\u201c, sagt der ehemalige Justizsenator Berlins. Derzeit sei der Generalbundesanwalt \u201eauf Zeitungsauswertung oder auf eine Information durch die Landesstaatsanwaltschaften\u201c angewiesen. \u201eDie k\u00f6nnen ihn verhungern lassen\u201c, mahnt Wieland.<\/p>\n<p>So war es dann auch im Fall NSU. In Bayern hielten die Staatsanwaltschaft N\u00fcrnberg und die Sonderkommission \u201eBosporus\u201c den Generalbundesanwalt aus den Ermittlungen zu den Morden an Migranten heraus. Obwohl die Schwere der Taten wie auch der nur intern ge\u00e4u\u00dferte Verdacht auf einen rechtsextremen Hintergrund eine Abgabe der Ermittlungen an den Chefankl\u00e4ger der Bundesrepublik notwendig gemacht h\u00e4tte.<\/p>\n<p>Auch SPD-Obfrau Eva H\u00f6gl mahnt, im Ausschuss sei deutlich geworden, \u201edass der Generalbundesanwalt im Hinblick auf eine m\u00f6gliche \u00dcbernahme der Verfolgungszust\u00e4ndigkeit\u201c auf die Berichterstattung der Presse angewiesen sei. Dies sei eine der \u201eBaustellen\u201c, mit denen sich der Ausschuss noch besch\u00e4ftigen m\u00fcsse.<\/p>\n<p>Eva H\u00f6gl kritisiert auch, es gebe keine Vorgaben, die die Ermittlungsbeh\u00f6rden verpflichten, bei Opfern mit Migrationshintergrund \u201estandardm\u00e4\u00dfig\u201c auch nach einem fremdenfeindlichen Motiv zu suchen und den Verfassungsschutz \u201eroutinem\u00e4\u00dfig einzubinden\u201c. Gr\u00fcnen-Obmann Wolfgang Wieland geht noch einen Schritt weiter. Er fordert, die Polizei m\u00fcsse schon bei der Arbeit am Tatort \u201eper Vordruck\u201c nach einem rechtsextremen oder zumindest rassistischen Hintergrund fragen.<\/p>\n<p>FDP-Obmann Hartfrid Wolff sieht vor allem Handlungsbedarf beim Verfassungsschutz. Die Beh\u00f6rden mancher L\u00e4nder seien \u201e\u00fcberfordert und zu klein\u201c, sagt Wolff. Die Innenministerkonferenz m\u00fcsse \u201ef\u00fcr effiziente Strukturen sorgen und notwendige Fusionen einleiten\u201c.<\/p>\n<p>Dem Obmann der Union, Clemens Binninger, erscheint es zwingend, die Polizei mit einem neuen Instrument auszustatten, einem \u201eAnalysetool\u201c. Die Beh\u00f6rde m\u00fcsse in der Lage sein, anhand von Tatmerkmalen bundesweit Kriminalf\u00e4lle vergleichen zu k\u00f6nnen, um auff\u00e4llige Parallelen entdecken zu k\u00f6nnen. Im Fall NSU gab es beispielsweise nach mehreren Taten Hinweise auf zwei m\u00e4nnliche Radfahrer. Doch ein systematischer Abgleich fand nicht statt. Binninger macht sich deshalb Becksteins Idee zu eigen, es sei als Analysetool eine Art \u201ePolizei-Google\u201c n\u00f6tig, das nach der Eingabe zentraler Stichworte eine Liste von F\u00e4llen anzeigt.<\/p>\n<p>Die Linksfraktion hingegen sieht derzeit wenig Sinn in einer Debatte \u00fcber Reformen bei den Beh\u00f6rden. Bevor deren Versagen \u201ebeim NSU-Nazi-Mord-Desaster\u201c nicht aufgekl\u00e4rt sei, \u201ehalte ich \u00c4nderungen in der Sicherheitsarchitektur f\u00fcr unseri\u00f6s und aktionistisch\u201c, sagt Obfrau Petra Pau. Wie auch immer die Beh\u00f6rden \u201egestrickt und vernetzt waren, sie ermittelten fast ausschlie\u00dflich in die falsche Richtung\u201c. Das sei \u201ekein Struktur-, sondern ein inhaltliches Problem\u201c. Pau wirbt, wie schon lange, f\u00fcr eine \u201eunabh\u00e4ngige Beobachtungsstelle\u201c, die rechtsextreme Umtriebe registriert und pr\u00fcft, ob die Beh\u00f6rden angemessen reagieren.<\/p>\n<p>Die Mehrheit im Untersuchungsausschuss neigt jedoch dazu, \u00fcber neue Regeln und Gesetze nachzudenken. Die Frage \u201egesetzgeberischer Konsequenzen\u201c werde das Gremium im kommenden Jahr besch\u00e4ftigen, sagt der Ausschussvorsitzende Sebastian Edathy (SPD). Und er prophezeit eine Debatte, \u201eob die Rechtsgrundlage f\u00fcr die Kooperation der Sicherheitsbeh\u00f6rden ver\u00e4ndert werden sollte\u201c. Zum Beispiel \u201edurch mehr Informationspflichten\u201c im Verh\u00e4ltnis von Verfassungsschutz, Polizei und Justiz. Die Notwendigkeit wird sich wom\u00f6glich wieder am Donnerstag zeigen. Da wird der Ausschuss weitere Zeugen h\u00f6ren, darunter Bernhard Falk, einst Vizepr\u00e4sident des BKA.<\/p>\n","protected":false},"excerpt":{"rendered":"<p>Der NSU-Ausschuss offenbart viele Ermittlungspannen. Nun wird eine Reform der Beh\u00f6rden diskutiert.<\/p>\n","protected":false},"author":229,"featured_media":0,"comment_status":"open","ping_status":"open","sticky":false,"template":"","format":"standard","meta":{"_jetpack_memberships_contains_paid_content":false,"footnotes":""},"categories":[1515],"tags":[1638,12752,1836],"class_list":["post-8790","post","type-post","status-publish","format-standard","hentry","category-bundesweit","tag-justiz","tag-nsu","tag-verfassungsschutz"],"yoast_head":"<!-- This site is optimized with the Yoast SEO plugin v21.0 - https:\/\/yoast.com\/wordpress\/plugins\/seo\/ -->\n<title>Nach der NSU-Mordserie: Beh\u00f6rden auf Fehlersuche - St\u00f6rungsmelder<\/title>\n<meta name=\"robots\" content=\"index, follow, max-snippet:-1, max-image-preview:large, max-video-preview:-1\" \/>\n<link rel=\"canonical\" href=\"https:\/\/blog.zeit.de\/stoerungsmelder\/2012\/06\/11\/nach-der-nsu-mordserie-behorden-auf-fehlersuche_8790\" \/>\n<meta property=\"og:locale\" content=\"de_DE\" \/>\n<meta property=\"og:type\" content=\"article\" \/>\n<meta property=\"og:title\" content=\"Nach der NSU-Mordserie: Beh\u00f6rden auf Fehlersuche - St\u00f6rungsmelder\" \/>\n<meta property=\"og:description\" content=\"Der NSU-Ausschuss offenbart viele Ermittlungspannen. Nun wird eine Reform der Beh\u00f6rden diskutiert.\" \/>\n<meta property=\"og:url\" content=\"https:\/\/blog.zeit.de\/stoerungsmelder\/2012\/06\/11\/nach-der-nsu-mordserie-behorden-auf-fehlersuche_8790\" \/>\n<meta property=\"og:site_name\" content=\"St\u00f6rungsmelder\" \/>\n<meta property=\"article:published_time\" content=\"2012-06-11T09:14:29+00:00\" \/>\n<meta property=\"og:image\" content=\"https:\/\/blog.zeit.de\/stoerungsmelder\/files\/2012\/04\/nsu-540x304.jpg\" \/>\n<meta name=\"author\" content=\"St\u00f6rungsmelder\" \/>\n<meta name=\"twitter:card\" content=\"summary_large_image\" \/>\n<meta name=\"twitter:label1\" content=\"Geschrieben von\" \/>\n\t<meta name=\"twitter:data1\" content=\"St\u00f6rungsmelder\" \/>\n\t<meta name=\"twitter:label2\" content=\"Gesch\u00e4tzte Lesezeit\" \/>\n\t<meta name=\"twitter:data2\" content=\"4\u00a0Minuten\" \/>\n<script type=\"application\/ld+json\" class=\"yoast-schema-graph\">{\"@context\":\"https:\/\/schema.org\",\"@graph\":[{\"@type\":\"WebPage\",\"@id\":\"https:\/\/blog.zeit.de\/stoerungsmelder\/2012\/06\/11\/nach-der-nsu-mordserie-behorden-auf-fehlersuche_8790\",\"url\":\"https:\/\/blog.zeit.de\/stoerungsmelder\/2012\/06\/11\/nach-der-nsu-mordserie-behorden-auf-fehlersuche_8790\",\"name\":\"Nach der NSU-Mordserie: Beh\u00f6rden auf Fehlersuche - St\u00f6rungsmelder\",\"isPartOf\":{\"@id\":\"https:\/\/blog.zeit.de\/stoerungsmelder\/#website\"},\"datePublished\":\"2012-06-11T09:14:29+00:00\",\"dateModified\":\"2012-06-11T09:14:29+00:00\",\"author\":{\"@id\":\"https:\/\/blog.zeit.de\/stoerungsmelder\/#\/schema\/person\/fdd0b9818f65738672810b6d6f037f71\"},\"breadcrumb\":{\"@id\":\"https:\/\/blog.zeit.de\/stoerungsmelder\/2012\/06\/11\/nach-der-nsu-mordserie-behorden-auf-fehlersuche_8790#breadcrumb\"},\"inLanguage\":\"de\",\"potentialAction\":[{\"@type\":\"ReadAction\",\"target\":[\"https:\/\/blog.zeit.de\/stoerungsmelder\/2012\/06\/11\/nach-der-nsu-mordserie-behorden-auf-fehlersuche_8790\"]}]},{\"@type\":\"BreadcrumbList\",\"@id\":\"https:\/\/blog.zeit.de\/stoerungsmelder\/2012\/06\/11\/nach-der-nsu-mordserie-behorden-auf-fehlersuche_8790#breadcrumb\",\"itemListElement\":[{\"@type\":\"ListItem\",\"position\":1,\"name\":\"Startseite\",\"item\":\"https:\/\/blog.zeit.de\/stoerungsmelder\"},{\"@type\":\"ListItem\",\"position\":2,\"name\":\"Nach der NSU-Mordserie: Beh\u00f6rden auf Fehlersuche\"}]},{\"@type\":\"WebSite\",\"@id\":\"https:\/\/blog.zeit.de\/stoerungsmelder\/#website\",\"url\":\"https:\/\/blog.zeit.de\/stoerungsmelder\/\",\"name\":\"St\u00f6rungsmelder\",\"description\":\"Recherchen und Analysen \u00fcber die extreme Rechte\",\"potentialAction\":[{\"@type\":\"SearchAction\",\"target\":{\"@type\":\"EntryPoint\",\"urlTemplate\":\"https:\/\/blog.zeit.de\/stoerungsmelder\/?s={search_term_string}\"},\"query-input\":\"required name=search_term_string\"}],\"inLanguage\":\"de\"},{\"@type\":\"Person\",\"@id\":\"https:\/\/blog.zeit.de\/stoerungsmelder\/#\/schema\/person\/fdd0b9818f65738672810b6d6f037f71\",\"name\":\"St\u00f6rungsmelder\",\"image\":{\"@type\":\"ImageObject\",\"inLanguage\":\"de\",\"@id\":\"https:\/\/blog.zeit.de\/stoerungsmelder\/#\/schema\/person\/image\/\",\"url\":\"https:\/\/secure.gravatar.com\/avatar\/dfa4be514c3e82a71e4f9a0020035d38192d080ccaa5e4e6d7a1472c763535c5?s=96&d=mm&r=pg\",\"contentUrl\":\"https:\/\/secure.gravatar.com\/avatar\/dfa4be514c3e82a71e4f9a0020035d38192d080ccaa5e4e6d7a1472c763535c5?s=96&d=mm&r=pg\",\"caption\":\"St\u00f6rungsmelder\"},\"url\":\"https:\/\/blog.zeit.de\/stoerungsmelder\/author\/stoerungsmelder\"}]}<\/script>\n<!-- \/ Yoast SEO plugin. -->","yoast_head_json":{"title":"Nach der NSU-Mordserie: Beh\u00f6rden auf Fehlersuche - St\u00f6rungsmelder","robots":{"index":"index","follow":"follow","max-snippet":"max-snippet:-1","max-image-preview":"max-image-preview:large","max-video-preview":"max-video-preview:-1"},"canonical":"https:\/\/blog.zeit.de\/stoerungsmelder\/2012\/06\/11\/nach-der-nsu-mordserie-behorden-auf-fehlersuche_8790","og_locale":"de_DE","og_type":"article","og_title":"Nach der NSU-Mordserie: Beh\u00f6rden auf Fehlersuche - St\u00f6rungsmelder","og_description":"Der NSU-Ausschuss offenbart viele Ermittlungspannen. Nun wird eine Reform der Beh\u00f6rden diskutiert.","og_url":"https:\/\/blog.zeit.de\/stoerungsmelder\/2012\/06\/11\/nach-der-nsu-mordserie-behorden-auf-fehlersuche_8790","og_site_name":"St\u00f6rungsmelder","article_published_time":"2012-06-11T09:14:29+00:00","og_image":[{"url":"https:\/\/blog.zeit.de\/stoerungsmelder\/files\/2012\/04\/nsu-540x304.jpg"}],"author":"St\u00f6rungsmelder","twitter_card":"summary_large_image","twitter_misc":{"Geschrieben von":"St\u00f6rungsmelder","Gesch\u00e4tzte Lesezeit":"4\u00a0Minuten"},"schema":{"@context":"https:\/\/schema.org","@graph":[{"@type":"WebPage","@id":"https:\/\/blog.zeit.de\/stoerungsmelder\/2012\/06\/11\/nach-der-nsu-mordserie-behorden-auf-fehlersuche_8790","url":"https:\/\/blog.zeit.de\/stoerungsmelder\/2012\/06\/11\/nach-der-nsu-mordserie-behorden-auf-fehlersuche_8790","name":"Nach der NSU-Mordserie: Beh\u00f6rden auf Fehlersuche - St\u00f6rungsmelder","isPartOf":{"@id":"https:\/\/blog.zeit.de\/stoerungsmelder\/#website"},"datePublished":"2012-06-11T09:14:29+00:00","dateModified":"2012-06-11T09:14:29+00:00","author":{"@id":"https:\/\/blog.zeit.de\/stoerungsmelder\/#\/schema\/person\/fdd0b9818f65738672810b6d6f037f71"},"breadcrumb":{"@id":"https:\/\/blog.zeit.de\/stoerungsmelder\/2012\/06\/11\/nach-der-nsu-mordserie-behorden-auf-fehlersuche_8790#breadcrumb"},"inLanguage":"de","potentialAction":[{"@type":"ReadAction","target":["https:\/\/blog.zeit.de\/stoerungsmelder\/2012\/06\/11\/nach-der-nsu-mordserie-behorden-auf-fehlersuche_8790"]}]},{"@type":"BreadcrumbList","@id":"https:\/\/blog.zeit.de\/stoerungsmelder\/2012\/06\/11\/nach-der-nsu-mordserie-behorden-auf-fehlersuche_8790#breadcrumb","itemListElement":[{"@type":"ListItem","position":1,"name":"Startseite","item":"https:\/\/blog.zeit.de\/stoerungsmelder"},{"@type":"ListItem","position":2,"name":"Nach der NSU-Mordserie: Beh\u00f6rden auf Fehlersuche"}]},{"@type":"WebSite","@id":"https:\/\/blog.zeit.de\/stoerungsmelder\/#website","url":"https:\/\/blog.zeit.de\/stoerungsmelder\/","name":"St\u00f6rungsmelder","description":"Recherchen und Analysen \u00fcber die extreme Rechte","potentialAction":[{"@type":"SearchAction","target":{"@type":"EntryPoint","urlTemplate":"https:\/\/blog.zeit.de\/stoerungsmelder\/?s={search_term_string}"},"query-input":"required name=search_term_string"}],"inLanguage":"de"},{"@type":"Person","@id":"https:\/\/blog.zeit.de\/stoerungsmelder\/#\/schema\/person\/fdd0b9818f65738672810b6d6f037f71","name":"St\u00f6rungsmelder","image":{"@type":"ImageObject","inLanguage":"de","@id":"https:\/\/blog.zeit.de\/stoerungsmelder\/#\/schema\/person\/image\/","url":"https:\/\/secure.gravatar.com\/avatar\/dfa4be514c3e82a71e4f9a0020035d38192d080ccaa5e4e6d7a1472c763535c5?s=96&d=mm&r=pg","contentUrl":"https:\/\/secure.gravatar.com\/avatar\/dfa4be514c3e82a71e4f9a0020035d38192d080ccaa5e4e6d7a1472c763535c5?s=96&d=mm&r=pg","caption":"St\u00f6rungsmelder"},"url":"https:\/\/blog.zeit.de\/stoerungsmelder\/author\/stoerungsmelder"}]}},"jetpack_featured_media_url":"","jetpack_sharing_enabled":true,"_links":{"self":[{"href":"https:\/\/blog.zeit.de\/stoerungsmelder\/wp-json\/wp\/v2\/posts\/8790","targetHints":{"allow":["GET"]}}],"collection":[{"href":"https:\/\/blog.zeit.de\/stoerungsmelder\/wp-json\/wp\/v2\/posts"}],"about":[{"href":"https:\/\/blog.zeit.de\/stoerungsmelder\/wp-json\/wp\/v2\/types\/post"}],"author":[{"embeddable":true,"href":"https:\/\/blog.zeit.de\/stoerungsmelder\/wp-json\/wp\/v2\/users\/229"}],"replies":[{"embeddable":true,"href":"https:\/\/blog.zeit.de\/stoerungsmelder\/wp-json\/wp\/v2\/comments?post=8790"}],"version-history":[{"count":1,"href":"https:\/\/blog.zeit.de\/stoerungsmelder\/wp-json\/wp\/v2\/posts\/8790\/revisions"}],"predecessor-version":[{"id":8791,"href":"https:\/\/blog.zeit.de\/stoerungsmelder\/wp-json\/wp\/v2\/posts\/8790\/revisions\/8791"}],"wp:attachment":[{"href":"https:\/\/blog.zeit.de\/stoerungsmelder\/wp-json\/wp\/v2\/media?parent=8790"}],"wp:term":[{"taxonomy":"category","embeddable":true,"href":"https:\/\/blog.zeit.de\/stoerungsmelder\/wp-json\/wp\/v2\/categories?post=8790"},{"taxonomy":"post_tag","embeddable":true,"href":"https:\/\/blog.zeit.de\/stoerungsmelder\/wp-json\/wp\/v2\/tags?post=8790"}],"curies":[{"name":"wp","href":"https:\/\/api.w.org\/{rel}","templated":true}]}}