{"id":8804,"date":"2012-06-12T15:51:45","date_gmt":"2012-06-12T13:51:45","guid":{"rendered":"http:\/\/blog.zeit.de\/stoerungsmelder\/?p=8804"},"modified":"2012-06-12T15:53:43","modified_gmt":"2012-06-12T13:53:43","slug":"versicherung-kundigt-jugendzentrum-nach-rechtsextremen-brandanschlagen","status":"publish","type":"post","link":"https:\/\/blog.zeit.de\/stoerungsmelder\/2012\/06\/12\/versicherung-kundigt-jugendzentrum-nach-rechtsextremen-brandanschlagen_8804","title":{"rendered":"Versicherung k\u00fcndigt Jugendzentrum nach rechtsextremen Brandanschl\u00e4gen"},"content":{"rendered":"<p><figure id=\"attachment_8805\" aria-describedby=\"caption-attachment-8805\" style=\"width: 217px\" class=\"wp-caption alignleft\"><a href=\"https:\/\/blog.zeit.de\/stoerungsmelder\/files\/2012\/06\/dasash-nach-dem-ersten-anschlag-2011.jpg\"><img loading=\"lazy\" decoding=\"async\" class=\"size-full wp-image-8805\" src=\"https:\/\/blog.zeit.de\/stoerungsmelder\/files\/2012\/06\/dasash-nach-dem-ersten-anschlag-2011.jpg\" alt=\"\" width=\"217\" height=\"163\" \/><\/a><figcaption id=\"caption-attachment-8805\" class=\"wp-caption-text\">Erst tauchte das geb\u00e4ude auf einer Naziwebseite als &quot;gutes Anschlagsziel&quot; auf, dann folgten die Brandanschl\u00e4ge<\/figcaption><\/figure><\/p>\n<p>Im Jahr 2011 wurde das Britzer Kinder- und Jugendzentrum der Falken zweimal Ziel von Brandanschl\u00e4gen von Nazis. Nur eine Nacht vorher \u00fcbernachtete dort eine Falken-Kindergruppe und kurz zuvor eine Gruppe der israelischen Partnerorganisation. Jetzt kam die K\u00fcndigung der Versicherung sollte nicht ein sehr teurer neuer Zaun gebaut werden. Die Falken bitten daher auf einer Aktionswebseite gemeinsam mit Prominenten um Unterst\u00fctzung.<!--more--><\/p>\n<p>Wir dokumentieren den Aufruf:<em><\/em><\/p>\n<p><em>Der erste Brandanschlag erfolgte in der Nacht vom 26. zum 27. Juni 2011. Nur eine Nacht zuvor hatten hier 12 Kinder mit ihren Gruppenleitern \u00fcbernachtet. Eine Woche zuvor \u00fcbernachtete hier eine Jugendgruppe aus Israel. Das war den Nazis egal. Sie nahmen m\u00f6gliche Todesopfer in Kauf. In ihrer Menschenverachtung unterscheiden sie sich nicht von den Brandstiftern des 9. November 1938.<\/em><br \/>\n<em><br \/>\nKurz vor der Wiederer\u00f6ffnung des ASH, in der Nacht zum 9. November 2011, dem Jahrestag der Pogromnacht 1938, gab es einen weiteren Brandanschlag. Erneut entstand erheblicher Sachschaden.<\/em><\/p>\n<p><em>Der Terror soll uns einsch\u00fcchtern und zwingen aufzugeben. Aber das Gegenteil wurde erreicht &#8211; eine Welle der Solidarit\u00e4t erreichte uns: Briefe, Mails, Besuche, Spenden. Wir lassen uns nicht vertreiben! Jetzt erst recht! Vom Bezirksamt Neuk\u00f6lln erhielten wir zum Gl\u00fcck R\u00fcckendeckung &#8211; und ein Ausweichquartier w\u00e4hrend der Bauarbeiten, das wir jetzt als zweite Einrichtung weiterf\u00fchren.<\/em><\/p>\n<p><em>Nach monatelanger Schlie\u00dfung und dem Wiederaufbau treffen sich die Kinder- und Jugendgruppen seit dem 1. Mai 2012 wieder im ASH. Doch nun m\u00fcssen Haus und Gel\u00e4nde wirkungsvoll vor neuen Anschl\u00e4gen von Nazis gesch\u00fctzt werden. Daf\u00fcr ben\u00f6tigen wir einen \u00fcber 190 Meter langen, sicheren Zaun. Die Kosten von rund 100.000 Euro k\u00f6nnen wir unm\u00f6glich selbst aufbringen.<\/em><\/p>\n<p><figure id=\"attachment_8806\" aria-describedby=\"caption-attachment-8806\" style=\"width: 217px\" class=\"wp-caption alignright\"><em><a href=\"https:\/\/blog.zeit.de\/stoerungsmelder\/files\/2012\/06\/das-ash-nach-der-wiederer\u00f6ffnung-2012.jpg\"><img loading=\"lazy\" decoding=\"async\" class=\"size-full wp-image-8806\" src=\"https:\/\/blog.zeit.de\/stoerungsmelder\/files\/2012\/06\/das-ash-nach-der-wiederer\u00f6ffnung-2012.jpg\" alt=\"\" width=\"217\" height=\"164\" \/><\/a><\/em><figcaption id=\"caption-attachment-8806\" class=\"wp-caption-text\">Das Haus nach der Renovierung<\/figcaption><\/figure><\/p>\n<p><em>Daher bitten wir alle Freunde, F\u00f6rderer und Unterst\u00fctzer:<\/em><\/p>\n<p><em>Helft uns, diesen Zaun zu kaufen und zu bauen. Ein Zentimeter Zaun kostet 5 Euro. Wir bitten euch, den Zaun symbolisch st\u00fcckweise, zentimeterweise zu kaufen!<\/em><\/p>\n<p><em>Wir werden dabei von K\u00fcnstlern und Politikern unterst\u00fctzt. Als erste haben zugesagt:<\/em><\/p>\n<p><em>&#8211; Klaus Staeck, Plakatk\u00fcnstler und Pr\u00e4sident der Akademie der K\u00fcnste<\/em><\/p>\n<p><em>&#8211; Konstantin Wecker, Liedermacher und S\u00e4nger<\/em><\/p>\n<p><em>&#8211; Dieter Hildebrandt, Kabarettist, Schauspieler und Buchautor<\/em><\/p>\n<p><em>&#8211; Hannes Wader, Musiker und Liedermacher<\/em><\/p>\n<p><em>&#8211; Ralf Wieland, Pr\u00e4sident des Abgeordnetenhauses von Berlin<\/em><\/p>\n<p><em>&#8211; Martin Buchholz, Kabarettist<\/em><\/p>\n<p><em>&#8211; Michael Sommer, Vorsitzender des Deutschen Gewerkschaftsbundes<\/em><\/p>\n<p><em>&#8211; Reinhard Mey<\/em><\/p>\n<p><em>Weitere Prominente werden zurzeit angefragt.<\/em><\/p>\n<p><em>Das ASH nach der Wiederer\u00f6ffnung 2012 Das ASH nach der Wiederer\u00f6ffnung 2012<\/em><\/p>\n<p><em>Wer 5 Zentimeter Zaun oder mehr kauft, erh\u00e4lt eine Urkunde mit seinem eigenen Namen und der gew\u00fcnschten Original-Unterschrift.<\/em><\/p>\n<p><em>Also: Macht mit! Wir bauen gemeinsam ein Bollwerk gegen Nazis.<\/em><\/p>\n<p><em>F\u00fcr demokratische Kinder- und Jugendarbeit.<\/em><\/p>\n<p><em>Kein Millimeter den Faschisten!<\/em><\/p>\n<p><em><strong><a href=\"http:\/\/www.bollwerk-gegen-nazis.de\/\">Hier geht es zur Kampagnenwebseite<\/a><\/strong><\/em><\/p>\n","protected":false},"excerpt":{"rendered":"<p>Im Jahr 2011 wurde das Britzer Kinder- und Jugendzentrum der Falken zweimal Ziel von Brandanschl\u00e4gen von Nazis. Nur eine Nacht vorher \u00fcbernachtete dort eine Falken-Kindergruppe und kurz zuvor eine Gruppe der israelischen Partnerorganisation. Jetzt kam die K\u00fcndigung der Versicherung sollte nicht ein sehr teurer neuer Zaun gebaut werden. Die Falken bitten daher auf einer Aktionswebseite [&hellip;]<\/p>\n","protected":false},"author":229,"featured_media":0,"comment_status":"open","ping_status":"open","sticky":false,"template":"","format":"standard","meta":{"_jetpack_memberships_contains_paid_content":false,"footnotes":""},"categories":[249],"tags":[1475,1511,1755],"class_list":["post-8804","post","type-post","status-publish","format-standard","hentry","category-berlin","tag-anti-antifa","tag-brandanschlag","tag-rechte-gewalt"],"yoast_head":"<!-- This site is optimized with the Yoast SEO plugin v21.0 - https:\/\/yoast.com\/wordpress\/plugins\/seo\/ -->\n<title>Versicherung k\u00fcndigt Jugendzentrum nach rechtsextremen Brandanschl\u00e4gen - St\u00f6rungsmelder<\/title>\n<meta name=\"robots\" content=\"index, follow, max-snippet:-1, max-image-preview:large, max-video-preview:-1\" \/>\n<link rel=\"canonical\" href=\"https:\/\/blog.zeit.de\/stoerungsmelder\/2012\/06\/12\/versicherung-kundigt-jugendzentrum-nach-rechtsextremen-brandanschlagen_8804\" \/>\n<meta property=\"og:locale\" content=\"de_DE\" \/>\n<meta property=\"og:type\" content=\"article\" \/>\n<meta property=\"og:title\" content=\"Versicherung k\u00fcndigt Jugendzentrum nach rechtsextremen Brandanschl\u00e4gen - St\u00f6rungsmelder\" \/>\n<meta property=\"og:description\" content=\"Im Jahr 2011 wurde das Britzer Kinder- und Jugendzentrum der Falken zweimal Ziel von Brandanschl\u00e4gen von Nazis. Nur eine Nacht vorher \u00fcbernachtete dort eine Falken-Kindergruppe und kurz zuvor eine Gruppe der israelischen Partnerorganisation. Jetzt kam die K\u00fcndigung der Versicherung sollte nicht ein sehr teurer neuer Zaun gebaut werden. Die Falken bitten daher auf einer Aktionswebseite [&hellip;]\" \/>\n<meta property=\"og:url\" content=\"https:\/\/blog.zeit.de\/stoerungsmelder\/2012\/06\/12\/versicherung-kundigt-jugendzentrum-nach-rechtsextremen-brandanschlagen_8804\" \/>\n<meta property=\"og:site_name\" content=\"St\u00f6rungsmelder\" \/>\n<meta property=\"article:published_time\" content=\"2012-06-12T13:51:45+00:00\" \/>\n<meta property=\"article:modified_time\" content=\"2012-06-12T13:53:43+00:00\" \/>\n<meta property=\"og:image\" content=\"https:\/\/blog.zeit.de\/stoerungsmelder\/files\/2012\/06\/dasash-nach-dem-ersten-anschlag-2011.jpg\" \/>\n<meta name=\"author\" content=\"St\u00f6rungsmelder\" \/>\n<meta name=\"twitter:card\" content=\"summary_large_image\" \/>\n<meta name=\"twitter:label1\" content=\"Geschrieben von\" \/>\n\t<meta name=\"twitter:data1\" content=\"St\u00f6rungsmelder\" \/>\n\t<meta name=\"twitter:label2\" content=\"Gesch\u00e4tzte Lesezeit\" \/>\n\t<meta name=\"twitter:data2\" content=\"2\u00a0Minuten\" \/>\n<script type=\"application\/ld+json\" class=\"yoast-schema-graph\">{\"@context\":\"https:\/\/schema.org\",\"@graph\":[{\"@type\":\"WebPage\",\"@id\":\"https:\/\/blog.zeit.de\/stoerungsmelder\/2012\/06\/12\/versicherung-kundigt-jugendzentrum-nach-rechtsextremen-brandanschlagen_8804\",\"url\":\"https:\/\/blog.zeit.de\/stoerungsmelder\/2012\/06\/12\/versicherung-kundigt-jugendzentrum-nach-rechtsextremen-brandanschlagen_8804\",\"name\":\"Versicherung k\u00fcndigt Jugendzentrum nach rechtsextremen Brandanschl\u00e4gen - St\u00f6rungsmelder\",\"isPartOf\":{\"@id\":\"https:\/\/blog.zeit.de\/stoerungsmelder\/#website\"},\"datePublished\":\"2012-06-12T13:51:45+00:00\",\"dateModified\":\"2012-06-12T13:53:43+00:00\",\"author\":{\"@id\":\"https:\/\/blog.zeit.de\/stoerungsmelder\/#\/schema\/person\/fdd0b9818f65738672810b6d6f037f71\"},\"breadcrumb\":{\"@id\":\"https:\/\/blog.zeit.de\/stoerungsmelder\/2012\/06\/12\/versicherung-kundigt-jugendzentrum-nach-rechtsextremen-brandanschlagen_8804#breadcrumb\"},\"inLanguage\":\"de\",\"potentialAction\":[{\"@type\":\"ReadAction\",\"target\":[\"https:\/\/blog.zeit.de\/stoerungsmelder\/2012\/06\/12\/versicherung-kundigt-jugendzentrum-nach-rechtsextremen-brandanschlagen_8804\"]}]},{\"@type\":\"BreadcrumbList\",\"@id\":\"https:\/\/blog.zeit.de\/stoerungsmelder\/2012\/06\/12\/versicherung-kundigt-jugendzentrum-nach-rechtsextremen-brandanschlagen_8804#breadcrumb\",\"itemListElement\":[{\"@type\":\"ListItem\",\"position\":1,\"name\":\"Startseite\",\"item\":\"https:\/\/blog.zeit.de\/stoerungsmelder\"},{\"@type\":\"ListItem\",\"position\":2,\"name\":\"Versicherung k\u00fcndigt Jugendzentrum nach rechtsextremen Brandanschl\u00e4gen\"}]},{\"@type\":\"WebSite\",\"@id\":\"https:\/\/blog.zeit.de\/stoerungsmelder\/#website\",\"url\":\"https:\/\/blog.zeit.de\/stoerungsmelder\/\",\"name\":\"St\u00f6rungsmelder\",\"description\":\"Recherchen und Analysen \u00fcber die extreme Rechte\",\"potentialAction\":[{\"@type\":\"SearchAction\",\"target\":{\"@type\":\"EntryPoint\",\"urlTemplate\":\"https:\/\/blog.zeit.de\/stoerungsmelder\/?s={search_term_string}\"},\"query-input\":\"required name=search_term_string\"}],\"inLanguage\":\"de\"},{\"@type\":\"Person\",\"@id\":\"https:\/\/blog.zeit.de\/stoerungsmelder\/#\/schema\/person\/fdd0b9818f65738672810b6d6f037f71\",\"name\":\"St\u00f6rungsmelder\",\"image\":{\"@type\":\"ImageObject\",\"inLanguage\":\"de\",\"@id\":\"https:\/\/blog.zeit.de\/stoerungsmelder\/#\/schema\/person\/image\/\",\"url\":\"https:\/\/secure.gravatar.com\/avatar\/dfa4be514c3e82a71e4f9a0020035d38192d080ccaa5e4e6d7a1472c763535c5?s=96&d=mm&r=pg\",\"contentUrl\":\"https:\/\/secure.gravatar.com\/avatar\/dfa4be514c3e82a71e4f9a0020035d38192d080ccaa5e4e6d7a1472c763535c5?s=96&d=mm&r=pg\",\"caption\":\"St\u00f6rungsmelder\"},\"url\":\"https:\/\/blog.zeit.de\/stoerungsmelder\/author\/stoerungsmelder\"}]}<\/script>\n<!-- \/ Yoast SEO plugin. -->","yoast_head_json":{"title":"Versicherung k\u00fcndigt Jugendzentrum nach rechtsextremen Brandanschl\u00e4gen - St\u00f6rungsmelder","robots":{"index":"index","follow":"follow","max-snippet":"max-snippet:-1","max-image-preview":"max-image-preview:large","max-video-preview":"max-video-preview:-1"},"canonical":"https:\/\/blog.zeit.de\/stoerungsmelder\/2012\/06\/12\/versicherung-kundigt-jugendzentrum-nach-rechtsextremen-brandanschlagen_8804","og_locale":"de_DE","og_type":"article","og_title":"Versicherung k\u00fcndigt Jugendzentrum nach rechtsextremen Brandanschl\u00e4gen - St\u00f6rungsmelder","og_description":"Im Jahr 2011 wurde das Britzer Kinder- und Jugendzentrum der Falken zweimal Ziel von Brandanschl\u00e4gen von Nazis. Nur eine Nacht vorher \u00fcbernachtete dort eine Falken-Kindergruppe und kurz zuvor eine Gruppe der israelischen Partnerorganisation. Jetzt kam die K\u00fcndigung der Versicherung sollte nicht ein sehr teurer neuer Zaun gebaut werden. Die Falken bitten daher auf einer Aktionswebseite [&hellip;]","og_url":"https:\/\/blog.zeit.de\/stoerungsmelder\/2012\/06\/12\/versicherung-kundigt-jugendzentrum-nach-rechtsextremen-brandanschlagen_8804","og_site_name":"St\u00f6rungsmelder","article_published_time":"2012-06-12T13:51:45+00:00","article_modified_time":"2012-06-12T13:53:43+00:00","og_image":[{"url":"https:\/\/blog.zeit.de\/stoerungsmelder\/files\/2012\/06\/dasash-nach-dem-ersten-anschlag-2011.jpg"}],"author":"St\u00f6rungsmelder","twitter_card":"summary_large_image","twitter_misc":{"Geschrieben von":"St\u00f6rungsmelder","Gesch\u00e4tzte Lesezeit":"2\u00a0Minuten"},"schema":{"@context":"https:\/\/schema.org","@graph":[{"@type":"WebPage","@id":"https:\/\/blog.zeit.de\/stoerungsmelder\/2012\/06\/12\/versicherung-kundigt-jugendzentrum-nach-rechtsextremen-brandanschlagen_8804","url":"https:\/\/blog.zeit.de\/stoerungsmelder\/2012\/06\/12\/versicherung-kundigt-jugendzentrum-nach-rechtsextremen-brandanschlagen_8804","name":"Versicherung k\u00fcndigt Jugendzentrum nach rechtsextremen Brandanschl\u00e4gen - St\u00f6rungsmelder","isPartOf":{"@id":"https:\/\/blog.zeit.de\/stoerungsmelder\/#website"},"datePublished":"2012-06-12T13:51:45+00:00","dateModified":"2012-06-12T13:53:43+00:00","author":{"@id":"https:\/\/blog.zeit.de\/stoerungsmelder\/#\/schema\/person\/fdd0b9818f65738672810b6d6f037f71"},"breadcrumb":{"@id":"https:\/\/blog.zeit.de\/stoerungsmelder\/2012\/06\/12\/versicherung-kundigt-jugendzentrum-nach-rechtsextremen-brandanschlagen_8804#breadcrumb"},"inLanguage":"de","potentialAction":[{"@type":"ReadAction","target":["https:\/\/blog.zeit.de\/stoerungsmelder\/2012\/06\/12\/versicherung-kundigt-jugendzentrum-nach-rechtsextremen-brandanschlagen_8804"]}]},{"@type":"BreadcrumbList","@id":"https:\/\/blog.zeit.de\/stoerungsmelder\/2012\/06\/12\/versicherung-kundigt-jugendzentrum-nach-rechtsextremen-brandanschlagen_8804#breadcrumb","itemListElement":[{"@type":"ListItem","position":1,"name":"Startseite","item":"https:\/\/blog.zeit.de\/stoerungsmelder"},{"@type":"ListItem","position":2,"name":"Versicherung k\u00fcndigt Jugendzentrum nach rechtsextremen Brandanschl\u00e4gen"}]},{"@type":"WebSite","@id":"https:\/\/blog.zeit.de\/stoerungsmelder\/#website","url":"https:\/\/blog.zeit.de\/stoerungsmelder\/","name":"St\u00f6rungsmelder","description":"Recherchen und Analysen \u00fcber die extreme Rechte","potentialAction":[{"@type":"SearchAction","target":{"@type":"EntryPoint","urlTemplate":"https:\/\/blog.zeit.de\/stoerungsmelder\/?s={search_term_string}"},"query-input":"required name=search_term_string"}],"inLanguage":"de"},{"@type":"Person","@id":"https:\/\/blog.zeit.de\/stoerungsmelder\/#\/schema\/person\/fdd0b9818f65738672810b6d6f037f71","name":"St\u00f6rungsmelder","image":{"@type":"ImageObject","inLanguage":"de","@id":"https:\/\/blog.zeit.de\/stoerungsmelder\/#\/schema\/person\/image\/","url":"https:\/\/secure.gravatar.com\/avatar\/dfa4be514c3e82a71e4f9a0020035d38192d080ccaa5e4e6d7a1472c763535c5?s=96&d=mm&r=pg","contentUrl":"https:\/\/secure.gravatar.com\/avatar\/dfa4be514c3e82a71e4f9a0020035d38192d080ccaa5e4e6d7a1472c763535c5?s=96&d=mm&r=pg","caption":"St\u00f6rungsmelder"},"url":"https:\/\/blog.zeit.de\/stoerungsmelder\/author\/stoerungsmelder"}]}},"jetpack_featured_media_url":"","jetpack_sharing_enabled":true,"_links":{"self":[{"href":"https:\/\/blog.zeit.de\/stoerungsmelder\/wp-json\/wp\/v2\/posts\/8804","targetHints":{"allow":["GET"]}}],"collection":[{"href":"https:\/\/blog.zeit.de\/stoerungsmelder\/wp-json\/wp\/v2\/posts"}],"about":[{"href":"https:\/\/blog.zeit.de\/stoerungsmelder\/wp-json\/wp\/v2\/types\/post"}],"author":[{"embeddable":true,"href":"https:\/\/blog.zeit.de\/stoerungsmelder\/wp-json\/wp\/v2\/users\/229"}],"replies":[{"embeddable":true,"href":"https:\/\/blog.zeit.de\/stoerungsmelder\/wp-json\/wp\/v2\/comments?post=8804"}],"version-history":[{"count":9,"href":"https:\/\/blog.zeit.de\/stoerungsmelder\/wp-json\/wp\/v2\/posts\/8804\/revisions"}],"predecessor-version":[{"id":8815,"href":"https:\/\/blog.zeit.de\/stoerungsmelder\/wp-json\/wp\/v2\/posts\/8804\/revisions\/8815"}],"wp:attachment":[{"href":"https:\/\/blog.zeit.de\/stoerungsmelder\/wp-json\/wp\/v2\/media?parent=8804"}],"wp:term":[{"taxonomy":"category","embeddable":true,"href":"https:\/\/blog.zeit.de\/stoerungsmelder\/wp-json\/wp\/v2\/categories?post=8804"},{"taxonomy":"post_tag","embeddable":true,"href":"https:\/\/blog.zeit.de\/stoerungsmelder\/wp-json\/wp\/v2\/tags?post=8804"}],"curies":[{"name":"wp","href":"https:\/\/api.w.org\/{rel}","templated":true}]}}