{"id":8830,"date":"2012-06-13T07:07:56","date_gmt":"2012-06-13T05:07:56","guid":{"rendered":"http:\/\/blog.zeit.de\/stoerungsmelder\/?p=8830"},"modified":"2012-06-18T19:12:48","modified_gmt":"2012-06-18T17:12:48","slug":"neonazis-greifen-burgermeister-von-nordhausen-an","status":"publish","type":"post","link":"https:\/\/blog.zeit.de\/stoerungsmelder\/2012\/06\/13\/neonazis-greifen-burgermeister-von-nordhausen-an_8830","title":{"rendered":"Neonazis greifen B\u00fcrgermeister von Nordhausen an"},"content":{"rendered":"<p><figure id=\"attachment_8831\" aria-describedby=\"caption-attachment-8831\" style=\"width: 540px\" class=\"wp-caption aligncenter\"><img loading=\"lazy\" decoding=\"async\" class=\"size-full wp-image-8831\" src=\"https:\/\/blog.zeit.de\/stoerungsmelder\/files\/2012\/06\/nordhausen_web.jpg\" alt=\"\" width=\"540\" height=\"300\" srcset=\"https:\/\/blog.zeit.de\/stoerungsmelder\/files\/2012\/06\/nordhausen_web.jpg 540w, https:\/\/blog.zeit.de\/stoerungsmelder\/files\/2012\/06\/nordhausen_web-300x166.jpg 300w\" sizes=\"auto, (max-width: 540px) 100vw, 540px\" \/><figcaption id=\"caption-attachment-8831\" class=\"wp-caption-text\">Was ist los in Nordhausen? Naziparolen in der N\u00e4he des Tatortes<\/figcaption><\/figure><\/p>\n<p>Am Samstag, den 9. Juni 2012, hat eine Gruppe Neonazis in Nordhausen beim allj\u00e4hrlichen Rolandsfest den B\u00fcrgermeister Matthias Jendricke (SPD) angegriffen und verletzt.\u00a0 Die f\u00fcnf T\u00e4ter waren zuvor an einer sogenannten \u201eUnsterblichen\u201c-Aktion beteiligt, einer rechtsextremen Aktionsform, die derzeit bundesweit mit bedrohlichen \u2013 f\u00fcr gew\u00f6hnlich: n\u00e4chtlichen \u2013 Propaganda-Aktionen mit Masken, Fackeln, Transparenten und offen nazistischen Parolen auf sich aufmerksam macht. Die Gruppe ist den besonders gewaltbereiten &#8222;Autonomen Nationalisten&#8220; zuzurechnen.<!--more--><\/p>\n<p>Auf einer im Zentrum Nordhausens, in der N\u00e4he des Theaters, gelegenen Stra\u00dfe marschierten am Nachmittag unvermittelt f\u00fcnf, mit wei\u00dfen Masken vermummte M\u00e4nner auf und entrollten ein Transparent, auf welchem eine Parole zu lesen war, die den durch die Demokraten verursachten Tod des \u201edeutschen Volkes\u201c herbeifabuliert. \u00dcberdies verteilten die Nazis Flugbl\u00e4tter, in denen die hohlen Phrasen dieser kruden, pseudo-rebellischen Aktionsform wiedergegeben wurden. Diese, insbesondere f\u00fcr junge, erlebnisorientierte Menschen, anziehende Aktionsform, die auch in der letzten Ausgabe des regionalen, den Schein des B\u00fcrgerlichen nur m\u00fchsam wahrenden Nazi-Schmierblattes vom Nordh\u00e4user NPD-Stadtrat, Roy Elbert, als nachahmenswert dargestellt wurde, zeigte an diesem Samstag (trotz der Maskierung) ihr wahres Gesicht.<\/p>\n<p>Denn nachdem B\u00fcrgermeister Matthias Jendricke (SPD), der zuf\u00e4llig Zeuge dieser Abstrusit\u00e4t wurde, als oberster Vertreter der Nordh\u00e4user Ordnungsbeh\u00f6rde die Nazis zur Rechenschaft ziehen wollte, wurden diese handgreiflich und entgegnetem ihm zun\u00e4chst mit Schubsen, direkt gefolgt von Schl\u00e4gen und Tritten. Als Folge dieser Angriffe musste sich Jendricke in \u00e4rztliche Behandlung begeben. \u00dcberdies wurde gegen\u00fcber der Polizei Anzeige wegen K\u00f6rperverletzung erstattet, die nun zu weiteren Ermittlungen f\u00fchrt.<\/p>\n<p>Nach dem nur wenige Wochen <a href=\"https:\/\/artnordth.wordpress.com\/2012\/04\/06\/ndh-03-april-2012-eklat-bei-gedenkveranstaltung\/\">zur\u00fcckliegenden Ekla<\/a>t , am 3.4.2012, im Rahmen der allj\u00e4hrlichen Gedenkveranstaltung zum Luftangriff auf die Stadt Nordhausen, bei der NPD-Stadtrat, Roy Elbert, und ein weiterer, stadtbekannter Neonazi die Nordh\u00e4user Oberb\u00fcrgermeisterin, Barbara Rinke (SPD), t\u00e4tlich angegriffen haben und seitens der Rechten eindeutige Drohungen gegen\u00fcber Oberb\u00fcrgermeisterin Rinke ge\u00e4u\u00dfert wurden, muss sich Nordhausens Politik wohl nun unweigerlich eingestehen, dass es in der Rolandstadt ein ernst zu nehmendes Nazi-Problem gibt.<\/p>\n<p>Sich einzureden, dass es sich bei rechten \u00dcbergriffen stets nur um Rangeleien zwischen rivalisierenden Jugendgruppen handelt, dass die weit rechtsoffenen bis rechtsextremen Fu\u00dfballfans der \u201eWackerfront\u201c, ehemals \u201eNDH City\u201c, doch f\u00fcr gute Stimmung im Stadion sorgen und dass die <a href=\"http:\/\/afasrndh.blogsport.de\/category\/aufkleber-ralley\/\">Nazipropaganda im Stadtbild<\/a> ein leidliches \u00dcbel sei, verkennt die umfassenden Auswirkungen f\u00fcr eine Region. Denn haftet einer Region \u2013 wie dies auf dem Land in Sachsen und Mecklenburg-Vorpommern schon viel zu oft der Fall ist \u2013 erst einmal der Ruf des \u201ebraunen Nests\u201c an, schadet dies nicht nur dem (m\u00fchevoll aufgebauten) Image, sondern auch der Attraktivit\u00e4t f\u00fcr Unternehmen und dem Tourismus. Denn welcher gut ausgebildete Mensch m\u00f6chte sich schon an einem Ort niederlassen, an dem er bei Tag und bei Nacht Angst haben muss, von Nazi-Schl\u00e4gern krankenhausreif gepr\u00fcgelt zu werden? Wie viele Kreative und K\u00fcnstler f\u00fchlen sich von einer Stadt angezogen, in der das Bunte und Au\u00dfergew\u00f6hnliche best\u00e4ndig mit rechten \u00dcbergriffen rechnen muss? Wer m\u00f6chte schon seine Studienzeit da verbringen, wo der braune Mob das <a href=\"http:\/\/www.nnz-online.de\/news\/news_lang.php?ArtNr=83864\">Gewaltmonopol<\/a> auf der Stra\u00dfe f\u00fcr sich beansprucht ? Der Abwanderung aus l\u00e4ndlichen Regionen, welche die Nazis propagandistisch aufladen und vorgeben, zu bek\u00e4mpfen, wird durch ihren Hass und ihre Gewalt angetrieben und zementiert\u2026 wenn die Gesellschaft es zul\u00e4sst.<\/p>\n","protected":false},"excerpt":{"rendered":"<p>Am Samstag, den 9. Juni 2012, hat eine Gruppe Neonazis in Nordhausen beim allj\u00e4hrlichen Rolandsfest den B\u00fcrgermeister Matthias Jendricke (SPD) angegriffen und verletzt.\u00a0 Die f\u00fcnf T\u00e4ter waren zuvor an einer sogenannten \u201eUnsterblichen\u201c-Aktion beteiligt, einer rechtsextremen Aktionsform, die derzeit bundesweit mit bedrohlichen \u2013 f\u00fcr gew\u00f6hnlich: n\u00e4chtlichen \u2013 Propaganda-Aktionen mit Masken, Fackeln, Transparenten und offen nazistischen Parolen [&hellip;]<\/p>\n","protected":false},"author":229,"featured_media":0,"comment_status":"open","ping_status":"open","sticky":false,"template":"","format":"standard","meta":{"_jetpack_memberships_contains_paid_content":false,"footnotes":""},"categories":[978],"tags":[1752,1755,17758,1858],"class_list":["post-8830","post","type-post","status-publish","format-standard","hentry","category-thuringen","tag-protest","tag-rechte-gewalt","tag-unsterbliche","tag-zivilcourage"],"yoast_head":"<!-- This site is optimized with the Yoast SEO plugin v21.0 - https:\/\/yoast.com\/wordpress\/plugins\/seo\/ -->\n<title>Neonazis greifen B\u00fcrgermeister von Nordhausen an - St\u00f6rungsmelder<\/title>\n<meta name=\"robots\" content=\"index, follow, max-snippet:-1, max-image-preview:large, max-video-preview:-1\" \/>\n<link rel=\"canonical\" href=\"https:\/\/blog.zeit.de\/stoerungsmelder\/2012\/06\/13\/neonazis-greifen-burgermeister-von-nordhausen-an_8830\" \/>\n<meta property=\"og:locale\" content=\"de_DE\" \/>\n<meta property=\"og:type\" content=\"article\" \/>\n<meta property=\"og:title\" content=\"Neonazis greifen B\u00fcrgermeister von Nordhausen an - St\u00f6rungsmelder\" \/>\n<meta property=\"og:description\" content=\"Am Samstag, den 9. Juni 2012, hat eine Gruppe Neonazis in Nordhausen beim allj\u00e4hrlichen Rolandsfest den B\u00fcrgermeister Matthias Jendricke (SPD) angegriffen und verletzt.\u00a0 Die f\u00fcnf T\u00e4ter waren zuvor an einer sogenannten \u201eUnsterblichen\u201c-Aktion beteiligt, einer rechtsextremen Aktionsform, die derzeit bundesweit mit bedrohlichen \u2013 f\u00fcr gew\u00f6hnlich: n\u00e4chtlichen \u2013 Propaganda-Aktionen mit Masken, Fackeln, Transparenten und offen nazistischen Parolen [&hellip;]\" \/>\n<meta property=\"og:url\" content=\"https:\/\/blog.zeit.de\/stoerungsmelder\/2012\/06\/13\/neonazis-greifen-burgermeister-von-nordhausen-an_8830\" \/>\n<meta property=\"og:site_name\" content=\"St\u00f6rungsmelder\" \/>\n<meta property=\"article:published_time\" content=\"2012-06-13T05:07:56+00:00\" \/>\n<meta property=\"article:modified_time\" content=\"2012-06-18T17:12:48+00:00\" \/>\n<meta property=\"og:image\" content=\"https:\/\/blog.zeit.de\/stoerungsmelder\/files\/2012\/06\/nordhausen_web.jpg\" \/>\n<meta name=\"author\" content=\"St\u00f6rungsmelder\" \/>\n<meta name=\"twitter:card\" content=\"summary_large_image\" \/>\n<meta name=\"twitter:label1\" content=\"Geschrieben von\" \/>\n\t<meta name=\"twitter:data1\" content=\"St\u00f6rungsmelder\" \/>\n\t<meta name=\"twitter:label2\" content=\"Gesch\u00e4tzte Lesezeit\" \/>\n\t<meta name=\"twitter:data2\" content=\"3\u00a0Minuten\" \/>\n<script type=\"application\/ld+json\" class=\"yoast-schema-graph\">{\"@context\":\"https:\/\/schema.org\",\"@graph\":[{\"@type\":\"WebPage\",\"@id\":\"https:\/\/blog.zeit.de\/stoerungsmelder\/2012\/06\/13\/neonazis-greifen-burgermeister-von-nordhausen-an_8830\",\"url\":\"https:\/\/blog.zeit.de\/stoerungsmelder\/2012\/06\/13\/neonazis-greifen-burgermeister-von-nordhausen-an_8830\",\"name\":\"Neonazis greifen B\u00fcrgermeister von Nordhausen an - St\u00f6rungsmelder\",\"isPartOf\":{\"@id\":\"https:\/\/blog.zeit.de\/stoerungsmelder\/#website\"},\"datePublished\":\"2012-06-13T05:07:56+00:00\",\"dateModified\":\"2012-06-18T17:12:48+00:00\",\"author\":{\"@id\":\"https:\/\/blog.zeit.de\/stoerungsmelder\/#\/schema\/person\/fdd0b9818f65738672810b6d6f037f71\"},\"breadcrumb\":{\"@id\":\"https:\/\/blog.zeit.de\/stoerungsmelder\/2012\/06\/13\/neonazis-greifen-burgermeister-von-nordhausen-an_8830#breadcrumb\"},\"inLanguage\":\"de\",\"potentialAction\":[{\"@type\":\"ReadAction\",\"target\":[\"https:\/\/blog.zeit.de\/stoerungsmelder\/2012\/06\/13\/neonazis-greifen-burgermeister-von-nordhausen-an_8830\"]}]},{\"@type\":\"BreadcrumbList\",\"@id\":\"https:\/\/blog.zeit.de\/stoerungsmelder\/2012\/06\/13\/neonazis-greifen-burgermeister-von-nordhausen-an_8830#breadcrumb\",\"itemListElement\":[{\"@type\":\"ListItem\",\"position\":1,\"name\":\"Startseite\",\"item\":\"https:\/\/blog.zeit.de\/stoerungsmelder\"},{\"@type\":\"ListItem\",\"position\":2,\"name\":\"Neonazis greifen B\u00fcrgermeister von Nordhausen an\"}]},{\"@type\":\"WebSite\",\"@id\":\"https:\/\/blog.zeit.de\/stoerungsmelder\/#website\",\"url\":\"https:\/\/blog.zeit.de\/stoerungsmelder\/\",\"name\":\"St\u00f6rungsmelder\",\"description\":\"Recherchen und Analysen \u00fcber die extreme Rechte\",\"potentialAction\":[{\"@type\":\"SearchAction\",\"target\":{\"@type\":\"EntryPoint\",\"urlTemplate\":\"https:\/\/blog.zeit.de\/stoerungsmelder\/?s={search_term_string}\"},\"query-input\":\"required name=search_term_string\"}],\"inLanguage\":\"de\"},{\"@type\":\"Person\",\"@id\":\"https:\/\/blog.zeit.de\/stoerungsmelder\/#\/schema\/person\/fdd0b9818f65738672810b6d6f037f71\",\"name\":\"St\u00f6rungsmelder\",\"image\":{\"@type\":\"ImageObject\",\"inLanguage\":\"de\",\"@id\":\"https:\/\/blog.zeit.de\/stoerungsmelder\/#\/schema\/person\/image\/\",\"url\":\"https:\/\/secure.gravatar.com\/avatar\/dfa4be514c3e82a71e4f9a0020035d38192d080ccaa5e4e6d7a1472c763535c5?s=96&d=mm&r=pg\",\"contentUrl\":\"https:\/\/secure.gravatar.com\/avatar\/dfa4be514c3e82a71e4f9a0020035d38192d080ccaa5e4e6d7a1472c763535c5?s=96&d=mm&r=pg\",\"caption\":\"St\u00f6rungsmelder\"},\"url\":\"https:\/\/blog.zeit.de\/stoerungsmelder\/author\/stoerungsmelder\"}]}<\/script>\n<!-- \/ Yoast SEO plugin. -->","yoast_head_json":{"title":"Neonazis greifen B\u00fcrgermeister von Nordhausen an - St\u00f6rungsmelder","robots":{"index":"index","follow":"follow","max-snippet":"max-snippet:-1","max-image-preview":"max-image-preview:large","max-video-preview":"max-video-preview:-1"},"canonical":"https:\/\/blog.zeit.de\/stoerungsmelder\/2012\/06\/13\/neonazis-greifen-burgermeister-von-nordhausen-an_8830","og_locale":"de_DE","og_type":"article","og_title":"Neonazis greifen B\u00fcrgermeister von Nordhausen an - St\u00f6rungsmelder","og_description":"Am Samstag, den 9. Juni 2012, hat eine Gruppe Neonazis in Nordhausen beim allj\u00e4hrlichen Rolandsfest den B\u00fcrgermeister Matthias Jendricke (SPD) angegriffen und verletzt.\u00a0 Die f\u00fcnf T\u00e4ter waren zuvor an einer sogenannten \u201eUnsterblichen\u201c-Aktion beteiligt, einer rechtsextremen Aktionsform, die derzeit bundesweit mit bedrohlichen \u2013 f\u00fcr gew\u00f6hnlich: n\u00e4chtlichen \u2013 Propaganda-Aktionen mit Masken, Fackeln, Transparenten und offen nazistischen Parolen [&hellip;]","og_url":"https:\/\/blog.zeit.de\/stoerungsmelder\/2012\/06\/13\/neonazis-greifen-burgermeister-von-nordhausen-an_8830","og_site_name":"St\u00f6rungsmelder","article_published_time":"2012-06-13T05:07:56+00:00","article_modified_time":"2012-06-18T17:12:48+00:00","og_image":[{"url":"https:\/\/blog.zeit.de\/stoerungsmelder\/files\/2012\/06\/nordhausen_web.jpg"}],"author":"St\u00f6rungsmelder","twitter_card":"summary_large_image","twitter_misc":{"Geschrieben von":"St\u00f6rungsmelder","Gesch\u00e4tzte Lesezeit":"3\u00a0Minuten"},"schema":{"@context":"https:\/\/schema.org","@graph":[{"@type":"WebPage","@id":"https:\/\/blog.zeit.de\/stoerungsmelder\/2012\/06\/13\/neonazis-greifen-burgermeister-von-nordhausen-an_8830","url":"https:\/\/blog.zeit.de\/stoerungsmelder\/2012\/06\/13\/neonazis-greifen-burgermeister-von-nordhausen-an_8830","name":"Neonazis greifen B\u00fcrgermeister von Nordhausen an - St\u00f6rungsmelder","isPartOf":{"@id":"https:\/\/blog.zeit.de\/stoerungsmelder\/#website"},"datePublished":"2012-06-13T05:07:56+00:00","dateModified":"2012-06-18T17:12:48+00:00","author":{"@id":"https:\/\/blog.zeit.de\/stoerungsmelder\/#\/schema\/person\/fdd0b9818f65738672810b6d6f037f71"},"breadcrumb":{"@id":"https:\/\/blog.zeit.de\/stoerungsmelder\/2012\/06\/13\/neonazis-greifen-burgermeister-von-nordhausen-an_8830#breadcrumb"},"inLanguage":"de","potentialAction":[{"@type":"ReadAction","target":["https:\/\/blog.zeit.de\/stoerungsmelder\/2012\/06\/13\/neonazis-greifen-burgermeister-von-nordhausen-an_8830"]}]},{"@type":"BreadcrumbList","@id":"https:\/\/blog.zeit.de\/stoerungsmelder\/2012\/06\/13\/neonazis-greifen-burgermeister-von-nordhausen-an_8830#breadcrumb","itemListElement":[{"@type":"ListItem","position":1,"name":"Startseite","item":"https:\/\/blog.zeit.de\/stoerungsmelder"},{"@type":"ListItem","position":2,"name":"Neonazis greifen B\u00fcrgermeister von Nordhausen an"}]},{"@type":"WebSite","@id":"https:\/\/blog.zeit.de\/stoerungsmelder\/#website","url":"https:\/\/blog.zeit.de\/stoerungsmelder\/","name":"St\u00f6rungsmelder","description":"Recherchen und Analysen \u00fcber die extreme Rechte","potentialAction":[{"@type":"SearchAction","target":{"@type":"EntryPoint","urlTemplate":"https:\/\/blog.zeit.de\/stoerungsmelder\/?s={search_term_string}"},"query-input":"required name=search_term_string"}],"inLanguage":"de"},{"@type":"Person","@id":"https:\/\/blog.zeit.de\/stoerungsmelder\/#\/schema\/person\/fdd0b9818f65738672810b6d6f037f71","name":"St\u00f6rungsmelder","image":{"@type":"ImageObject","inLanguage":"de","@id":"https:\/\/blog.zeit.de\/stoerungsmelder\/#\/schema\/person\/image\/","url":"https:\/\/secure.gravatar.com\/avatar\/dfa4be514c3e82a71e4f9a0020035d38192d080ccaa5e4e6d7a1472c763535c5?s=96&d=mm&r=pg","contentUrl":"https:\/\/secure.gravatar.com\/avatar\/dfa4be514c3e82a71e4f9a0020035d38192d080ccaa5e4e6d7a1472c763535c5?s=96&d=mm&r=pg","caption":"St\u00f6rungsmelder"},"url":"https:\/\/blog.zeit.de\/stoerungsmelder\/author\/stoerungsmelder"}]}},"jetpack_featured_media_url":"","jetpack_sharing_enabled":true,"_links":{"self":[{"href":"https:\/\/blog.zeit.de\/stoerungsmelder\/wp-json\/wp\/v2\/posts\/8830","targetHints":{"allow":["GET"]}}],"collection":[{"href":"https:\/\/blog.zeit.de\/stoerungsmelder\/wp-json\/wp\/v2\/posts"}],"about":[{"href":"https:\/\/blog.zeit.de\/stoerungsmelder\/wp-json\/wp\/v2\/types\/post"}],"author":[{"embeddable":true,"href":"https:\/\/blog.zeit.de\/stoerungsmelder\/wp-json\/wp\/v2\/users\/229"}],"replies":[{"embeddable":true,"href":"https:\/\/blog.zeit.de\/stoerungsmelder\/wp-json\/wp\/v2\/comments?post=8830"}],"version-history":[{"count":4,"href":"https:\/\/blog.zeit.de\/stoerungsmelder\/wp-json\/wp\/v2\/posts\/8830\/revisions"}],"predecessor-version":[{"id":8833,"href":"https:\/\/blog.zeit.de\/stoerungsmelder\/wp-json\/wp\/v2\/posts\/8830\/revisions\/8833"}],"wp:attachment":[{"href":"https:\/\/blog.zeit.de\/stoerungsmelder\/wp-json\/wp\/v2\/media?parent=8830"}],"wp:term":[{"taxonomy":"category","embeddable":true,"href":"https:\/\/blog.zeit.de\/stoerungsmelder\/wp-json\/wp\/v2\/categories?post=8830"},{"taxonomy":"post_tag","embeddable":true,"href":"https:\/\/blog.zeit.de\/stoerungsmelder\/wp-json\/wp\/v2\/tags?post=8830"}],"curies":[{"name":"wp","href":"https:\/\/api.w.org\/{rel}","templated":true}]}}