{"id":8834,"date":"2012-06-13T16:08:32","date_gmt":"2012-06-13T14:08:32","guid":{"rendered":"http:\/\/blog.zeit.de\/stoerungsmelder\/?p=8834"},"modified":"2012-06-13T16:08:32","modified_gmt":"2012-06-13T14:08:32","slug":"polizei-fuhrt-npd-fraktion-aus-sachsischem-landtag","status":"publish","type":"post","link":"https:\/\/blog.zeit.de\/stoerungsmelder\/2012\/06\/13\/polizei-fuhrt-npd-fraktion-aus-sachsischem-landtag_8834","title":{"rendered":"Polizei f\u00fchrt NPD-Fraktion aus s\u00e4chsischem Landtag"},"content":{"rendered":"<p><figure id=\"attachment_4816\" aria-describedby=\"caption-attachment-4816\" style=\"width: 540px\" class=\"wp-caption aligncenter\"><a href=\"https:\/\/blog.zeit.de\/stoerungsmelder\/files\/2010\/10\/thorsteinar8.jpg\"><img loading=\"lazy\" decoding=\"async\" class=\"size-full wp-image-4816\" src=\"https:\/\/blog.zeit.de\/stoerungsmelder\/files\/2010\/10\/thorsteinar8.jpg\" alt=\"\" width=\"540\" height=\"200\" srcset=\"https:\/\/blog.zeit.de\/stoerungsmelder\/files\/2010\/10\/thorsteinar8.jpg 540w, https:\/\/blog.zeit.de\/stoerungsmelder\/files\/2010\/10\/thorsteinar8-300x111.jpg 300w\" sizes=\"auto, (max-width: 540px) 100vw, 540px\" \/><\/a><figcaption id=\"caption-attachment-4816\" class=\"wp-caption-text\">Bunter Protest gegen fragw\u00fcrdige Mode, hier in Berlin-Friedrichshain \u00a9 Matthias Zickrow<\/figcaption><\/figure><\/p>\n<p>Mit einer gezielten Provokation hat die rechtsextreme NPD am Mittwoch im s\u00e4chsischen Landtag f\u00fcr einen Eklat gesorgt. Die acht Abgeordneten erschienen in Kleidung der bei Neonazis beliebten Marke Thor Steinar und verstie\u00dfen damit gegen Parlamentsregularien. Landtagspr\u00e4sident Matthias R\u00f6\u00dfler unterbrach die Sitzung und verlangte von den Rechtsextremen, die Kleidung zu wechseln. Als diese der mehrfach ge\u00e4u\u00dferten Aufforderung nicht nachkamen, schloss R\u00f6\u00dfler alle NPD-Abgeordneten f\u00fcr diese und drei weitere Sitzungen des Parlamentes im Juni und Juli aus. Die Rechtsextremen blieben dennoch auf ihren Sitzen und verlie\u00dfen den Saal erst, als Polizisten erschienen, um sie abzuf\u00fchren.<!--more--><\/p>\n<p>Damit wurde erstmals in der Geschichte des Landtages eine Fraktion komplett von der Sitzung ausgeschlossen. NPD-Fraktionschef Holger Apfel hatte 2010 einen l\u00e4ngerfristigen Ausschluss hinnehmen m\u00fcssen. Seine antisemitische Hetze hatte damals f\u00fcr Emp\u00f6rung gesorgt.<\/p>\n<p>Die neuerliche Provokation war zun\u00e4chst unbemerkt geblieben, weil alle NPD-Abgeordneten Sakkos oder im Fall der Abgeordneten Gitta Sch\u00fc\u00dfler eine Kost\u00fcmjacke trugen. Als Andreas Schorr f\u00fcr die NPD in der Debatte um die Imagekampagne des Landes ans Rednerpult trat, zog er sein Sakko aus und stand damit unmittelbar im Blickfeld des Landtagspr\u00e4sidenten. Die Aufschrift Thor Steinar war auf dem R\u00fcckenteil des T-Shirts aufgebracht.<\/p>\n<p>F\u00fcr Mittwochabend hatten die Rechtsextremen einen Antrag auf die Tagesordnung setzen lassen, der unter dem Titel \u201eMode-Exorzismus stoppen &#8211; keine Bekleidungsvorschriften f\u00fcr freie Menschen\u201c stand.<br \/>\nNach dem Ausschluss von der Sitzung k\u00fcndigten sie lautstark schimpfend an, vor das s\u00e4chsische Verfassungsgericht zu ziehen.<\/p>\n<p>Andr\u00e9 Hahn, Fraktionschef der Linken, warf den Rechtsextremen vor, den Landtag zu br\u00fcskieren, zu schockieren und l\u00e4cherlich machen zu wollen. Dass dies ausgerechnet bei einer Debatte um das Image des Freistaats passiere, sei bezeichnend. \u201eEs ist ja offensichtlich, dass ja gerade solche Auftritte dem Image Sachsens schaden.\u201c Thor Steinar-Kleidung und andere von Rechtsextremisten getragene Modemarken sind im s\u00e4chsischen Landtag seit 2007 tabu. Wer sie tr\u00e4gt, dem kann der Zutritt zum Parlament verwehrt werden. Die Regelung fu\u00dft auf den in der Hausordnung festgeschriebenen Sanktionsm\u00f6glichkeiten gegen Personen, die \u201ein einer der W\u00fcrde des Landtags nicht entsprechenden Weise\u201c erscheinen.<\/p>\n<p>Die umstrittene Marke Thor Steinar hat ein satirisches Gegengewicht, das im vergangenen Jahr im Landtagswahlkampf in Mecklenburg-Vorpommern zum Tragen kam. Damals zog die Satirefigur &#8222;Storch Heinar&#8220; mit in den Wahlkampf, die SPD half dabei. In Berlin gab es in den vergangenen Jahren Proteste gegen L\u00e4den der Marke. In Mitte musste das \u201eT\u00f8nsberg\u201c nach einem z\u00e4hen Rechtsstreit aufgeben. Die Friedrichshainer Filiale ist bereits gek\u00fcndigt, der Vertrag l\u00e4uft jedoch noch bis 2015. (<a href=\"http:\/\/www.tagesspiegel.de\/politik\/wegen-kleidung-von-thor-steinar-npd-fraktion-sachsens-von-der-polizei-aus-landtag-abgefuehrt\/6745294.html\">Quelle: Tagesspiegel<\/a>)<\/p>\n","protected":false},"excerpt":{"rendered":"<p>Mit einer gezielten Provokation hat die rechtsextreme NPD am Mittwoch im s\u00e4chsischen Landtag f\u00fcr einen Eklat gesorgt. Die acht Abgeordneten erschienen in Kleidung der bei Neonazis beliebten Marke Thor Steinar und verstie\u00dfen damit gegen Parlamentsregularien. Landtagspr\u00e4sident Matthias R\u00f6\u00dfler unterbrach die Sitzung und verlangte von den Rechtsextremen, die Kleidung zu wechseln. Als diese der mehrfach ge\u00e4u\u00dferten [&hellip;]<\/p>\n","protected":false},"author":229,"featured_media":0,"comment_status":"open","ping_status":"open","sticky":false,"template":"","format":"standard","meta":{"_jetpack_memberships_contains_paid_content":false,"footnotes":""},"categories":[1456],"tags":[1605,1716,1818],"class_list":["post-8834","post","type-post","status-publish","format-standard","hentry","category-sachsen","tag-holger-apfel","tag-npd","tag-thor-steinar"],"yoast_head":"<!-- This site is optimized with the Yoast SEO plugin v21.0 - https:\/\/yoast.com\/wordpress\/plugins\/seo\/ -->\n<title>Polizei f\u00fchrt NPD-Fraktion aus s\u00e4chsischem Landtag - St\u00f6rungsmelder<\/title>\n<meta name=\"robots\" content=\"index, follow, max-snippet:-1, max-image-preview:large, max-video-preview:-1\" \/>\n<link rel=\"canonical\" href=\"https:\/\/blog.zeit.de\/stoerungsmelder\/2012\/06\/13\/polizei-fuhrt-npd-fraktion-aus-sachsischem-landtag_8834\" \/>\n<meta property=\"og:locale\" content=\"de_DE\" \/>\n<meta property=\"og:type\" content=\"article\" \/>\n<meta property=\"og:title\" content=\"Polizei f\u00fchrt NPD-Fraktion aus s\u00e4chsischem Landtag - St\u00f6rungsmelder\" \/>\n<meta property=\"og:description\" content=\"Mit einer gezielten Provokation hat die rechtsextreme NPD am Mittwoch im s\u00e4chsischen Landtag f\u00fcr einen Eklat gesorgt. Die acht Abgeordneten erschienen in Kleidung der bei Neonazis beliebten Marke Thor Steinar und verstie\u00dfen damit gegen Parlamentsregularien. Landtagspr\u00e4sident Matthias R\u00f6\u00dfler unterbrach die Sitzung und verlangte von den Rechtsextremen, die Kleidung zu wechseln. Als diese der mehrfach ge\u00e4u\u00dferten [&hellip;]\" \/>\n<meta property=\"og:url\" content=\"https:\/\/blog.zeit.de\/stoerungsmelder\/2012\/06\/13\/polizei-fuhrt-npd-fraktion-aus-sachsischem-landtag_8834\" \/>\n<meta property=\"og:site_name\" content=\"St\u00f6rungsmelder\" \/>\n<meta property=\"article:published_time\" content=\"2012-06-13T14:08:32+00:00\" \/>\n<meta property=\"og:image\" content=\"https:\/\/blog.zeit.de\/stoerungsmelder\/files\/2010\/10\/thorsteinar8.jpg\" \/>\n<meta name=\"author\" content=\"St\u00f6rungsmelder\" \/>\n<meta name=\"twitter:card\" content=\"summary_large_image\" \/>\n<meta name=\"twitter:label1\" content=\"Geschrieben von\" \/>\n\t<meta name=\"twitter:data1\" content=\"St\u00f6rungsmelder\" \/>\n\t<meta name=\"twitter:label2\" content=\"Gesch\u00e4tzte Lesezeit\" \/>\n\t<meta name=\"twitter:data2\" content=\"2\u00a0Minuten\" \/>\n<script type=\"application\/ld+json\" class=\"yoast-schema-graph\">{\"@context\":\"https:\/\/schema.org\",\"@graph\":[{\"@type\":\"WebPage\",\"@id\":\"https:\/\/blog.zeit.de\/stoerungsmelder\/2012\/06\/13\/polizei-fuhrt-npd-fraktion-aus-sachsischem-landtag_8834\",\"url\":\"https:\/\/blog.zeit.de\/stoerungsmelder\/2012\/06\/13\/polizei-fuhrt-npd-fraktion-aus-sachsischem-landtag_8834\",\"name\":\"Polizei f\u00fchrt NPD-Fraktion aus s\u00e4chsischem Landtag - St\u00f6rungsmelder\",\"isPartOf\":{\"@id\":\"https:\/\/blog.zeit.de\/stoerungsmelder\/#website\"},\"datePublished\":\"2012-06-13T14:08:32+00:00\",\"dateModified\":\"2012-06-13T14:08:32+00:00\",\"author\":{\"@id\":\"https:\/\/blog.zeit.de\/stoerungsmelder\/#\/schema\/person\/fdd0b9818f65738672810b6d6f037f71\"},\"breadcrumb\":{\"@id\":\"https:\/\/blog.zeit.de\/stoerungsmelder\/2012\/06\/13\/polizei-fuhrt-npd-fraktion-aus-sachsischem-landtag_8834#breadcrumb\"},\"inLanguage\":\"de\",\"potentialAction\":[{\"@type\":\"ReadAction\",\"target\":[\"https:\/\/blog.zeit.de\/stoerungsmelder\/2012\/06\/13\/polizei-fuhrt-npd-fraktion-aus-sachsischem-landtag_8834\"]}]},{\"@type\":\"BreadcrumbList\",\"@id\":\"https:\/\/blog.zeit.de\/stoerungsmelder\/2012\/06\/13\/polizei-fuhrt-npd-fraktion-aus-sachsischem-landtag_8834#breadcrumb\",\"itemListElement\":[{\"@type\":\"ListItem\",\"position\":1,\"name\":\"Startseite\",\"item\":\"https:\/\/blog.zeit.de\/stoerungsmelder\"},{\"@type\":\"ListItem\",\"position\":2,\"name\":\"Polizei f\u00fchrt NPD-Fraktion aus s\u00e4chsischem Landtag\"}]},{\"@type\":\"WebSite\",\"@id\":\"https:\/\/blog.zeit.de\/stoerungsmelder\/#website\",\"url\":\"https:\/\/blog.zeit.de\/stoerungsmelder\/\",\"name\":\"St\u00f6rungsmelder\",\"description\":\"Recherchen und Analysen \u00fcber die extreme Rechte\",\"potentialAction\":[{\"@type\":\"SearchAction\",\"target\":{\"@type\":\"EntryPoint\",\"urlTemplate\":\"https:\/\/blog.zeit.de\/stoerungsmelder\/?s={search_term_string}\"},\"query-input\":\"required name=search_term_string\"}],\"inLanguage\":\"de\"},{\"@type\":\"Person\",\"@id\":\"https:\/\/blog.zeit.de\/stoerungsmelder\/#\/schema\/person\/fdd0b9818f65738672810b6d6f037f71\",\"name\":\"St\u00f6rungsmelder\",\"image\":{\"@type\":\"ImageObject\",\"inLanguage\":\"de\",\"@id\":\"https:\/\/blog.zeit.de\/stoerungsmelder\/#\/schema\/person\/image\/\",\"url\":\"https:\/\/secure.gravatar.com\/avatar\/dfa4be514c3e82a71e4f9a0020035d38192d080ccaa5e4e6d7a1472c763535c5?s=96&d=mm&r=pg\",\"contentUrl\":\"https:\/\/secure.gravatar.com\/avatar\/dfa4be514c3e82a71e4f9a0020035d38192d080ccaa5e4e6d7a1472c763535c5?s=96&d=mm&r=pg\",\"caption\":\"St\u00f6rungsmelder\"},\"url\":\"https:\/\/blog.zeit.de\/stoerungsmelder\/author\/stoerungsmelder\"}]}<\/script>\n<!-- \/ Yoast SEO plugin. -->","yoast_head_json":{"title":"Polizei f\u00fchrt NPD-Fraktion aus s\u00e4chsischem Landtag - St\u00f6rungsmelder","robots":{"index":"index","follow":"follow","max-snippet":"max-snippet:-1","max-image-preview":"max-image-preview:large","max-video-preview":"max-video-preview:-1"},"canonical":"https:\/\/blog.zeit.de\/stoerungsmelder\/2012\/06\/13\/polizei-fuhrt-npd-fraktion-aus-sachsischem-landtag_8834","og_locale":"de_DE","og_type":"article","og_title":"Polizei f\u00fchrt NPD-Fraktion aus s\u00e4chsischem Landtag - St\u00f6rungsmelder","og_description":"Mit einer gezielten Provokation hat die rechtsextreme NPD am Mittwoch im s\u00e4chsischen Landtag f\u00fcr einen Eklat gesorgt. Die acht Abgeordneten erschienen in Kleidung der bei Neonazis beliebten Marke Thor Steinar und verstie\u00dfen damit gegen Parlamentsregularien. Landtagspr\u00e4sident Matthias R\u00f6\u00dfler unterbrach die Sitzung und verlangte von den Rechtsextremen, die Kleidung zu wechseln. Als diese der mehrfach ge\u00e4u\u00dferten [&hellip;]","og_url":"https:\/\/blog.zeit.de\/stoerungsmelder\/2012\/06\/13\/polizei-fuhrt-npd-fraktion-aus-sachsischem-landtag_8834","og_site_name":"St\u00f6rungsmelder","article_published_time":"2012-06-13T14:08:32+00:00","og_image":[{"url":"https:\/\/blog.zeit.de\/stoerungsmelder\/files\/2010\/10\/thorsteinar8.jpg"}],"author":"St\u00f6rungsmelder","twitter_card":"summary_large_image","twitter_misc":{"Geschrieben von":"St\u00f6rungsmelder","Gesch\u00e4tzte Lesezeit":"2\u00a0Minuten"},"schema":{"@context":"https:\/\/schema.org","@graph":[{"@type":"WebPage","@id":"https:\/\/blog.zeit.de\/stoerungsmelder\/2012\/06\/13\/polizei-fuhrt-npd-fraktion-aus-sachsischem-landtag_8834","url":"https:\/\/blog.zeit.de\/stoerungsmelder\/2012\/06\/13\/polizei-fuhrt-npd-fraktion-aus-sachsischem-landtag_8834","name":"Polizei f\u00fchrt NPD-Fraktion aus s\u00e4chsischem Landtag - St\u00f6rungsmelder","isPartOf":{"@id":"https:\/\/blog.zeit.de\/stoerungsmelder\/#website"},"datePublished":"2012-06-13T14:08:32+00:00","dateModified":"2012-06-13T14:08:32+00:00","author":{"@id":"https:\/\/blog.zeit.de\/stoerungsmelder\/#\/schema\/person\/fdd0b9818f65738672810b6d6f037f71"},"breadcrumb":{"@id":"https:\/\/blog.zeit.de\/stoerungsmelder\/2012\/06\/13\/polizei-fuhrt-npd-fraktion-aus-sachsischem-landtag_8834#breadcrumb"},"inLanguage":"de","potentialAction":[{"@type":"ReadAction","target":["https:\/\/blog.zeit.de\/stoerungsmelder\/2012\/06\/13\/polizei-fuhrt-npd-fraktion-aus-sachsischem-landtag_8834"]}]},{"@type":"BreadcrumbList","@id":"https:\/\/blog.zeit.de\/stoerungsmelder\/2012\/06\/13\/polizei-fuhrt-npd-fraktion-aus-sachsischem-landtag_8834#breadcrumb","itemListElement":[{"@type":"ListItem","position":1,"name":"Startseite","item":"https:\/\/blog.zeit.de\/stoerungsmelder"},{"@type":"ListItem","position":2,"name":"Polizei f\u00fchrt NPD-Fraktion aus s\u00e4chsischem Landtag"}]},{"@type":"WebSite","@id":"https:\/\/blog.zeit.de\/stoerungsmelder\/#website","url":"https:\/\/blog.zeit.de\/stoerungsmelder\/","name":"St\u00f6rungsmelder","description":"Recherchen und Analysen \u00fcber die extreme Rechte","potentialAction":[{"@type":"SearchAction","target":{"@type":"EntryPoint","urlTemplate":"https:\/\/blog.zeit.de\/stoerungsmelder\/?s={search_term_string}"},"query-input":"required name=search_term_string"}],"inLanguage":"de"},{"@type":"Person","@id":"https:\/\/blog.zeit.de\/stoerungsmelder\/#\/schema\/person\/fdd0b9818f65738672810b6d6f037f71","name":"St\u00f6rungsmelder","image":{"@type":"ImageObject","inLanguage":"de","@id":"https:\/\/blog.zeit.de\/stoerungsmelder\/#\/schema\/person\/image\/","url":"https:\/\/secure.gravatar.com\/avatar\/dfa4be514c3e82a71e4f9a0020035d38192d080ccaa5e4e6d7a1472c763535c5?s=96&d=mm&r=pg","contentUrl":"https:\/\/secure.gravatar.com\/avatar\/dfa4be514c3e82a71e4f9a0020035d38192d080ccaa5e4e6d7a1472c763535c5?s=96&d=mm&r=pg","caption":"St\u00f6rungsmelder"},"url":"https:\/\/blog.zeit.de\/stoerungsmelder\/author\/stoerungsmelder"}]}},"jetpack_featured_media_url":"","jetpack_sharing_enabled":true,"_links":{"self":[{"href":"https:\/\/blog.zeit.de\/stoerungsmelder\/wp-json\/wp\/v2\/posts\/8834","targetHints":{"allow":["GET"]}}],"collection":[{"href":"https:\/\/blog.zeit.de\/stoerungsmelder\/wp-json\/wp\/v2\/posts"}],"about":[{"href":"https:\/\/blog.zeit.de\/stoerungsmelder\/wp-json\/wp\/v2\/types\/post"}],"author":[{"embeddable":true,"href":"https:\/\/blog.zeit.de\/stoerungsmelder\/wp-json\/wp\/v2\/users\/229"}],"replies":[{"embeddable":true,"href":"https:\/\/blog.zeit.de\/stoerungsmelder\/wp-json\/wp\/v2\/comments?post=8834"}],"version-history":[{"count":3,"href":"https:\/\/blog.zeit.de\/stoerungsmelder\/wp-json\/wp\/v2\/posts\/8834\/revisions"}],"predecessor-version":[{"id":8837,"href":"https:\/\/blog.zeit.de\/stoerungsmelder\/wp-json\/wp\/v2\/posts\/8834\/revisions\/8837"}],"wp:attachment":[{"href":"https:\/\/blog.zeit.de\/stoerungsmelder\/wp-json\/wp\/v2\/media?parent=8834"}],"wp:term":[{"taxonomy":"category","embeddable":true,"href":"https:\/\/blog.zeit.de\/stoerungsmelder\/wp-json\/wp\/v2\/categories?post=8834"},{"taxonomy":"post_tag","embeddable":true,"href":"https:\/\/blog.zeit.de\/stoerungsmelder\/wp-json\/wp\/v2\/tags?post=8834"}],"curies":[{"name":"wp","href":"https:\/\/api.w.org\/{rel}","templated":true}]}}