{"id":8838,"date":"2012-06-14T15:32:35","date_gmt":"2012-06-14T13:32:35","guid":{"rendered":"http:\/\/blog.zeit.de\/stoerungsmelder\/?p=8838"},"modified":"2017-07-08T16:35:31","modified_gmt":"2017-07-08T14:35:31","slug":"weiterer-schlag-gegen-neonazi-szene","status":"publish","type":"post","link":"https:\/\/blog.zeit.de\/stoerungsmelder\/2012\/06\/14\/weiterer-schlag-gegen-neonazi-szene_8838","title":{"rendered":"Weiterer Schlag gegen Neonazi-Szene"},"content":{"rendered":"<p><figure id=\"attachment_8721\" aria-describedby=\"caption-attachment-8721\" style=\"width: 540px\" class=\"wp-caption aligncenter\"><a href=\"https:\/\/blog.zeit.de\/stoerungsmelder\/files\/2012\/06\/hamburg2012.jpg\"><img loading=\"lazy\" decoding=\"async\" class=\"size-full wp-image-8721\" src=\"https:\/\/blog.zeit.de\/stoerungsmelder\/files\/2012\/06\/hamburg2012.jpg\" alt=\"\" width=\"540\" height=\"300\" srcset=\"https:\/\/blog.zeit.de\/stoerungsmelder\/files\/2012\/06\/hamburg2012.jpg 540w, https:\/\/blog.zeit.de\/stoerungsmelder\/files\/2012\/06\/hamburg2012-300x166.jpg 300w\" sizes=\"auto, (max-width: 540px) 100vw, 540px\" \/><\/a><figcaption id=\"caption-attachment-8721\" class=\"wp-caption-text\">Die Beh\u00f6rden gehen auch im Netz st\u00e4rker gegen die militante Szene vor.<\/figcaption><\/figure><\/p>\n<p>Die rechtsextreme Szene ger\u00e4t immer st\u00e4rker unter Druck. Heute durchsuchten 270 Polizisten in elf Bundesl\u00e4ndern insgesamt 24 Wohnungen und Gesch\u00e4ftsr\u00e4ume. Vier Verd\u00e4chtige kamen wegen Fluchtgefahr in Untersuchungshaft. Grund f\u00fcr die Razzia ist das gr\u00f6\u00dfte rechtsextreme Internetforum Deutschlands namens <em>Thiazi<\/em>.<!--more--><\/p>\n<p>In dem Forum, das die Betreiber als \u201cgermanische Weltnetzgemeinschaft\u201d bezeichnen, findet sich von Nazisymbolen, Rechtsrock bis zu Holocaustleugnung und Gewaltaufrufen alles, was die Szene begehrt. Mehr als eine Million Beitr\u00e4ge und mehrere Tausend angemeldete Nutzer hatte das Forum zuletzt. Von CD-Besprechungen und &#8222;Aktionsberichten&#8220; von Aufm\u00e4rschen bis hin zu NS-Literatur und Adressen von politischen Gegnern war alles frei auf der Seite zug\u00e4nglich. Die Staatsanwaltschaft ermittelt jetzt gegen die mutma\u00dflichen Drahtzieher wegen Bildung einer kriminellen Vereinigung.<\/p>\n<p>Nach Angaben des Bundeskriminalamts, ist die Nazi-Website bereits seit 2009 im Visier der Ermittler. Als Hauptbeschuldigte gelten ein 30-j\u00e4hriger Erzieher aus Mecklenburg Vorpommern und eine 30-j\u00e4hrige Hausfrau und Mutter aus Baden-W\u00fcrttemberg. Zu den beiden anderen Festgenommenen machten die Ermittler keine Angaben. Es wurden zahlreiche Computer, Laptops, Datentr\u00e4ger sowie schriftliche Unterlagen sichergestellt.<\/p>\n<p>Weitere Durchsuchungen fanden in Niedersachsen, Bayern, Brandenburg, Berlin, Sachsen-Anhalt, Nordrhein-Westfalen, Sachsen, Rheinland-Pfalz und Th\u00fcringen statt. Zeitgleich wurde auch eine Wohnung in Gro\u00dfbritannien durchsucht.<\/p>\n<p>Verd\u00e4chtig sind insgesamt 26 Beschuldigte im Alter zwischen 22 bis 64 Jahren aus dem gesamten Bundesgebiet. Mindestens ein Beschuldigter ist Mitglied der NPD. Weitere Festnahmen seien derzeit nicht geplant, sagte eine BKA-Sprecherin. Trotz Dutzender Anzeigen, war die Polizei in den vergangenen Jahren nie gegen die Seite vorgegangen.<\/p>\n<p>&#8222;Das Internet ist kein rechtsfreier Raum&#8220;, sagte BKA-Pr\u00e4sident J\u00f6rg Ziercke nach der l\u00e4nder\u00fcbergreifenden Aktion. Mit den Razzien und Festnahmen richteten die Strafverfolgungsbeh\u00f6rden eine klare Botschaft an die Betreiber vergleichbarer Internetforen: &#8222;Wir machen deutlich, dass wir die Verbreitung von rechtsextremistischem und fremdenfeindlichem Gedankengut sowie die Verherrlichung des Nationalsozialismus konsequent verfolgen.&#8220; In den vergangenen Wochen gab es in zahlreichen Bundesl\u00e4ndern immer wieder Durchsuchungsaktionen gegen militante Neonazigruppierungen.<\/p>\n<p>In der Szene fielen die Reaktionen auf die Thiazi-Razzia sehr unterschiedlich aus. Einige bef\u00fcrchten das Aus f\u00fcr die Seite und dass die Staatsanwaltschaft mithilfe der beschlagnahmten Rechner weitere Verfahren gegen Rechtsextremisten anstreben k\u00f6nnte. &#8222;Hoffentlich haben die Ermittlungsbeh\u00f6rden keinen Zugriff auf die Zugangsdaten bekommen&#8220;, sorgt sich ein Neonazi auf einer einschl\u00e4gigen Website.<\/p>\n<p>Andere Rechtsextremisten gehen davon aus, dass die Razzia keine gr\u00f6\u00dferen Konsequenzen haben wird, da der Server sicher im Ausland steht. &#8222;Da werden die sich sicherlich die Z\u00e4hne dran ausbeissen&#8220;, schreibt eine User. &#8222;Ich gehe davon aus, dass <em>Thiazi<\/em> durch solche Aktionen nicht klein zu kriegen ist und ein Ende ist noch lange nicht in Sicht.&#8220; Bereits am Nachmittag war <em>Thiazi<\/em> jedoch nicht mehr zu erreichen \u2013 vorerst.<\/p>\n<p><img loading=\"lazy\" decoding=\"async\" src=\"http:\/\/vg06.met.vgwort.de\/na\/3513e5eefb094c4db24d1b3d0904da07\" alt=\"\" width=\"1\" height=\"1\" \/><\/p>\n","protected":false},"excerpt":{"rendered":"<p>Die rechtsextreme Szene ger\u00e4t immer st\u00e4rker unter Druck. Heute durchsuchten 270 Polizisten in elf Bundesl\u00e4ndern insgesamt 24 Wohnungen und Gesch\u00e4ftsr\u00e4ume. Vier Verd\u00e4chtige kamen wegen Fluchtgefahr in Untersuchungshaft. Grund f\u00fcr die Razzia ist das gr\u00f6\u00dfte rechtsextreme Internetforum Deutschlands namens Thiazi.<\/p>\n","protected":false},"author":229,"featured_media":0,"comment_status":"open","ping_status":"open","sticky":false,"template":"","format":"standard","meta":{"_jetpack_memberships_contains_paid_content":false,"footnotes":""},"categories":[1515],"tags":[1638,1754,17830],"class_list":["post-8838","post","type-post","status-publish","format-standard","hentry","category-bundesweit","tag-justiz","tag-razzia","tag-thiazi"],"yoast_head":"<!-- This site is optimized with the Yoast SEO plugin v21.0 - https:\/\/yoast.com\/wordpress\/plugins\/seo\/ -->\n<title>Weiterer Schlag gegen Neonazi-Szene - St\u00f6rungsmelder<\/title>\n<meta name=\"robots\" content=\"index, follow, max-snippet:-1, max-image-preview:large, max-video-preview:-1\" \/>\n<link rel=\"canonical\" href=\"https:\/\/blog.zeit.de\/stoerungsmelder\/2012\/06\/14\/weiterer-schlag-gegen-neonazi-szene_8838\" \/>\n<meta property=\"og:locale\" content=\"de_DE\" \/>\n<meta property=\"og:type\" content=\"article\" \/>\n<meta property=\"og:title\" content=\"Weiterer Schlag gegen Neonazi-Szene - St\u00f6rungsmelder\" \/>\n<meta property=\"og:description\" content=\"Die rechtsextreme Szene ger\u00e4t immer st\u00e4rker unter Druck. Heute durchsuchten 270 Polizisten in elf Bundesl\u00e4ndern insgesamt 24 Wohnungen und Gesch\u00e4ftsr\u00e4ume. Vier Verd\u00e4chtige kamen wegen Fluchtgefahr in Untersuchungshaft. Grund f\u00fcr die Razzia ist das gr\u00f6\u00dfte rechtsextreme Internetforum Deutschlands namens Thiazi.\" \/>\n<meta property=\"og:url\" content=\"https:\/\/blog.zeit.de\/stoerungsmelder\/2012\/06\/14\/weiterer-schlag-gegen-neonazi-szene_8838\" \/>\n<meta property=\"og:site_name\" content=\"St\u00f6rungsmelder\" \/>\n<meta property=\"article:published_time\" content=\"2012-06-14T13:32:35+00:00\" \/>\n<meta property=\"article:modified_time\" content=\"2017-07-08T14:35:31+00:00\" \/>\n<meta property=\"og:image\" content=\"https:\/\/blog.zeit.de\/stoerungsmelder\/files\/2012\/06\/hamburg2012.jpg\" \/>\n<meta name=\"author\" content=\"St\u00f6rungsmelder\" \/>\n<meta name=\"twitter:card\" content=\"summary_large_image\" \/>\n<meta name=\"twitter:label1\" content=\"Geschrieben von\" \/>\n\t<meta name=\"twitter:data1\" content=\"St\u00f6rungsmelder\" \/>\n\t<meta name=\"twitter:label2\" content=\"Gesch\u00e4tzte Lesezeit\" \/>\n\t<meta name=\"twitter:data2\" content=\"2\u00a0Minuten\" \/>\n<script type=\"application\/ld+json\" class=\"yoast-schema-graph\">{\"@context\":\"https:\/\/schema.org\",\"@graph\":[{\"@type\":\"WebPage\",\"@id\":\"https:\/\/blog.zeit.de\/stoerungsmelder\/2012\/06\/14\/weiterer-schlag-gegen-neonazi-szene_8838\",\"url\":\"https:\/\/blog.zeit.de\/stoerungsmelder\/2012\/06\/14\/weiterer-schlag-gegen-neonazi-szene_8838\",\"name\":\"Weiterer Schlag gegen Neonazi-Szene - St\u00f6rungsmelder\",\"isPartOf\":{\"@id\":\"https:\/\/blog.zeit.de\/stoerungsmelder\/#website\"},\"datePublished\":\"2012-06-14T13:32:35+00:00\",\"dateModified\":\"2017-07-08T14:35:31+00:00\",\"author\":{\"@id\":\"https:\/\/blog.zeit.de\/stoerungsmelder\/#\/schema\/person\/fdd0b9818f65738672810b6d6f037f71\"},\"breadcrumb\":{\"@id\":\"https:\/\/blog.zeit.de\/stoerungsmelder\/2012\/06\/14\/weiterer-schlag-gegen-neonazi-szene_8838#breadcrumb\"},\"inLanguage\":\"de\",\"potentialAction\":[{\"@type\":\"ReadAction\",\"target\":[\"https:\/\/blog.zeit.de\/stoerungsmelder\/2012\/06\/14\/weiterer-schlag-gegen-neonazi-szene_8838\"]}]},{\"@type\":\"BreadcrumbList\",\"@id\":\"https:\/\/blog.zeit.de\/stoerungsmelder\/2012\/06\/14\/weiterer-schlag-gegen-neonazi-szene_8838#breadcrumb\",\"itemListElement\":[{\"@type\":\"ListItem\",\"position\":1,\"name\":\"Startseite\",\"item\":\"https:\/\/blog.zeit.de\/stoerungsmelder\"},{\"@type\":\"ListItem\",\"position\":2,\"name\":\"Weiterer Schlag gegen Neonazi-Szene\"}]},{\"@type\":\"WebSite\",\"@id\":\"https:\/\/blog.zeit.de\/stoerungsmelder\/#website\",\"url\":\"https:\/\/blog.zeit.de\/stoerungsmelder\/\",\"name\":\"St\u00f6rungsmelder\",\"description\":\"Recherchen und Analysen \u00fcber die extreme Rechte\",\"potentialAction\":[{\"@type\":\"SearchAction\",\"target\":{\"@type\":\"EntryPoint\",\"urlTemplate\":\"https:\/\/blog.zeit.de\/stoerungsmelder\/?s={search_term_string}\"},\"query-input\":\"required name=search_term_string\"}],\"inLanguage\":\"de\"},{\"@type\":\"Person\",\"@id\":\"https:\/\/blog.zeit.de\/stoerungsmelder\/#\/schema\/person\/fdd0b9818f65738672810b6d6f037f71\",\"name\":\"St\u00f6rungsmelder\",\"image\":{\"@type\":\"ImageObject\",\"inLanguage\":\"de\",\"@id\":\"https:\/\/blog.zeit.de\/stoerungsmelder\/#\/schema\/person\/image\/\",\"url\":\"https:\/\/secure.gravatar.com\/avatar\/dfa4be514c3e82a71e4f9a0020035d38192d080ccaa5e4e6d7a1472c763535c5?s=96&d=mm&r=pg\",\"contentUrl\":\"https:\/\/secure.gravatar.com\/avatar\/dfa4be514c3e82a71e4f9a0020035d38192d080ccaa5e4e6d7a1472c763535c5?s=96&d=mm&r=pg\",\"caption\":\"St\u00f6rungsmelder\"},\"url\":\"https:\/\/blog.zeit.de\/stoerungsmelder\/author\/stoerungsmelder\"}]}<\/script>\n<!-- \/ Yoast SEO plugin. -->","yoast_head_json":{"title":"Weiterer Schlag gegen Neonazi-Szene - St\u00f6rungsmelder","robots":{"index":"index","follow":"follow","max-snippet":"max-snippet:-1","max-image-preview":"max-image-preview:large","max-video-preview":"max-video-preview:-1"},"canonical":"https:\/\/blog.zeit.de\/stoerungsmelder\/2012\/06\/14\/weiterer-schlag-gegen-neonazi-szene_8838","og_locale":"de_DE","og_type":"article","og_title":"Weiterer Schlag gegen Neonazi-Szene - St\u00f6rungsmelder","og_description":"Die rechtsextreme Szene ger\u00e4t immer st\u00e4rker unter Druck. Heute durchsuchten 270 Polizisten in elf Bundesl\u00e4ndern insgesamt 24 Wohnungen und Gesch\u00e4ftsr\u00e4ume. Vier Verd\u00e4chtige kamen wegen Fluchtgefahr in Untersuchungshaft. Grund f\u00fcr die Razzia ist das gr\u00f6\u00dfte rechtsextreme Internetforum Deutschlands namens Thiazi.","og_url":"https:\/\/blog.zeit.de\/stoerungsmelder\/2012\/06\/14\/weiterer-schlag-gegen-neonazi-szene_8838","og_site_name":"St\u00f6rungsmelder","article_published_time":"2012-06-14T13:32:35+00:00","article_modified_time":"2017-07-08T14:35:31+00:00","og_image":[{"url":"https:\/\/blog.zeit.de\/stoerungsmelder\/files\/2012\/06\/hamburg2012.jpg"}],"author":"St\u00f6rungsmelder","twitter_card":"summary_large_image","twitter_misc":{"Geschrieben von":"St\u00f6rungsmelder","Gesch\u00e4tzte Lesezeit":"2\u00a0Minuten"},"schema":{"@context":"https:\/\/schema.org","@graph":[{"@type":"WebPage","@id":"https:\/\/blog.zeit.de\/stoerungsmelder\/2012\/06\/14\/weiterer-schlag-gegen-neonazi-szene_8838","url":"https:\/\/blog.zeit.de\/stoerungsmelder\/2012\/06\/14\/weiterer-schlag-gegen-neonazi-szene_8838","name":"Weiterer Schlag gegen Neonazi-Szene - St\u00f6rungsmelder","isPartOf":{"@id":"https:\/\/blog.zeit.de\/stoerungsmelder\/#website"},"datePublished":"2012-06-14T13:32:35+00:00","dateModified":"2017-07-08T14:35:31+00:00","author":{"@id":"https:\/\/blog.zeit.de\/stoerungsmelder\/#\/schema\/person\/fdd0b9818f65738672810b6d6f037f71"},"breadcrumb":{"@id":"https:\/\/blog.zeit.de\/stoerungsmelder\/2012\/06\/14\/weiterer-schlag-gegen-neonazi-szene_8838#breadcrumb"},"inLanguage":"de","potentialAction":[{"@type":"ReadAction","target":["https:\/\/blog.zeit.de\/stoerungsmelder\/2012\/06\/14\/weiterer-schlag-gegen-neonazi-szene_8838"]}]},{"@type":"BreadcrumbList","@id":"https:\/\/blog.zeit.de\/stoerungsmelder\/2012\/06\/14\/weiterer-schlag-gegen-neonazi-szene_8838#breadcrumb","itemListElement":[{"@type":"ListItem","position":1,"name":"Startseite","item":"https:\/\/blog.zeit.de\/stoerungsmelder"},{"@type":"ListItem","position":2,"name":"Weiterer Schlag gegen Neonazi-Szene"}]},{"@type":"WebSite","@id":"https:\/\/blog.zeit.de\/stoerungsmelder\/#website","url":"https:\/\/blog.zeit.de\/stoerungsmelder\/","name":"St\u00f6rungsmelder","description":"Recherchen und Analysen \u00fcber die extreme Rechte","potentialAction":[{"@type":"SearchAction","target":{"@type":"EntryPoint","urlTemplate":"https:\/\/blog.zeit.de\/stoerungsmelder\/?s={search_term_string}"},"query-input":"required name=search_term_string"}],"inLanguage":"de"},{"@type":"Person","@id":"https:\/\/blog.zeit.de\/stoerungsmelder\/#\/schema\/person\/fdd0b9818f65738672810b6d6f037f71","name":"St\u00f6rungsmelder","image":{"@type":"ImageObject","inLanguage":"de","@id":"https:\/\/blog.zeit.de\/stoerungsmelder\/#\/schema\/person\/image\/","url":"https:\/\/secure.gravatar.com\/avatar\/dfa4be514c3e82a71e4f9a0020035d38192d080ccaa5e4e6d7a1472c763535c5?s=96&d=mm&r=pg","contentUrl":"https:\/\/secure.gravatar.com\/avatar\/dfa4be514c3e82a71e4f9a0020035d38192d080ccaa5e4e6d7a1472c763535c5?s=96&d=mm&r=pg","caption":"St\u00f6rungsmelder"},"url":"https:\/\/blog.zeit.de\/stoerungsmelder\/author\/stoerungsmelder"}]}},"jetpack_featured_media_url":"","jetpack_sharing_enabled":true,"_links":{"self":[{"href":"https:\/\/blog.zeit.de\/stoerungsmelder\/wp-json\/wp\/v2\/posts\/8838","targetHints":{"allow":["GET"]}}],"collection":[{"href":"https:\/\/blog.zeit.de\/stoerungsmelder\/wp-json\/wp\/v2\/posts"}],"about":[{"href":"https:\/\/blog.zeit.de\/stoerungsmelder\/wp-json\/wp\/v2\/types\/post"}],"author":[{"embeddable":true,"href":"https:\/\/blog.zeit.de\/stoerungsmelder\/wp-json\/wp\/v2\/users\/229"}],"replies":[{"embeddable":true,"href":"https:\/\/blog.zeit.de\/stoerungsmelder\/wp-json\/wp\/v2\/comments?post=8838"}],"version-history":[{"count":22,"href":"https:\/\/blog.zeit.de\/stoerungsmelder\/wp-json\/wp\/v2\/posts\/8838\/revisions"}],"predecessor-version":[{"id":24102,"href":"https:\/\/blog.zeit.de\/stoerungsmelder\/wp-json\/wp\/v2\/posts\/8838\/revisions\/24102"}],"wp:attachment":[{"href":"https:\/\/blog.zeit.de\/stoerungsmelder\/wp-json\/wp\/v2\/media?parent=8838"}],"wp:term":[{"taxonomy":"category","embeddable":true,"href":"https:\/\/blog.zeit.de\/stoerungsmelder\/wp-json\/wp\/v2\/categories?post=8838"},{"taxonomy":"post_tag","embeddable":true,"href":"https:\/\/blog.zeit.de\/stoerungsmelder\/wp-json\/wp\/v2\/tags?post=8838"}],"curies":[{"name":"wp","href":"https:\/\/api.w.org\/{rel}","templated":true}]}}