{"id":892,"date":"2009-03-18T13:48:44","date_gmt":"2009-03-18T12:48:44","guid":{"rendered":"http:\/\/blog.zeit.de\/stoerungsmelder\/?p=892"},"modified":"2009-03-18T13:48:44","modified_gmt":"2009-03-18T12:48:44","slug":"bundesweite-aktionswochen-gegen-rassismus","status":"publish","type":"post","link":"https:\/\/blog.zeit.de\/stoerungsmelder\/2009\/03\/18\/bundesweite-aktionswochen-gegen-rassismus_892","title":{"rendered":"Bundesweite Aktionswochen gegen Rassismus"},"content":{"rendered":"<p>Bis zum 25. M\u00e4rz laufen sie noch, die <a href=\"http:\/\/www.gesichtzeigen.de\/wp-content\/uploads\/2008\/01\/vk-iwgr09-ges-040309-sortiert.pdf\" target=\"_blank\">bundesweiten Aktionswochen gegen Rassismus<\/a>. Bundesweit finden rund um den internationalen Tag zur \u00dcberwindung des Rassismus und unterst\u00fctzt von zahlreichen Politikern, Prominenten, Schulen, Kinos, Kultureinrichtungen und Initiativen, viele Veranstaltungen zum Thema statt.<\/p>\n<p>Unser Partner, der Verein <a href=\"http:\/\/www.gesichtzeigen.de\/\" target=\"_blank\">Gesicht Zeigen!<\/a> ist mit einem vielseitigen Programm in Berlin dabei. Was genau der Verein macht, haben die Kollegen von <a href=\"http:\/\/www.motor.de\/\" target=\"_blank\">Motor FM<\/a> vor Ort herausgefunden:<\/p>\n<p><a href=\"https:\/\/blog.zeit.de\/stoerungsmelder\/wp-content\/uploads\/2009\/03\/0317-gesicht-zeigen.mp3\"><\/a><a href=\"https:\/\/blog.zeit.de\/stoerungsmelder\/wp-content\/uploads\/2009\/03\/0317-gesicht-zeigen1.mp3\"><\/a><a href=\"https:\/\/blog.zeit.de\/stoerungsmelder\/files\/2009\/03\/gesichtzeigen.mp3\">Aktionswochen gegen Rassismus Gesicht Zeigen<\/a><a href=\"https:\/\/blog.zeit.de\/stoerungsmelder\/wp-content\/uploads\/2009\/03\/0317-gesicht-zeigen1.mp3\"><\/a><\/p>\n","protected":false},"excerpt":{"rendered":"<p>Bis zum 25. M\u00e4rz laufen sie noch, die bundesweiten Aktionswochen gegen Rassismus. Bundesweit finden rund um den internationalen Tag zur \u00dcberwindung des Rassismus und unterst\u00fctzt von zahlreichen Politikern, Prominenten, Schulen, Kinos, Kultureinrichtungen und Initiativen, viele Veranstaltungen zum Thema statt. Unser Partner, der Verein Gesicht Zeigen! ist mit einem vielseitigen Programm in Berlin dabei. Was genau [&hellip;]<\/p>\n","protected":false},"author":229,"featured_media":0,"comment_status":"open","ping_status":"open","sticky":false,"template":"","format":"standard","meta":{"_jetpack_memberships_contains_paid_content":false,"footnotes":""},"categories":[1515],"tags":[],"class_list":["post-892","post","type-post","status-publish","format-standard","hentry","category-bundesweit"],"yoast_head":"<!-- This site is optimized with the Yoast SEO plugin v21.0 - https:\/\/yoast.com\/wordpress\/plugins\/seo\/ -->\n<title>Bundesweite Aktionswochen gegen Rassismus - St\u00f6rungsmelder<\/title>\n<meta name=\"robots\" content=\"index, follow, max-snippet:-1, max-image-preview:large, max-video-preview:-1\" \/>\n<link rel=\"canonical\" href=\"https:\/\/blog.zeit.de\/stoerungsmelder\/2009\/03\/18\/bundesweite-aktionswochen-gegen-rassismus_892\" \/>\n<meta property=\"og:locale\" content=\"de_DE\" \/>\n<meta property=\"og:type\" content=\"article\" \/>\n<meta property=\"og:title\" content=\"Bundesweite Aktionswochen gegen Rassismus - St\u00f6rungsmelder\" \/>\n<meta property=\"og:description\" content=\"Bis zum 25. M\u00e4rz laufen sie noch, die bundesweiten Aktionswochen gegen Rassismus. Bundesweit finden rund um den internationalen Tag zur \u00dcberwindung des Rassismus und unterst\u00fctzt von zahlreichen Politikern, Prominenten, Schulen, Kinos, Kultureinrichtungen und Initiativen, viele Veranstaltungen zum Thema statt. Unser Partner, der Verein Gesicht Zeigen! ist mit einem vielseitigen Programm in Berlin dabei. Was genau [&hellip;]\" \/>\n<meta property=\"og:url\" content=\"https:\/\/blog.zeit.de\/stoerungsmelder\/2009\/03\/18\/bundesweite-aktionswochen-gegen-rassismus_892\" \/>\n<meta property=\"og:site_name\" content=\"St\u00f6rungsmelder\" \/>\n<meta property=\"article:published_time\" content=\"2009-03-18T12:48:44+00:00\" \/>\n<meta name=\"author\" content=\"St\u00f6rungsmelder\" \/>\n<meta name=\"twitter:card\" content=\"summary_large_image\" \/>\n<meta name=\"twitter:label1\" content=\"Geschrieben von\" \/>\n\t<meta name=\"twitter:data1\" content=\"St\u00f6rungsmelder\" \/>\n<script type=\"application\/ld+json\" class=\"yoast-schema-graph\">{\"@context\":\"https:\/\/schema.org\",\"@graph\":[{\"@type\":\"WebPage\",\"@id\":\"https:\/\/blog.zeit.de\/stoerungsmelder\/2009\/03\/18\/bundesweite-aktionswochen-gegen-rassismus_892\",\"url\":\"https:\/\/blog.zeit.de\/stoerungsmelder\/2009\/03\/18\/bundesweite-aktionswochen-gegen-rassismus_892\",\"name\":\"Bundesweite Aktionswochen gegen Rassismus - St\u00f6rungsmelder\",\"isPartOf\":{\"@id\":\"https:\/\/blog.zeit.de\/stoerungsmelder\/#website\"},\"datePublished\":\"2009-03-18T12:48:44+00:00\",\"dateModified\":\"2009-03-18T12:48:44+00:00\",\"author\":{\"@id\":\"https:\/\/blog.zeit.de\/stoerungsmelder\/#\/schema\/person\/fdd0b9818f65738672810b6d6f037f71\"},\"breadcrumb\":{\"@id\":\"https:\/\/blog.zeit.de\/stoerungsmelder\/2009\/03\/18\/bundesweite-aktionswochen-gegen-rassismus_892#breadcrumb\"},\"inLanguage\":\"de\",\"potentialAction\":[{\"@type\":\"ReadAction\",\"target\":[\"https:\/\/blog.zeit.de\/stoerungsmelder\/2009\/03\/18\/bundesweite-aktionswochen-gegen-rassismus_892\"]}]},{\"@type\":\"BreadcrumbList\",\"@id\":\"https:\/\/blog.zeit.de\/stoerungsmelder\/2009\/03\/18\/bundesweite-aktionswochen-gegen-rassismus_892#breadcrumb\",\"itemListElement\":[{\"@type\":\"ListItem\",\"position\":1,\"name\":\"Startseite\",\"item\":\"https:\/\/blog.zeit.de\/stoerungsmelder\"},{\"@type\":\"ListItem\",\"position\":2,\"name\":\"Bundesweite Aktionswochen gegen Rassismus\"}]},{\"@type\":\"WebSite\",\"@id\":\"https:\/\/blog.zeit.de\/stoerungsmelder\/#website\",\"url\":\"https:\/\/blog.zeit.de\/stoerungsmelder\/\",\"name\":\"St\u00f6rungsmelder\",\"description\":\"Recherchen und Analysen \u00fcber die extreme Rechte\",\"potentialAction\":[{\"@type\":\"SearchAction\",\"target\":{\"@type\":\"EntryPoint\",\"urlTemplate\":\"https:\/\/blog.zeit.de\/stoerungsmelder\/?s={search_term_string}\"},\"query-input\":\"required name=search_term_string\"}],\"inLanguage\":\"de\"},{\"@type\":\"Person\",\"@id\":\"https:\/\/blog.zeit.de\/stoerungsmelder\/#\/schema\/person\/fdd0b9818f65738672810b6d6f037f71\",\"name\":\"St\u00f6rungsmelder\",\"image\":{\"@type\":\"ImageObject\",\"inLanguage\":\"de\",\"@id\":\"https:\/\/blog.zeit.de\/stoerungsmelder\/#\/schema\/person\/image\/\",\"url\":\"https:\/\/secure.gravatar.com\/avatar\/dfa4be514c3e82a71e4f9a0020035d38192d080ccaa5e4e6d7a1472c763535c5?s=96&d=mm&r=pg\",\"contentUrl\":\"https:\/\/secure.gravatar.com\/avatar\/dfa4be514c3e82a71e4f9a0020035d38192d080ccaa5e4e6d7a1472c763535c5?s=96&d=mm&r=pg\",\"caption\":\"St\u00f6rungsmelder\"},\"url\":\"https:\/\/blog.zeit.de\/stoerungsmelder\/author\/stoerungsmelder\"}]}<\/script>\n<!-- \/ Yoast SEO plugin. -->","yoast_head_json":{"title":"Bundesweite Aktionswochen gegen Rassismus - St\u00f6rungsmelder","robots":{"index":"index","follow":"follow","max-snippet":"max-snippet:-1","max-image-preview":"max-image-preview:large","max-video-preview":"max-video-preview:-1"},"canonical":"https:\/\/blog.zeit.de\/stoerungsmelder\/2009\/03\/18\/bundesweite-aktionswochen-gegen-rassismus_892","og_locale":"de_DE","og_type":"article","og_title":"Bundesweite Aktionswochen gegen Rassismus - St\u00f6rungsmelder","og_description":"Bis zum 25. M\u00e4rz laufen sie noch, die bundesweiten Aktionswochen gegen Rassismus. Bundesweit finden rund um den internationalen Tag zur \u00dcberwindung des Rassismus und unterst\u00fctzt von zahlreichen Politikern, Prominenten, Schulen, Kinos, Kultureinrichtungen und Initiativen, viele Veranstaltungen zum Thema statt. Unser Partner, der Verein Gesicht Zeigen! ist mit einem vielseitigen Programm in Berlin dabei. Was genau [&hellip;]","og_url":"https:\/\/blog.zeit.de\/stoerungsmelder\/2009\/03\/18\/bundesweite-aktionswochen-gegen-rassismus_892","og_site_name":"St\u00f6rungsmelder","article_published_time":"2009-03-18T12:48:44+00:00","author":"St\u00f6rungsmelder","twitter_card":"summary_large_image","twitter_misc":{"Geschrieben von":"St\u00f6rungsmelder"},"schema":{"@context":"https:\/\/schema.org","@graph":[{"@type":"WebPage","@id":"https:\/\/blog.zeit.de\/stoerungsmelder\/2009\/03\/18\/bundesweite-aktionswochen-gegen-rassismus_892","url":"https:\/\/blog.zeit.de\/stoerungsmelder\/2009\/03\/18\/bundesweite-aktionswochen-gegen-rassismus_892","name":"Bundesweite Aktionswochen gegen Rassismus - St\u00f6rungsmelder","isPartOf":{"@id":"https:\/\/blog.zeit.de\/stoerungsmelder\/#website"},"datePublished":"2009-03-18T12:48:44+00:00","dateModified":"2009-03-18T12:48:44+00:00","author":{"@id":"https:\/\/blog.zeit.de\/stoerungsmelder\/#\/schema\/person\/fdd0b9818f65738672810b6d6f037f71"},"breadcrumb":{"@id":"https:\/\/blog.zeit.de\/stoerungsmelder\/2009\/03\/18\/bundesweite-aktionswochen-gegen-rassismus_892#breadcrumb"},"inLanguage":"de","potentialAction":[{"@type":"ReadAction","target":["https:\/\/blog.zeit.de\/stoerungsmelder\/2009\/03\/18\/bundesweite-aktionswochen-gegen-rassismus_892"]}]},{"@type":"BreadcrumbList","@id":"https:\/\/blog.zeit.de\/stoerungsmelder\/2009\/03\/18\/bundesweite-aktionswochen-gegen-rassismus_892#breadcrumb","itemListElement":[{"@type":"ListItem","position":1,"name":"Startseite","item":"https:\/\/blog.zeit.de\/stoerungsmelder"},{"@type":"ListItem","position":2,"name":"Bundesweite Aktionswochen gegen Rassismus"}]},{"@type":"WebSite","@id":"https:\/\/blog.zeit.de\/stoerungsmelder\/#website","url":"https:\/\/blog.zeit.de\/stoerungsmelder\/","name":"St\u00f6rungsmelder","description":"Recherchen und Analysen \u00fcber die extreme Rechte","potentialAction":[{"@type":"SearchAction","target":{"@type":"EntryPoint","urlTemplate":"https:\/\/blog.zeit.de\/stoerungsmelder\/?s={search_term_string}"},"query-input":"required name=search_term_string"}],"inLanguage":"de"},{"@type":"Person","@id":"https:\/\/blog.zeit.de\/stoerungsmelder\/#\/schema\/person\/fdd0b9818f65738672810b6d6f037f71","name":"St\u00f6rungsmelder","image":{"@type":"ImageObject","inLanguage":"de","@id":"https:\/\/blog.zeit.de\/stoerungsmelder\/#\/schema\/person\/image\/","url":"https:\/\/secure.gravatar.com\/avatar\/dfa4be514c3e82a71e4f9a0020035d38192d080ccaa5e4e6d7a1472c763535c5?s=96&d=mm&r=pg","contentUrl":"https:\/\/secure.gravatar.com\/avatar\/dfa4be514c3e82a71e4f9a0020035d38192d080ccaa5e4e6d7a1472c763535c5?s=96&d=mm&r=pg","caption":"St\u00f6rungsmelder"},"url":"https:\/\/blog.zeit.de\/stoerungsmelder\/author\/stoerungsmelder"}]}},"jetpack_featured_media_url":"","jetpack_sharing_enabled":true,"_links":{"self":[{"href":"https:\/\/blog.zeit.de\/stoerungsmelder\/wp-json\/wp\/v2\/posts\/892","targetHints":{"allow":["GET"]}}],"collection":[{"href":"https:\/\/blog.zeit.de\/stoerungsmelder\/wp-json\/wp\/v2\/posts"}],"about":[{"href":"https:\/\/blog.zeit.de\/stoerungsmelder\/wp-json\/wp\/v2\/types\/post"}],"author":[{"embeddable":true,"href":"https:\/\/blog.zeit.de\/stoerungsmelder\/wp-json\/wp\/v2\/users\/229"}],"replies":[{"embeddable":true,"href":"https:\/\/blog.zeit.de\/stoerungsmelder\/wp-json\/wp\/v2\/comments?post=892"}],"version-history":[{"count":0,"href":"https:\/\/blog.zeit.de\/stoerungsmelder\/wp-json\/wp\/v2\/posts\/892\/revisions"}],"wp:attachment":[{"href":"https:\/\/blog.zeit.de\/stoerungsmelder\/wp-json\/wp\/v2\/media?parent=892"}],"wp:term":[{"taxonomy":"category","embeddable":true,"href":"https:\/\/blog.zeit.de\/stoerungsmelder\/wp-json\/wp\/v2\/categories?post=892"},{"taxonomy":"post_tag","embeddable":true,"href":"https:\/\/blog.zeit.de\/stoerungsmelder\/wp-json\/wp\/v2\/tags?post=892"}],"curies":[{"name":"wp","href":"https:\/\/api.w.org\/{rel}","templated":true}]}}