{"id":8985,"date":"2012-07-04T17:03:04","date_gmt":"2012-07-04T15:03:04","guid":{"rendered":"http:\/\/blog.zeit.de\/stoerungsmelder\/?p=8985"},"modified":"2012-07-05T17:25:25","modified_gmt":"2012-07-05T15:25:25","slug":"videoempfehlung-die-unsterblichen-in-den-medien","status":"publish","type":"post","link":"https:\/\/blog.zeit.de\/stoerungsmelder\/2012\/07\/04\/videoempfehlung-die-unsterblichen-in-den-medien_8985","title":{"rendered":"Videoempfehlung: &#8222;Die Unsterblichen&#8220; und die Medien"},"content":{"rendered":"<p><figure id=\"attachment_8924\" aria-describedby=\"caption-attachment-8924\" style=\"width: 540px\" class=\"wp-caption aligncenter\"><a href=\"https:\/\/blog.zeit.de\/stoerungsmelder\/files\/2012\/06\/Neonazis-2-540x304.jpg\"><img loading=\"lazy\" decoding=\"async\" class=\"size-full wp-image-8924\" src=\"https:\/\/blog.zeit.de\/stoerungsmelder\/files\/2012\/06\/Neonazis-2-540x304.jpg\" alt=\"\" width=\"540\" height=\"304\" srcset=\"https:\/\/blog.zeit.de\/stoerungsmelder\/files\/2012\/06\/Neonazis-2-540x304.jpg 540w, https:\/\/blog.zeit.de\/stoerungsmelder\/files\/2012\/06\/Neonazis-2-540x304-300x168.jpg 300w\" sizes=\"auto, (max-width: 540px) 100vw, 540px\" \/><\/a><figcaption id=\"caption-attachment-8924\" class=\"wp-caption-text\">Fackelmarsch nach NS-Vorbild - Szenen aus einem Video-Clip der &quot;Unsterblichen&quot;<\/figcaption><\/figure><\/p>\n<p>Bis vor kurzem marschierten sie mit Fackeln und Masken durch die Stra\u00dfen, filmten ihre M\u00e4rsche und stellten davon sp\u00e4ter professionelle Videos ins Internet &#8211; &#8222;Die Unsterblichen&#8220;. Wie kaum eine andere neonazistische Gruppierung verstanden es &#8222;Die Unsterblichen&#8220; (<a href=\"https:\/\/blog.zeit.de\/stoerungsmelder\/2012\/06\/19\/das-ende-der-nazi-masken-show_8923\">die erst k\u00fcrzlich vom brandenburgischen Innenminister verboten wurden<\/a>), sich ganz im Sinne ihrer Propaganda martialisch zu inszenieren. Damit hat sich der NDR nun in einem <a href=\"http:\/\/www.ndr.de\/regional\/rechtsextreme109.html\">sehenswerten Video-Beitrag<\/a>\u00a0befasst.<!--more--><\/p>\n","protected":false},"excerpt":{"rendered":"<p>Bis vor kurzem marschierten sie mit Fackeln und Masken durch die Stra\u00dfen, filmten ihre M\u00e4rsche und stellten davon sp\u00e4ter professionelle Videos ins Internet &#8211; &#8222;Die Unsterblichen&#8220;. Wie kaum eine andere neonazistische Gruppierung verstanden es &#8222;Die Unsterblichen&#8220; (die erst k\u00fcrzlich vom brandenburgischen Innenminister verboten wurden), sich ganz im Sinne ihrer Propaganda martialisch zu inszenieren. Damit hat [&hellip;]<\/p>\n","protected":false},"author":229,"featured_media":0,"comment_status":"open","ping_status":"open","sticky":false,"template":"","format":"standard","meta":{"_jetpack_memberships_contains_paid_content":false,"footnotes":""},"categories":[1515],"tags":[],"class_list":["post-8985","post","type-post","status-publish","format-standard","hentry","category-bundesweit"],"yoast_head":"<!-- This site is optimized with the Yoast SEO plugin v21.0 - https:\/\/yoast.com\/wordpress\/plugins\/seo\/ -->\n<title>Videoempfehlung: &quot;Die Unsterblichen&quot; und die Medien - St\u00f6rungsmelder<\/title>\n<meta name=\"robots\" content=\"index, follow, max-snippet:-1, max-image-preview:large, max-video-preview:-1\" \/>\n<link rel=\"canonical\" href=\"https:\/\/blog.zeit.de\/stoerungsmelder\/2012\/07\/04\/videoempfehlung-die-unsterblichen-in-den-medien_8985\" \/>\n<meta property=\"og:locale\" content=\"de_DE\" \/>\n<meta property=\"og:type\" content=\"article\" \/>\n<meta property=\"og:title\" content=\"Videoempfehlung: &quot;Die Unsterblichen&quot; und die Medien - St\u00f6rungsmelder\" \/>\n<meta property=\"og:description\" content=\"Bis vor kurzem marschierten sie mit Fackeln und Masken durch die Stra\u00dfen, filmten ihre M\u00e4rsche und stellten davon sp\u00e4ter professionelle Videos ins Internet &#8211; &#8222;Die Unsterblichen&#8220;. Wie kaum eine andere neonazistische Gruppierung verstanden es &#8222;Die Unsterblichen&#8220; (die erst k\u00fcrzlich vom brandenburgischen Innenminister verboten wurden), sich ganz im Sinne ihrer Propaganda martialisch zu inszenieren. Damit hat [&hellip;]\" \/>\n<meta property=\"og:url\" content=\"https:\/\/blog.zeit.de\/stoerungsmelder\/2012\/07\/04\/videoempfehlung-die-unsterblichen-in-den-medien_8985\" \/>\n<meta property=\"og:site_name\" content=\"St\u00f6rungsmelder\" \/>\n<meta property=\"article:published_time\" content=\"2012-07-04T15:03:04+00:00\" \/>\n<meta property=\"article:modified_time\" content=\"2012-07-05T15:25:25+00:00\" \/>\n<meta property=\"og:image\" content=\"https:\/\/blog.zeit.de\/stoerungsmelder\/files\/2012\/06\/Neonazis-2-540x304.jpg\" \/>\n<meta name=\"author\" content=\"St\u00f6rungsmelder\" \/>\n<meta name=\"twitter:card\" content=\"summary_large_image\" \/>\n<meta name=\"twitter:label1\" content=\"Geschrieben von\" \/>\n\t<meta name=\"twitter:data1\" content=\"St\u00f6rungsmelder\" \/>\n<script type=\"application\/ld+json\" class=\"yoast-schema-graph\">{\"@context\":\"https:\/\/schema.org\",\"@graph\":[{\"@type\":\"WebPage\",\"@id\":\"https:\/\/blog.zeit.de\/stoerungsmelder\/2012\/07\/04\/videoempfehlung-die-unsterblichen-in-den-medien_8985\",\"url\":\"https:\/\/blog.zeit.de\/stoerungsmelder\/2012\/07\/04\/videoempfehlung-die-unsterblichen-in-den-medien_8985\",\"name\":\"Videoempfehlung: \\\"Die Unsterblichen\\\" und die Medien - St\u00f6rungsmelder\",\"isPartOf\":{\"@id\":\"https:\/\/blog.zeit.de\/stoerungsmelder\/#website\"},\"datePublished\":\"2012-07-04T15:03:04+00:00\",\"dateModified\":\"2012-07-05T15:25:25+00:00\",\"author\":{\"@id\":\"https:\/\/blog.zeit.de\/stoerungsmelder\/#\/schema\/person\/fdd0b9818f65738672810b6d6f037f71\"},\"breadcrumb\":{\"@id\":\"https:\/\/blog.zeit.de\/stoerungsmelder\/2012\/07\/04\/videoempfehlung-die-unsterblichen-in-den-medien_8985#breadcrumb\"},\"inLanguage\":\"de\",\"potentialAction\":[{\"@type\":\"ReadAction\",\"target\":[\"https:\/\/blog.zeit.de\/stoerungsmelder\/2012\/07\/04\/videoempfehlung-die-unsterblichen-in-den-medien_8985\"]}]},{\"@type\":\"BreadcrumbList\",\"@id\":\"https:\/\/blog.zeit.de\/stoerungsmelder\/2012\/07\/04\/videoempfehlung-die-unsterblichen-in-den-medien_8985#breadcrumb\",\"itemListElement\":[{\"@type\":\"ListItem\",\"position\":1,\"name\":\"Startseite\",\"item\":\"https:\/\/blog.zeit.de\/stoerungsmelder\"},{\"@type\":\"ListItem\",\"position\":2,\"name\":\"Videoempfehlung: &#8222;Die Unsterblichen&#8220; und die Medien\"}]},{\"@type\":\"WebSite\",\"@id\":\"https:\/\/blog.zeit.de\/stoerungsmelder\/#website\",\"url\":\"https:\/\/blog.zeit.de\/stoerungsmelder\/\",\"name\":\"St\u00f6rungsmelder\",\"description\":\"Recherchen und Analysen \u00fcber die extreme Rechte\",\"potentialAction\":[{\"@type\":\"SearchAction\",\"target\":{\"@type\":\"EntryPoint\",\"urlTemplate\":\"https:\/\/blog.zeit.de\/stoerungsmelder\/?s={search_term_string}\"},\"query-input\":\"required name=search_term_string\"}],\"inLanguage\":\"de\"},{\"@type\":\"Person\",\"@id\":\"https:\/\/blog.zeit.de\/stoerungsmelder\/#\/schema\/person\/fdd0b9818f65738672810b6d6f037f71\",\"name\":\"St\u00f6rungsmelder\",\"image\":{\"@type\":\"ImageObject\",\"inLanguage\":\"de\",\"@id\":\"https:\/\/blog.zeit.de\/stoerungsmelder\/#\/schema\/person\/image\/\",\"url\":\"https:\/\/secure.gravatar.com\/avatar\/dfa4be514c3e82a71e4f9a0020035d38192d080ccaa5e4e6d7a1472c763535c5?s=96&d=mm&r=pg\",\"contentUrl\":\"https:\/\/secure.gravatar.com\/avatar\/dfa4be514c3e82a71e4f9a0020035d38192d080ccaa5e4e6d7a1472c763535c5?s=96&d=mm&r=pg\",\"caption\":\"St\u00f6rungsmelder\"},\"url\":\"https:\/\/blog.zeit.de\/stoerungsmelder\/author\/stoerungsmelder\"}]}<\/script>\n<!-- \/ Yoast SEO plugin. -->","yoast_head_json":{"title":"Videoempfehlung: \"Die Unsterblichen\" und die Medien - St\u00f6rungsmelder","robots":{"index":"index","follow":"follow","max-snippet":"max-snippet:-1","max-image-preview":"max-image-preview:large","max-video-preview":"max-video-preview:-1"},"canonical":"https:\/\/blog.zeit.de\/stoerungsmelder\/2012\/07\/04\/videoempfehlung-die-unsterblichen-in-den-medien_8985","og_locale":"de_DE","og_type":"article","og_title":"Videoempfehlung: \"Die Unsterblichen\" und die Medien - St\u00f6rungsmelder","og_description":"Bis vor kurzem marschierten sie mit Fackeln und Masken durch die Stra\u00dfen, filmten ihre M\u00e4rsche und stellten davon sp\u00e4ter professionelle Videos ins Internet &#8211; &#8222;Die Unsterblichen&#8220;. Wie kaum eine andere neonazistische Gruppierung verstanden es &#8222;Die Unsterblichen&#8220; (die erst k\u00fcrzlich vom brandenburgischen Innenminister verboten wurden), sich ganz im Sinne ihrer Propaganda martialisch zu inszenieren. Damit hat [&hellip;]","og_url":"https:\/\/blog.zeit.de\/stoerungsmelder\/2012\/07\/04\/videoempfehlung-die-unsterblichen-in-den-medien_8985","og_site_name":"St\u00f6rungsmelder","article_published_time":"2012-07-04T15:03:04+00:00","article_modified_time":"2012-07-05T15:25:25+00:00","og_image":[{"url":"https:\/\/blog.zeit.de\/stoerungsmelder\/files\/2012\/06\/Neonazis-2-540x304.jpg"}],"author":"St\u00f6rungsmelder","twitter_card":"summary_large_image","twitter_misc":{"Geschrieben von":"St\u00f6rungsmelder"},"schema":{"@context":"https:\/\/schema.org","@graph":[{"@type":"WebPage","@id":"https:\/\/blog.zeit.de\/stoerungsmelder\/2012\/07\/04\/videoempfehlung-die-unsterblichen-in-den-medien_8985","url":"https:\/\/blog.zeit.de\/stoerungsmelder\/2012\/07\/04\/videoempfehlung-die-unsterblichen-in-den-medien_8985","name":"Videoempfehlung: \"Die Unsterblichen\" und die Medien - St\u00f6rungsmelder","isPartOf":{"@id":"https:\/\/blog.zeit.de\/stoerungsmelder\/#website"},"datePublished":"2012-07-04T15:03:04+00:00","dateModified":"2012-07-05T15:25:25+00:00","author":{"@id":"https:\/\/blog.zeit.de\/stoerungsmelder\/#\/schema\/person\/fdd0b9818f65738672810b6d6f037f71"},"breadcrumb":{"@id":"https:\/\/blog.zeit.de\/stoerungsmelder\/2012\/07\/04\/videoempfehlung-die-unsterblichen-in-den-medien_8985#breadcrumb"},"inLanguage":"de","potentialAction":[{"@type":"ReadAction","target":["https:\/\/blog.zeit.de\/stoerungsmelder\/2012\/07\/04\/videoempfehlung-die-unsterblichen-in-den-medien_8985"]}]},{"@type":"BreadcrumbList","@id":"https:\/\/blog.zeit.de\/stoerungsmelder\/2012\/07\/04\/videoempfehlung-die-unsterblichen-in-den-medien_8985#breadcrumb","itemListElement":[{"@type":"ListItem","position":1,"name":"Startseite","item":"https:\/\/blog.zeit.de\/stoerungsmelder"},{"@type":"ListItem","position":2,"name":"Videoempfehlung: &#8222;Die Unsterblichen&#8220; und die Medien"}]},{"@type":"WebSite","@id":"https:\/\/blog.zeit.de\/stoerungsmelder\/#website","url":"https:\/\/blog.zeit.de\/stoerungsmelder\/","name":"St\u00f6rungsmelder","description":"Recherchen und Analysen \u00fcber die extreme Rechte","potentialAction":[{"@type":"SearchAction","target":{"@type":"EntryPoint","urlTemplate":"https:\/\/blog.zeit.de\/stoerungsmelder\/?s={search_term_string}"},"query-input":"required name=search_term_string"}],"inLanguage":"de"},{"@type":"Person","@id":"https:\/\/blog.zeit.de\/stoerungsmelder\/#\/schema\/person\/fdd0b9818f65738672810b6d6f037f71","name":"St\u00f6rungsmelder","image":{"@type":"ImageObject","inLanguage":"de","@id":"https:\/\/blog.zeit.de\/stoerungsmelder\/#\/schema\/person\/image\/","url":"https:\/\/secure.gravatar.com\/avatar\/dfa4be514c3e82a71e4f9a0020035d38192d080ccaa5e4e6d7a1472c763535c5?s=96&d=mm&r=pg","contentUrl":"https:\/\/secure.gravatar.com\/avatar\/dfa4be514c3e82a71e4f9a0020035d38192d080ccaa5e4e6d7a1472c763535c5?s=96&d=mm&r=pg","caption":"St\u00f6rungsmelder"},"url":"https:\/\/blog.zeit.de\/stoerungsmelder\/author\/stoerungsmelder"}]}},"jetpack_featured_media_url":"","jetpack_sharing_enabled":true,"_links":{"self":[{"href":"https:\/\/blog.zeit.de\/stoerungsmelder\/wp-json\/wp\/v2\/posts\/8985","targetHints":{"allow":["GET"]}}],"collection":[{"href":"https:\/\/blog.zeit.de\/stoerungsmelder\/wp-json\/wp\/v2\/posts"}],"about":[{"href":"https:\/\/blog.zeit.de\/stoerungsmelder\/wp-json\/wp\/v2\/types\/post"}],"author":[{"embeddable":true,"href":"https:\/\/blog.zeit.de\/stoerungsmelder\/wp-json\/wp\/v2\/users\/229"}],"replies":[{"embeddable":true,"href":"https:\/\/blog.zeit.de\/stoerungsmelder\/wp-json\/wp\/v2\/comments?post=8985"}],"version-history":[{"count":8,"href":"https:\/\/blog.zeit.de\/stoerungsmelder\/wp-json\/wp\/v2\/posts\/8985\/revisions"}],"predecessor-version":[{"id":9013,"href":"https:\/\/blog.zeit.de\/stoerungsmelder\/wp-json\/wp\/v2\/posts\/8985\/revisions\/9013"}],"wp:attachment":[{"href":"https:\/\/blog.zeit.de\/stoerungsmelder\/wp-json\/wp\/v2\/media?parent=8985"}],"wp:term":[{"taxonomy":"category","embeddable":true,"href":"https:\/\/blog.zeit.de\/stoerungsmelder\/wp-json\/wp\/v2\/categories?post=8985"},{"taxonomy":"post_tag","embeddable":true,"href":"https:\/\/blog.zeit.de\/stoerungsmelder\/wp-json\/wp\/v2\/tags?post=8985"}],"curies":[{"name":"wp","href":"https:\/\/api.w.org\/{rel}","templated":true}]}}