{"id":9076,"date":"2012-07-11T22:02:37","date_gmt":"2012-07-11T20:02:37","guid":{"rendered":"http:\/\/blog.zeit.de\/stoerungsmelder\/?p=9076"},"modified":"2012-07-12T19:38:13","modified_gmt":"2012-07-12T17:38:13","slug":"soziale-netzwerke-als-nahrboden-fur-rechtsextreme-gewalt-und-rechtsterrorismus","status":"publish","type":"post","link":"https:\/\/blog.zeit.de\/stoerungsmelder\/2012\/07\/11\/soziale-netzwerke-als-nahrboden-fur-rechtsextreme-gewalt-und-rechtsterrorismus_9076","title":{"rendered":"Soziale Netzwerke als &#8222;N\u00e4hrboden f\u00fcr rechtsextreme Gewalt und Rechtsterrorismus&#8220;"},"content":{"rendered":"<p><figure id=\"attachment_9083\" aria-describedby=\"caption-attachment-9083\" style=\"width: 540px\" class=\"wp-caption aligncenter\"><a href=\"https:\/\/blog.zeit.de\/stoerungsmelder\/files\/2012\/07\/Screenshot-NPD.png\"><img loading=\"lazy\" decoding=\"async\" class=\"size-full wp-image-9083\" src=\"https:\/\/blog.zeit.de\/stoerungsmelder\/files\/2012\/07\/Screenshot-NPD.png\" alt=\"\" width=\"540\" height=\"258\" srcset=\"https:\/\/blog.zeit.de\/stoerungsmelder\/files\/2012\/07\/Screenshot-NPD.png 540w, https:\/\/blog.zeit.de\/stoerungsmelder\/files\/2012\/07\/Screenshot-NPD-300x143.png 300w\" sizes=\"auto, (max-width: 540px) 100vw, 540px\" \/><\/a><figcaption id=\"caption-attachment-9083\" class=\"wp-caption-text\">Ein Beispiel f\u00fcr Neonazis in Sozialen Netzwerken - die Facebook-Seite der NPD \u00a9 Screenshot<\/figcaption><\/figure><\/p>\n<p>Immer \u00f6fter nutzen Neonazis soziale Netzwerke, um ihre Aktionen zu koordinieren und zu hetzen, zu diesem Ergebnis kommt der Bericht \u201eRechtsextremismus Online\u201c, der heute bei einer Pressekonferenz vorgestellt wurde. Die Nazi-Szene im Netz zeige sich \u201esubversiv, provokant und immer radikaler\u201c.<!--more--><\/p>\n<p>Es ist eine bekannte Strategie der Neonazi-Szene, die bisweilen gut aufgeht. \u00dcber Soziale Netzwerke wie etwa Facebook versuchen RechtsextremistInnen vermehrt, ihre Inhalte zu verbreiten und damit ein Publikum anzusprechen, dass \u00fcber die Szene hinaus reicht.<\/p>\n<p>Nicht selten auch mit Erfolg, wie die Facebook-Seite \u201eKeine Gnade f\u00fcr Kindersch\u00e4nder (die mittlerweile offline ist) \u00fcber eine lange Zeit hinweg eindrucksvoll bewies. Mittels dieses Online-Auftritts sollten B\u00fcrgerInnen angesprochen werden, die noch keine rechte Gesinnung haben. Die Strategie, die sich dahinter verbarg, war dabei ganz klar das emotionale Thema \u201eKindesmissbrauch\u201c, mit dem Neonazis in der \u00d6ffentlichkeit immer wieder zu k\u00f6dern versuchen. Auch das sei eine Strategie, wie der Bericht \u201eRechtsextremismus Online\u201c festh\u00e4lt.<\/p>\n<p>W\u00e4hrend emotionale Themen f\u00fcr alle Altersgruppen als Lockmittel dienen, sollen Jugendliche insbesondere \u00fcber \u201eprovokante Events und subversive Taktiken\u201c gek\u00f6dert werden. Nach wie vor seien Jugendliche f\u00fcr RechtsextremistInnen die \u201eerkl\u00e4rterma\u00dfen wichtigste Zielgruppe\u201c, so der Bericht weiter. Der Leiter des Bereichs \u201eRechtsextremismus\u201c bei jugendschutz.net, Stefan Glaser, muss deshalb mittlerweile feststellen, dass \u201eMitmachnetzte\u201c in der Zwischenzeit zum \u201ewichtigsten Rekrutierungsfeld\u201c der Szene verkommen sind. Die \u201eTaktik\u201c \u00fcber emotionale Themen auch Leute au\u00dferhalb der Szene anzusprechen, bezeichnete er als \u201eproblematisch\u201c. Bei einigen Auftritten werde der \u201erechtsextreme Kontext\u201c verschleiert, dennoch w\u00fcrden \u201eLinks einen Einstieg in die Szene\u201c bieten k\u00f6nnen.<\/p>\n<p>\u00dcberdies verdeutliche die Untersuchung, dass \u201esich Neonazis in sozialen Netzwerken inzwischen radikaler geben und anscheinend sicherer vor Strafverfolgung f\u00fchlen\u201c. Denn im Jahre 2011 (was dem Beobachtungszeitraum entspricht) h\u00e4tte es in sozialen Netzwerken n\u00e4mlich deutlich mehr \u201eunzul\u00e4ssige Inhalte\u201c gegeben, wie auf neonazistischen Homepages, wie es in der Pressemitteilung zur Vorstellung des Berichts hei\u00dft. Von den verantwortlichen der sozialen Netzwerke verlangt Glaser aus diesem Grunde folgendes: \u201eNeonazis schaffen auf den Plattformen ein Klima der Gewalt. Dagegen m\u00fcssen die Betreiber unbedingt mehr unternehmen. Verst\u00f6\u00dfe m\u00fcssen konsequent geahndet und nachhaltig unterbunden werden.\u201c<\/p>\n<p>Der Pr\u00e4sident der Bundeszentrale f\u00fcr politische Bildung, Thomas Kr\u00fcger, stellte zudem fest, dass soziale Netzwerke f\u00fcr Neonazis zunehmend als \u201eN\u00e4hrboden f\u00fcr rechtsextreme Gewalt und Rechtsterrorismus\u201c fungieren, weshalb er die Betreiber zum hinsehen und handeln aufrief. \u201eStrafverfolgung und L\u00f6schung von Inhalten durch den Provider\u201c seien \u201eunerl\u00e4sslich\u201c. Doch auch die Nutzer seien in der Verantwortung, so Kr\u00fcger weiter. \u201eEbenso notwendig ist es, die Netzgemeinde zu sensibilisieren und Usern klarzumachen, wie wichtig Zivilcourage auch im Internet ist\u201c, so Kr\u00fcger.<\/p>\n<p>Ein weiteres Problem sei, dass \u201enur wenige V\u00e4ter und M\u00fctter auf Anhieb erkennen, wenn ihre Kinder in die rechtsextreme Szene abgleiten\u201c, wie Liane Czeremin von der Online-Beratung gegen Rechtsextremismus schildert. Alleine da stehen w\u00fcrden die Eltern dann aber keineswegs: \u201eHier bieten wir Unterst\u00fctzung an!\u201c \u00c4hnlich wie schon jugendschutz.net stelle auch sie die ansteigende Radikalit\u00e4t fest. Immer \u00f6fter h\u00e4tten sie in der letzten Zeit anfragen bekommen, die strafbare Inhalte betrafen, wegen denen die Polizei mit hinzugezogen werden musste.<\/p>\n<p>Nat\u00fcrlich sei es deshalb auch Ziel, Jugendliche zu erreichen und zu \u201esensibilisieren\u201c. Daf\u00fcr haben jugendschutz.net und die Online-Beratung gegen Rechtsextremismus ein gemeinsames Konzept ermittelt. Mittels einer Videoserie, die \u201eunterschiedliche Facetten des modernen Rechtsextremismus aufgreift\u201c sollen die Jugendlichen zum \u201eNachdenken angeregt\u201c und zu \u201eGegenaktivit\u00e4ten ermuntert\u201c werden, hei\u00dft es in der Pressemeldung.<\/p>\n<p><strong>Den Bericht \u201eRechtsextremismus Online\u201c gibt es <a href=\"http:\/\/www.hass-im-netz.info\/fileadmin\/dateien\/pk2012\/bericht2011.pdf\">hier<\/a> zum download!<\/strong><\/p>\n","protected":false},"excerpt":{"rendered":"<p>Immer \u00f6fter nutzen Neonazis soziale Netzwerke, um ihre Aktionen zu koordinieren und zu hetzen, zu diesem Ergebnis kommt der Bericht \u201eRechtsextremismus Online\u201c, der heute bei einer Pressekonferenz vorgestellt wurde. Die Nazi-Szene im Netz zeige sich \u201esubversiv, provokant und immer radikaler\u201c.<\/p>\n","protected":false},"author":335,"featured_media":0,"comment_status":"open","ping_status":"open","sticky":false,"template":"","format":"standard","meta":{"_jetpack_memberships_contains_paid_content":false,"footnotes":""},"categories":[1515],"tags":[82,937,16151],"class_list":["post-9076","post","type-post","status-publish","format-standard","hentry","category-bundesweit","tag-internet","tag-soziale-netzwerke","tag-web"],"yoast_head":"<!-- This site is optimized with the Yoast SEO plugin v21.0 - https:\/\/yoast.com\/wordpress\/plugins\/seo\/ -->\n<title>Soziale Netzwerke als &quot;N\u00e4hrboden f\u00fcr rechtsextreme Gewalt und Rechtsterrorismus&quot; - St\u00f6rungsmelder<\/title>\n<meta name=\"robots\" content=\"index, follow, max-snippet:-1, max-image-preview:large, max-video-preview:-1\" \/>\n<link rel=\"canonical\" href=\"https:\/\/blog.zeit.de\/stoerungsmelder\/2012\/07\/11\/soziale-netzwerke-als-nahrboden-fur-rechtsextreme-gewalt-und-rechtsterrorismus_9076\" \/>\n<meta property=\"og:locale\" content=\"de_DE\" \/>\n<meta property=\"og:type\" content=\"article\" \/>\n<meta property=\"og:title\" content=\"Soziale Netzwerke als &quot;N\u00e4hrboden f\u00fcr rechtsextreme Gewalt und Rechtsterrorismus&quot; - St\u00f6rungsmelder\" \/>\n<meta property=\"og:description\" content=\"Immer \u00f6fter nutzen Neonazis soziale Netzwerke, um ihre Aktionen zu koordinieren und zu hetzen, zu diesem Ergebnis kommt der Bericht \u201eRechtsextremismus Online\u201c, der heute bei einer Pressekonferenz vorgestellt wurde. Die Nazi-Szene im Netz zeige sich \u201esubversiv, provokant und immer radikaler\u201c.\" \/>\n<meta property=\"og:url\" content=\"https:\/\/blog.zeit.de\/stoerungsmelder\/2012\/07\/11\/soziale-netzwerke-als-nahrboden-fur-rechtsextreme-gewalt-und-rechtsterrorismus_9076\" \/>\n<meta property=\"og:site_name\" content=\"St\u00f6rungsmelder\" \/>\n<meta property=\"article:published_time\" content=\"2012-07-11T20:02:37+00:00\" \/>\n<meta property=\"article:modified_time\" content=\"2012-07-12T17:38:13+00:00\" \/>\n<meta property=\"og:image\" content=\"https:\/\/blog.zeit.de\/stoerungsmelder\/files\/2012\/07\/Screenshot-NPD.png\" \/>\n<meta name=\"author\" content=\"Johannes Hartl\" \/>\n<meta name=\"twitter:card\" content=\"summary_large_image\" \/>\n<meta name=\"twitter:label1\" content=\"Geschrieben von\" \/>\n\t<meta name=\"twitter:data1\" content=\"Johannes Hartl\" \/>\n\t<meta name=\"twitter:label2\" content=\"Gesch\u00e4tzte Lesezeit\" \/>\n\t<meta name=\"twitter:data2\" content=\"3\u00a0Minuten\" \/>\n<script type=\"application\/ld+json\" class=\"yoast-schema-graph\">{\"@context\":\"https:\/\/schema.org\",\"@graph\":[{\"@type\":\"WebPage\",\"@id\":\"https:\/\/blog.zeit.de\/stoerungsmelder\/2012\/07\/11\/soziale-netzwerke-als-nahrboden-fur-rechtsextreme-gewalt-und-rechtsterrorismus_9076\",\"url\":\"https:\/\/blog.zeit.de\/stoerungsmelder\/2012\/07\/11\/soziale-netzwerke-als-nahrboden-fur-rechtsextreme-gewalt-und-rechtsterrorismus_9076\",\"name\":\"Soziale Netzwerke als \\\"N\u00e4hrboden f\u00fcr rechtsextreme Gewalt und Rechtsterrorismus\\\" - St\u00f6rungsmelder\",\"isPartOf\":{\"@id\":\"https:\/\/blog.zeit.de\/stoerungsmelder\/#website\"},\"datePublished\":\"2012-07-11T20:02:37+00:00\",\"dateModified\":\"2012-07-12T17:38:13+00:00\",\"author\":{\"@id\":\"https:\/\/blog.zeit.de\/stoerungsmelder\/#\/schema\/person\/9954cab4408a20467ff5685876ef2be2\"},\"breadcrumb\":{\"@id\":\"https:\/\/blog.zeit.de\/stoerungsmelder\/2012\/07\/11\/soziale-netzwerke-als-nahrboden-fur-rechtsextreme-gewalt-und-rechtsterrorismus_9076#breadcrumb\"},\"inLanguage\":\"de\",\"potentialAction\":[{\"@type\":\"ReadAction\",\"target\":[\"https:\/\/blog.zeit.de\/stoerungsmelder\/2012\/07\/11\/soziale-netzwerke-als-nahrboden-fur-rechtsextreme-gewalt-und-rechtsterrorismus_9076\"]}]},{\"@type\":\"BreadcrumbList\",\"@id\":\"https:\/\/blog.zeit.de\/stoerungsmelder\/2012\/07\/11\/soziale-netzwerke-als-nahrboden-fur-rechtsextreme-gewalt-und-rechtsterrorismus_9076#breadcrumb\",\"itemListElement\":[{\"@type\":\"ListItem\",\"position\":1,\"name\":\"Startseite\",\"item\":\"https:\/\/blog.zeit.de\/stoerungsmelder\"},{\"@type\":\"ListItem\",\"position\":2,\"name\":\"Soziale Netzwerke als &#8222;N\u00e4hrboden f\u00fcr rechtsextreme Gewalt und Rechtsterrorismus&#8220;\"}]},{\"@type\":\"WebSite\",\"@id\":\"https:\/\/blog.zeit.de\/stoerungsmelder\/#website\",\"url\":\"https:\/\/blog.zeit.de\/stoerungsmelder\/\",\"name\":\"St\u00f6rungsmelder\",\"description\":\"Recherchen und Analysen \u00fcber die extreme Rechte\",\"potentialAction\":[{\"@type\":\"SearchAction\",\"target\":{\"@type\":\"EntryPoint\",\"urlTemplate\":\"https:\/\/blog.zeit.de\/stoerungsmelder\/?s={search_term_string}\"},\"query-input\":\"required name=search_term_string\"}],\"inLanguage\":\"de\"},{\"@type\":\"Person\",\"@id\":\"https:\/\/blog.zeit.de\/stoerungsmelder\/#\/schema\/person\/9954cab4408a20467ff5685876ef2be2\",\"name\":\"Johannes Hartl\",\"image\":{\"@type\":\"ImageObject\",\"inLanguage\":\"de\",\"@id\":\"https:\/\/blog.zeit.de\/stoerungsmelder\/#\/schema\/person\/image\/\",\"url\":\"https:\/\/secure.gravatar.com\/avatar\/aa76c6547229f48516cca421db00a6c0f8d4ce93e33efa645b42c6f7baec7518?s=96&d=mm&r=pg\",\"contentUrl\":\"https:\/\/secure.gravatar.com\/avatar\/aa76c6547229f48516cca421db00a6c0f8d4ce93e33efa645b42c6f7baec7518?s=96&d=mm&r=pg\",\"caption\":\"Johannes Hartl\"},\"sameAs\":[\"https:\/\/blog.zeit.de\/stoerungsmelder\/author\/jhartl\"],\"url\":\"https:\/\/blog.zeit.de\/stoerungsmelder\/author\/jhartl\"}]}<\/script>\n<!-- \/ Yoast SEO plugin. -->","yoast_head_json":{"title":"Soziale Netzwerke als \"N\u00e4hrboden f\u00fcr rechtsextreme Gewalt und Rechtsterrorismus\" - St\u00f6rungsmelder","robots":{"index":"index","follow":"follow","max-snippet":"max-snippet:-1","max-image-preview":"max-image-preview:large","max-video-preview":"max-video-preview:-1"},"canonical":"https:\/\/blog.zeit.de\/stoerungsmelder\/2012\/07\/11\/soziale-netzwerke-als-nahrboden-fur-rechtsextreme-gewalt-und-rechtsterrorismus_9076","og_locale":"de_DE","og_type":"article","og_title":"Soziale Netzwerke als \"N\u00e4hrboden f\u00fcr rechtsextreme Gewalt und Rechtsterrorismus\" - St\u00f6rungsmelder","og_description":"Immer \u00f6fter nutzen Neonazis soziale Netzwerke, um ihre Aktionen zu koordinieren und zu hetzen, zu diesem Ergebnis kommt der Bericht \u201eRechtsextremismus Online\u201c, der heute bei einer Pressekonferenz vorgestellt wurde. Die Nazi-Szene im Netz zeige sich \u201esubversiv, provokant und immer radikaler\u201c.","og_url":"https:\/\/blog.zeit.de\/stoerungsmelder\/2012\/07\/11\/soziale-netzwerke-als-nahrboden-fur-rechtsextreme-gewalt-und-rechtsterrorismus_9076","og_site_name":"St\u00f6rungsmelder","article_published_time":"2012-07-11T20:02:37+00:00","article_modified_time":"2012-07-12T17:38:13+00:00","og_image":[{"url":"https:\/\/blog.zeit.de\/stoerungsmelder\/files\/2012\/07\/Screenshot-NPD.png"}],"author":"Johannes Hartl","twitter_card":"summary_large_image","twitter_misc":{"Geschrieben von":"Johannes Hartl","Gesch\u00e4tzte Lesezeit":"3\u00a0Minuten"},"schema":{"@context":"https:\/\/schema.org","@graph":[{"@type":"WebPage","@id":"https:\/\/blog.zeit.de\/stoerungsmelder\/2012\/07\/11\/soziale-netzwerke-als-nahrboden-fur-rechtsextreme-gewalt-und-rechtsterrorismus_9076","url":"https:\/\/blog.zeit.de\/stoerungsmelder\/2012\/07\/11\/soziale-netzwerke-als-nahrboden-fur-rechtsextreme-gewalt-und-rechtsterrorismus_9076","name":"Soziale Netzwerke als \"N\u00e4hrboden f\u00fcr rechtsextreme Gewalt und Rechtsterrorismus\" - St\u00f6rungsmelder","isPartOf":{"@id":"https:\/\/blog.zeit.de\/stoerungsmelder\/#website"},"datePublished":"2012-07-11T20:02:37+00:00","dateModified":"2012-07-12T17:38:13+00:00","author":{"@id":"https:\/\/blog.zeit.de\/stoerungsmelder\/#\/schema\/person\/9954cab4408a20467ff5685876ef2be2"},"breadcrumb":{"@id":"https:\/\/blog.zeit.de\/stoerungsmelder\/2012\/07\/11\/soziale-netzwerke-als-nahrboden-fur-rechtsextreme-gewalt-und-rechtsterrorismus_9076#breadcrumb"},"inLanguage":"de","potentialAction":[{"@type":"ReadAction","target":["https:\/\/blog.zeit.de\/stoerungsmelder\/2012\/07\/11\/soziale-netzwerke-als-nahrboden-fur-rechtsextreme-gewalt-und-rechtsterrorismus_9076"]}]},{"@type":"BreadcrumbList","@id":"https:\/\/blog.zeit.de\/stoerungsmelder\/2012\/07\/11\/soziale-netzwerke-als-nahrboden-fur-rechtsextreme-gewalt-und-rechtsterrorismus_9076#breadcrumb","itemListElement":[{"@type":"ListItem","position":1,"name":"Startseite","item":"https:\/\/blog.zeit.de\/stoerungsmelder"},{"@type":"ListItem","position":2,"name":"Soziale Netzwerke als &#8222;N\u00e4hrboden f\u00fcr rechtsextreme Gewalt und Rechtsterrorismus&#8220;"}]},{"@type":"WebSite","@id":"https:\/\/blog.zeit.de\/stoerungsmelder\/#website","url":"https:\/\/blog.zeit.de\/stoerungsmelder\/","name":"St\u00f6rungsmelder","description":"Recherchen und Analysen \u00fcber die extreme Rechte","potentialAction":[{"@type":"SearchAction","target":{"@type":"EntryPoint","urlTemplate":"https:\/\/blog.zeit.de\/stoerungsmelder\/?s={search_term_string}"},"query-input":"required name=search_term_string"}],"inLanguage":"de"},{"@type":"Person","@id":"https:\/\/blog.zeit.de\/stoerungsmelder\/#\/schema\/person\/9954cab4408a20467ff5685876ef2be2","name":"Johannes Hartl","image":{"@type":"ImageObject","inLanguage":"de","@id":"https:\/\/blog.zeit.de\/stoerungsmelder\/#\/schema\/person\/image\/","url":"https:\/\/secure.gravatar.com\/avatar\/aa76c6547229f48516cca421db00a6c0f8d4ce93e33efa645b42c6f7baec7518?s=96&d=mm&r=pg","contentUrl":"https:\/\/secure.gravatar.com\/avatar\/aa76c6547229f48516cca421db00a6c0f8d4ce93e33efa645b42c6f7baec7518?s=96&d=mm&r=pg","caption":"Johannes Hartl"},"sameAs":["https:\/\/blog.zeit.de\/stoerungsmelder\/author\/jhartl"],"url":"https:\/\/blog.zeit.de\/stoerungsmelder\/author\/jhartl"}]}},"jetpack_featured_media_url":"","jetpack_sharing_enabled":true,"_links":{"self":[{"href":"https:\/\/blog.zeit.de\/stoerungsmelder\/wp-json\/wp\/v2\/posts\/9076","targetHints":{"allow":["GET"]}}],"collection":[{"href":"https:\/\/blog.zeit.de\/stoerungsmelder\/wp-json\/wp\/v2\/posts"}],"about":[{"href":"https:\/\/blog.zeit.de\/stoerungsmelder\/wp-json\/wp\/v2\/types\/post"}],"author":[{"embeddable":true,"href":"https:\/\/blog.zeit.de\/stoerungsmelder\/wp-json\/wp\/v2\/users\/335"}],"replies":[{"embeddable":true,"href":"https:\/\/blog.zeit.de\/stoerungsmelder\/wp-json\/wp\/v2\/comments?post=9076"}],"version-history":[{"count":8,"href":"https:\/\/blog.zeit.de\/stoerungsmelder\/wp-json\/wp\/v2\/posts\/9076\/revisions"}],"predecessor-version":[{"id":9089,"href":"https:\/\/blog.zeit.de\/stoerungsmelder\/wp-json\/wp\/v2\/posts\/9076\/revisions\/9089"}],"wp:attachment":[{"href":"https:\/\/blog.zeit.de\/stoerungsmelder\/wp-json\/wp\/v2\/media?parent=9076"}],"wp:term":[{"taxonomy":"category","embeddable":true,"href":"https:\/\/blog.zeit.de\/stoerungsmelder\/wp-json\/wp\/v2\/categories?post=9076"},{"taxonomy":"post_tag","embeddable":true,"href":"https:\/\/blog.zeit.de\/stoerungsmelder\/wp-json\/wp\/v2\/tags?post=9076"}],"curies":[{"name":"wp","href":"https:\/\/api.w.org\/{rel}","templated":true}]}}