{"id":9106,"date":"2012-07-15T21:49:37","date_gmt":"2012-07-15T19:49:37","guid":{"rendered":"http:\/\/blog.zeit.de\/stoerungsmelder\/?p=9106"},"modified":"2012-07-17T14:55:28","modified_gmt":"2012-07-17T12:55:28","slug":"rechtsextreme-greifen-besucher-des-erfurter-kunsthauses-an","status":"publish","type":"post","link":"https:\/\/blog.zeit.de\/stoerungsmelder\/2012\/07\/15\/rechtsextreme-greifen-besucher-des-erfurter-kunsthauses-an_9106","title":{"rendered":"\u00dcberfall auf Erfurter Kunsthaus &#8211; Polizei ermittelt doch in der rechtsextremen Szene"},"content":{"rendered":"<p><a href=\"https:\/\/blog.zeit.de\/stoerungsmelder\/files\/2012\/07\/Heimat1.jpg\"><img loading=\"lazy\" decoding=\"async\" class=\"aligncenter size-full wp-image-9107\" src=\"https:\/\/blog.zeit.de\/stoerungsmelder\/files\/2012\/07\/Heimat1.jpg\" alt=\"\" width=\"540\" height=\"200\" srcset=\"https:\/\/blog.zeit.de\/stoerungsmelder\/files\/2012\/07\/Heimat1.jpg 540w, https:\/\/blog.zeit.de\/stoerungsmelder\/files\/2012\/07\/Heimat1-300x111.jpg 300w\" sizes=\"auto, (max-width: 540px) 100vw, 540px\" \/><\/a><\/p>\n<p>Am Freitagabend kam es in Erfurt zu einem gewaltt\u00e4tigen \u00dcbergriff einer Gruppe Rechtsextremer auf die Besucher einer Kunstaustellung. Mehrere Besucher der Ausstellung und eine Polizistin wurden dabei teils schwer verletzt.<\/p>\n<p><!--more--><\/p>\n<p>Im Kunsthaus in Erfurt wurde am Freitag die Ausstellung \u201emiss painting\u201c er\u00f6ffnet. Am sp\u00e4teren Abend der Er\u00f6ffnung hielten sich mehrere G\u00e4ste vor dem<\/p>\n<p><figure id=\"attachment_9108\" aria-describedby=\"caption-attachment-9108\" style=\"width: 165px\" class=\"wp-caption alignleft\"><a href=\"https:\/\/blog.zeit.de\/stoerungsmelder\/files\/2012\/07\/Wand1.jpg\"><img loading=\"lazy\" decoding=\"async\" class=\" wp-image-9108 \" src=\"https:\/\/blog.zeit.de\/stoerungsmelder\/files\/2012\/07\/Wand1-236x300.jpg\" alt=\"\" width=\"165\" height=\"210\" srcset=\"https:\/\/blog.zeit.de\/stoerungsmelder\/files\/2012\/07\/Wand1-236x300.jpg 236w, https:\/\/blog.zeit.de\/stoerungsmelder\/files\/2012\/07\/Wand1.jpg 600w\" sizes=\"auto, (max-width: 165px) 100vw, 165px\" \/><\/a><figcaption id=\"caption-attachment-9108\" class=\"wp-caption-text\">Menschenverachtendes Shirt beim &quot;Rock f\u00fcr Deutschland&quot;. Die Botschaft ist klar.<\/figcaption><\/figure><\/p>\n<p>Kunsthaus auf, als ein Mann aus einer nahegelegenen Kneipe die G\u00e4ste bel\u00e4stigte. Der mit einem Horst-Wessel-Shirt bekleidete Mann begann mit antisemitischen Bemerkungen die Besucher zu provozieren. Die Veranstalter riefen aufgrund des Vorfalls unverz\u00fcglich die Polizei und erteilten dem Mann einen Platzverweis. Wenig sp\u00e4ter kamen sieben weitere Personen aus dem Lokal hinzu, die mit \u201eSieg-Heil\u201c-Rufen und dem Zeigen des Hitlergru\u00dfes weiterhin ihre rechtsextreme Gesinnung deutlich machten. Kurz darauf eskalierte die Situation und mehrere G\u00e4ste des Kunsthauses wurden durch die Rechtsextremen angegriffen. Der Kurator der Ausstellung wurde gleich von drei Rechtsextremen attackiert und mit einem Nasenbeinbruch schwer verletzt. Auch die Leiterin des Kunsthauses, Monique F\u00f6rster, erlitt leichte Verletzungen, als ihr eine volle Bierflasche auf dem Kopf zerschlagen wurde. Neben den beiden Veranstaltern wurde eine weitere Besucherin verletzt, als die Angreifer ihren Kopf gegen die Motorhaube eines parkenden Autos schlugen. Nach dem dritten Anruf bei der Polizei traf ein Streifenwagen am Tatort ein. Die Verd\u00e4chtigen konnten von der Polizei in unmittelbarer N\u00e4he des Tatorts gestellt werden. Bei der Festnahme wurde auch eine Polizeibeamtin verletzt. Die Verd\u00e4chtigen wurden nach ihrer Vernehmung wieder entlassen.<\/p>\n<p><strong>Kein rechtsextremer Tathintergrund?<\/strong><\/p>\n<p><strong>\u00a0<\/strong>In der Pressemitteilung der Erfurter Polizei findet sich kein Hinweis auf einen rechtsextremen Tatzusammenhang. Hier hei\u00dft es schlicht, es sei \u201eaus bisher nicht bekannten Gr\u00fcnden\u201c zu den \u00dcbergriffen gekommen. Auf Nachfrage der <em>Th\u00fcringer Allgemeinen<\/em> sagte die Polizei, dass derzeit nicht von einer Verbindung zur rechtsextremen Szene ausgegangen w\u00fcrde. Auch eine Verbindung zwischen einem \u00dcbergriff auf alternative Jugendliche Mitte Juni schlie\u00dfe die Polizei aus.<\/p>\n<p>\u201eGrund des Konfliktes waren rechte und verfassungsfeindliche Aussagen\u201c sagt Monique F\u00f6rster, die Leiterin des Kunsthauses. Seit einiger Zeit seien ihr auch verst\u00e4rkt rechtsextreme Personen in der nur wenige Meter entfernten Kneipe aufgefallen, aus der nun auch die Angreifer kamen.<\/p>\n<p><figure id=\"attachment_9109\" aria-describedby=\"caption-attachment-9109\" style=\"width: 121px\" class=\"wp-caption alignright\"><a href=\"https:\/\/blog.zeit.de\/stoerungsmelder\/files\/2012\/07\/Good-Night1.jpg\"><img loading=\"lazy\" decoding=\"async\" class=\" wp-image-9109   \" src=\"https:\/\/blog.zeit.de\/stoerungsmelder\/files\/2012\/07\/Good-Night1-288x300.jpg\" alt=\"\" width=\"121\" height=\"126\" srcset=\"https:\/\/blog.zeit.de\/stoerungsmelder\/files\/2012\/07\/Good-Night1-288x300.jpg 288w, https:\/\/blog.zeit.de\/stoerungsmelder\/files\/2012\/07\/Good-Night1.jpg 600w\" sizes=\"auto, (max-width: 121px) 100vw, 121px\" \/><\/a><figcaption id=\"caption-attachment-9109\" class=\"wp-caption-text\">Militante T-Shirtaufschriften. Feindbild &quot;Links&quot;.<\/figcaption><\/figure><\/p>\n<p>Auch Martina Renner, innenpolitische Sprecherin der Fraktion DIE LINKE im Th\u00fcringer Landtag teilt die Wahrnehmung F\u00f6rsters. &#8222;Nazi-Gewalt und Nazi-Aktivit\u00e4ten nehmen in Erfurt in den letzten Monaten in erschreckendem Ma\u00dfe zu. So gab es wiederholt Angriffe auf alternative Jugendliche, Projekte und Veranstaltungen.\u201c, sagt Renner.<\/p>\n<p>Dies d\u00fcrfte besonders vor dem Hintergrund der aktuellen Aufdeckungen rund um erhebliche Pannen bei den Ermittlungen rund um die \u201eZwickauer Terrorzelle\u201c schwer wiegen. Auch Martina Renner kritisiert den derzeitigen Umgang mit den Opfern rechter Gewalt: \u201eBeh\u00f6rden und Politik in Erfurt haben sich bisher zu wenig f\u00fcr den Schutz potentieller Naziopfer eingesetzt und insbesondere der Zusammenarbeit von organisierten Neonazis und Hooligan-Gruppen zu wenig Beachtung geschenkt.\u201c<\/p>\n<p>Erst vor wenigen Tagen hatten drei Minister der Landesregierung an einer <a href=\"https:\/\/blog.zeit.de\/stoerungsmelder\/2012\/07\/06\/rechtsextreme-immobilienkaufe-in-thuringen_9014\">Informationstour der <em>Mobilen Beratung gegen Rechtsextremismus<\/em><\/a> teilgenommen, um auf das Problem aufmerksam zu machen. Inwieweit die Ermittlungen der Polizei einen rechtsextremen Tathintergrund doch noch ergeben, werden die n\u00e4chsten Tage zeigen.<\/p>\n<p><strong>Update:<\/strong> Wie die Nachrichtenagentur dapd berichtet, ermittelt die Polizei nun doch in der rechten Szene, da zwei der acht T\u00e4ter bereits bekannte rechtsextreme Straft\u00e4ter sind und es zur Verwendung rechtsextremer Symboliken kam. Dies teilte am Montag eine Sprecherin der Polizei Erfurt mit.<\/p>\n<p>&nbsp;<\/p>\n<p>&nbsp;<\/p>\n<p>&nbsp;<\/p>\n","protected":false},"excerpt":{"rendered":"<p>Am Freitagabend kam es in Erfurt zu einem gewaltt\u00e4tigen \u00dcbergriff einer Gruppe Rechtsextremer auf die Besucher einer Kunstaustellung. Mehrere Besucher der Ausstellung und eine Polizistin wurden dabei teils schwer verletzt.<\/p>\n","protected":false},"author":370,"featured_media":0,"comment_status":"open","ping_status":"open","sticky":false,"template":"","format":"standard","meta":{"_jetpack_memberships_contains_paid_content":false,"footnotes":""},"categories":[978],"tags":[17849,17850,1497],"class_list":["post-9106","post","type-post","status-publish","format-standard","hentry","category-thuringen","tag-erfurt","tag-kunsthaus","tag-ubergriff"],"yoast_head":"<!-- This site is optimized with the Yoast SEO plugin v21.0 - https:\/\/yoast.com\/wordpress\/plugins\/seo\/ -->\n<title>\u00dcberfall auf Erfurter Kunsthaus - Polizei ermittelt doch in der rechtsextremen Szene - St\u00f6rungsmelder<\/title>\n<meta name=\"robots\" content=\"index, follow, max-snippet:-1, max-image-preview:large, max-video-preview:-1\" \/>\n<link rel=\"canonical\" href=\"https:\/\/blog.zeit.de\/stoerungsmelder\/2012\/07\/15\/rechtsextreme-greifen-besucher-des-erfurter-kunsthauses-an_9106\" \/>\n<meta property=\"og:locale\" content=\"de_DE\" \/>\n<meta property=\"og:type\" content=\"article\" \/>\n<meta property=\"og:title\" content=\"\u00dcberfall auf Erfurter Kunsthaus - Polizei ermittelt doch in der rechtsextremen Szene - St\u00f6rungsmelder\" \/>\n<meta property=\"og:description\" content=\"Am Freitagabend kam es in Erfurt zu einem gewaltt\u00e4tigen \u00dcbergriff einer Gruppe Rechtsextremer auf die Besucher einer Kunstaustellung. Mehrere Besucher der Ausstellung und eine Polizistin wurden dabei teils schwer verletzt.\" \/>\n<meta property=\"og:url\" content=\"https:\/\/blog.zeit.de\/stoerungsmelder\/2012\/07\/15\/rechtsextreme-greifen-besucher-des-erfurter-kunsthauses-an_9106\" \/>\n<meta property=\"og:site_name\" content=\"St\u00f6rungsmelder\" \/>\n<meta property=\"article:published_time\" content=\"2012-07-15T19:49:37+00:00\" \/>\n<meta property=\"article:modified_time\" content=\"2012-07-17T12:55:28+00:00\" \/>\n<meta property=\"og:image\" content=\"https:\/\/blog.zeit.de\/stoerungsmelder\/files\/2012\/07\/Heimat1.jpg\" \/>\n<meta name=\"author\" content=\"Benjamin Mayer\" \/>\n<meta name=\"twitter:card\" content=\"summary_large_image\" \/>\n<meta name=\"twitter:label1\" content=\"Geschrieben von\" \/>\n\t<meta name=\"twitter:data1\" content=\"Benjamin Mayer\" \/>\n\t<meta name=\"twitter:label2\" content=\"Gesch\u00e4tzte Lesezeit\" \/>\n\t<meta name=\"twitter:data2\" content=\"3\u00a0Minuten\" \/>\n<script type=\"application\/ld+json\" class=\"yoast-schema-graph\">{\"@context\":\"https:\/\/schema.org\",\"@graph\":[{\"@type\":\"WebPage\",\"@id\":\"https:\/\/blog.zeit.de\/stoerungsmelder\/2012\/07\/15\/rechtsextreme-greifen-besucher-des-erfurter-kunsthauses-an_9106\",\"url\":\"https:\/\/blog.zeit.de\/stoerungsmelder\/2012\/07\/15\/rechtsextreme-greifen-besucher-des-erfurter-kunsthauses-an_9106\",\"name\":\"\u00dcberfall auf Erfurter Kunsthaus - Polizei ermittelt doch in der rechtsextremen Szene - St\u00f6rungsmelder\",\"isPartOf\":{\"@id\":\"https:\/\/blog.zeit.de\/stoerungsmelder\/#website\"},\"datePublished\":\"2012-07-15T19:49:37+00:00\",\"dateModified\":\"2012-07-17T12:55:28+00:00\",\"author\":{\"@id\":\"https:\/\/blog.zeit.de\/stoerungsmelder\/#\/schema\/person\/752315b912840af70125661cf793a733\"},\"breadcrumb\":{\"@id\":\"https:\/\/blog.zeit.de\/stoerungsmelder\/2012\/07\/15\/rechtsextreme-greifen-besucher-des-erfurter-kunsthauses-an_9106#breadcrumb\"},\"inLanguage\":\"de\",\"potentialAction\":[{\"@type\":\"ReadAction\",\"target\":[\"https:\/\/blog.zeit.de\/stoerungsmelder\/2012\/07\/15\/rechtsextreme-greifen-besucher-des-erfurter-kunsthauses-an_9106\"]}]},{\"@type\":\"BreadcrumbList\",\"@id\":\"https:\/\/blog.zeit.de\/stoerungsmelder\/2012\/07\/15\/rechtsextreme-greifen-besucher-des-erfurter-kunsthauses-an_9106#breadcrumb\",\"itemListElement\":[{\"@type\":\"ListItem\",\"position\":1,\"name\":\"Startseite\",\"item\":\"https:\/\/blog.zeit.de\/stoerungsmelder\"},{\"@type\":\"ListItem\",\"position\":2,\"name\":\"\u00dcberfall auf Erfurter Kunsthaus &#8211; Polizei ermittelt doch in der rechtsextremen Szene\"}]},{\"@type\":\"WebSite\",\"@id\":\"https:\/\/blog.zeit.de\/stoerungsmelder\/#website\",\"url\":\"https:\/\/blog.zeit.de\/stoerungsmelder\/\",\"name\":\"St\u00f6rungsmelder\",\"description\":\"Recherchen und Analysen \u00fcber die extreme Rechte\",\"potentialAction\":[{\"@type\":\"SearchAction\",\"target\":{\"@type\":\"EntryPoint\",\"urlTemplate\":\"https:\/\/blog.zeit.de\/stoerungsmelder\/?s={search_term_string}\"},\"query-input\":\"required name=search_term_string\"}],\"inLanguage\":\"de\"},{\"@type\":\"Person\",\"@id\":\"https:\/\/blog.zeit.de\/stoerungsmelder\/#\/schema\/person\/752315b912840af70125661cf793a733\",\"name\":\"Benjamin Mayer\",\"image\":{\"@type\":\"ImageObject\",\"inLanguage\":\"de\",\"@id\":\"https:\/\/blog.zeit.de\/stoerungsmelder\/#\/schema\/person\/image\/\",\"url\":\"https:\/\/secure.gravatar.com\/avatar\/e36d3404be40c0567f19fb2e49377010b06a4f68a363b8002e90804615d37e7d?s=96&d=mm&r=pg\",\"contentUrl\":\"https:\/\/secure.gravatar.com\/avatar\/e36d3404be40c0567f19fb2e49377010b06a4f68a363b8002e90804615d37e7d?s=96&d=mm&r=pg\",\"caption\":\"Benjamin Mayer\"},\"url\":\"https:\/\/blog.zeit.de\/stoerungsmelder\/author\/benjaminmayer\"}]}<\/script>\n<!-- \/ Yoast SEO plugin. -->","yoast_head_json":{"title":"\u00dcberfall auf Erfurter Kunsthaus - Polizei ermittelt doch in der rechtsextremen Szene - St\u00f6rungsmelder","robots":{"index":"index","follow":"follow","max-snippet":"max-snippet:-1","max-image-preview":"max-image-preview:large","max-video-preview":"max-video-preview:-1"},"canonical":"https:\/\/blog.zeit.de\/stoerungsmelder\/2012\/07\/15\/rechtsextreme-greifen-besucher-des-erfurter-kunsthauses-an_9106","og_locale":"de_DE","og_type":"article","og_title":"\u00dcberfall auf Erfurter Kunsthaus - Polizei ermittelt doch in der rechtsextremen Szene - St\u00f6rungsmelder","og_description":"Am Freitagabend kam es in Erfurt zu einem gewaltt\u00e4tigen \u00dcbergriff einer Gruppe Rechtsextremer auf die Besucher einer Kunstaustellung. Mehrere Besucher der Ausstellung und eine Polizistin wurden dabei teils schwer verletzt.","og_url":"https:\/\/blog.zeit.de\/stoerungsmelder\/2012\/07\/15\/rechtsextreme-greifen-besucher-des-erfurter-kunsthauses-an_9106","og_site_name":"St\u00f6rungsmelder","article_published_time":"2012-07-15T19:49:37+00:00","article_modified_time":"2012-07-17T12:55:28+00:00","og_image":[{"url":"https:\/\/blog.zeit.de\/stoerungsmelder\/files\/2012\/07\/Heimat1.jpg"}],"author":"Benjamin Mayer","twitter_card":"summary_large_image","twitter_misc":{"Geschrieben von":"Benjamin Mayer","Gesch\u00e4tzte Lesezeit":"3\u00a0Minuten"},"schema":{"@context":"https:\/\/schema.org","@graph":[{"@type":"WebPage","@id":"https:\/\/blog.zeit.de\/stoerungsmelder\/2012\/07\/15\/rechtsextreme-greifen-besucher-des-erfurter-kunsthauses-an_9106","url":"https:\/\/blog.zeit.de\/stoerungsmelder\/2012\/07\/15\/rechtsextreme-greifen-besucher-des-erfurter-kunsthauses-an_9106","name":"\u00dcberfall auf Erfurter Kunsthaus - Polizei ermittelt doch in der rechtsextremen Szene - St\u00f6rungsmelder","isPartOf":{"@id":"https:\/\/blog.zeit.de\/stoerungsmelder\/#website"},"datePublished":"2012-07-15T19:49:37+00:00","dateModified":"2012-07-17T12:55:28+00:00","author":{"@id":"https:\/\/blog.zeit.de\/stoerungsmelder\/#\/schema\/person\/752315b912840af70125661cf793a733"},"breadcrumb":{"@id":"https:\/\/blog.zeit.de\/stoerungsmelder\/2012\/07\/15\/rechtsextreme-greifen-besucher-des-erfurter-kunsthauses-an_9106#breadcrumb"},"inLanguage":"de","potentialAction":[{"@type":"ReadAction","target":["https:\/\/blog.zeit.de\/stoerungsmelder\/2012\/07\/15\/rechtsextreme-greifen-besucher-des-erfurter-kunsthauses-an_9106"]}]},{"@type":"BreadcrumbList","@id":"https:\/\/blog.zeit.de\/stoerungsmelder\/2012\/07\/15\/rechtsextreme-greifen-besucher-des-erfurter-kunsthauses-an_9106#breadcrumb","itemListElement":[{"@type":"ListItem","position":1,"name":"Startseite","item":"https:\/\/blog.zeit.de\/stoerungsmelder"},{"@type":"ListItem","position":2,"name":"\u00dcberfall auf Erfurter Kunsthaus &#8211; Polizei ermittelt doch in der rechtsextremen Szene"}]},{"@type":"WebSite","@id":"https:\/\/blog.zeit.de\/stoerungsmelder\/#website","url":"https:\/\/blog.zeit.de\/stoerungsmelder\/","name":"St\u00f6rungsmelder","description":"Recherchen und Analysen \u00fcber die extreme Rechte","potentialAction":[{"@type":"SearchAction","target":{"@type":"EntryPoint","urlTemplate":"https:\/\/blog.zeit.de\/stoerungsmelder\/?s={search_term_string}"},"query-input":"required name=search_term_string"}],"inLanguage":"de"},{"@type":"Person","@id":"https:\/\/blog.zeit.de\/stoerungsmelder\/#\/schema\/person\/752315b912840af70125661cf793a733","name":"Benjamin Mayer","image":{"@type":"ImageObject","inLanguage":"de","@id":"https:\/\/blog.zeit.de\/stoerungsmelder\/#\/schema\/person\/image\/","url":"https:\/\/secure.gravatar.com\/avatar\/e36d3404be40c0567f19fb2e49377010b06a4f68a363b8002e90804615d37e7d?s=96&d=mm&r=pg","contentUrl":"https:\/\/secure.gravatar.com\/avatar\/e36d3404be40c0567f19fb2e49377010b06a4f68a363b8002e90804615d37e7d?s=96&d=mm&r=pg","caption":"Benjamin Mayer"},"url":"https:\/\/blog.zeit.de\/stoerungsmelder\/author\/benjaminmayer"}]}},"jetpack_featured_media_url":"","jetpack_sharing_enabled":true,"_links":{"self":[{"href":"https:\/\/blog.zeit.de\/stoerungsmelder\/wp-json\/wp\/v2\/posts\/9106","targetHints":{"allow":["GET"]}}],"collection":[{"href":"https:\/\/blog.zeit.de\/stoerungsmelder\/wp-json\/wp\/v2\/posts"}],"about":[{"href":"https:\/\/blog.zeit.de\/stoerungsmelder\/wp-json\/wp\/v2\/types\/post"}],"author":[{"embeddable":true,"href":"https:\/\/blog.zeit.de\/stoerungsmelder\/wp-json\/wp\/v2\/users\/370"}],"replies":[{"embeddable":true,"href":"https:\/\/blog.zeit.de\/stoerungsmelder\/wp-json\/wp\/v2\/comments?post=9106"}],"version-history":[{"count":17,"href":"https:\/\/blog.zeit.de\/stoerungsmelder\/wp-json\/wp\/v2\/posts\/9106\/revisions"}],"predecessor-version":[{"id":9127,"href":"https:\/\/blog.zeit.de\/stoerungsmelder\/wp-json\/wp\/v2\/posts\/9106\/revisions\/9127"}],"wp:attachment":[{"href":"https:\/\/blog.zeit.de\/stoerungsmelder\/wp-json\/wp\/v2\/media?parent=9106"}],"wp:term":[{"taxonomy":"category","embeddable":true,"href":"https:\/\/blog.zeit.de\/stoerungsmelder\/wp-json\/wp\/v2\/categories?post=9106"},{"taxonomy":"post_tag","embeddable":true,"href":"https:\/\/blog.zeit.de\/stoerungsmelder\/wp-json\/wp\/v2\/tags?post=9106"}],"curies":[{"name":"wp","href":"https:\/\/api.w.org\/{rel}","templated":true}]}}