{"id":9196,"date":"2012-07-23T19:39:14","date_gmt":"2012-07-23T17:39:14","guid":{"rendered":"http:\/\/blog.zeit.de\/stoerungsmelder\/?p=9196"},"modified":"2012-07-23T19:51:48","modified_gmt":"2012-07-23T17:51:48","slug":"bewusstes-verschweigen-von-neonazi-demos-selten-damliche-strategie","status":"publish","type":"post","link":"https:\/\/blog.zeit.de\/stoerungsmelder\/2012\/07\/23\/bewusstes-verschweigen-von-neonazi-demos-selten-damliche-strategie_9196","title":{"rendered":"Bewusstes Verschweigen von Neonazi-Demos: &#8222;Selten d\u00e4mliche Strategie!&#8220;"},"content":{"rendered":"<p><figure id=\"attachment_9195\" aria-describedby=\"caption-attachment-9195\" style=\"width: 540px\" class=\"wp-caption aligncenter\"><a href=\"https:\/\/blog.zeit.de\/stoerungsmelder\/files\/2012\/07\/Wei\u00dfenburg-Gegendemo.jpg\"><img loading=\"lazy\" decoding=\"async\" class=\"size-full wp-image-9195\" src=\"https:\/\/blog.zeit.de\/stoerungsmelder\/files\/2012\/07\/Wei\u00dfenburg-Gegendemo.jpg\" alt=\"\" width=\"540\" height=\"359\" srcset=\"https:\/\/blog.zeit.de\/stoerungsmelder\/files\/2012\/07\/Wei\u00dfenburg-Gegendemo.jpg 540w, https:\/\/blog.zeit.de\/stoerungsmelder\/files\/2012\/07\/Wei\u00dfenburg-Gegendemo-300x199.jpg 300w\" sizes=\"auto, (max-width: 540px) 100vw, 540px\" \/><\/a><figcaption id=\"caption-attachment-9195\" class=\"wp-caption-text\">Immer wieder sollen Proteste gegen Neonazi-Kundgebungen in Bayern durch bewusstes Verschweigen verhindert werden \u00a9 Johannes Hartl<\/figcaption><\/figure><\/p>\n<p>In einigen bayerischen St\u00e4dten finden seit l\u00e4ngerem Neonazi-Kundgebungen statt, ohne das die B\u00fcrgerInnen etwas davon wissen, geschweige denn, sich dagegen wehren k\u00f6nnen. Dieses bewusste Verschweigen stellt neuerdings eine gezielte Strategie der St\u00e4dte dar, um \u201ezu hohe Aufmerksamkeit oder Eskalation\u201c zu verhindern. Eine Strategie, die den Neonazis f\u00f6rmlich in die H\u00e4nde spielt, gef\u00e4hrlich und obendrein selten d\u00e4mlich ist. Ein Kommentar.<!--more--><\/p>\n<p>Samstag, 21. Juli: In etwa 30 Neonazis aus den Reihen des \u201eFreien Netz S\u00fcds\u201c demonstrieren in Augsburg. Die B\u00fcrgerInnen der Stadt haben laut Berichten der \u201eAugsburger Allgemeinen\u201c davon nichts erfahren, da die Stadt verhindern wollte, dass die Neonazis \u201ezu hohe Aufmerksamkeit\u201c erhalten. Das gleiche Spiel am selben Tag in Landsberg, auch hier erfahren die B\u00fcrgerInnen nichts von der Neonazi-Demonstration. Und in vielen anderen St\u00e4dten in Bayern wird nicht selten das gleiche Konzept angewandt. Beispielsweise mauert auch N\u00fcrnberg bez\u00fcglich der geplanten NPD-Deutschlandtour.<\/p>\n<p>Warum aber tun St\u00e4dte so etwas? Glauben sie wirklich, damit lasse sich verhindern, dass die Neonazis Aufmerksamkeit bekommen? Nein, vielmehr legitimieren die St\u00e4dte damit ihre eigene Unt\u00e4tigkeit, etwas gegen rechtsextreme Umtriebe zu unternehmen und\/oder ihre Ignoranz demgegen\u00fcber. Doch damit spielen die Kommunen und St\u00e4dte ein gef\u00e4hrliches Spiel, gibt es doch hinreichend Beispiele, die beweisen, was passieren kann, wenn man neonazistische Umtriebe ignoriert. Damit schafft man zum einen ein Klima der Akzeptanz, das die Nazis mitunter dazu einladen wird, wiederzukehren und zum anderen schl\u00e4gt man all jenen, die sich gegen Neonazis engagieren, buchst\u00e4blich ins Gesicht. Von dem Bild, dass die St\u00e4dte damit nach au\u00dfen hin vermitteln, mal ganz zu schweigen. Und auch das Argument mit der Verhinderungen von angeblichen Eskalation darf nicht dazu benutzt werden, um Gegenproteste zu unterbinden. Alleine schon deshalb nicht, weil ein gro\u00dfer Teil der Proteste gegen Neonazis in Bayern absolut friedlich abl\u00e4uft \u2013 und die Eskalation nicht selten auch von den Nazis selbst r\u00fchren. So gingen Nazis in Landsberg zum Beispiel einen Landtagsabgeordneten der Gr\u00fcnen an, als dieser spontan gegen die Neonazis protestierte. Der Gegenprotest allerdings verlief v\u00f6llig friedlich, wie die \u201eAugsburger Allgemeine\u201c berichtet.<\/p>\n<p>Eigentlich ist es schon schlimm genug, wenn Neonazis durch die Stra\u00dfen ziehen, ihre Parolen skandieren, hetzen und Hass verbreiten. Geschieht dies aber auch noch ohne aktive Gegenwehr, so ist das ein Desaster f\u00fcr die demokratische Kultur. Es ist wichtig und richtig, Neonazis die Stirn zu bieten, Widerstand zu leisten \u2013 und ihnen zu zeigen, dass sie unerw\u00fcnscht sind. Im Gegensatz zum blinden Ignorieren kann diese Strategie n\u00e4mlich sehr erfolgreich sein, wie Gr\u00e4fenberg als bayerisches Beispiel \u00fcberaus eindrucksvoll bewiesen hat. Jahrelang marschierten Neonazis hier auf, teilweise beinahe w\u00f6chentlich. Nach und nach formierte sich dagegen breiter Protest, immer wieder gingen die B\u00fcrgerInnen auf die Stra\u00dfe \u2013 und erzielten irgendwann einen beachtlichen Erfolg: Die Rechtsextremisten kehrten nicht wieder zur\u00fcck. Ob dies ohne die massiven Gegenproteste denkbar gewesen w\u00e4re? Wohl kaum.<\/p>\n<p>Kurzum: Sich gegen Neonazis zu engagieren und auf die Stra\u00dfe zu gehen, wenn sie aufmarschieren, ist zur Verteidigung der Demokratie immens wichtig. Nur so kann gezeigt werden, dass die Stadt, in der sie ihren Hass verbreiten wollen, bunt, weltoffen, demokratisch und tolerant ist. Zudem kann nur so glaubhaft vermittelt werden, dass Nazis unerw\u00fcnscht sind. Rechtsextremisten hingegen zu ignorieren bringt genau Gegenteiliges zum Ausdruck. Wie bitte sch\u00f6n sollen denn engagierte B\u00fcrger, die sich gerne ausdrucksstark dagegen wehren wollen, diese d\u00e4mliche Strategie verstehen?<\/p>\n","protected":false},"excerpt":{"rendered":"<p>In einigen bayerischen St\u00e4dten finden seit l\u00e4ngerem Neonazi-Kundgebungen statt, ohne das die B\u00fcrgerInnen etwas davon wissen, geschweige denn, sich dagegen wehren k\u00f6nnen. Dieses bewusste Verschweigen stellt neuerdings eine gezielte Strategie der St\u00e4dte dar, um \u201ezu hohe Aufmerksamkeit oder Eskalation\u201c zu verhindern. Eine Strategie, die den Neonazis f\u00f6rmlich in die H\u00e4nde spielt, gef\u00e4hrlich und obendrein selten [&hellip;]<\/p>\n","protected":false},"author":335,"featured_media":9195,"comment_status":"open","ping_status":"open","sticky":false,"template":"","format":"standard","meta":{"_jetpack_memberships_contains_paid_content":false,"footnotes":""},"categories":[59],"tags":[39398,17857,17855,17856,1910],"class_list":["post-9196","post","type-post","status-publish","format-standard","has-post-thumbnail","hentry","category-bayern","tag-bayern","tag-behorden","tag-gegenproteste","tag-nazi-demos","tag-stadt"],"yoast_head":"<!-- This site is optimized with the Yoast SEO plugin v21.0 - https:\/\/yoast.com\/wordpress\/plugins\/seo\/ -->\n<title>Bewusstes Verschweigen von Neonazi-Demos: &quot;Selten d\u00e4mliche Strategie!&quot; - St\u00f6rungsmelder<\/title>\n<meta name=\"robots\" content=\"index, follow, max-snippet:-1, max-image-preview:large, max-video-preview:-1\" \/>\n<link rel=\"canonical\" href=\"https:\/\/blog.zeit.de\/stoerungsmelder\/2012\/07\/23\/bewusstes-verschweigen-von-neonazi-demos-selten-damliche-strategie_9196\" \/>\n<meta property=\"og:locale\" content=\"de_DE\" \/>\n<meta property=\"og:type\" content=\"article\" \/>\n<meta property=\"og:title\" content=\"Bewusstes Verschweigen von Neonazi-Demos: &quot;Selten d\u00e4mliche Strategie!&quot; - St\u00f6rungsmelder\" \/>\n<meta property=\"og:description\" content=\"In einigen bayerischen St\u00e4dten finden seit l\u00e4ngerem Neonazi-Kundgebungen statt, ohne das die B\u00fcrgerInnen etwas davon wissen, geschweige denn, sich dagegen wehren k\u00f6nnen. Dieses bewusste Verschweigen stellt neuerdings eine gezielte Strategie der St\u00e4dte dar, um \u201ezu hohe Aufmerksamkeit oder Eskalation\u201c zu verhindern. Eine Strategie, die den Neonazis f\u00f6rmlich in die H\u00e4nde spielt, gef\u00e4hrlich und obendrein selten [&hellip;]\" \/>\n<meta property=\"og:url\" content=\"https:\/\/blog.zeit.de\/stoerungsmelder\/2012\/07\/23\/bewusstes-verschweigen-von-neonazi-demos-selten-damliche-strategie_9196\" \/>\n<meta property=\"og:site_name\" content=\"St\u00f6rungsmelder\" \/>\n<meta property=\"article:published_time\" content=\"2012-07-23T17:39:14+00:00\" \/>\n<meta property=\"article:modified_time\" content=\"2012-07-23T17:51:48+00:00\" \/>\n<meta property=\"og:image\" content=\"https:\/\/blog.zeit.de\/stoerungsmelder\/files\/2012\/07\/Wei\u00dfenburg-Gegendemo.jpg\" \/>\n\t<meta property=\"og:image:width\" content=\"540\" \/>\n\t<meta property=\"og:image:height\" content=\"359\" \/>\n\t<meta property=\"og:image:type\" content=\"image\/jpeg\" \/>\n<meta name=\"author\" content=\"Johannes Hartl\" \/>\n<meta name=\"twitter:card\" content=\"summary_large_image\" \/>\n<meta name=\"twitter:label1\" content=\"Geschrieben von\" \/>\n\t<meta name=\"twitter:data1\" content=\"Johannes Hartl\" \/>\n\t<meta name=\"twitter:label2\" content=\"Gesch\u00e4tzte Lesezeit\" \/>\n\t<meta name=\"twitter:data2\" content=\"3\u00a0Minuten\" \/>\n<script type=\"application\/ld+json\" class=\"yoast-schema-graph\">{\"@context\":\"https:\/\/schema.org\",\"@graph\":[{\"@type\":\"WebPage\",\"@id\":\"https:\/\/blog.zeit.de\/stoerungsmelder\/2012\/07\/23\/bewusstes-verschweigen-von-neonazi-demos-selten-damliche-strategie_9196\",\"url\":\"https:\/\/blog.zeit.de\/stoerungsmelder\/2012\/07\/23\/bewusstes-verschweigen-von-neonazi-demos-selten-damliche-strategie_9196\",\"name\":\"Bewusstes Verschweigen von Neonazi-Demos: \\\"Selten d\u00e4mliche Strategie!\\\" - St\u00f6rungsmelder\",\"isPartOf\":{\"@id\":\"https:\/\/blog.zeit.de\/stoerungsmelder\/#website\"},\"datePublished\":\"2012-07-23T17:39:14+00:00\",\"dateModified\":\"2012-07-23T17:51:48+00:00\",\"author\":{\"@id\":\"https:\/\/blog.zeit.de\/stoerungsmelder\/#\/schema\/person\/9954cab4408a20467ff5685876ef2be2\"},\"breadcrumb\":{\"@id\":\"https:\/\/blog.zeit.de\/stoerungsmelder\/2012\/07\/23\/bewusstes-verschweigen-von-neonazi-demos-selten-damliche-strategie_9196#breadcrumb\"},\"inLanguage\":\"de\",\"potentialAction\":[{\"@type\":\"ReadAction\",\"target\":[\"https:\/\/blog.zeit.de\/stoerungsmelder\/2012\/07\/23\/bewusstes-verschweigen-von-neonazi-demos-selten-damliche-strategie_9196\"]}]},{\"@type\":\"BreadcrumbList\",\"@id\":\"https:\/\/blog.zeit.de\/stoerungsmelder\/2012\/07\/23\/bewusstes-verschweigen-von-neonazi-demos-selten-damliche-strategie_9196#breadcrumb\",\"itemListElement\":[{\"@type\":\"ListItem\",\"position\":1,\"name\":\"Startseite\",\"item\":\"https:\/\/blog.zeit.de\/stoerungsmelder\"},{\"@type\":\"ListItem\",\"position\":2,\"name\":\"Bewusstes Verschweigen von Neonazi-Demos: &#8222;Selten d\u00e4mliche Strategie!&#8220;\"}]},{\"@type\":\"WebSite\",\"@id\":\"https:\/\/blog.zeit.de\/stoerungsmelder\/#website\",\"url\":\"https:\/\/blog.zeit.de\/stoerungsmelder\/\",\"name\":\"St\u00f6rungsmelder\",\"description\":\"Recherchen und Analysen \u00fcber die extreme Rechte\",\"potentialAction\":[{\"@type\":\"SearchAction\",\"target\":{\"@type\":\"EntryPoint\",\"urlTemplate\":\"https:\/\/blog.zeit.de\/stoerungsmelder\/?s={search_term_string}\"},\"query-input\":\"required name=search_term_string\"}],\"inLanguage\":\"de\"},{\"@type\":\"Person\",\"@id\":\"https:\/\/blog.zeit.de\/stoerungsmelder\/#\/schema\/person\/9954cab4408a20467ff5685876ef2be2\",\"name\":\"Johannes Hartl\",\"image\":{\"@type\":\"ImageObject\",\"inLanguage\":\"de\",\"@id\":\"https:\/\/blog.zeit.de\/stoerungsmelder\/#\/schema\/person\/image\/\",\"url\":\"https:\/\/secure.gravatar.com\/avatar\/aa76c6547229f48516cca421db00a6c0f8d4ce93e33efa645b42c6f7baec7518?s=96&d=mm&r=pg\",\"contentUrl\":\"https:\/\/secure.gravatar.com\/avatar\/aa76c6547229f48516cca421db00a6c0f8d4ce93e33efa645b42c6f7baec7518?s=96&d=mm&r=pg\",\"caption\":\"Johannes Hartl\"},\"sameAs\":[\"https:\/\/blog.zeit.de\/stoerungsmelder\/author\/jhartl\"],\"url\":\"https:\/\/blog.zeit.de\/stoerungsmelder\/author\/jhartl\"}]}<\/script>\n<!-- \/ Yoast SEO plugin. -->","yoast_head_json":{"title":"Bewusstes Verschweigen von Neonazi-Demos: \"Selten d\u00e4mliche Strategie!\" - St\u00f6rungsmelder","robots":{"index":"index","follow":"follow","max-snippet":"max-snippet:-1","max-image-preview":"max-image-preview:large","max-video-preview":"max-video-preview:-1"},"canonical":"https:\/\/blog.zeit.de\/stoerungsmelder\/2012\/07\/23\/bewusstes-verschweigen-von-neonazi-demos-selten-damliche-strategie_9196","og_locale":"de_DE","og_type":"article","og_title":"Bewusstes Verschweigen von Neonazi-Demos: \"Selten d\u00e4mliche Strategie!\" - St\u00f6rungsmelder","og_description":"In einigen bayerischen St\u00e4dten finden seit l\u00e4ngerem Neonazi-Kundgebungen statt, ohne das die B\u00fcrgerInnen etwas davon wissen, geschweige denn, sich dagegen wehren k\u00f6nnen. Dieses bewusste Verschweigen stellt neuerdings eine gezielte Strategie der St\u00e4dte dar, um \u201ezu hohe Aufmerksamkeit oder Eskalation\u201c zu verhindern. Eine Strategie, die den Neonazis f\u00f6rmlich in die H\u00e4nde spielt, gef\u00e4hrlich und obendrein selten [&hellip;]","og_url":"https:\/\/blog.zeit.de\/stoerungsmelder\/2012\/07\/23\/bewusstes-verschweigen-von-neonazi-demos-selten-damliche-strategie_9196","og_site_name":"St\u00f6rungsmelder","article_published_time":"2012-07-23T17:39:14+00:00","article_modified_time":"2012-07-23T17:51:48+00:00","og_image":[{"width":"540","height":"359","url":"https:\/\/blog.zeit.de\/stoerungsmelder\/files\/2012\/07\/Wei\u00dfenburg-Gegendemo.jpg","type":"image\/jpeg"}],"author":"Johannes Hartl","twitter_card":"summary_large_image","twitter_misc":{"Geschrieben von":"Johannes Hartl","Gesch\u00e4tzte Lesezeit":"3\u00a0Minuten"},"schema":{"@context":"https:\/\/schema.org","@graph":[{"@type":"WebPage","@id":"https:\/\/blog.zeit.de\/stoerungsmelder\/2012\/07\/23\/bewusstes-verschweigen-von-neonazi-demos-selten-damliche-strategie_9196","url":"https:\/\/blog.zeit.de\/stoerungsmelder\/2012\/07\/23\/bewusstes-verschweigen-von-neonazi-demos-selten-damliche-strategie_9196","name":"Bewusstes Verschweigen von Neonazi-Demos: \"Selten d\u00e4mliche Strategie!\" - St\u00f6rungsmelder","isPartOf":{"@id":"https:\/\/blog.zeit.de\/stoerungsmelder\/#website"},"datePublished":"2012-07-23T17:39:14+00:00","dateModified":"2012-07-23T17:51:48+00:00","author":{"@id":"https:\/\/blog.zeit.de\/stoerungsmelder\/#\/schema\/person\/9954cab4408a20467ff5685876ef2be2"},"breadcrumb":{"@id":"https:\/\/blog.zeit.de\/stoerungsmelder\/2012\/07\/23\/bewusstes-verschweigen-von-neonazi-demos-selten-damliche-strategie_9196#breadcrumb"},"inLanguage":"de","potentialAction":[{"@type":"ReadAction","target":["https:\/\/blog.zeit.de\/stoerungsmelder\/2012\/07\/23\/bewusstes-verschweigen-von-neonazi-demos-selten-damliche-strategie_9196"]}]},{"@type":"BreadcrumbList","@id":"https:\/\/blog.zeit.de\/stoerungsmelder\/2012\/07\/23\/bewusstes-verschweigen-von-neonazi-demos-selten-damliche-strategie_9196#breadcrumb","itemListElement":[{"@type":"ListItem","position":1,"name":"Startseite","item":"https:\/\/blog.zeit.de\/stoerungsmelder"},{"@type":"ListItem","position":2,"name":"Bewusstes Verschweigen von Neonazi-Demos: &#8222;Selten d\u00e4mliche Strategie!&#8220;"}]},{"@type":"WebSite","@id":"https:\/\/blog.zeit.de\/stoerungsmelder\/#website","url":"https:\/\/blog.zeit.de\/stoerungsmelder\/","name":"St\u00f6rungsmelder","description":"Recherchen und Analysen \u00fcber die extreme Rechte","potentialAction":[{"@type":"SearchAction","target":{"@type":"EntryPoint","urlTemplate":"https:\/\/blog.zeit.de\/stoerungsmelder\/?s={search_term_string}"},"query-input":"required name=search_term_string"}],"inLanguage":"de"},{"@type":"Person","@id":"https:\/\/blog.zeit.de\/stoerungsmelder\/#\/schema\/person\/9954cab4408a20467ff5685876ef2be2","name":"Johannes Hartl","image":{"@type":"ImageObject","inLanguage":"de","@id":"https:\/\/blog.zeit.de\/stoerungsmelder\/#\/schema\/person\/image\/","url":"https:\/\/secure.gravatar.com\/avatar\/aa76c6547229f48516cca421db00a6c0f8d4ce93e33efa645b42c6f7baec7518?s=96&d=mm&r=pg","contentUrl":"https:\/\/secure.gravatar.com\/avatar\/aa76c6547229f48516cca421db00a6c0f8d4ce93e33efa645b42c6f7baec7518?s=96&d=mm&r=pg","caption":"Johannes Hartl"},"sameAs":["https:\/\/blog.zeit.de\/stoerungsmelder\/author\/jhartl"],"url":"https:\/\/blog.zeit.de\/stoerungsmelder\/author\/jhartl"}]}},"jetpack_featured_media_url":"https:\/\/blog.zeit.de\/stoerungsmelder\/files\/2012\/07\/Wei\u00dfenburg-Gegendemo.jpg","jetpack_sharing_enabled":true,"_links":{"self":[{"href":"https:\/\/blog.zeit.de\/stoerungsmelder\/wp-json\/wp\/v2\/posts\/9196","targetHints":{"allow":["GET"]}}],"collection":[{"href":"https:\/\/blog.zeit.de\/stoerungsmelder\/wp-json\/wp\/v2\/posts"}],"about":[{"href":"https:\/\/blog.zeit.de\/stoerungsmelder\/wp-json\/wp\/v2\/types\/post"}],"author":[{"embeddable":true,"href":"https:\/\/blog.zeit.de\/stoerungsmelder\/wp-json\/wp\/v2\/users\/335"}],"replies":[{"embeddable":true,"href":"https:\/\/blog.zeit.de\/stoerungsmelder\/wp-json\/wp\/v2\/comments?post=9196"}],"version-history":[{"count":8,"href":"https:\/\/blog.zeit.de\/stoerungsmelder\/wp-json\/wp\/v2\/posts\/9196\/revisions"}],"predecessor-version":[{"id":9204,"href":"https:\/\/blog.zeit.de\/stoerungsmelder\/wp-json\/wp\/v2\/posts\/9196\/revisions\/9204"}],"wp:featuredmedia":[{"embeddable":true,"href":"https:\/\/blog.zeit.de\/stoerungsmelder\/wp-json\/wp\/v2\/media\/9195"}],"wp:attachment":[{"href":"https:\/\/blog.zeit.de\/stoerungsmelder\/wp-json\/wp\/v2\/media?parent=9196"}],"wp:term":[{"taxonomy":"category","embeddable":true,"href":"https:\/\/blog.zeit.de\/stoerungsmelder\/wp-json\/wp\/v2\/categories?post=9196"},{"taxonomy":"post_tag","embeddable":true,"href":"https:\/\/blog.zeit.de\/stoerungsmelder\/wp-json\/wp\/v2\/tags?post=9196"}],"curies":[{"name":"wp","href":"https:\/\/api.w.org\/{rel}","templated":true}]}}