{"id":9214,"date":"2012-07-25T16:28:13","date_gmt":"2012-07-25T14:28:13","guid":{"rendered":"http:\/\/blog.zeit.de\/stoerungsmelder\/?p=9214"},"modified":"2017-07-08T16:35:29","modified_gmt":"2017-07-08T14:35:29","slug":"nazi-lied-auf-dem-abschlussball","status":"publish","type":"post","link":"https:\/\/blog.zeit.de\/stoerungsmelder\/2012\/07\/25\/nazi-lied-auf-dem-abschlussball_9214","title":{"rendered":"Nazi-Lied auf dem Abschlussball"},"content":{"rendered":"<p><a href=\"https:\/\/blog.zeit.de\/stoerungsmelder\/files\/2011\/09\/sleipnir.jpg\"><img loading=\"lazy\" decoding=\"async\" class=\"alignleft\" src=\"https:\/\/blog.zeit.de\/stoerungsmelder\/files\/2011\/09\/sleipnir.jpg\" alt=\"\" width=\"200\" height=\"200\" \/><\/a>Es k\u00f6nnte ein beliebiges Youtube-Video sein, wie es sie zu tausenden im Netz gibt. Unter dem Applaus von Eltern und Lehrern singen in der Stadthalle von Kirchberg in Rheinland-Pfalz Sch\u00fcler ein von der Klasse ausgew\u00e4hlte &#8222;Abschlusslied&#8220;. Die Jungs tragen schwarze Anz\u00fcge, die M\u00e4dchen teure Abendkleider. Es ist ein festlicher Abend f\u00fcr die Schulgemeinschaft. Doch das Lied, dass die Klasse zum Besten gibt, stammt nicht von irgendeinem Liedermacher, sondern von der Naziband &#8222;Sleipnir&#8220;. Die Gruppe ist eine der bekanntesten Neonazibands Deutschlands. Mehrere Albenstehen wegen rassistischer Hetze auf dem Index.<!--more--><\/p>\n<p>&#8222;Wir gingen schon damals in die gleiche Schule und damit fing ein langer Weg f\u00fcr uns an. Es kamen die ersten Tr\u00e4ume und Ideale wir rebellierten oft ohne Verstand&#8220;, besingen die Rechtsrocker in dem von der Schulklasse vorgetragenen Lied &#8222;Verlorene Tr\u00e4ume&#8220; ihre Jugend. Seit den 90er Jahren genie\u00dft die Band Kultstatus in der Naziszene und tritt regelm\u00e4\u00dfig bei NPD-Veranstaltungen auf.\u00a0 <a href=\"https:\/\/blog.zeit.de\/stoerungsmelder\/2011\/09\/07\/nazikonzert-als-wahlkampfprogramm_7102\">Sleipnir<\/a>, waren erst vor kurzem f\u00fcr den Wahlkampf der Berliner NPD aktiv. Andere Lieder der Gruppe klingen eindeutiger:<\/p>\n<blockquote><p>&#8222;Leute schaut euch auf den Stra\u00dfen um,<br \/>\nwas k\u00f6nnt ihr sehen? Dort marschiert der<br \/>\nWiderstand und l\u00e4\u00dft seine Fahnen wehen.<br \/>\nAlt und jung, Hand in Hand<br \/>\nf\u00fcr das deutsche Vaterland!<br \/>\nSiegesgewi\u00df und voller Mut weht das schwarz-wei\u00df-rote Band.<br \/>\nDenn hier marschiert der nationale Widerstand.&#8220;<\/p><\/blockquote>\n<p>Das Album \u201cDas rechte Wort\u201d wurde 2004 verboten und auf die Liste zur Beschlagnahmung gesetzt. Das erste Album des Sleipnir S\u00e4ngers Marco Laszcz \u201cMein bester Kamerad\u201d wurde 1998 indiziert, weil die Lieder \u201ein menschenverachtender Weise gegen Ausl\u00e4nder\u201d hetzen, indem der S\u00e4nger \u201csie zu Parasiten herabw\u00fcrdigt, die kein Recht h\u00e4tten in Deutschland zu leben\u201c.<\/p>\n<p>Eingestellt hat das verst\u00f6rende Video der Schulfeier vor wenigen Wochen Youtube-User &#8222;GamerComander&#8220;. Sein Kommentar: &#8222;Unser Abschlusslied gespielt von der Schulband war ein guter Abend!&#8220; M\u00f6glicherweise war zumidnest einigen Beteiligten der rechtsextreme Hintergrund des liedes bekannt. Ein Youtube-User kommentiert: &#8222;Die Lehrer wussten das teilweise\u2026 Viele sind einfach rausgegangen als wir angefangen haben zu singen\u2026&#8220;<\/p>\n<p>Laut der Stadtverwaltung hatte die Realschule Kirchberg die Stadthalle f\u00fcr ihren Abschlussball gemietet. Wie es dazu kommen konnte, dass die Schulband das Lied einer Nazigruppe f\u00fcr den Festakt vorschlug und niemand es bemerkte, bleibt unklar. Die verantwortliche Schulleitung war am Mittwoch telefonisch nicht erreichbar.<\/p>\n<p>Update 26.7.2012: Inzwischen wurde das Video gel\u00f6scht. Andere User haben es aber erneut bei Vimeo hochgeladen.<\/p>\n<p>[vimeo 46421673 w=500 h=281] <\/p>\n<p><a href=\"http:\/\/vimeo.com\/46421673\">Abschluss 2012 &#8211; Sleipnir &#8211; Verlorene Tr\u00e4ume<\/a> from <a href=\"http:\/\/vimeo.com\/user12692249\">Karl Katzenberg<\/a> on <a href=\"http:\/\/vimeo.com\">Vimeo<\/a>.<\/p>\n<p><img loading=\"lazy\" decoding=\"async\" src=\"http:\/\/vg06.met.vgwort.de\/na\/b44317900dab4862b2b069b8e3a0b14b\" alt=\"\" width=\"1\" height=\"1\" \/><\/p>\n","protected":false},"excerpt":{"rendered":"<p>Es k\u00f6nnte ein beliebiges Youtube-Video sein, wie es sie zu tausenden im Netz gibt. Unter dem Applaus von Eltern und Lehrern singen in der Stadthalle von Kirchberg in Rheinland-Pfalz Sch\u00fcler ein von der Klasse ausgew\u00e4hlte &#8222;Abschlusslied&#8220;. Die Jungs tragen schwarze Anz\u00fcge, die M\u00e4dchen teure Abendkleider. Es ist ein festlicher Abend f\u00fcr die Schulgemeinschaft. Doch das [&hellip;]<\/p>\n","protected":false},"author":229,"featured_media":0,"comment_status":"open","ping_status":"open","sticky":false,"template":"","format":"standard","meta":{"_jetpack_memberships_contains_paid_content":false,"footnotes":""},"categories":[1455],"tags":[1716,1765,1296,11414],"class_list":["post-9214","post","type-post","status-publish","format-standard","hentry","category-rheinland-pfalz","tag-npd","tag-rechtsrock","tag-schule","tag-sleipnir"],"yoast_head":"<!-- This site is optimized with the Yoast SEO plugin v21.0 - https:\/\/yoast.com\/wordpress\/plugins\/seo\/ -->\n<title>Nazi-Lied auf dem Abschlussball - St\u00f6rungsmelder<\/title>\n<meta name=\"robots\" content=\"index, follow, max-snippet:-1, max-image-preview:large, max-video-preview:-1\" \/>\n<link rel=\"canonical\" href=\"https:\/\/blog.zeit.de\/stoerungsmelder\/2012\/07\/25\/nazi-lied-auf-dem-abschlussball_9214\" \/>\n<meta property=\"og:locale\" content=\"de_DE\" \/>\n<meta property=\"og:type\" content=\"article\" \/>\n<meta property=\"og:title\" content=\"Nazi-Lied auf dem Abschlussball - St\u00f6rungsmelder\" \/>\n<meta property=\"og:description\" content=\"Es k\u00f6nnte ein beliebiges Youtube-Video sein, wie es sie zu tausenden im Netz gibt. Unter dem Applaus von Eltern und Lehrern singen in der Stadthalle von Kirchberg in Rheinland-Pfalz Sch\u00fcler ein von der Klasse ausgew\u00e4hlte &#8222;Abschlusslied&#8220;. Die Jungs tragen schwarze Anz\u00fcge, die M\u00e4dchen teure Abendkleider. Es ist ein festlicher Abend f\u00fcr die Schulgemeinschaft. Doch das [&hellip;]\" \/>\n<meta property=\"og:url\" content=\"https:\/\/blog.zeit.de\/stoerungsmelder\/2012\/07\/25\/nazi-lied-auf-dem-abschlussball_9214\" \/>\n<meta property=\"og:site_name\" content=\"St\u00f6rungsmelder\" \/>\n<meta property=\"article:published_time\" content=\"2012-07-25T14:28:13+00:00\" \/>\n<meta property=\"article:modified_time\" content=\"2017-07-08T14:35:29+00:00\" \/>\n<meta property=\"og:image\" content=\"https:\/\/blog.zeit.de\/stoerungsmelder\/files\/2011\/09\/sleipnir.jpg\" \/>\n<meta name=\"author\" content=\"St\u00f6rungsmelder\" \/>\n<meta name=\"twitter:card\" content=\"summary_large_image\" \/>\n<meta name=\"twitter:label1\" content=\"Geschrieben von\" \/>\n\t<meta name=\"twitter:data1\" content=\"St\u00f6rungsmelder\" \/>\n\t<meta name=\"twitter:label2\" content=\"Gesch\u00e4tzte Lesezeit\" \/>\n\t<meta name=\"twitter:data2\" content=\"2\u00a0Minuten\" \/>\n<script type=\"application\/ld+json\" class=\"yoast-schema-graph\">{\"@context\":\"https:\/\/schema.org\",\"@graph\":[{\"@type\":\"WebPage\",\"@id\":\"https:\/\/blog.zeit.de\/stoerungsmelder\/2012\/07\/25\/nazi-lied-auf-dem-abschlussball_9214\",\"url\":\"https:\/\/blog.zeit.de\/stoerungsmelder\/2012\/07\/25\/nazi-lied-auf-dem-abschlussball_9214\",\"name\":\"Nazi-Lied auf dem Abschlussball - St\u00f6rungsmelder\",\"isPartOf\":{\"@id\":\"https:\/\/blog.zeit.de\/stoerungsmelder\/#website\"},\"datePublished\":\"2012-07-25T14:28:13+00:00\",\"dateModified\":\"2017-07-08T14:35:29+00:00\",\"author\":{\"@id\":\"https:\/\/blog.zeit.de\/stoerungsmelder\/#\/schema\/person\/fdd0b9818f65738672810b6d6f037f71\"},\"breadcrumb\":{\"@id\":\"https:\/\/blog.zeit.de\/stoerungsmelder\/2012\/07\/25\/nazi-lied-auf-dem-abschlussball_9214#breadcrumb\"},\"inLanguage\":\"de\",\"potentialAction\":[{\"@type\":\"ReadAction\",\"target\":[\"https:\/\/blog.zeit.de\/stoerungsmelder\/2012\/07\/25\/nazi-lied-auf-dem-abschlussball_9214\"]}]},{\"@type\":\"BreadcrumbList\",\"@id\":\"https:\/\/blog.zeit.de\/stoerungsmelder\/2012\/07\/25\/nazi-lied-auf-dem-abschlussball_9214#breadcrumb\",\"itemListElement\":[{\"@type\":\"ListItem\",\"position\":1,\"name\":\"Startseite\",\"item\":\"https:\/\/blog.zeit.de\/stoerungsmelder\"},{\"@type\":\"ListItem\",\"position\":2,\"name\":\"Nazi-Lied auf dem Abschlussball\"}]},{\"@type\":\"WebSite\",\"@id\":\"https:\/\/blog.zeit.de\/stoerungsmelder\/#website\",\"url\":\"https:\/\/blog.zeit.de\/stoerungsmelder\/\",\"name\":\"St\u00f6rungsmelder\",\"description\":\"Recherchen und Analysen \u00fcber die extreme Rechte\",\"potentialAction\":[{\"@type\":\"SearchAction\",\"target\":{\"@type\":\"EntryPoint\",\"urlTemplate\":\"https:\/\/blog.zeit.de\/stoerungsmelder\/?s={search_term_string}\"},\"query-input\":\"required name=search_term_string\"}],\"inLanguage\":\"de\"},{\"@type\":\"Person\",\"@id\":\"https:\/\/blog.zeit.de\/stoerungsmelder\/#\/schema\/person\/fdd0b9818f65738672810b6d6f037f71\",\"name\":\"St\u00f6rungsmelder\",\"image\":{\"@type\":\"ImageObject\",\"inLanguage\":\"de\",\"@id\":\"https:\/\/blog.zeit.de\/stoerungsmelder\/#\/schema\/person\/image\/\",\"url\":\"https:\/\/secure.gravatar.com\/avatar\/dfa4be514c3e82a71e4f9a0020035d38192d080ccaa5e4e6d7a1472c763535c5?s=96&d=mm&r=pg\",\"contentUrl\":\"https:\/\/secure.gravatar.com\/avatar\/dfa4be514c3e82a71e4f9a0020035d38192d080ccaa5e4e6d7a1472c763535c5?s=96&d=mm&r=pg\",\"caption\":\"St\u00f6rungsmelder\"},\"url\":\"https:\/\/blog.zeit.de\/stoerungsmelder\/author\/stoerungsmelder\"}]}<\/script>\n<!-- \/ Yoast SEO plugin. -->","yoast_head_json":{"title":"Nazi-Lied auf dem Abschlussball - St\u00f6rungsmelder","robots":{"index":"index","follow":"follow","max-snippet":"max-snippet:-1","max-image-preview":"max-image-preview:large","max-video-preview":"max-video-preview:-1"},"canonical":"https:\/\/blog.zeit.de\/stoerungsmelder\/2012\/07\/25\/nazi-lied-auf-dem-abschlussball_9214","og_locale":"de_DE","og_type":"article","og_title":"Nazi-Lied auf dem Abschlussball - St\u00f6rungsmelder","og_description":"Es k\u00f6nnte ein beliebiges Youtube-Video sein, wie es sie zu tausenden im Netz gibt. Unter dem Applaus von Eltern und Lehrern singen in der Stadthalle von Kirchberg in Rheinland-Pfalz Sch\u00fcler ein von der Klasse ausgew\u00e4hlte &#8222;Abschlusslied&#8220;. Die Jungs tragen schwarze Anz\u00fcge, die M\u00e4dchen teure Abendkleider. Es ist ein festlicher Abend f\u00fcr die Schulgemeinschaft. Doch das [&hellip;]","og_url":"https:\/\/blog.zeit.de\/stoerungsmelder\/2012\/07\/25\/nazi-lied-auf-dem-abschlussball_9214","og_site_name":"St\u00f6rungsmelder","article_published_time":"2012-07-25T14:28:13+00:00","article_modified_time":"2017-07-08T14:35:29+00:00","og_image":[{"url":"https:\/\/blog.zeit.de\/stoerungsmelder\/files\/2011\/09\/sleipnir.jpg"}],"author":"St\u00f6rungsmelder","twitter_card":"summary_large_image","twitter_misc":{"Geschrieben von":"St\u00f6rungsmelder","Gesch\u00e4tzte Lesezeit":"2\u00a0Minuten"},"schema":{"@context":"https:\/\/schema.org","@graph":[{"@type":"WebPage","@id":"https:\/\/blog.zeit.de\/stoerungsmelder\/2012\/07\/25\/nazi-lied-auf-dem-abschlussball_9214","url":"https:\/\/blog.zeit.de\/stoerungsmelder\/2012\/07\/25\/nazi-lied-auf-dem-abschlussball_9214","name":"Nazi-Lied auf dem Abschlussball - St\u00f6rungsmelder","isPartOf":{"@id":"https:\/\/blog.zeit.de\/stoerungsmelder\/#website"},"datePublished":"2012-07-25T14:28:13+00:00","dateModified":"2017-07-08T14:35:29+00:00","author":{"@id":"https:\/\/blog.zeit.de\/stoerungsmelder\/#\/schema\/person\/fdd0b9818f65738672810b6d6f037f71"},"breadcrumb":{"@id":"https:\/\/blog.zeit.de\/stoerungsmelder\/2012\/07\/25\/nazi-lied-auf-dem-abschlussball_9214#breadcrumb"},"inLanguage":"de","potentialAction":[{"@type":"ReadAction","target":["https:\/\/blog.zeit.de\/stoerungsmelder\/2012\/07\/25\/nazi-lied-auf-dem-abschlussball_9214"]}]},{"@type":"BreadcrumbList","@id":"https:\/\/blog.zeit.de\/stoerungsmelder\/2012\/07\/25\/nazi-lied-auf-dem-abschlussball_9214#breadcrumb","itemListElement":[{"@type":"ListItem","position":1,"name":"Startseite","item":"https:\/\/blog.zeit.de\/stoerungsmelder"},{"@type":"ListItem","position":2,"name":"Nazi-Lied auf dem Abschlussball"}]},{"@type":"WebSite","@id":"https:\/\/blog.zeit.de\/stoerungsmelder\/#website","url":"https:\/\/blog.zeit.de\/stoerungsmelder\/","name":"St\u00f6rungsmelder","description":"Recherchen und Analysen \u00fcber die extreme Rechte","potentialAction":[{"@type":"SearchAction","target":{"@type":"EntryPoint","urlTemplate":"https:\/\/blog.zeit.de\/stoerungsmelder\/?s={search_term_string}"},"query-input":"required name=search_term_string"}],"inLanguage":"de"},{"@type":"Person","@id":"https:\/\/blog.zeit.de\/stoerungsmelder\/#\/schema\/person\/fdd0b9818f65738672810b6d6f037f71","name":"St\u00f6rungsmelder","image":{"@type":"ImageObject","inLanguage":"de","@id":"https:\/\/blog.zeit.de\/stoerungsmelder\/#\/schema\/person\/image\/","url":"https:\/\/secure.gravatar.com\/avatar\/dfa4be514c3e82a71e4f9a0020035d38192d080ccaa5e4e6d7a1472c763535c5?s=96&d=mm&r=pg","contentUrl":"https:\/\/secure.gravatar.com\/avatar\/dfa4be514c3e82a71e4f9a0020035d38192d080ccaa5e4e6d7a1472c763535c5?s=96&d=mm&r=pg","caption":"St\u00f6rungsmelder"},"url":"https:\/\/blog.zeit.de\/stoerungsmelder\/author\/stoerungsmelder"}]}},"jetpack_featured_media_url":"","jetpack_sharing_enabled":true,"_links":{"self":[{"href":"https:\/\/blog.zeit.de\/stoerungsmelder\/wp-json\/wp\/v2\/posts\/9214","targetHints":{"allow":["GET"]}}],"collection":[{"href":"https:\/\/blog.zeit.de\/stoerungsmelder\/wp-json\/wp\/v2\/posts"}],"about":[{"href":"https:\/\/blog.zeit.de\/stoerungsmelder\/wp-json\/wp\/v2\/types\/post"}],"author":[{"embeddable":true,"href":"https:\/\/blog.zeit.de\/stoerungsmelder\/wp-json\/wp\/v2\/users\/229"}],"replies":[{"embeddable":true,"href":"https:\/\/blog.zeit.de\/stoerungsmelder\/wp-json\/wp\/v2\/comments?post=9214"}],"version-history":[{"count":14,"href":"https:\/\/blog.zeit.de\/stoerungsmelder\/wp-json\/wp\/v2\/posts\/9214\/revisions"}],"predecessor-version":[{"id":24099,"href":"https:\/\/blog.zeit.de\/stoerungsmelder\/wp-json\/wp\/v2\/posts\/9214\/revisions\/24099"}],"wp:attachment":[{"href":"https:\/\/blog.zeit.de\/stoerungsmelder\/wp-json\/wp\/v2\/media?parent=9214"}],"wp:term":[{"taxonomy":"category","embeddable":true,"href":"https:\/\/blog.zeit.de\/stoerungsmelder\/wp-json\/wp\/v2\/categories?post=9214"},{"taxonomy":"post_tag","embeddable":true,"href":"https:\/\/blog.zeit.de\/stoerungsmelder\/wp-json\/wp\/v2\/tags?post=9214"}],"curies":[{"name":"wp","href":"https:\/\/api.w.org\/{rel}","templated":true}]}}