{"id":9229,"date":"2012-07-26T20:26:50","date_gmt":"2012-07-26T18:26:50","guid":{"rendered":"http:\/\/blog.zeit.de\/stoerungsmelder\/?p=9229"},"modified":"2012-07-26T20:26:50","modified_gmt":"2012-07-26T18:26:50","slug":"das-%e2%80%9ehexogen-in-berlin-ist-kein-normales-geschaft","status":"publish","type":"post","link":"https:\/\/blog.zeit.de\/stoerungsmelder\/2012\/07\/26\/das-%e2%80%9ehexogen-in-berlin-ist-kein-normales-geschaft_9229","title":{"rendered":"Das \u201eHexogen\u201c in Berlin ist kein normales Gesch\u00e4ft"},"content":{"rendered":"<p><figure id=\"attachment_6115\" aria-describedby=\"caption-attachment-6115\" style=\"width: 540px\" class=\"wp-caption aligncenter\"><a href=\"https:\/\/blog.zeit.de\/stoerungsmelder\/files\/2011\/04\/schmidtke_web.jpg\"><img loading=\"lazy\" decoding=\"async\" class=\"size-full wp-image-6115\" src=\"https:\/\/blog.zeit.de\/stoerungsmelder\/files\/2011\/04\/schmidtke_web.jpg\" alt=\"\" width=\"540\" height=\"200\" srcset=\"https:\/\/blog.zeit.de\/stoerungsmelder\/files\/2011\/04\/schmidtke_web.jpg 540w, https:\/\/blog.zeit.de\/stoerungsmelder\/files\/2011\/04\/schmidtke_web-300x111.jpg 300w\" sizes=\"auto, (max-width: 540px) 100vw, 540px\" \/><\/a><figcaption id=\"caption-attachment-6115\" class=\"wp-caption-text\">Ladenbesitzer Sebastian Schmidtke (Mitte) bei einer NPD-Veranstlung im Januar 2011 \u00a9 Matthias Zickrow<\/figcaption><\/figure><\/p>\n<p>Das Landgericht Berlin hat am Montag die R\u00e4umungsklage gegen das Ladengesch\u00e4ft \u201eHexogen\u201c im Stadtteil Sch\u00f6neweide abgewiesen. Dieses Urteil ist bedauerlich, stellt aber keinen Freifahrtsschein f\u00fcr rechtsextreme Infrastruktur in Berlin und auch sonst nirgendwo dar.<!--more--><\/p>\n<p>Der Laden geh\u00f6rt dem NPD-Landeschef Sebastian Schmidtke. Die Gegend, in der er sich befindet, ist eine Schwerpunktregion der rechtsextremen Szene in Berlin. So befindet sich neben dem \u201eHexogen\u201c auch die von rechtsextremen Kreisen besuchte Kneipe \u201eZum Henker\u201c in der Br\u00fcckenstra\u00dfe.<\/p>\n<p>Seinen Namen hat der Laden von dem hochgiftigen Sprengstoff \u201eHexogen\u201c. Der milit\u00e4rische Explosivstoff wurde vermehrt im Zweiten Weltkrieg hergestellt und eingesetzt. Neben der Tatsache, dass vor Ort Materialien f\u00fcr das Neonazispektrum vertrieben werden, zeigt also auch der Name, dass es sich bei dem neuen Laden nicht einfach um einen gew\u00f6hnlichen Outdoor-Ausr\u00fcster handelt, sondern das Gesch\u00e4ft mit einer eindeutig rassistische Gewalt verherrlichenden und menschenfeindlichen Grundhaltung verbunden ist.<\/p>\n<p>Die Zivilgesellschaft darf nicht nachlassen, sich gegen Rechtsextremismus, Rassismus und Menschenfeindlichkeit zu wehren \u2013 egal wo und in welchem Gewand sie auftritt. Zivilgesellschaftliche Initiativen wie das B\u00fcndnis f\u00fcr Toleranz und Demokratie gegen Fremdenfeindlichkeit und Rassismus Treptow-K\u00f6penick zeigen, dass Berlin sich t\u00e4glich f\u00fcr Demokratie und Toleranz einsetzt.<\/p>\n<p>Das Urteil im Wortlaut liegt noch nicht vor, auf die Begr\u00fcndung darf man gespannt sein. In der Vergangenheit gab es auch schon erfolgreiche R\u00e4umungsklagen, so musste beispielsweise in Berlin-Mitte nach juristischer Auseinandersetzung ein \u201eThor Steinar\u201c- Laden dichtmachen. Ob der Fall \u201eHexogen\u201c durch weitere Gerichtsinstanzen gehen wird, um an Erfolge wie diesen doch noch ankn\u00fcpfen zu k\u00f6nnen, ist zur Zeit noch offen.<br \/>\nEins ist aber klar: Private Vermieter k\u00f6nnen sich vor rechtsextremen Mietern sch\u00fctzen, indem sie eine Klausel in ihre Mietvertr\u00e4ge aufnehmen, die die Mobile Beratung gegen Rechtsextremismus Berlin erarbeitet hat. Das ist nicht viel Arbeit, aber wirkungsvolle Pr\u00e4vention gegen b\u00f6se \u00dcberraschungen. Damit rechtsextreme Infrastruktur keinen Platz hat!<\/p>\n","protected":false},"excerpt":{"rendered":"<p>Das Landgericht Berlin hat am Montag die R\u00e4umungsklage gegen das Ladengesch\u00e4ft \u201eHexogen\u201c im Stadtteil Sch\u00f6neweide abgewiesen. Dieses Urteil ist bedauerlich, stellt aber keinen Freifahrtsschein f\u00fcr rechtsextreme Infrastruktur in Berlin und auch sonst nirgendwo dar.<\/p>\n","protected":false},"author":255,"featured_media":0,"comment_status":"open","ping_status":"open","sticky":false,"template":"","format":"standard","meta":{"_jetpack_memberships_contains_paid_content":false,"footnotes":""},"categories":[249],"tags":[17859,1716,1765,1791],"class_list":["post-9229","post","type-post","status-publish","format-standard","hentry","category-berlin","tag-hexogen","tag-npd","tag-rechtsrock","tag-sebastian-schmidtke"],"yoast_head":"<!-- This site is optimized with the Yoast SEO plugin v21.0 - https:\/\/yoast.com\/wordpress\/plugins\/seo\/ -->\n<title>Das \u201eHexogen\u201c in Berlin ist kein normales Gesch\u00e4ft - St\u00f6rungsmelder<\/title>\n<meta name=\"robots\" content=\"index, follow, max-snippet:-1, max-image-preview:large, max-video-preview:-1\" \/>\n<link rel=\"canonical\" href=\"https:\/\/blog.zeit.de\/stoerungsmelder\/2012\/07\/26\/das-\u201ehexogen-in-berlin-ist-kein-normales-geschaft_9229\" \/>\n<meta property=\"og:locale\" content=\"de_DE\" \/>\n<meta property=\"og:type\" content=\"article\" \/>\n<meta property=\"og:title\" content=\"Das \u201eHexogen\u201c in Berlin ist kein normales Gesch\u00e4ft - St\u00f6rungsmelder\" \/>\n<meta property=\"og:description\" content=\"Das Landgericht Berlin hat am Montag die R\u00e4umungsklage gegen das Ladengesch\u00e4ft \u201eHexogen\u201c im Stadtteil Sch\u00f6neweide abgewiesen. Dieses Urteil ist bedauerlich, stellt aber keinen Freifahrtsschein f\u00fcr rechtsextreme Infrastruktur in Berlin und auch sonst nirgendwo dar.\" \/>\n<meta property=\"og:url\" content=\"https:\/\/blog.zeit.de\/stoerungsmelder\/2012\/07\/26\/das-\u201ehexogen-in-berlin-ist-kein-normales-geschaft_9229\" \/>\n<meta property=\"og:site_name\" content=\"St\u00f6rungsmelder\" \/>\n<meta property=\"article:published_time\" content=\"2012-07-26T18:26:50+00:00\" \/>\n<meta property=\"og:image\" content=\"https:\/\/blog.zeit.de\/stoerungsmelder\/files\/2011\/04\/schmidtke_web.jpg\" \/>\n<meta name=\"author\" content=\"Clara Herrmann\" \/>\n<meta name=\"twitter:card\" content=\"summary_large_image\" \/>\n<meta name=\"twitter:label1\" content=\"Geschrieben von\" \/>\n\t<meta name=\"twitter:data1\" content=\"Clara Herrmann\" \/>\n\t<meta name=\"twitter:label2\" content=\"Gesch\u00e4tzte Lesezeit\" \/>\n\t<meta name=\"twitter:data2\" content=\"2\u00a0Minuten\" \/>\n<script type=\"application\/ld+json\" class=\"yoast-schema-graph\">{\"@context\":\"https:\/\/schema.org\",\"@graph\":[{\"@type\":\"WebPage\",\"@id\":\"https:\/\/blog.zeit.de\/stoerungsmelder\/2012\/07\/26\/das-%e2%80%9ehexogen-in-berlin-ist-kein-normales-geschaft_9229\",\"url\":\"https:\/\/blog.zeit.de\/stoerungsmelder\/2012\/07\/26\/das-%e2%80%9ehexogen-in-berlin-ist-kein-normales-geschaft_9229\",\"name\":\"Das \u201eHexogen\u201c in Berlin ist kein normales Gesch\u00e4ft - St\u00f6rungsmelder\",\"isPartOf\":{\"@id\":\"https:\/\/blog.zeit.de\/stoerungsmelder\/#website\"},\"datePublished\":\"2012-07-26T18:26:50+00:00\",\"dateModified\":\"2012-07-26T18:26:50+00:00\",\"author\":{\"@id\":\"https:\/\/blog.zeit.de\/stoerungsmelder\/#\/schema\/person\/edc999bf09f96e71c295c3551c323fa2\"},\"breadcrumb\":{\"@id\":\"https:\/\/blog.zeit.de\/stoerungsmelder\/2012\/07\/26\/das-%e2%80%9ehexogen-in-berlin-ist-kein-normales-geschaft_9229#breadcrumb\"},\"inLanguage\":\"de\",\"potentialAction\":[{\"@type\":\"ReadAction\",\"target\":[\"https:\/\/blog.zeit.de\/stoerungsmelder\/2012\/07\/26\/das-%e2%80%9ehexogen-in-berlin-ist-kein-normales-geschaft_9229\"]}]},{\"@type\":\"BreadcrumbList\",\"@id\":\"https:\/\/blog.zeit.de\/stoerungsmelder\/2012\/07\/26\/das-%e2%80%9ehexogen-in-berlin-ist-kein-normales-geschaft_9229#breadcrumb\",\"itemListElement\":[{\"@type\":\"ListItem\",\"position\":1,\"name\":\"Startseite\",\"item\":\"https:\/\/blog.zeit.de\/stoerungsmelder\"},{\"@type\":\"ListItem\",\"position\":2,\"name\":\"Das \u201eHexogen\u201c in Berlin ist kein normales Gesch\u00e4ft\"}]},{\"@type\":\"WebSite\",\"@id\":\"https:\/\/blog.zeit.de\/stoerungsmelder\/#website\",\"url\":\"https:\/\/blog.zeit.de\/stoerungsmelder\/\",\"name\":\"St\u00f6rungsmelder\",\"description\":\"Recherchen und Analysen \u00fcber die extreme Rechte\",\"potentialAction\":[{\"@type\":\"SearchAction\",\"target\":{\"@type\":\"EntryPoint\",\"urlTemplate\":\"https:\/\/blog.zeit.de\/stoerungsmelder\/?s={search_term_string}\"},\"query-input\":\"required name=search_term_string\"}],\"inLanguage\":\"de\"},{\"@type\":\"Person\",\"@id\":\"https:\/\/blog.zeit.de\/stoerungsmelder\/#\/schema\/person\/edc999bf09f96e71c295c3551c323fa2\",\"name\":\"Clara Herrmann\",\"image\":{\"@type\":\"ImageObject\",\"inLanguage\":\"de\",\"@id\":\"https:\/\/blog.zeit.de\/stoerungsmelder\/#\/schema\/person\/image\/\",\"url\":\"https:\/\/secure.gravatar.com\/avatar\/04b40705f948898f2d062b2baf918db0e44716afe022753fee34274b82cee0d7?s=96&d=mm&r=pg\",\"contentUrl\":\"https:\/\/secure.gravatar.com\/avatar\/04b40705f948898f2d062b2baf918db0e44716afe022753fee34274b82cee0d7?s=96&d=mm&r=pg\",\"caption\":\"Clara Herrmann\"},\"url\":\"https:\/\/blog.zeit.de\/stoerungsmelder\/author\/clara-herrmann\"}]}<\/script>\n<!-- \/ Yoast SEO plugin. -->","yoast_head_json":{"title":"Das \u201eHexogen\u201c in Berlin ist kein normales Gesch\u00e4ft - St\u00f6rungsmelder","robots":{"index":"index","follow":"follow","max-snippet":"max-snippet:-1","max-image-preview":"max-image-preview:large","max-video-preview":"max-video-preview:-1"},"canonical":"https:\/\/blog.zeit.de\/stoerungsmelder\/2012\/07\/26\/das-\u201ehexogen-in-berlin-ist-kein-normales-geschaft_9229","og_locale":"de_DE","og_type":"article","og_title":"Das \u201eHexogen\u201c in Berlin ist kein normales Gesch\u00e4ft - St\u00f6rungsmelder","og_description":"Das Landgericht Berlin hat am Montag die R\u00e4umungsklage gegen das Ladengesch\u00e4ft \u201eHexogen\u201c im Stadtteil Sch\u00f6neweide abgewiesen. Dieses Urteil ist bedauerlich, stellt aber keinen Freifahrtsschein f\u00fcr rechtsextreme Infrastruktur in Berlin und auch sonst nirgendwo dar.","og_url":"https:\/\/blog.zeit.de\/stoerungsmelder\/2012\/07\/26\/das-\u201ehexogen-in-berlin-ist-kein-normales-geschaft_9229","og_site_name":"St\u00f6rungsmelder","article_published_time":"2012-07-26T18:26:50+00:00","og_image":[{"url":"https:\/\/blog.zeit.de\/stoerungsmelder\/files\/2011\/04\/schmidtke_web.jpg"}],"author":"Clara Herrmann","twitter_card":"summary_large_image","twitter_misc":{"Geschrieben von":"Clara Herrmann","Gesch\u00e4tzte Lesezeit":"2\u00a0Minuten"},"schema":{"@context":"https:\/\/schema.org","@graph":[{"@type":"WebPage","@id":"https:\/\/blog.zeit.de\/stoerungsmelder\/2012\/07\/26\/das-%e2%80%9ehexogen-in-berlin-ist-kein-normales-geschaft_9229","url":"https:\/\/blog.zeit.de\/stoerungsmelder\/2012\/07\/26\/das-%e2%80%9ehexogen-in-berlin-ist-kein-normales-geschaft_9229","name":"Das \u201eHexogen\u201c in Berlin ist kein normales Gesch\u00e4ft - St\u00f6rungsmelder","isPartOf":{"@id":"https:\/\/blog.zeit.de\/stoerungsmelder\/#website"},"datePublished":"2012-07-26T18:26:50+00:00","dateModified":"2012-07-26T18:26:50+00:00","author":{"@id":"https:\/\/blog.zeit.de\/stoerungsmelder\/#\/schema\/person\/edc999bf09f96e71c295c3551c323fa2"},"breadcrumb":{"@id":"https:\/\/blog.zeit.de\/stoerungsmelder\/2012\/07\/26\/das-%e2%80%9ehexogen-in-berlin-ist-kein-normales-geschaft_9229#breadcrumb"},"inLanguage":"de","potentialAction":[{"@type":"ReadAction","target":["https:\/\/blog.zeit.de\/stoerungsmelder\/2012\/07\/26\/das-%e2%80%9ehexogen-in-berlin-ist-kein-normales-geschaft_9229"]}]},{"@type":"BreadcrumbList","@id":"https:\/\/blog.zeit.de\/stoerungsmelder\/2012\/07\/26\/das-%e2%80%9ehexogen-in-berlin-ist-kein-normales-geschaft_9229#breadcrumb","itemListElement":[{"@type":"ListItem","position":1,"name":"Startseite","item":"https:\/\/blog.zeit.de\/stoerungsmelder"},{"@type":"ListItem","position":2,"name":"Das \u201eHexogen\u201c in Berlin ist kein normales Gesch\u00e4ft"}]},{"@type":"WebSite","@id":"https:\/\/blog.zeit.de\/stoerungsmelder\/#website","url":"https:\/\/blog.zeit.de\/stoerungsmelder\/","name":"St\u00f6rungsmelder","description":"Recherchen und Analysen \u00fcber die extreme Rechte","potentialAction":[{"@type":"SearchAction","target":{"@type":"EntryPoint","urlTemplate":"https:\/\/blog.zeit.de\/stoerungsmelder\/?s={search_term_string}"},"query-input":"required name=search_term_string"}],"inLanguage":"de"},{"@type":"Person","@id":"https:\/\/blog.zeit.de\/stoerungsmelder\/#\/schema\/person\/edc999bf09f96e71c295c3551c323fa2","name":"Clara Herrmann","image":{"@type":"ImageObject","inLanguage":"de","@id":"https:\/\/blog.zeit.de\/stoerungsmelder\/#\/schema\/person\/image\/","url":"https:\/\/secure.gravatar.com\/avatar\/04b40705f948898f2d062b2baf918db0e44716afe022753fee34274b82cee0d7?s=96&d=mm&r=pg","contentUrl":"https:\/\/secure.gravatar.com\/avatar\/04b40705f948898f2d062b2baf918db0e44716afe022753fee34274b82cee0d7?s=96&d=mm&r=pg","caption":"Clara Herrmann"},"url":"https:\/\/blog.zeit.de\/stoerungsmelder\/author\/clara-herrmann"}]}},"jetpack_featured_media_url":"","jetpack_sharing_enabled":true,"_links":{"self":[{"href":"https:\/\/blog.zeit.de\/stoerungsmelder\/wp-json\/wp\/v2\/posts\/9229","targetHints":{"allow":["GET"]}}],"collection":[{"href":"https:\/\/blog.zeit.de\/stoerungsmelder\/wp-json\/wp\/v2\/posts"}],"about":[{"href":"https:\/\/blog.zeit.de\/stoerungsmelder\/wp-json\/wp\/v2\/types\/post"}],"author":[{"embeddable":true,"href":"https:\/\/blog.zeit.de\/stoerungsmelder\/wp-json\/wp\/v2\/users\/255"}],"replies":[{"embeddable":true,"href":"https:\/\/blog.zeit.de\/stoerungsmelder\/wp-json\/wp\/v2\/comments?post=9229"}],"version-history":[{"count":2,"href":"https:\/\/blog.zeit.de\/stoerungsmelder\/wp-json\/wp\/v2\/posts\/9229\/revisions"}],"predecessor-version":[{"id":9231,"href":"https:\/\/blog.zeit.de\/stoerungsmelder\/wp-json\/wp\/v2\/posts\/9229\/revisions\/9231"}],"wp:attachment":[{"href":"https:\/\/blog.zeit.de\/stoerungsmelder\/wp-json\/wp\/v2\/media?parent=9229"}],"wp:term":[{"taxonomy":"category","embeddable":true,"href":"https:\/\/blog.zeit.de\/stoerungsmelder\/wp-json\/wp\/v2\/categories?post=9229"},{"taxonomy":"post_tag","embeddable":true,"href":"https:\/\/blog.zeit.de\/stoerungsmelder\/wp-json\/wp\/v2\/tags?post=9229"}],"curies":[{"name":"wp","href":"https:\/\/api.w.org\/{rel}","templated":true}]}}