{"id":9235,"date":"2012-07-29T20:08:08","date_gmt":"2012-07-29T18:08:08","guid":{"rendered":"http:\/\/blog.zeit.de\/stoerungsmelder\/?p=9235"},"modified":"2017-07-08T16:35:29","modified_gmt":"2017-07-08T14:35:29","slug":"ausstieg-eines-selbstdarstellers","status":"publish","type":"post","link":"https:\/\/blog.zeit.de\/stoerungsmelder\/2012\/07\/29\/ausstieg-eines-selbstdarstellers_9235","title":{"rendered":"Der Ausstieg des Selbstdarstellers"},"content":{"rendered":"<p><figure id=\"attachment_9236\" aria-describedby=\"caption-attachment-9236\" style=\"width: 540px\" class=\"wp-caption aligncenter\"><a href=\"https:\/\/blog.zeit.de\/stoerungsmelder\/files\/2012\/07\/molau.jpg\"><img loading=\"lazy\" decoding=\"async\" class=\"size-full wp-image-9236\" src=\"https:\/\/blog.zeit.de\/stoerungsmelder\/files\/2012\/07\/molau.jpg\" alt=\"\" width=\"540\" height=\"351\" srcset=\"https:\/\/blog.zeit.de\/stoerungsmelder\/files\/2012\/07\/molau.jpg 540w, https:\/\/blog.zeit.de\/stoerungsmelder\/files\/2012\/07\/molau-300x195.jpg 300w\" sizes=\"auto, (max-width: 540px) 100vw, 540px\" \/><\/a><figcaption id=\"caption-attachment-9236\" class=\"wp-caption-text\">Hat sich von seinen &quot;Kameraden&quot; verabschiedet - Andreas Molau, hier 2007 bei einer NPD-Veranstaltung \u00a9 getty<\/figcaption><\/figure><\/p>\n<p>Einst scheiterte der fr\u00fchere <a href=\"http:\/\/www.netz-gegen-nazis.de\/artikel\/junge-freiheit\">Junge Freiheit<\/a>-Autor als NPD-Politiker, dann wechselte er zur DVU und kam schlie\u00dflich bei den Rechtspopulisten von Pro NRW an. Jetzt gab der langj\u00e4hrige <a href=\"http:\/\/www.netz-gegen-nazis.de\/lexikontext\/andreas-molau\">Rechtsextremist Andreas Molau<\/a> seinen Ausstieg bekannt. Damit verliert die Szene eine ihrer schillernsten Figuren, f\u00fcr die sich am Ende kaum noch jemand interessierte.<!--more--><\/p>\n<p>Wie <a href=\"http:\/\/www.ndr.de\/regional\/dossiers\/der_norden_schaut_hin\/molau101.html\">NDR Info berichtet<\/a>, hat der 44-J\u00e4hrige\u00a0 nach eigenen Angaben alle Verbindungen zu seinen ehemaligen Gesinnungsgenossen abgebrochen und Kontakt zum nieders\u00e4chsischen Verfassungsschutz aufgenommen. Ein solcher Schritt gilt in der rechtsextremen Szene als Verrat und damit unumkehrbar. Molau ging zugleich auf Konfrontationskurs zur NPD. Die Schweriner Landtagsfraktion sei eine &#8222;v\u00f6lkische Talibantruppe&#8220;, sagte er dem Sender. Dem NPD-Bundesvorstand bescheinigte er einen weitgehenden Realit\u00e4tsverlust. Molau galt zeitweise als einer der Vordenker der rechtsextremen Szene in Deutschland.<\/p>\n<p>Erst nach und nach sei ihm klar geworden, in welch seltsame Kreise er damals bei der NPD geraten sei, behauptet Molau heute. &#8222;Da gibt es bei irgendwelchen Treffen in Hinterzimmern J\u00fcngelchen, die kaum gerade stehen k\u00f6nnen und dann ein T-Shirt mit dem Aufdruck &#8218;White Power&#8216; tragen. Im &#8218;Deutsche Stimme Verlag&#8216; bestellen Menschen Wehrmachtspuppen oder irgendwelche Zimmerflaks f\u00fcr den weihnachtlichen Gabentisch. Es ist schlicht skurril.&#8220;<\/p>\n<p>Zuletzt gab es in rechtsextremen Kreisen kaum noch Interesse an der Person Molaus. Beim harten Kern der Szene galt der fr\u00fchere Waldorflehrer schon lange als &#8222;zu zahm&#8220; und nicht radikal genug. Bei den Rechtspopulisten konnte er sich ebenfalls nicht durchsetzen. Den Selbstdarstellungsdrang des 44-J\u00e4hrigen d\u00fcrften jetzt die Beamten des Verfassungsschutzes befriedigen, die sich durch Molau einen tiefen Einblick in das Nazi-Spektrum erhoffen.<\/p>\n<p><img loading=\"lazy\" decoding=\"async\" src=\"http:\/\/vg06.met.vgwort.de\/na\/74f4da8ddf5542e4a77b5650171c4484\" alt=\"\" width=\"1\" height=\"1\" \/><\/p>\n","protected":false},"excerpt":{"rendered":"<p>Einst scheiterte der fr\u00fchere Junge Freiheit-Autor als NPD-Politiker, dann wechselte er zur DVU und kam schlie\u00dflich bei den Rechtspopulisten von Pro NRW an. Jetzt gab der langj\u00e4hrige Rechtsextremist Andreas Molau seinen Ausstieg bekannt. Damit verliert die Szene eine ihrer schillernsten Figuren, f\u00fcr die sich am Ende kaum noch jemand interessierte.<\/p>\n","protected":false},"author":229,"featured_media":0,"comment_status":"open","ping_status":"open","sticky":false,"template":"","format":"standard","meta":{"_jetpack_memberships_contains_paid_content":false,"footnotes":""},"categories":[1515],"tags":[2081,17860,1542,1635,1716,1750],"class_list":["post-9235","post","type-post","status-publish","format-standard","hentry","category-bundesweit","tag-andreas-molau","tag-aussteiger","tag-dvu","tag-junge-freiheit","tag-npd","tag-pro-nrw"],"yoast_head":"<!-- This site is optimized with the Yoast SEO plugin v21.0 - https:\/\/yoast.com\/wordpress\/plugins\/seo\/ -->\n<title>Der Ausstieg des Selbstdarstellers - St\u00f6rungsmelder<\/title>\n<meta name=\"robots\" content=\"index, follow, max-snippet:-1, max-image-preview:large, max-video-preview:-1\" \/>\n<link rel=\"canonical\" href=\"https:\/\/blog.zeit.de\/stoerungsmelder\/2012\/07\/29\/ausstieg-eines-selbstdarstellers_9235\" \/>\n<meta property=\"og:locale\" content=\"de_DE\" \/>\n<meta property=\"og:type\" content=\"article\" \/>\n<meta property=\"og:title\" content=\"Der Ausstieg des Selbstdarstellers - St\u00f6rungsmelder\" \/>\n<meta property=\"og:description\" content=\"Einst scheiterte der fr\u00fchere Junge Freiheit-Autor als NPD-Politiker, dann wechselte er zur DVU und kam schlie\u00dflich bei den Rechtspopulisten von Pro NRW an. Jetzt gab der langj\u00e4hrige Rechtsextremist Andreas Molau seinen Ausstieg bekannt. Damit verliert die Szene eine ihrer schillernsten Figuren, f\u00fcr die sich am Ende kaum noch jemand interessierte.\" \/>\n<meta property=\"og:url\" content=\"https:\/\/blog.zeit.de\/stoerungsmelder\/2012\/07\/29\/ausstieg-eines-selbstdarstellers_9235\" \/>\n<meta property=\"og:site_name\" content=\"St\u00f6rungsmelder\" \/>\n<meta property=\"article:published_time\" content=\"2012-07-29T18:08:08+00:00\" \/>\n<meta property=\"article:modified_time\" content=\"2017-07-08T14:35:29+00:00\" \/>\n<meta property=\"og:image\" content=\"https:\/\/blog.zeit.de\/stoerungsmelder\/files\/2012\/07\/molau.jpg\" \/>\n<meta name=\"author\" content=\"St\u00f6rungsmelder\" \/>\n<meta name=\"twitter:card\" content=\"summary_large_image\" \/>\n<meta name=\"twitter:label1\" content=\"Geschrieben von\" \/>\n\t<meta name=\"twitter:data1\" content=\"St\u00f6rungsmelder\" \/>\n\t<meta name=\"twitter:label2\" content=\"Gesch\u00e4tzte Lesezeit\" \/>\n\t<meta name=\"twitter:data2\" content=\"1\u00a0Minute\" \/>\n<script type=\"application\/ld+json\" class=\"yoast-schema-graph\">{\"@context\":\"https:\/\/schema.org\",\"@graph\":[{\"@type\":\"WebPage\",\"@id\":\"https:\/\/blog.zeit.de\/stoerungsmelder\/2012\/07\/29\/ausstieg-eines-selbstdarstellers_9235\",\"url\":\"https:\/\/blog.zeit.de\/stoerungsmelder\/2012\/07\/29\/ausstieg-eines-selbstdarstellers_9235\",\"name\":\"Der Ausstieg des Selbstdarstellers - St\u00f6rungsmelder\",\"isPartOf\":{\"@id\":\"https:\/\/blog.zeit.de\/stoerungsmelder\/#website\"},\"datePublished\":\"2012-07-29T18:08:08+00:00\",\"dateModified\":\"2017-07-08T14:35:29+00:00\",\"author\":{\"@id\":\"https:\/\/blog.zeit.de\/stoerungsmelder\/#\/schema\/person\/fdd0b9818f65738672810b6d6f037f71\"},\"breadcrumb\":{\"@id\":\"https:\/\/blog.zeit.de\/stoerungsmelder\/2012\/07\/29\/ausstieg-eines-selbstdarstellers_9235#breadcrumb\"},\"inLanguage\":\"de\",\"potentialAction\":[{\"@type\":\"ReadAction\",\"target\":[\"https:\/\/blog.zeit.de\/stoerungsmelder\/2012\/07\/29\/ausstieg-eines-selbstdarstellers_9235\"]}]},{\"@type\":\"BreadcrumbList\",\"@id\":\"https:\/\/blog.zeit.de\/stoerungsmelder\/2012\/07\/29\/ausstieg-eines-selbstdarstellers_9235#breadcrumb\",\"itemListElement\":[{\"@type\":\"ListItem\",\"position\":1,\"name\":\"Startseite\",\"item\":\"https:\/\/blog.zeit.de\/stoerungsmelder\"},{\"@type\":\"ListItem\",\"position\":2,\"name\":\"Der Ausstieg des Selbstdarstellers\"}]},{\"@type\":\"WebSite\",\"@id\":\"https:\/\/blog.zeit.de\/stoerungsmelder\/#website\",\"url\":\"https:\/\/blog.zeit.de\/stoerungsmelder\/\",\"name\":\"St\u00f6rungsmelder\",\"description\":\"Recherchen und Analysen \u00fcber die extreme Rechte\",\"potentialAction\":[{\"@type\":\"SearchAction\",\"target\":{\"@type\":\"EntryPoint\",\"urlTemplate\":\"https:\/\/blog.zeit.de\/stoerungsmelder\/?s={search_term_string}\"},\"query-input\":\"required name=search_term_string\"}],\"inLanguage\":\"de\"},{\"@type\":\"Person\",\"@id\":\"https:\/\/blog.zeit.de\/stoerungsmelder\/#\/schema\/person\/fdd0b9818f65738672810b6d6f037f71\",\"name\":\"St\u00f6rungsmelder\",\"image\":{\"@type\":\"ImageObject\",\"inLanguage\":\"de\",\"@id\":\"https:\/\/blog.zeit.de\/stoerungsmelder\/#\/schema\/person\/image\/\",\"url\":\"https:\/\/secure.gravatar.com\/avatar\/dfa4be514c3e82a71e4f9a0020035d38192d080ccaa5e4e6d7a1472c763535c5?s=96&d=mm&r=pg\",\"contentUrl\":\"https:\/\/secure.gravatar.com\/avatar\/dfa4be514c3e82a71e4f9a0020035d38192d080ccaa5e4e6d7a1472c763535c5?s=96&d=mm&r=pg\",\"caption\":\"St\u00f6rungsmelder\"},\"url\":\"https:\/\/blog.zeit.de\/stoerungsmelder\/author\/stoerungsmelder\"}]}<\/script>\n<!-- \/ Yoast SEO plugin. -->","yoast_head_json":{"title":"Der Ausstieg des Selbstdarstellers - St\u00f6rungsmelder","robots":{"index":"index","follow":"follow","max-snippet":"max-snippet:-1","max-image-preview":"max-image-preview:large","max-video-preview":"max-video-preview:-1"},"canonical":"https:\/\/blog.zeit.de\/stoerungsmelder\/2012\/07\/29\/ausstieg-eines-selbstdarstellers_9235","og_locale":"de_DE","og_type":"article","og_title":"Der Ausstieg des Selbstdarstellers - St\u00f6rungsmelder","og_description":"Einst scheiterte der fr\u00fchere Junge Freiheit-Autor als NPD-Politiker, dann wechselte er zur DVU und kam schlie\u00dflich bei den Rechtspopulisten von Pro NRW an. Jetzt gab der langj\u00e4hrige Rechtsextremist Andreas Molau seinen Ausstieg bekannt. Damit verliert die Szene eine ihrer schillernsten Figuren, f\u00fcr die sich am Ende kaum noch jemand interessierte.","og_url":"https:\/\/blog.zeit.de\/stoerungsmelder\/2012\/07\/29\/ausstieg-eines-selbstdarstellers_9235","og_site_name":"St\u00f6rungsmelder","article_published_time":"2012-07-29T18:08:08+00:00","article_modified_time":"2017-07-08T14:35:29+00:00","og_image":[{"url":"https:\/\/blog.zeit.de\/stoerungsmelder\/files\/2012\/07\/molau.jpg"}],"author":"St\u00f6rungsmelder","twitter_card":"summary_large_image","twitter_misc":{"Geschrieben von":"St\u00f6rungsmelder","Gesch\u00e4tzte Lesezeit":"1\u00a0Minute"},"schema":{"@context":"https:\/\/schema.org","@graph":[{"@type":"WebPage","@id":"https:\/\/blog.zeit.de\/stoerungsmelder\/2012\/07\/29\/ausstieg-eines-selbstdarstellers_9235","url":"https:\/\/blog.zeit.de\/stoerungsmelder\/2012\/07\/29\/ausstieg-eines-selbstdarstellers_9235","name":"Der Ausstieg des Selbstdarstellers - St\u00f6rungsmelder","isPartOf":{"@id":"https:\/\/blog.zeit.de\/stoerungsmelder\/#website"},"datePublished":"2012-07-29T18:08:08+00:00","dateModified":"2017-07-08T14:35:29+00:00","author":{"@id":"https:\/\/blog.zeit.de\/stoerungsmelder\/#\/schema\/person\/fdd0b9818f65738672810b6d6f037f71"},"breadcrumb":{"@id":"https:\/\/blog.zeit.de\/stoerungsmelder\/2012\/07\/29\/ausstieg-eines-selbstdarstellers_9235#breadcrumb"},"inLanguage":"de","potentialAction":[{"@type":"ReadAction","target":["https:\/\/blog.zeit.de\/stoerungsmelder\/2012\/07\/29\/ausstieg-eines-selbstdarstellers_9235"]}]},{"@type":"BreadcrumbList","@id":"https:\/\/blog.zeit.de\/stoerungsmelder\/2012\/07\/29\/ausstieg-eines-selbstdarstellers_9235#breadcrumb","itemListElement":[{"@type":"ListItem","position":1,"name":"Startseite","item":"https:\/\/blog.zeit.de\/stoerungsmelder"},{"@type":"ListItem","position":2,"name":"Der Ausstieg des Selbstdarstellers"}]},{"@type":"WebSite","@id":"https:\/\/blog.zeit.de\/stoerungsmelder\/#website","url":"https:\/\/blog.zeit.de\/stoerungsmelder\/","name":"St\u00f6rungsmelder","description":"Recherchen und Analysen \u00fcber die extreme Rechte","potentialAction":[{"@type":"SearchAction","target":{"@type":"EntryPoint","urlTemplate":"https:\/\/blog.zeit.de\/stoerungsmelder\/?s={search_term_string}"},"query-input":"required name=search_term_string"}],"inLanguage":"de"},{"@type":"Person","@id":"https:\/\/blog.zeit.de\/stoerungsmelder\/#\/schema\/person\/fdd0b9818f65738672810b6d6f037f71","name":"St\u00f6rungsmelder","image":{"@type":"ImageObject","inLanguage":"de","@id":"https:\/\/blog.zeit.de\/stoerungsmelder\/#\/schema\/person\/image\/","url":"https:\/\/secure.gravatar.com\/avatar\/dfa4be514c3e82a71e4f9a0020035d38192d080ccaa5e4e6d7a1472c763535c5?s=96&d=mm&r=pg","contentUrl":"https:\/\/secure.gravatar.com\/avatar\/dfa4be514c3e82a71e4f9a0020035d38192d080ccaa5e4e6d7a1472c763535c5?s=96&d=mm&r=pg","caption":"St\u00f6rungsmelder"},"url":"https:\/\/blog.zeit.de\/stoerungsmelder\/author\/stoerungsmelder"}]}},"jetpack_featured_media_url":"","jetpack_sharing_enabled":true,"_links":{"self":[{"href":"https:\/\/blog.zeit.de\/stoerungsmelder\/wp-json\/wp\/v2\/posts\/9235","targetHints":{"allow":["GET"]}}],"collection":[{"href":"https:\/\/blog.zeit.de\/stoerungsmelder\/wp-json\/wp\/v2\/posts"}],"about":[{"href":"https:\/\/blog.zeit.de\/stoerungsmelder\/wp-json\/wp\/v2\/types\/post"}],"author":[{"embeddable":true,"href":"https:\/\/blog.zeit.de\/stoerungsmelder\/wp-json\/wp\/v2\/users\/229"}],"replies":[{"embeddable":true,"href":"https:\/\/blog.zeit.de\/stoerungsmelder\/wp-json\/wp\/v2\/comments?post=9235"}],"version-history":[{"count":10,"href":"https:\/\/blog.zeit.de\/stoerungsmelder\/wp-json\/wp\/v2\/posts\/9235\/revisions"}],"predecessor-version":[{"id":24098,"href":"https:\/\/blog.zeit.de\/stoerungsmelder\/wp-json\/wp\/v2\/posts\/9235\/revisions\/24098"}],"wp:attachment":[{"href":"https:\/\/blog.zeit.de\/stoerungsmelder\/wp-json\/wp\/v2\/media?parent=9235"}],"wp:term":[{"taxonomy":"category","embeddable":true,"href":"https:\/\/blog.zeit.de\/stoerungsmelder\/wp-json\/wp\/v2\/categories?post=9235"},{"taxonomy":"post_tag","embeddable":true,"href":"https:\/\/blog.zeit.de\/stoerungsmelder\/wp-json\/wp\/v2\/tags?post=9235"}],"curies":[{"name":"wp","href":"https:\/\/api.w.org\/{rel}","templated":true}]}}