{"id":9353,"date":"2012-08-10T09:04:13","date_gmt":"2012-08-10T07:04:13","guid":{"rendered":"http:\/\/blog.zeit.de\/stoerungsmelder\/?p=9353"},"modified":"2012-08-10T09:04:13","modified_gmt":"2012-08-10T07:04:13","slug":"bayerische-npd-desolate-lage-schlechte-personelle-aufstellung","status":"publish","type":"post","link":"https:\/\/blog.zeit.de\/stoerungsmelder\/2012\/08\/10\/bayerische-npd-desolate-lage-schlechte-personelle-aufstellung_9353","title":{"rendered":"Bayerische NPD: Desolate Lage, schlechte personelle Aufstellung"},"content":{"rendered":"<p><figure id=\"attachment_9356\" aria-describedby=\"caption-attachment-9356\" style=\"width: 540px\" class=\"wp-caption aligncenter\"><a href=\"https:\/\/blog.zeit.de\/stoerungsmelder\/files\/2012\/08\/DSC_0066.jpg\"><img loading=\"lazy\" decoding=\"async\" class=\"size-full wp-image-9356\" src=\"https:\/\/blog.zeit.de\/stoerungsmelder\/files\/2012\/08\/DSC_0066.jpg\" alt=\"\" width=\"540\" height=\"359\" srcset=\"https:\/\/blog.zeit.de\/stoerungsmelder\/files\/2012\/08\/DSC_0066.jpg 540w, https:\/\/blog.zeit.de\/stoerungsmelder\/files\/2012\/08\/DSC_0066-300x199.jpg 300w\" sizes=\"auto, (max-width: 540px) 100vw, 540px\" \/><\/a><figcaption id=\"caption-attachment-9356\" class=\"wp-caption-text\">Keine \u00d6ffentlichkeitswirkung, massive Gegenproteste: Die Deutschlandtour der NPD durch Bayern, hier in Bayreuth \u00a9 Johannes Hartl<\/figcaption><\/figure><\/p>\n<p>Drei Tage lang tourte die NPD durch sechs bayerische St\u00e4dte und verkaufte dies anschlie\u00dfend selbstredend als Erfolg \u2013 doch auch die rechtsextreme Partei m\u00fcsste erkannt haben, dass es das auf keinen Fall war. Viel eher offenbarte die Deutschlandfahrt der NPD durch Bayern den desolaten Zustand des Landesverbands und die schlechte personelle Aufstellung der neonazistischen Partei. <!--more--><\/p>\n<p>Augsburg, M\u00fcnchen, Regensburg, N\u00fcrnberg, Bayreuth und W\u00fcrzburg \u2013 waren die Ziele der NPD-Deutschlandfahrt in Bayern. An insgesamt 3 Tagen machte die rechtsextreme Partei an den jeweiligen Stationen halt; einmal Vormittag, einmal Nachmittag. Und immer mit dem gleichen Ergebnis: Geringer Beteiligung von Seiten der NPD \u2013 und massiver Ablehnung durch die B\u00fcrger\/-innen der jeweiligen St\u00e4dte. Bisweilen stellten sich \u00fcber 2000 Menschen gegen die NPD, der damit in allen St\u00e4dten jedwede \u00d6ffentlichkeitswirkung verwehrt werden konnte. F\u00fcr die Neonazi-Partei verkam die Deutschlandfahrt damit in Bayern, wie zuvor auch bereits in anderen Bundesl\u00e4ndern, zu einer richtig peinlichen Aktion.<\/p>\n<p>Doch die \u201eDeutschlandfahrt\u201c f\u00f6rderte tats\u00e4chlich auch noch etwas anderes zu Tage, und zwar die desolate Lage der bayerischen NPD. Geh\u00f6ren dem bayerischen Landesverband der rechtsextremen Partei laut Verfassungsschutz insgesamt 900 Mitglieder an, so tourte die NPD weitestgehend mit ihrer Stammbesatzung durch Bayern, von der manche \u2013 mit Ausnahme der Redner \u2013 aus anderen Bundesl\u00e4ndern stammten. Nur vereinzelt fanden sich bayerische Anh\u00e4nger ein \u2013 und \u00fcber 20 Personen wurden es inklusive der Lkw-Crew niemals. Obwohl die Partei nicht \u00f6ffentlich mobilisiert hatte, d\u00fcrften die Zahlen einen neuen Tiefpunkt f\u00fcr die bayerische NPD darstellen und einen Trend best\u00e4tigen, der sich im Freistaat schon l\u00e4nger abzeichnet: W\u00e4hrend die NPD zusehends an Einfluss verliert, gewinnen ihn militante Neonazi-Kameradschaften, die sich im \u201eFreien Netz S\u00fcd\u201c organisieren, dazu. Ein Effekt, der sich nach dem Austritt verschiedener f\u00fchrender Kameradschafts-Nazis aus der NPD nochmals deutlich verst\u00e4rken haben d\u00fcrfte. Anfang\/Mitte Mai hatten n\u00e4mlich mehrere bekannte Neonazi-Kader aufgrund eines in ihren Augen zu sanften Kurses der NPD das Handtuch geworfen und sich vollends von der Partei abgewandt.<\/p>\n<p><figure id=\"attachment_9357\" aria-describedby=\"caption-attachment-9357\" style=\"width: 300px\" class=\"wp-caption alignleft\"><a href=\"https:\/\/blog.zeit.de\/stoerungsmelder\/files\/2012\/08\/DSC_0179.jpg\"><img loading=\"lazy\" decoding=\"async\" class=\"size-medium wp-image-9357\" src=\"https:\/\/blog.zeit.de\/stoerungsmelder\/files\/2012\/08\/DSC_0179-300x199.jpg\" alt=\"\" width=\"300\" height=\"199\" srcset=\"https:\/\/blog.zeit.de\/stoerungsmelder\/files\/2012\/08\/DSC_0179-300x199.jpg 300w, https:\/\/blog.zeit.de\/stoerungsmelder\/files\/2012\/08\/DSC_0179-1024x680.jpg 1024w\" sizes=\"auto, (max-width: 300px) 100vw, 300px\" \/><\/a><figcaption id=\"caption-attachment-9357\" class=\"wp-caption-text\">Auf wackligen Beinen: NPD-Landeschef Ralf Ollert                \u00a9 Johannes Hartl<\/figcaption><\/figure><\/p>\n<p>Der Landesverband unter der Leitung von Ralf Ollert scheint also wahrlich nicht gut aufgestellt zu sein. Entweder hat die NPD deutlich weniger Mitglieder als angenommen oder die Parteianh\u00e4nger trauen sich alle nicht in die \u00d6ffentlichkeit. F\u00fcr die NPD, die im n\u00e4chsten Jahr f\u00fcr den Landtag kandidieren will und hierzu teilweise bereits ihre Kandidaten aufgestellt hat, w\u00e4re jedenfalls beides fatal. Denn ein effektiver Wahlkampf im Sinne der Neonazi-Partei ist ohne eine gr\u00f6\u00dfere Zahl von Anh\u00e4ngern wohl kaum zu bew\u00e4ltigen. Hinzu kommt ferner die vehemente Kritik der Kameradschafts-Nazis an Landeschef Ollert und die teilweise unterschiedlichen Ausrichtungen und Strategien verschiedener NPD-Kader in Bayern. Am deutlichsten wird das am Beispiel Ralf Ollert\/Karl Richter. Beide sind in der NPD aktiv, beide sitzen f\u00fcr die NPD-Tarnorganisation \u201eB\u00fcrgerinitiative Ausl\u00e4nderstopp\u201c in bayerischen Stadtr\u00e4ten \u2013 und doch verfolgen beide g\u00e4nzlich andere Kurse. Repr\u00e4sentiert Ollert ma\u00dfgeblich die von Parteichef Holger Apfel propagierte \u201eseri\u00f6se Radikalit\u00e4t\u201c, darf es f\u00fcr Richter gerne auch etwas radikaler sein.<\/p>\n<p><figure id=\"attachment_9367\" aria-describedby=\"caption-attachment-9367\" style=\"width: 300px\" class=\"wp-caption alignright\"><a href=\"https:\/\/blog.zeit.de\/stoerungsmelder\/files\/2012\/08\/DSC_0016.jpg\"><img loading=\"lazy\" decoding=\"async\" class=\"size-medium wp-image-9367\" src=\"https:\/\/blog.zeit.de\/stoerungsmelder\/files\/2012\/08\/DSC_0016-300x199.jpg\" alt=\"\" width=\"300\" height=\"199\" srcset=\"https:\/\/blog.zeit.de\/stoerungsmelder\/files\/2012\/08\/DSC_0016-300x199.jpg 300w, https:\/\/blog.zeit.de\/stoerungsmelder\/files\/2012\/08\/DSC_0016-1024x680.jpg 1024w\" sizes=\"auto, (max-width: 300px) 100vw, 300px\" \/><\/a><figcaption id=\"caption-attachment-9367\" class=\"wp-caption-text\">Hat anscheinend kein Problem mit Kameradschaften: Karl Richter, stellvertretender Bundesvorsitzender der NPD \u00a9 Johannes Hartl<\/figcaption><\/figure><\/p>\n<p>So st\u00f6rt sich Richter zum Beispiel \u00fcberhaupt nicht daran, bei einem Aufmarsch des \u201eFreien Netz S\u00fcds\u201c mitzulaufen, wohingegen dies f\u00fcr Ollert gar nicht in Frage zu kommen scheint. Schon seit l\u00e4ngerem hat der bayerische Landesverband unter Ollerts Leitung mit den freien Kameradschaften gebrochen und zuvor war die Beziehung untereinander zumindest angespannt. Vielmehr setzt er deshalb jetzt seit einiger Zeit auf eine andere Strategie, mit der er junge Anh\u00e4nger locken will, die sich bislang eher f\u00fcr die radikaleren Kameradschaften mit ihrem Aktionismus und bisweilen gewaltbereitem Auftreten interessiert haben. Um diesen R\u00fcckstand auszugleichen, den die Partei \u00fcber Jahre hinweg entstehen lie\u00df, wurden im letzten Jahr zusammen mit Holger Apfel die \u201eJungen Nationaldemokraten Franken\/Oberpfalz\u201c gegr\u00fcndet, die unter der Leitung von Sven Diem stehen. Diem dient Ollert vermutlich haupts\u00e4chlich dazu, junge Anh\u00e4nger zu rekrutieren \u2013 und entwickelt sich ganz nebenbei unter der Fittiche des bayerischen NPD-Chefs zu einer regelrechten Parteigr\u00f6\u00dfe, die erst k\u00fcrzlich als Kandidat f\u00fcr die Landtagswahlen im Jahr 2013 f\u00fcr den Stimmkreis Forchheim aufgestellt wurde.<\/p>\n<p>Versuchte Diems Truppe zu Anfang noch mit regelm\u00e4\u00dfigen Auftritten attraktiv f\u00fcr rechtsoffene Jugendliche zu erscheinen, war damit schnell auch wieder Schluss. Insgesamt drei Mal hielt die \u201eJN\u201c eine Kundgebung unter dem Motto \u201eWir sind keine Terrorristen \u2013 Die Presse l\u00fcgt\u201c ab, ehe es allm\u00e4hlich wieder ruhiger wurde um die Jugendorganisation der NPD. Seither beteiligen sie sich h\u00f6chstens an Aktionen, die von der Partei selbst ausgehen. Auffallend war bei der \u201eJN\u201c anfangs das aggressive Auftreten, das sicherlich kontr\u00e4r zu Apfels \u201eseri\u00f6ser Radikalit\u00e4t\u201c gestanden haben d\u00fcrfte. Beispielsweise griff die \u201eJN\u201c bei einer Kundgebung in Wei\u00dfenburg auf das Kommando \u201eAlle Kameraden an die Front\u201c hin mehrmals hinter einer Absperrung befindliche Gegendemonstrant\/-innen an oder unternahm zumindest den Versuch. Anwesend bei dieser Kundgebung war zudem Landeschef Ollert, der sich zwar bewusst zur\u00fcckhielt und sich nicht selbst an den Attacken beteiligte, aber auch nicht m\u00e4\u00dfigend auf die \u201eKameraden\u201c einwirkte. Daf\u00fcr gibt es sicherlich Gr\u00fcnde, denn Ollert, der bereits einmal von radikaleren Anh\u00e4ngern gest\u00fcrzt werden sollte, hat in der Partei ohnehin keinen sicheren Stand, weswegen er auf die \u201eJN\u201c angewiesen sein d\u00fcrfte. Indem er Diem zu einer wichtigen Person innerhalb der Partei macht, erhofft er sich wohl, im Zweifelsfall R\u00fcckendeckung zu bekommen, sollte es erneut zu einem Versuch kommen, ihn zu st\u00fcrzen.<\/p>\n<p><figure id=\"attachment_9366\" aria-describedby=\"caption-attachment-9366\" style=\"width: 300px\" class=\"wp-caption alignleft\"><a href=\"https:\/\/blog.zeit.de\/stoerungsmelder\/files\/2012\/08\/DSC_0142.jpg\"><img loading=\"lazy\" decoding=\"async\" class=\"size-medium wp-image-9366\" src=\"https:\/\/blog.zeit.de\/stoerungsmelder\/files\/2012\/08\/DSC_0142-300x199.jpg\" alt=\"\" width=\"300\" height=\"199\" srcset=\"https:\/\/blog.zeit.de\/stoerungsmelder\/files\/2012\/08\/DSC_0142-300x199.jpg 300w, https:\/\/blog.zeit.de\/stoerungsmelder\/files\/2012\/08\/DSC_0142-1024x680.jpg 1024w\" sizes=\"auto, (max-width: 300px) 100vw, 300px\" \/><\/a><figcaption id=\"caption-attachment-9366\" class=\"wp-caption-text\">Ollerts Jungstar: Sven Diem, neu aufgestellter NPD-Landtagskandidat \u00a9 Johannes Hartl<\/figcaption><\/figure><\/p>\n<p>Theoretisch k\u00f6nnte die \u201eJN\u201c auch f\u00fcr den Landtagswahlkampf interessant sein, praktisch aber eher f\u00fcr Diem selbst als f\u00fcr den gesamten bayerischen Landesverband. Fest steht n\u00e4mlich, dass Diem f\u00fcr den Stimmkreis Forchheim antreten wird \u2013 eben jenem Gebiet, in dem die \u201eJN\u201c einen ihrer Aktionsr\u00e4ume hat. Und um f\u00fcr den gesamtbayerischen Landtagswahlkampf aktiv zu werden, d\u00fcrfte der JN \u00fcberdies das Personal fehlen. Die Konzentration auf einen einzelnen Wahlkreis m\u00fcsste aber im Rahmen des m\u00f6glichen sein. Wie die komplette bayerische NPD unterdessen ihren Wahlkampf bew\u00e4ltigen will, d\u00fcrfte fraglich sein, insbesondere nachdem sie infolge der Parteiaustritte einige Kader in f\u00fchrenden Positionen verloren hat. Eine besondere Situation besteht in diesem Zusammenhang sicherlich in der Oberpfalz, wo die \u201eGesch\u00e4ftsstelle\u201c der NPD gleich komplett \u201egeschlossen\u201c wurde. Das d\u00fcrfte der NPD schmerzen, denn mit 1,9 Prozent der Stimmen konnten sie in der Oberpfalz eines ihrer besten Ergebnisse bei den letzten Landtagswahlen einfahren.<\/p>\n<p>Neben ihrem desolaten Zustand hat die NPD in Bayern weiterhin mit einer massiven Ablehnung der B\u00fcrger\/-innen zu k\u00e4mpfen. Wo immer die rechtsextreme Partei auftaucht, stehen zumeist unz\u00e4hlige Menschen auf der Stra\u00dfe, um gegen sie zu demonstrieren. Und auch mit populistischen Themen (Euro-Rettungsschirm oder Hetze gegen die Europ\u00e4ische Union) kann die NPD derzeit nicht besonders viele Leute k\u00f6dern. Negativ hinzu kommt f\u00fcr die Neonazis ebenso, dass die NPD nahezu immer mit dem NSU und seinen Taten in Verbindung gebracht wird, wenngleich sie immerzu verzweifelte Distanzierungsversuche unternehmen. Das erscheint nur folgerichtig, waren doch einige mutma\u00dfliche Unterst\u00fctzer des Terrortrios NPD-Aktivisten \u2013 und ist die Partei mit ihrem Programm doch zumindest ideologischer Wegbereiter f\u00fcr diese Taten gewesen. Erfolg d\u00fcrften sie in Zukunft also kaum haben, zumal die Partei f\u00fcr viele neue Anh\u00e4nger, auf die die Rechtsextremist\/-innen angewiesen w\u00e4ren, trotz der Neugr\u00fcndung der \u201eJN\u201c eher unattraktiv erscheinen d\u00fcrfte. F\u00fcr viele Neonazis sind die radikaleren und deutlich losgel\u00f6ster agierenden Kameradschaften mittlerweile l\u00e4ngst interessanter geworden als eine Parteimitgliedschaft.<\/p>\n<p><figure id=\"attachment_9428\" aria-describedby=\"caption-attachment-9428\" style=\"width: 300px\" class=\"wp-caption alignright\"><a href=\"https:\/\/blog.zeit.de\/stoerungsmelder\/files\/2012\/08\/Nazi-B\u00fcrgerinitiative.png\"><img loading=\"lazy\" decoding=\"async\" class=\"size-medium wp-image-9428\" src=\"https:\/\/blog.zeit.de\/stoerungsmelder\/files\/2012\/08\/Nazi-B\u00fcrgerinitiative-300x187.png\" alt=\"\" width=\"300\" height=\"187\" srcset=\"https:\/\/blog.zeit.de\/stoerungsmelder\/files\/2012\/08\/Nazi-B\u00fcrgerinitiative-300x187.png 300w, https:\/\/blog.zeit.de\/stoerungsmelder\/files\/2012\/08\/Nazi-B\u00fcrgerinitiative-1024x640.png 1024w, https:\/\/blog.zeit.de\/stoerungsmelder\/files\/2012\/08\/Nazi-B\u00fcrgerinitiative.png 1280w\" sizes=\"auto, (max-width: 300px) 100vw, 300px\" \/><\/a><figcaption id=\"caption-attachment-9428\" class=\"wp-caption-text\">&quot;B\u00fcrgernah und w\u00e4hlbar&quot; erscheinen: EX-NPDler und Aktivisten des &quot;Freien Netz S\u00fcds&quot; gr\u00fcndeten eine neonazistische B\u00fcrgerinitiative \u00a9 Screenshot der Homepage<\/figcaption><\/figure><\/p>\n<p>Und genau das entwickelt sich in Bayern zusehends zu einem Problem. W\u00e4hrend die NPD ihre wichtige Rolle f\u00fcr die Nazi-Szene nach und nach verliert, gewinnen sie die Kameradschaften hinzu. Da diese nur wenig mit einer Partei anfangen zu k\u00f6nnen scheinen, aber offenbar dennoch gew\u00e4hlt werden wollen, setzen sie auf eine neue Taktik: die Gr\u00fcndung von sogenannten \u201eB\u00fcrgerinitiativen\u201c. Vorgemacht haben das F\u00fcrther Neonazis, die mit der \u201eB\u00fcrgerinitiative Soziales F\u00fcrth\u201c B\u00fcrger\/-innen anlocken und von ihrer Ideologie, die sie selbstverst\u00e4ndlich zun\u00e4chst einmal tarnen, \u00fcberzeugen m\u00f6chten. Nachahmer fand das Projekt schnell. Nur wenig sp\u00e4ter gr\u00fcndeten Oberpf\u00e4lzer Nazis n\u00e4mlich die \u201eB\u00fcrgerinitiative Soziale Alternative Oberpfalz\u201c, die presserechtlich von einem bekannten Funktion\u00e4r des \u201eFreien Netz S\u00fcds\u201c gef\u00fchrt wird \u2013 Robin Siener, der au\u00dferdem bis zu seinem Austritt im Mai 2012 stellvertretender Bezirksvorsitzender der NPD-Oberpfalz war. Laut \u201eBayern gegen Rechtsextremismus\u201c verfolgen die Neonazis damit die Strategie, \u201eb\u00fcrgernah und w\u00e4hlbar\u201c zu erscheinen.<\/p>\n<p>Selbst wenn die NPD also nur mit sehr geringen Erfolgsaussichten an den Start geht, ist die Gefahr am Ende leider keineswegs gebannt. Sie verschiebt sich lediglich und nimmt in ihrer Gef\u00e4hrlichkeit sogar noch zu, da dieses Konzept der Tarnung eine immense Gefahr birgt. Gelingt es den Neonazis erst einmal, sich unscheinbar zu tarnen und die in der vermeintlichen \u201eMitte\u201c vorherrschenden rassistischen Stereotype anzusprechen, k\u00f6nnte es durchaus gef\u00e4hrlich werden \u2013 und die Strategie f\u00fcr die Rechtsextremist\/-innen aufgehen. Deshalb gilt es, weiterhin wachsam gegen neonazistische Umtriebe zu sein und \u00fcber solche Strategien aufzukl\u00e4ren.<\/p>\n","protected":false},"excerpt":{"rendered":"<p>Drei Tage lang tourte die NPD durch sechs bayerische St\u00e4dte und verkaufte dies anschlie\u00dfend selbstredend als Erfolg \u2013 doch auch die rechtsextreme Partei m\u00fcsste erkannt haben, dass es das auf keinen Fall war. Viel eher offenbarte die Deutschlandfahrt der NPD durch Bayern den desolaten Zustand des Landesverbands und die schlechte personelle Aufstellung der neonazistischen Partei.<\/p>\n","protected":false},"author":335,"featured_media":0,"comment_status":"open","ping_status":"open","sticky":false,"template":"","format":"standard","meta":{"_jetpack_memberships_contains_paid_content":false,"footnotes":""},"categories":[59],"tags":[17869,39398,1628,17778,1716,17800,17870],"class_list":["post-9353","post","type-post","status-publish","format-standard","hentry","category-bayern","tag-bayerische-npd","tag-bayern","tag-jn","tag-karl-richter","tag-npd","tag-ralf-ollert","tag-sven-diem"],"yoast_head":"<!-- This site is optimized with the Yoast SEO plugin v21.0 - https:\/\/yoast.com\/wordpress\/plugins\/seo\/ -->\n<title>Bayerische NPD: Desolate Lage, schlechte personelle Aufstellung - St\u00f6rungsmelder<\/title>\n<meta name=\"robots\" content=\"index, follow, max-snippet:-1, max-image-preview:large, max-video-preview:-1\" \/>\n<link rel=\"canonical\" href=\"https:\/\/blog.zeit.de\/stoerungsmelder\/2012\/08\/10\/bayerische-npd-desolate-lage-schlechte-personelle-aufstellung_9353\" \/>\n<meta property=\"og:locale\" content=\"de_DE\" \/>\n<meta property=\"og:type\" content=\"article\" \/>\n<meta property=\"og:title\" content=\"Bayerische NPD: Desolate Lage, schlechte personelle Aufstellung - St\u00f6rungsmelder\" \/>\n<meta property=\"og:description\" content=\"Drei Tage lang tourte die NPD durch sechs bayerische St\u00e4dte und verkaufte dies anschlie\u00dfend selbstredend als Erfolg \u2013 doch auch die rechtsextreme Partei m\u00fcsste erkannt haben, dass es das auf keinen Fall war. Viel eher offenbarte die Deutschlandfahrt der NPD durch Bayern den desolaten Zustand des Landesverbands und die schlechte personelle Aufstellung der neonazistischen Partei.\" \/>\n<meta property=\"og:url\" content=\"https:\/\/blog.zeit.de\/stoerungsmelder\/2012\/08\/10\/bayerische-npd-desolate-lage-schlechte-personelle-aufstellung_9353\" \/>\n<meta property=\"og:site_name\" content=\"St\u00f6rungsmelder\" \/>\n<meta property=\"article:published_time\" content=\"2012-08-10T07:04:13+00:00\" \/>\n<meta property=\"og:image\" content=\"https:\/\/blog.zeit.de\/stoerungsmelder\/files\/2012\/08\/DSC_0066.jpg\" \/>\n<meta name=\"author\" content=\"Johannes Hartl\" \/>\n<meta name=\"twitter:card\" content=\"summary_large_image\" \/>\n<meta name=\"twitter:label1\" content=\"Geschrieben von\" \/>\n\t<meta name=\"twitter:data1\" content=\"Johannes Hartl\" \/>\n\t<meta name=\"twitter:label2\" content=\"Gesch\u00e4tzte Lesezeit\" \/>\n\t<meta name=\"twitter:data2\" content=\"8\u00a0Minuten\" \/>\n<script type=\"application\/ld+json\" class=\"yoast-schema-graph\">{\"@context\":\"https:\/\/schema.org\",\"@graph\":[{\"@type\":\"WebPage\",\"@id\":\"https:\/\/blog.zeit.de\/stoerungsmelder\/2012\/08\/10\/bayerische-npd-desolate-lage-schlechte-personelle-aufstellung_9353\",\"url\":\"https:\/\/blog.zeit.de\/stoerungsmelder\/2012\/08\/10\/bayerische-npd-desolate-lage-schlechte-personelle-aufstellung_9353\",\"name\":\"Bayerische NPD: Desolate Lage, schlechte personelle Aufstellung - St\u00f6rungsmelder\",\"isPartOf\":{\"@id\":\"https:\/\/blog.zeit.de\/stoerungsmelder\/#website\"},\"datePublished\":\"2012-08-10T07:04:13+00:00\",\"dateModified\":\"2012-08-10T07:04:13+00:00\",\"author\":{\"@id\":\"https:\/\/blog.zeit.de\/stoerungsmelder\/#\/schema\/person\/9954cab4408a20467ff5685876ef2be2\"},\"breadcrumb\":{\"@id\":\"https:\/\/blog.zeit.de\/stoerungsmelder\/2012\/08\/10\/bayerische-npd-desolate-lage-schlechte-personelle-aufstellung_9353#breadcrumb\"},\"inLanguage\":\"de\",\"potentialAction\":[{\"@type\":\"ReadAction\",\"target\":[\"https:\/\/blog.zeit.de\/stoerungsmelder\/2012\/08\/10\/bayerische-npd-desolate-lage-schlechte-personelle-aufstellung_9353\"]}]},{\"@type\":\"BreadcrumbList\",\"@id\":\"https:\/\/blog.zeit.de\/stoerungsmelder\/2012\/08\/10\/bayerische-npd-desolate-lage-schlechte-personelle-aufstellung_9353#breadcrumb\",\"itemListElement\":[{\"@type\":\"ListItem\",\"position\":1,\"name\":\"Startseite\",\"item\":\"https:\/\/blog.zeit.de\/stoerungsmelder\"},{\"@type\":\"ListItem\",\"position\":2,\"name\":\"Bayerische NPD: Desolate Lage, schlechte personelle Aufstellung\"}]},{\"@type\":\"WebSite\",\"@id\":\"https:\/\/blog.zeit.de\/stoerungsmelder\/#website\",\"url\":\"https:\/\/blog.zeit.de\/stoerungsmelder\/\",\"name\":\"St\u00f6rungsmelder\",\"description\":\"Recherchen und Analysen \u00fcber die extreme Rechte\",\"potentialAction\":[{\"@type\":\"SearchAction\",\"target\":{\"@type\":\"EntryPoint\",\"urlTemplate\":\"https:\/\/blog.zeit.de\/stoerungsmelder\/?s={search_term_string}\"},\"query-input\":\"required name=search_term_string\"}],\"inLanguage\":\"de\"},{\"@type\":\"Person\",\"@id\":\"https:\/\/blog.zeit.de\/stoerungsmelder\/#\/schema\/person\/9954cab4408a20467ff5685876ef2be2\",\"name\":\"Johannes Hartl\",\"image\":{\"@type\":\"ImageObject\",\"inLanguage\":\"de\",\"@id\":\"https:\/\/blog.zeit.de\/stoerungsmelder\/#\/schema\/person\/image\/\",\"url\":\"https:\/\/secure.gravatar.com\/avatar\/aa76c6547229f48516cca421db00a6c0f8d4ce93e33efa645b42c6f7baec7518?s=96&d=mm&r=pg\",\"contentUrl\":\"https:\/\/secure.gravatar.com\/avatar\/aa76c6547229f48516cca421db00a6c0f8d4ce93e33efa645b42c6f7baec7518?s=96&d=mm&r=pg\",\"caption\":\"Johannes Hartl\"},\"sameAs\":[\"https:\/\/blog.zeit.de\/stoerungsmelder\/author\/jhartl\"],\"url\":\"https:\/\/blog.zeit.de\/stoerungsmelder\/author\/jhartl\"}]}<\/script>\n<!-- \/ Yoast SEO plugin. -->","yoast_head_json":{"title":"Bayerische NPD: Desolate Lage, schlechte personelle Aufstellung - St\u00f6rungsmelder","robots":{"index":"index","follow":"follow","max-snippet":"max-snippet:-1","max-image-preview":"max-image-preview:large","max-video-preview":"max-video-preview:-1"},"canonical":"https:\/\/blog.zeit.de\/stoerungsmelder\/2012\/08\/10\/bayerische-npd-desolate-lage-schlechte-personelle-aufstellung_9353","og_locale":"de_DE","og_type":"article","og_title":"Bayerische NPD: Desolate Lage, schlechte personelle Aufstellung - St\u00f6rungsmelder","og_description":"Drei Tage lang tourte die NPD durch sechs bayerische St\u00e4dte und verkaufte dies anschlie\u00dfend selbstredend als Erfolg \u2013 doch auch die rechtsextreme Partei m\u00fcsste erkannt haben, dass es das auf keinen Fall war. Viel eher offenbarte die Deutschlandfahrt der NPD durch Bayern den desolaten Zustand des Landesverbands und die schlechte personelle Aufstellung der neonazistischen Partei.","og_url":"https:\/\/blog.zeit.de\/stoerungsmelder\/2012\/08\/10\/bayerische-npd-desolate-lage-schlechte-personelle-aufstellung_9353","og_site_name":"St\u00f6rungsmelder","article_published_time":"2012-08-10T07:04:13+00:00","og_image":[{"url":"https:\/\/blog.zeit.de\/stoerungsmelder\/files\/2012\/08\/DSC_0066.jpg"}],"author":"Johannes Hartl","twitter_card":"summary_large_image","twitter_misc":{"Geschrieben von":"Johannes Hartl","Gesch\u00e4tzte Lesezeit":"8\u00a0Minuten"},"schema":{"@context":"https:\/\/schema.org","@graph":[{"@type":"WebPage","@id":"https:\/\/blog.zeit.de\/stoerungsmelder\/2012\/08\/10\/bayerische-npd-desolate-lage-schlechte-personelle-aufstellung_9353","url":"https:\/\/blog.zeit.de\/stoerungsmelder\/2012\/08\/10\/bayerische-npd-desolate-lage-schlechte-personelle-aufstellung_9353","name":"Bayerische NPD: Desolate Lage, schlechte personelle Aufstellung - St\u00f6rungsmelder","isPartOf":{"@id":"https:\/\/blog.zeit.de\/stoerungsmelder\/#website"},"datePublished":"2012-08-10T07:04:13+00:00","dateModified":"2012-08-10T07:04:13+00:00","author":{"@id":"https:\/\/blog.zeit.de\/stoerungsmelder\/#\/schema\/person\/9954cab4408a20467ff5685876ef2be2"},"breadcrumb":{"@id":"https:\/\/blog.zeit.de\/stoerungsmelder\/2012\/08\/10\/bayerische-npd-desolate-lage-schlechte-personelle-aufstellung_9353#breadcrumb"},"inLanguage":"de","potentialAction":[{"@type":"ReadAction","target":["https:\/\/blog.zeit.de\/stoerungsmelder\/2012\/08\/10\/bayerische-npd-desolate-lage-schlechte-personelle-aufstellung_9353"]}]},{"@type":"BreadcrumbList","@id":"https:\/\/blog.zeit.de\/stoerungsmelder\/2012\/08\/10\/bayerische-npd-desolate-lage-schlechte-personelle-aufstellung_9353#breadcrumb","itemListElement":[{"@type":"ListItem","position":1,"name":"Startseite","item":"https:\/\/blog.zeit.de\/stoerungsmelder"},{"@type":"ListItem","position":2,"name":"Bayerische NPD: Desolate Lage, schlechte personelle Aufstellung"}]},{"@type":"WebSite","@id":"https:\/\/blog.zeit.de\/stoerungsmelder\/#website","url":"https:\/\/blog.zeit.de\/stoerungsmelder\/","name":"St\u00f6rungsmelder","description":"Recherchen und Analysen \u00fcber die extreme Rechte","potentialAction":[{"@type":"SearchAction","target":{"@type":"EntryPoint","urlTemplate":"https:\/\/blog.zeit.de\/stoerungsmelder\/?s={search_term_string}"},"query-input":"required name=search_term_string"}],"inLanguage":"de"},{"@type":"Person","@id":"https:\/\/blog.zeit.de\/stoerungsmelder\/#\/schema\/person\/9954cab4408a20467ff5685876ef2be2","name":"Johannes Hartl","image":{"@type":"ImageObject","inLanguage":"de","@id":"https:\/\/blog.zeit.de\/stoerungsmelder\/#\/schema\/person\/image\/","url":"https:\/\/secure.gravatar.com\/avatar\/aa76c6547229f48516cca421db00a6c0f8d4ce93e33efa645b42c6f7baec7518?s=96&d=mm&r=pg","contentUrl":"https:\/\/secure.gravatar.com\/avatar\/aa76c6547229f48516cca421db00a6c0f8d4ce93e33efa645b42c6f7baec7518?s=96&d=mm&r=pg","caption":"Johannes Hartl"},"sameAs":["https:\/\/blog.zeit.de\/stoerungsmelder\/author\/jhartl"],"url":"https:\/\/blog.zeit.de\/stoerungsmelder\/author\/jhartl"}]}},"jetpack_featured_media_url":"","jetpack_sharing_enabled":true,"_links":{"self":[{"href":"https:\/\/blog.zeit.de\/stoerungsmelder\/wp-json\/wp\/v2\/posts\/9353","targetHints":{"allow":["GET"]}}],"collection":[{"href":"https:\/\/blog.zeit.de\/stoerungsmelder\/wp-json\/wp\/v2\/posts"}],"about":[{"href":"https:\/\/blog.zeit.de\/stoerungsmelder\/wp-json\/wp\/v2\/types\/post"}],"author":[{"embeddable":true,"href":"https:\/\/blog.zeit.de\/stoerungsmelder\/wp-json\/wp\/v2\/users\/335"}],"replies":[{"embeddable":true,"href":"https:\/\/blog.zeit.de\/stoerungsmelder\/wp-json\/wp\/v2\/comments?post=9353"}],"version-history":[{"count":28,"href":"https:\/\/blog.zeit.de\/stoerungsmelder\/wp-json\/wp\/v2\/posts\/9353\/revisions"}],"predecessor-version":[{"id":9433,"href":"https:\/\/blog.zeit.de\/stoerungsmelder\/wp-json\/wp\/v2\/posts\/9353\/revisions\/9433"}],"wp:attachment":[{"href":"https:\/\/blog.zeit.de\/stoerungsmelder\/wp-json\/wp\/v2\/media?parent=9353"}],"wp:term":[{"taxonomy":"category","embeddable":true,"href":"https:\/\/blog.zeit.de\/stoerungsmelder\/wp-json\/wp\/v2\/categories?post=9353"},{"taxonomy":"post_tag","embeddable":true,"href":"https:\/\/blog.zeit.de\/stoerungsmelder\/wp-json\/wp\/v2\/tags?post=9353"}],"curies":[{"name":"wp","href":"https:\/\/api.w.org\/{rel}","templated":true}]}}