{"id":9548,"date":"2012-08-24T17:07:18","date_gmt":"2012-08-24T15:07:18","guid":{"rendered":"http:\/\/blog.zeit.de\/stoerungsmelder\/?p=9548"},"modified":"2017-09-12T19:56:25","modified_gmt":"2017-09-12T17:56:25","slug":"stadt-dortmund-verbietet-jugendcamp-gegen-nazis","status":"publish","type":"post","link":"https:\/\/blog.zeit.de\/stoerungsmelder\/2012\/08\/24\/stadt-dortmund-verbietet-jugendcamp-gegen-nazis_9548","title":{"rendered":"Stadt Dortmund verbietet Jugendcamp gegen Nazis"},"content":{"rendered":"<p><a href=\"https:\/\/blog.zeit.de\/stoerungsmelder\/files\/2012\/08\/antifcamp_banner.png\"><img loading=\"lazy\" decoding=\"async\" class=\"aligncenter wp-image-9549\" src=\"https:\/\/blog.zeit.de\/stoerungsmelder\/files\/2012\/08\/antifcamp_banner.png\" alt=\"\" width=\"540\" height=\"270\" srcset=\"https:\/\/blog.zeit.de\/stoerungsmelder\/files\/2012\/08\/antifcamp_banner.png 600w, https:\/\/blog.zeit.de\/stoerungsmelder\/files\/2012\/08\/antifcamp_banner-300x150.png 300w\" sizes=\"auto, (max-width: 540px) 100vw, 540px\" \/><\/a><\/p>\n<p>Nachdem dem Antifacamp zun\u00e4chst ein Platz in Dortmund angeboten wurde, verbot nun die Stadt aus zum Teil fadenscheinigen Gr\u00fcnden die Veranstaltung. Daraufhin wurde zun\u00e4chst ein provisorisches Camp vor dem Dortmunder Rathaus errichtet. Oberb\u00fcrgermeister Ulrich Sierau war hingegen nicht bereit, mit den Organisatoren zu sprechen.<!--more--><\/p>\n<p>Kurze Zeit sah es so aus, als sei alles gut: Dem Antifacamp wurde nach langem Hin und Her eine Parkanlage in der westlichen Innenstadt als Platz zur Verf\u00fcgung gestellt. Doch wie gestern bekannt wurde, revidierte die Stadt Dortmund ihre Entscheidung und verbot das Camp. In einer Pressemitteilung der Stadt hie\u00df es, \u201edass nach gesicherten Erkenntnissen von der Anreise gewaltt\u00e4tiger Mitglieder der links-autonomen Szene in einer Gr\u00f6\u00dfenordnung von bis zu 300 Personen auszugehen ist.\u201c Das Camp w\u00fcrde sich daher als R\u00fcckzugsort f\u00fcr potenzielle Gewaltt\u00e4ter anbieten. Zudem sei damit zu rechnen, dass es zu \u201eerheblichen Provokationen\u201c von Nazis kommen k\u00f6nnte. Ein ausreichendes Sicherheitskonzept w\u00fcrde ebenfalls nicht existieren. Deshalb sperrte die Polizei gestern den Tremoniapark, in dem das Camp stattfinden sollte, gro\u00dfr\u00e4umig ab.<\/p>\n<p>Diese Darstellung m\u00f6chten die Organisatoren des Antifacamps nicht auf sich sitzen lassen. \u201eDie aktuellen Entwicklungen stellen den H\u00f6hepunkt einer Provinzposse dar, die ihresgleichen sucht\u201c, sagte Camp-Pressesprecher Tobias Schmidt. Der Verweis auf gewaltbereite Autonome sei ein von der Polizei entworfenes Horrorszenario, dass nicht eingetreten w\u00e4re. Zu den Sicherheitsbedenken der Stadt entgegneten die Camp-Organisatoren, dass es sehr wohl ein Konzept gab, welches zusammen mit einem Architekten entwickelt worden sei. \u201eDies alles wohlgemerkt, nachdem wir zwecks Auflagenerf\u00fcllung und Verlangen seitens der Stadt alle n\u00f6tigen Auftr\u00e4ge f\u00fcr Dixietoiletten, Abwasser, M\u00fcllentsorgung, und dergleichen mehr, get\u00e4tigt haben. Hierdurch sind f\u00fcr uns als Ehrenamtliche Kosten in H\u00f6he von mehreren Tausend Euro entstanden.\u201c hie\u00df es seitens des Camps.<\/p>\n<p><strong>Nazis jubeln<\/strong><\/p>\n<p>Dass das Camp auch aufgrund m\u00f6glicher Provokationen von Nazis verboten wurde sei laut den Camp-Verantwortlichen \u201eein absolut falsches Signal. Die Nazis jedenfalls werden sich \u00fcber die Pressemitteilung der Stadt zur Ablehnung des Camps gefreut haben.\u201c In der Tat: Kurz nach Bekanntwerden des Verbotes twitterten Dortmunder Nazis ihre Freude \u00fcber die Entscheidung. Bernd Sommer vom Antifacamp sagte: \u201eDadurch dass die Stadt ihr Verbot wegen Naziaktionen verbietet, l\u00e4sst sie sich von den Nazis diktieren, ob das Camp stattfindet.\u201c Die Camp-Organisatoren hegten den Verdacht, dass die Stadt Dortmund nach dem Verbot des \u201eNationalen Widerstand Dortmund\u201c ein Antifacamp als nicht mehr notwendig ansehen. \u201eNur weil ein Name verboten wurde, hei\u00dft das doch nicht, dass die Nazis aufh\u00f6ren zu agieren\u201c, meinte Bernd Sommer.<\/p>\n<p>In einer Erkl\u00e4rung des Auschwitz-Komitees zeigte sich Esther Bejarano, Auschwitz-\u00dcberlebende ebenfalls emp\u00f6rt \u00fcber das Verbot: \u201cDas ist eine uns\u00e4gliche, unverzeihliche und folgenschwere Provokation durch die Dortmunder Polizei und die Sicherheitsbeh\u00f6rden. Und eine Kapitulation vor der braunen Suppe. Die Antifas werden mal wieder mit den Nazis auf eine Stufe gestellt. Das sind unglaubliche Zust\u00e4nde hier im Deutschland des Jahres 2012!\u201d<\/p>\n<p><strong>\u201eJetzt erst recht\u201c<\/strong><\/p>\n<p>Als Reaktion auf das Verbot schlugen die Camp-Teilnehmer am Freitag kurzerhand ihre Zelte vor dem Dortmunder Rathaus auf und forderten ein Gespr\u00e4ch mit dem Oberb\u00fcrgermeister Ulrich Sierau (SPD). Doch der lehnte einen Austausch kategorisch ab und verwies auf einen vollen Terminkalender. Das Camp hat mittlerweile einen Solidarit\u00e4tsaufruf unter dem Titel \u201eJetzt erst recht\u201c ver\u00f6ffentlicht, der neben antifaschistischen Gruppen und Parteien auch von Politikern, wie beispielsweise der th\u00fcringischen Landtagsabgeordneten Katharina K\u00f6nig (Die Linke) unterzeichnet wurde.<\/p>\n<p>F\u00fcr den heutigen Abend ist vom Camp eine Demonstration angek\u00fcndigt worden um auf die Situation aufmerksam zu machen. Zudem wurde ein \u201ePlatz-Contest\u201c ausgerufen, bei der alternative Platzvorschl\u00e4ge eingebracht werden k\u00f6nnen. Eine zun\u00e4chst f\u00fcr heute angemeldete Nazidemo gegen das Camp wurde von der Polizei wegen dem k\u00fcrzlichen Verbot des \u201eNW Dortmund\u201c untersagt. Bernd Sommer sagte: Wir bleiben auf jeden Fall aktiv und stellen uns den Nazis in den Weg\u201c, da auch in den n\u00e4chsten Tagen mit Aktionen von Nazis zu rechnen sei. Dieser Gedanke scheint nicht falsch zu sein: Heute Nachmittag fand eine NPD Kundgebung in der Dortmunder Innenstadt statt. Teilnehmer waren unter anderem der NPD Bundesvorsitzende Holger Apfel sowie sein Stellvertreter Udo Past\u00f6rs.<\/p>\n","protected":false},"excerpt":{"rendered":"<p>Nachdem dem Antifacamp zun\u00e4chst ein Platz in Dortmund angeboten wurde, verbot nun die Stadt aus zum Teil fadenscheinigen Gr\u00fcnden die Veranstaltung. Daraufhin wurde zun\u00e4chst ein provisorisches Camp vor dem Dortmunder Rathaus errichtet. Oberb\u00fcrgermeister Ulrich Sierau war hingegen nicht bereit, mit den Organisatoren zu sprechen.<\/p>\n","protected":false},"author":229,"featured_media":0,"comment_status":"open","ping_status":"open","sticky":false,"template":"","format":"standard","meta":{"_jetpack_memberships_contains_paid_content":false,"footnotes":""},"categories":[1291],"tags":[17881,1752,1858],"class_list":["post-9548","post","type-post","status-publish","format-standard","hentry","category-nordrhein-westfalen","tag-antifacamp","tag-protest","tag-zivilcourage"],"yoast_head":"<!-- This site is optimized with the Yoast SEO plugin v21.0 - https:\/\/yoast.com\/wordpress\/plugins\/seo\/ -->\n<title>Stadt Dortmund verbietet Jugendcamp gegen Nazis - St\u00f6rungsmelder<\/title>\n<meta name=\"robots\" content=\"index, follow, max-snippet:-1, max-image-preview:large, max-video-preview:-1\" \/>\n<link rel=\"canonical\" href=\"https:\/\/blog.zeit.de\/stoerungsmelder\/2012\/08\/24\/stadt-dortmund-verbietet-jugendcamp-gegen-nazis_9548\" \/>\n<meta property=\"og:locale\" content=\"de_DE\" \/>\n<meta property=\"og:type\" content=\"article\" \/>\n<meta property=\"og:title\" content=\"Stadt Dortmund verbietet Jugendcamp gegen Nazis - St\u00f6rungsmelder\" \/>\n<meta property=\"og:description\" content=\"Nachdem dem Antifacamp zun\u00e4chst ein Platz in Dortmund angeboten wurde, verbot nun die Stadt aus zum Teil fadenscheinigen Gr\u00fcnden die Veranstaltung. Daraufhin wurde zun\u00e4chst ein provisorisches Camp vor dem Dortmunder Rathaus errichtet. Oberb\u00fcrgermeister Ulrich Sierau war hingegen nicht bereit, mit den Organisatoren zu sprechen.\" \/>\n<meta property=\"og:url\" content=\"https:\/\/blog.zeit.de\/stoerungsmelder\/2012\/08\/24\/stadt-dortmund-verbietet-jugendcamp-gegen-nazis_9548\" \/>\n<meta property=\"og:site_name\" content=\"St\u00f6rungsmelder\" \/>\n<meta property=\"article:published_time\" content=\"2012-08-24T15:07:18+00:00\" \/>\n<meta property=\"article:modified_time\" content=\"2017-09-12T17:56:25+00:00\" \/>\n<meta property=\"og:image\" content=\"https:\/\/blog.zeit.de\/stoerungsmelder\/files\/2012\/08\/antifcamp_banner.png\" \/>\n<meta name=\"author\" content=\"St\u00f6rungsmelder\" \/>\n<meta name=\"twitter:card\" content=\"summary_large_image\" \/>\n<meta name=\"twitter:label1\" content=\"Geschrieben von\" \/>\n\t<meta name=\"twitter:data1\" content=\"St\u00f6rungsmelder\" \/>\n\t<meta name=\"twitter:label2\" content=\"Gesch\u00e4tzte Lesezeit\" \/>\n\t<meta name=\"twitter:data2\" content=\"3\u00a0Minuten\" \/>\n<script type=\"application\/ld+json\" class=\"yoast-schema-graph\">{\"@context\":\"https:\/\/schema.org\",\"@graph\":[{\"@type\":\"WebPage\",\"@id\":\"https:\/\/blog.zeit.de\/stoerungsmelder\/2012\/08\/24\/stadt-dortmund-verbietet-jugendcamp-gegen-nazis_9548\",\"url\":\"https:\/\/blog.zeit.de\/stoerungsmelder\/2012\/08\/24\/stadt-dortmund-verbietet-jugendcamp-gegen-nazis_9548\",\"name\":\"Stadt Dortmund verbietet Jugendcamp gegen Nazis - St\u00f6rungsmelder\",\"isPartOf\":{\"@id\":\"https:\/\/blog.zeit.de\/stoerungsmelder\/#website\"},\"datePublished\":\"2012-08-24T15:07:18+00:00\",\"dateModified\":\"2017-09-12T17:56:25+00:00\",\"author\":{\"@id\":\"https:\/\/blog.zeit.de\/stoerungsmelder\/#\/schema\/person\/fdd0b9818f65738672810b6d6f037f71\"},\"breadcrumb\":{\"@id\":\"https:\/\/blog.zeit.de\/stoerungsmelder\/2012\/08\/24\/stadt-dortmund-verbietet-jugendcamp-gegen-nazis_9548#breadcrumb\"},\"inLanguage\":\"de\",\"potentialAction\":[{\"@type\":\"ReadAction\",\"target\":[\"https:\/\/blog.zeit.de\/stoerungsmelder\/2012\/08\/24\/stadt-dortmund-verbietet-jugendcamp-gegen-nazis_9548\"]}]},{\"@type\":\"BreadcrumbList\",\"@id\":\"https:\/\/blog.zeit.de\/stoerungsmelder\/2012\/08\/24\/stadt-dortmund-verbietet-jugendcamp-gegen-nazis_9548#breadcrumb\",\"itemListElement\":[{\"@type\":\"ListItem\",\"position\":1,\"name\":\"Startseite\",\"item\":\"https:\/\/blog.zeit.de\/stoerungsmelder\"},{\"@type\":\"ListItem\",\"position\":2,\"name\":\"Stadt Dortmund verbietet Jugendcamp gegen Nazis\"}]},{\"@type\":\"WebSite\",\"@id\":\"https:\/\/blog.zeit.de\/stoerungsmelder\/#website\",\"url\":\"https:\/\/blog.zeit.de\/stoerungsmelder\/\",\"name\":\"St\u00f6rungsmelder\",\"description\":\"Recherchen und Analysen \u00fcber die extreme Rechte\",\"potentialAction\":[{\"@type\":\"SearchAction\",\"target\":{\"@type\":\"EntryPoint\",\"urlTemplate\":\"https:\/\/blog.zeit.de\/stoerungsmelder\/?s={search_term_string}\"},\"query-input\":\"required name=search_term_string\"}],\"inLanguage\":\"de\"},{\"@type\":\"Person\",\"@id\":\"https:\/\/blog.zeit.de\/stoerungsmelder\/#\/schema\/person\/fdd0b9818f65738672810b6d6f037f71\",\"name\":\"St\u00f6rungsmelder\",\"image\":{\"@type\":\"ImageObject\",\"inLanguage\":\"de\",\"@id\":\"https:\/\/blog.zeit.de\/stoerungsmelder\/#\/schema\/person\/image\/\",\"url\":\"https:\/\/secure.gravatar.com\/avatar\/dfa4be514c3e82a71e4f9a0020035d38192d080ccaa5e4e6d7a1472c763535c5?s=96&d=mm&r=pg\",\"contentUrl\":\"https:\/\/secure.gravatar.com\/avatar\/dfa4be514c3e82a71e4f9a0020035d38192d080ccaa5e4e6d7a1472c763535c5?s=96&d=mm&r=pg\",\"caption\":\"St\u00f6rungsmelder\"},\"url\":\"https:\/\/blog.zeit.de\/stoerungsmelder\/author\/stoerungsmelder\"}]}<\/script>\n<!-- \/ Yoast SEO plugin. -->","yoast_head_json":{"title":"Stadt Dortmund verbietet Jugendcamp gegen Nazis - St\u00f6rungsmelder","robots":{"index":"index","follow":"follow","max-snippet":"max-snippet:-1","max-image-preview":"max-image-preview:large","max-video-preview":"max-video-preview:-1"},"canonical":"https:\/\/blog.zeit.de\/stoerungsmelder\/2012\/08\/24\/stadt-dortmund-verbietet-jugendcamp-gegen-nazis_9548","og_locale":"de_DE","og_type":"article","og_title":"Stadt Dortmund verbietet Jugendcamp gegen Nazis - St\u00f6rungsmelder","og_description":"Nachdem dem Antifacamp zun\u00e4chst ein Platz in Dortmund angeboten wurde, verbot nun die Stadt aus zum Teil fadenscheinigen Gr\u00fcnden die Veranstaltung. Daraufhin wurde zun\u00e4chst ein provisorisches Camp vor dem Dortmunder Rathaus errichtet. Oberb\u00fcrgermeister Ulrich Sierau war hingegen nicht bereit, mit den Organisatoren zu sprechen.","og_url":"https:\/\/blog.zeit.de\/stoerungsmelder\/2012\/08\/24\/stadt-dortmund-verbietet-jugendcamp-gegen-nazis_9548","og_site_name":"St\u00f6rungsmelder","article_published_time":"2012-08-24T15:07:18+00:00","article_modified_time":"2017-09-12T17:56:25+00:00","og_image":[{"url":"https:\/\/blog.zeit.de\/stoerungsmelder\/files\/2012\/08\/antifcamp_banner.png"}],"author":"St\u00f6rungsmelder","twitter_card":"summary_large_image","twitter_misc":{"Geschrieben von":"St\u00f6rungsmelder","Gesch\u00e4tzte Lesezeit":"3\u00a0Minuten"},"schema":{"@context":"https:\/\/schema.org","@graph":[{"@type":"WebPage","@id":"https:\/\/blog.zeit.de\/stoerungsmelder\/2012\/08\/24\/stadt-dortmund-verbietet-jugendcamp-gegen-nazis_9548","url":"https:\/\/blog.zeit.de\/stoerungsmelder\/2012\/08\/24\/stadt-dortmund-verbietet-jugendcamp-gegen-nazis_9548","name":"Stadt Dortmund verbietet Jugendcamp gegen Nazis - St\u00f6rungsmelder","isPartOf":{"@id":"https:\/\/blog.zeit.de\/stoerungsmelder\/#website"},"datePublished":"2012-08-24T15:07:18+00:00","dateModified":"2017-09-12T17:56:25+00:00","author":{"@id":"https:\/\/blog.zeit.de\/stoerungsmelder\/#\/schema\/person\/fdd0b9818f65738672810b6d6f037f71"},"breadcrumb":{"@id":"https:\/\/blog.zeit.de\/stoerungsmelder\/2012\/08\/24\/stadt-dortmund-verbietet-jugendcamp-gegen-nazis_9548#breadcrumb"},"inLanguage":"de","potentialAction":[{"@type":"ReadAction","target":["https:\/\/blog.zeit.de\/stoerungsmelder\/2012\/08\/24\/stadt-dortmund-verbietet-jugendcamp-gegen-nazis_9548"]}]},{"@type":"BreadcrumbList","@id":"https:\/\/blog.zeit.de\/stoerungsmelder\/2012\/08\/24\/stadt-dortmund-verbietet-jugendcamp-gegen-nazis_9548#breadcrumb","itemListElement":[{"@type":"ListItem","position":1,"name":"Startseite","item":"https:\/\/blog.zeit.de\/stoerungsmelder"},{"@type":"ListItem","position":2,"name":"Stadt Dortmund verbietet Jugendcamp gegen Nazis"}]},{"@type":"WebSite","@id":"https:\/\/blog.zeit.de\/stoerungsmelder\/#website","url":"https:\/\/blog.zeit.de\/stoerungsmelder\/","name":"St\u00f6rungsmelder","description":"Recherchen und Analysen \u00fcber die extreme Rechte","potentialAction":[{"@type":"SearchAction","target":{"@type":"EntryPoint","urlTemplate":"https:\/\/blog.zeit.de\/stoerungsmelder\/?s={search_term_string}"},"query-input":"required name=search_term_string"}],"inLanguage":"de"},{"@type":"Person","@id":"https:\/\/blog.zeit.de\/stoerungsmelder\/#\/schema\/person\/fdd0b9818f65738672810b6d6f037f71","name":"St\u00f6rungsmelder","image":{"@type":"ImageObject","inLanguage":"de","@id":"https:\/\/blog.zeit.de\/stoerungsmelder\/#\/schema\/person\/image\/","url":"https:\/\/secure.gravatar.com\/avatar\/dfa4be514c3e82a71e4f9a0020035d38192d080ccaa5e4e6d7a1472c763535c5?s=96&d=mm&r=pg","contentUrl":"https:\/\/secure.gravatar.com\/avatar\/dfa4be514c3e82a71e4f9a0020035d38192d080ccaa5e4e6d7a1472c763535c5?s=96&d=mm&r=pg","caption":"St\u00f6rungsmelder"},"url":"https:\/\/blog.zeit.de\/stoerungsmelder\/author\/stoerungsmelder"}]}},"jetpack_featured_media_url":"","jetpack_sharing_enabled":true,"_links":{"self":[{"href":"https:\/\/blog.zeit.de\/stoerungsmelder\/wp-json\/wp\/v2\/posts\/9548","targetHints":{"allow":["GET"]}}],"collection":[{"href":"https:\/\/blog.zeit.de\/stoerungsmelder\/wp-json\/wp\/v2\/posts"}],"about":[{"href":"https:\/\/blog.zeit.de\/stoerungsmelder\/wp-json\/wp\/v2\/types\/post"}],"author":[{"embeddable":true,"href":"https:\/\/blog.zeit.de\/stoerungsmelder\/wp-json\/wp\/v2\/users\/229"}],"replies":[{"embeddable":true,"href":"https:\/\/blog.zeit.de\/stoerungsmelder\/wp-json\/wp\/v2\/comments?post=9548"}],"version-history":[{"count":5,"href":"https:\/\/blog.zeit.de\/stoerungsmelder\/wp-json\/wp\/v2\/posts\/9548\/revisions"}],"predecessor-version":[{"id":24790,"href":"https:\/\/blog.zeit.de\/stoerungsmelder\/wp-json\/wp\/v2\/posts\/9548\/revisions\/24790"}],"wp:attachment":[{"href":"https:\/\/blog.zeit.de\/stoerungsmelder\/wp-json\/wp\/v2\/media?parent=9548"}],"wp:term":[{"taxonomy":"category","embeddable":true,"href":"https:\/\/blog.zeit.de\/stoerungsmelder\/wp-json\/wp\/v2\/categories?post=9548"},{"taxonomy":"post_tag","embeddable":true,"href":"https:\/\/blog.zeit.de\/stoerungsmelder\/wp-json\/wp\/v2\/tags?post=9548"}],"curies":[{"name":"wp","href":"https:\/\/api.w.org\/{rel}","templated":true}]}}