{"id":9631,"date":"2012-08-29T14:52:12","date_gmt":"2012-08-29T12:52:12","guid":{"rendered":"http:\/\/blog.zeit.de\/stoerungsmelder\/?p=9631"},"modified":"2012-08-29T14:52:12","modified_gmt":"2012-08-29T12:52:12","slug":"das-pogrom-von-rostock-rezension-zur-aktuellen-aib-ausgabe","status":"publish","type":"post","link":"https:\/\/blog.zeit.de\/stoerungsmelder\/2012\/08\/29\/das-pogrom-von-rostock-rezension-zur-aktuellen-aib-ausgabe_9631","title":{"rendered":"&#8222;Das Pogrom von Rostock&#8220; &#8211; Rezension zur aktuellen AIB-Ausgabe"},"content":{"rendered":"<p><a href=\"https:\/\/blog.zeit.de\/stoerungsmelder\/files\/2012\/08\/DLF208935.jpg\"><img loading=\"lazy\" decoding=\"async\" class=\"alignleft size-medium wp-image-9632\" src=\"https:\/\/blog.zeit.de\/stoerungsmelder\/files\/2012\/08\/DLF208935-210x300.jpg\" alt=\"\" width=\"210\" height=\"300\" srcset=\"https:\/\/blog.zeit.de\/stoerungsmelder\/files\/2012\/08\/DLF208935-210x300.jpg 210w, https:\/\/blog.zeit.de\/stoerungsmelder\/files\/2012\/08\/DLF208935.jpg 300w\" sizes=\"auto, (max-width: 210px) 100vw, 210px\" \/><\/a>Die Sommerausgabe des Antifaschistischen Infoblatts (AIB) ist erschienen. Schwerpunkt der Ausgabe 95 ist das Pogrom von Rostock-Lichtenhagen im Jahr 1992. Zwei Jahre nach dem Anschluss der ehemaligen DDR ersch\u00fctterten die Ereignisse in dem Plattenbaugebiet nicht nur Rostock. Ein rassistischer Mob, angeleitet von organisierten Neonazis, machte den Stadtteil Rostock-Lichtenhagen zum Schlachtfeld.<!--more--><\/p>\n<p>Erst richtete sich die Aggression gegen Fl\u00fcchtlinge, welche sich vor allem aus Roma zusammensetzten. Sp\u00e4ter als die Fl\u00fcchtlingsunterkunft leer war, traf der mit Molotow-Cocktails ausgestattete Hass die Unterkunft dort lebender Vietnamesische Vertragsarbeiter. Die rassistischen Ausschreitungen dauerten fast eine Woche, der Staat zeigte erst wieder Flagge als eine Woche sp\u00e4ter eine rissige linke B\u00fcndnisdemo durch den Stadtteil zog.<\/p>\n<p>Im Schwerpunkt \u201eDas Pogrom von Rostock &#8211; Reaktionen, R\u00fcckblicke, Reflexionen\u201c werden diese f\u00fcr viele antifaschistische Aktivisten traumatischen Ereignisse aus verschiedenen Perspektiven angefasst. Im Artikel \u201ezur antiziganistischen Dimension des Pogroms\u201c wird mit einer Medienanalyse sich der beiden \u00f6rtlichen Zeitungen Norddeutsche Neueste Nachrichten und der Ostsee-Zeitung angenommen. Diese hatten mit ihrer damaligen Berichterstattung \u00d6l ins Feuer gegossen. In der Berichterstattung und den abgedruckten Leserbriefen lassen sich 20zig Jahre sp\u00e4ter gut die Strukturen und Spezifika der Vorurteile gegen sogenannte \u201eZigeuner\u201c nachweisen.<\/p>\n<p>In einem anderen Artikel wird sich selbstkritisch mit dem Versagen der damaligen Antifa-Bewegung angesichts der Dimension des Pogroms von Rostock-Lichtenhagen auseinandergesetzt. In einem l\u00e4ngerem Interview, welches ebenso zum Schwerpunkt geh\u00f6rt, werden aber auch ganz andere T\u00f6ne angeschlagen. Dort verweisen Aktivisten die damals das Pogrom live erlebt haben, dass diese Zeit f\u00fcr Rostocker Antifaschisten nicht nur\u201cbleiernde Jahre\u201c waren, sondern sich viel in der Stadt als Reaktion zum Guten gewandt hatte. Was bis heute das Klima in der Stadt pr\u00e4gt.<\/p>\n<p>Im Ressort NS-Szene wird sich ebenfalls mit einem geschichtlichen Thema befasst. Vor 25 Jahre verstarb Hitlers Stellvertreter Rudolf Hess im Alliierten Kriegsgef\u00e4ngnis in Berlin-Spandau. Seit dem ist der 17. August ein bedeutendes Mobilisierungsdatum f\u00fcr die Neonaziszene. An der Pflege des \u201eMythos Rudolf Hess\u201c lassen sich gut die Kontinuit\u00e4ten aber auch Konjunkturern der Stra\u00dfenmobilisierungsf\u00e4higkeiten des Neofaschismus in Deutschland in den letzten 25 Jahren nach zeichnen. In den letzten Jahren blieben Dank staatlichen Verboten und antifaschistischen Gegenaktivit\u00e4ten der Aktivismus der Geschichtsverf\u00e4lscher im \u00fcbersichtlichen Rahmen.<\/p>\n<p>Wie seit mehren Ausgaben des AIB findet sich im NS-Ressort auch wieder ein langer Artikel zu den neuesten Enth\u00fcllungen um die faschistische Terrorzelle, welche sich selbst den Namen \u201eNSU\u201c gab. Dieser bietet einen guten \u00dcberblick f\u00fcr alle, die nicht mehr mitkommen, was es wieder an neuen Rechercheergebnissen in diesem Endlosskandal gibt.<\/p>\n<p><strong>Antifaschistisches Infoblatt Ausgabe 95. 60 Seiten, 3,50 Euro<\/strong><\/p>\n","protected":false},"excerpt":{"rendered":"<p>Die Sommerausgabe des Antifaschistischen Infoblatts (AIB) ist erschienen. Schwerpunkt der Ausgabe 95 ist das Pogrom von Rostock-Lichtenhagen im Jahr 1992. Zwei Jahre nach dem Anschluss der ehemaligen DDR ersch\u00fctterten die Ereignisse in dem Plattenbaugebiet nicht nur Rostock. Ein rassistischer Mob, angeleitet von organisierten Neonazis, machte den Stadtteil Rostock-Lichtenhagen zum Schlachtfeld.<\/p>\n","protected":false},"author":258,"featured_media":0,"comment_status":"open","ping_status":"open","sticky":false,"template":"","format":"standard","meta":{"_jetpack_memberships_contains_paid_content":false,"footnotes":""},"categories":[1515],"tags":[17882],"class_list":["post-9631","post","type-post","status-publish","format-standard","hentry","category-bundesweit","tag-antifaschistisches-infoblatt"],"yoast_head":"<!-- This site is optimized with the Yoast SEO plugin v21.0 - https:\/\/yoast.com\/wordpress\/plugins\/seo\/ -->\n<title>&quot;Das Pogrom von Rostock&quot; - Rezension zur aktuellen AIB-Ausgabe - St\u00f6rungsmelder<\/title>\n<meta name=\"robots\" content=\"index, follow, max-snippet:-1, max-image-preview:large, max-video-preview:-1\" \/>\n<link rel=\"canonical\" href=\"https:\/\/blog.zeit.de\/stoerungsmelder\/2012\/08\/29\/das-pogrom-von-rostock-rezension-zur-aktuellen-aib-ausgabe_9631\" \/>\n<meta property=\"og:locale\" content=\"de_DE\" \/>\n<meta property=\"og:type\" content=\"article\" \/>\n<meta property=\"og:title\" content=\"&quot;Das Pogrom von Rostock&quot; - Rezension zur aktuellen AIB-Ausgabe - St\u00f6rungsmelder\" \/>\n<meta property=\"og:description\" content=\"Die Sommerausgabe des Antifaschistischen Infoblatts (AIB) ist erschienen. Schwerpunkt der Ausgabe 95 ist das Pogrom von Rostock-Lichtenhagen im Jahr 1992. Zwei Jahre nach dem Anschluss der ehemaligen DDR ersch\u00fctterten die Ereignisse in dem Plattenbaugebiet nicht nur Rostock. Ein rassistischer Mob, angeleitet von organisierten Neonazis, machte den Stadtteil Rostock-Lichtenhagen zum Schlachtfeld.\" \/>\n<meta property=\"og:url\" content=\"https:\/\/blog.zeit.de\/stoerungsmelder\/2012\/08\/29\/das-pogrom-von-rostock-rezension-zur-aktuellen-aib-ausgabe_9631\" \/>\n<meta property=\"og:site_name\" content=\"St\u00f6rungsmelder\" \/>\n<meta property=\"article:published_time\" content=\"2012-08-29T12:52:12+00:00\" \/>\n<meta property=\"og:image\" content=\"https:\/\/blog.zeit.de\/stoerungsmelder\/files\/2012\/08\/DLF208935-210x300.jpg\" \/>\n<meta name=\"author\" content=\"Fabian Kunow\" \/>\n<meta name=\"twitter:card\" content=\"summary_large_image\" \/>\n<meta name=\"twitter:label1\" content=\"Geschrieben von\" \/>\n\t<meta name=\"twitter:data1\" content=\"Fabian Kunow\" \/>\n\t<meta name=\"twitter:label2\" content=\"Gesch\u00e4tzte Lesezeit\" \/>\n\t<meta name=\"twitter:data2\" content=\"2\u00a0Minuten\" \/>\n<script type=\"application\/ld+json\" class=\"yoast-schema-graph\">{\"@context\":\"https:\/\/schema.org\",\"@graph\":[{\"@type\":\"WebPage\",\"@id\":\"https:\/\/blog.zeit.de\/stoerungsmelder\/2012\/08\/29\/das-pogrom-von-rostock-rezension-zur-aktuellen-aib-ausgabe_9631\",\"url\":\"https:\/\/blog.zeit.de\/stoerungsmelder\/2012\/08\/29\/das-pogrom-von-rostock-rezension-zur-aktuellen-aib-ausgabe_9631\",\"name\":\"\\\"Das Pogrom von Rostock\\\" - Rezension zur aktuellen AIB-Ausgabe - St\u00f6rungsmelder\",\"isPartOf\":{\"@id\":\"https:\/\/blog.zeit.de\/stoerungsmelder\/#website\"},\"datePublished\":\"2012-08-29T12:52:12+00:00\",\"dateModified\":\"2012-08-29T12:52:12+00:00\",\"author\":{\"@id\":\"https:\/\/blog.zeit.de\/stoerungsmelder\/#\/schema\/person\/686c0f1b023624d4a5fc183aeea54fe5\"},\"breadcrumb\":{\"@id\":\"https:\/\/blog.zeit.de\/stoerungsmelder\/2012\/08\/29\/das-pogrom-von-rostock-rezension-zur-aktuellen-aib-ausgabe_9631#breadcrumb\"},\"inLanguage\":\"de\",\"potentialAction\":[{\"@type\":\"ReadAction\",\"target\":[\"https:\/\/blog.zeit.de\/stoerungsmelder\/2012\/08\/29\/das-pogrom-von-rostock-rezension-zur-aktuellen-aib-ausgabe_9631\"]}]},{\"@type\":\"BreadcrumbList\",\"@id\":\"https:\/\/blog.zeit.de\/stoerungsmelder\/2012\/08\/29\/das-pogrom-von-rostock-rezension-zur-aktuellen-aib-ausgabe_9631#breadcrumb\",\"itemListElement\":[{\"@type\":\"ListItem\",\"position\":1,\"name\":\"Startseite\",\"item\":\"https:\/\/blog.zeit.de\/stoerungsmelder\"},{\"@type\":\"ListItem\",\"position\":2,\"name\":\"&#8222;Das Pogrom von Rostock&#8220; &#8211; Rezension zur aktuellen AIB-Ausgabe\"}]},{\"@type\":\"WebSite\",\"@id\":\"https:\/\/blog.zeit.de\/stoerungsmelder\/#website\",\"url\":\"https:\/\/blog.zeit.de\/stoerungsmelder\/\",\"name\":\"St\u00f6rungsmelder\",\"description\":\"Recherchen und Analysen \u00fcber die extreme Rechte\",\"potentialAction\":[{\"@type\":\"SearchAction\",\"target\":{\"@type\":\"EntryPoint\",\"urlTemplate\":\"https:\/\/blog.zeit.de\/stoerungsmelder\/?s={search_term_string}\"},\"query-input\":\"required name=search_term_string\"}],\"inLanguage\":\"de\"},{\"@type\":\"Person\",\"@id\":\"https:\/\/blog.zeit.de\/stoerungsmelder\/#\/schema\/person\/686c0f1b023624d4a5fc183aeea54fe5\",\"name\":\"Fabian Kunow\",\"image\":{\"@type\":\"ImageObject\",\"inLanguage\":\"de\",\"@id\":\"https:\/\/blog.zeit.de\/stoerungsmelder\/#\/schema\/person\/image\/\",\"url\":\"https:\/\/secure.gravatar.com\/avatar\/43018aefc8bfcaadd6a43ca3a0b264eeb64ed92a101e0d742fa260071838275e?s=96&d=mm&r=pg\",\"contentUrl\":\"https:\/\/secure.gravatar.com\/avatar\/43018aefc8bfcaadd6a43ca3a0b264eeb64ed92a101e0d742fa260071838275e?s=96&d=mm&r=pg\",\"caption\":\"Fabian Kunow\"},\"url\":\"https:\/\/blog.zeit.de\/stoerungsmelder\/author\/fabian-kunow\"}]}<\/script>\n<!-- \/ Yoast SEO plugin. -->","yoast_head_json":{"title":"\"Das Pogrom von Rostock\" - Rezension zur aktuellen AIB-Ausgabe - St\u00f6rungsmelder","robots":{"index":"index","follow":"follow","max-snippet":"max-snippet:-1","max-image-preview":"max-image-preview:large","max-video-preview":"max-video-preview:-1"},"canonical":"https:\/\/blog.zeit.de\/stoerungsmelder\/2012\/08\/29\/das-pogrom-von-rostock-rezension-zur-aktuellen-aib-ausgabe_9631","og_locale":"de_DE","og_type":"article","og_title":"\"Das Pogrom von Rostock\" - Rezension zur aktuellen AIB-Ausgabe - St\u00f6rungsmelder","og_description":"Die Sommerausgabe des Antifaschistischen Infoblatts (AIB) ist erschienen. Schwerpunkt der Ausgabe 95 ist das Pogrom von Rostock-Lichtenhagen im Jahr 1992. Zwei Jahre nach dem Anschluss der ehemaligen DDR ersch\u00fctterten die Ereignisse in dem Plattenbaugebiet nicht nur Rostock. Ein rassistischer Mob, angeleitet von organisierten Neonazis, machte den Stadtteil Rostock-Lichtenhagen zum Schlachtfeld.","og_url":"https:\/\/blog.zeit.de\/stoerungsmelder\/2012\/08\/29\/das-pogrom-von-rostock-rezension-zur-aktuellen-aib-ausgabe_9631","og_site_name":"St\u00f6rungsmelder","article_published_time":"2012-08-29T12:52:12+00:00","og_image":[{"url":"https:\/\/blog.zeit.de\/stoerungsmelder\/files\/2012\/08\/DLF208935-210x300.jpg"}],"author":"Fabian Kunow","twitter_card":"summary_large_image","twitter_misc":{"Geschrieben von":"Fabian Kunow","Gesch\u00e4tzte Lesezeit":"2\u00a0Minuten"},"schema":{"@context":"https:\/\/schema.org","@graph":[{"@type":"WebPage","@id":"https:\/\/blog.zeit.de\/stoerungsmelder\/2012\/08\/29\/das-pogrom-von-rostock-rezension-zur-aktuellen-aib-ausgabe_9631","url":"https:\/\/blog.zeit.de\/stoerungsmelder\/2012\/08\/29\/das-pogrom-von-rostock-rezension-zur-aktuellen-aib-ausgabe_9631","name":"\"Das Pogrom von Rostock\" - Rezension zur aktuellen AIB-Ausgabe - St\u00f6rungsmelder","isPartOf":{"@id":"https:\/\/blog.zeit.de\/stoerungsmelder\/#website"},"datePublished":"2012-08-29T12:52:12+00:00","dateModified":"2012-08-29T12:52:12+00:00","author":{"@id":"https:\/\/blog.zeit.de\/stoerungsmelder\/#\/schema\/person\/686c0f1b023624d4a5fc183aeea54fe5"},"breadcrumb":{"@id":"https:\/\/blog.zeit.de\/stoerungsmelder\/2012\/08\/29\/das-pogrom-von-rostock-rezension-zur-aktuellen-aib-ausgabe_9631#breadcrumb"},"inLanguage":"de","potentialAction":[{"@type":"ReadAction","target":["https:\/\/blog.zeit.de\/stoerungsmelder\/2012\/08\/29\/das-pogrom-von-rostock-rezension-zur-aktuellen-aib-ausgabe_9631"]}]},{"@type":"BreadcrumbList","@id":"https:\/\/blog.zeit.de\/stoerungsmelder\/2012\/08\/29\/das-pogrom-von-rostock-rezension-zur-aktuellen-aib-ausgabe_9631#breadcrumb","itemListElement":[{"@type":"ListItem","position":1,"name":"Startseite","item":"https:\/\/blog.zeit.de\/stoerungsmelder"},{"@type":"ListItem","position":2,"name":"&#8222;Das Pogrom von Rostock&#8220; &#8211; Rezension zur aktuellen AIB-Ausgabe"}]},{"@type":"WebSite","@id":"https:\/\/blog.zeit.de\/stoerungsmelder\/#website","url":"https:\/\/blog.zeit.de\/stoerungsmelder\/","name":"St\u00f6rungsmelder","description":"Recherchen und Analysen \u00fcber die extreme Rechte","potentialAction":[{"@type":"SearchAction","target":{"@type":"EntryPoint","urlTemplate":"https:\/\/blog.zeit.de\/stoerungsmelder\/?s={search_term_string}"},"query-input":"required name=search_term_string"}],"inLanguage":"de"},{"@type":"Person","@id":"https:\/\/blog.zeit.de\/stoerungsmelder\/#\/schema\/person\/686c0f1b023624d4a5fc183aeea54fe5","name":"Fabian Kunow","image":{"@type":"ImageObject","inLanguage":"de","@id":"https:\/\/blog.zeit.de\/stoerungsmelder\/#\/schema\/person\/image\/","url":"https:\/\/secure.gravatar.com\/avatar\/43018aefc8bfcaadd6a43ca3a0b264eeb64ed92a101e0d742fa260071838275e?s=96&d=mm&r=pg","contentUrl":"https:\/\/secure.gravatar.com\/avatar\/43018aefc8bfcaadd6a43ca3a0b264eeb64ed92a101e0d742fa260071838275e?s=96&d=mm&r=pg","caption":"Fabian Kunow"},"url":"https:\/\/blog.zeit.de\/stoerungsmelder\/author\/fabian-kunow"}]}},"jetpack_featured_media_url":"","jetpack_sharing_enabled":true,"_links":{"self":[{"href":"https:\/\/blog.zeit.de\/stoerungsmelder\/wp-json\/wp\/v2\/posts\/9631","targetHints":{"allow":["GET"]}}],"collection":[{"href":"https:\/\/blog.zeit.de\/stoerungsmelder\/wp-json\/wp\/v2\/posts"}],"about":[{"href":"https:\/\/blog.zeit.de\/stoerungsmelder\/wp-json\/wp\/v2\/types\/post"}],"author":[{"embeddable":true,"href":"https:\/\/blog.zeit.de\/stoerungsmelder\/wp-json\/wp\/v2\/users\/258"}],"replies":[{"embeddable":true,"href":"https:\/\/blog.zeit.de\/stoerungsmelder\/wp-json\/wp\/v2\/comments?post=9631"}],"version-history":[{"count":1,"href":"https:\/\/blog.zeit.de\/stoerungsmelder\/wp-json\/wp\/v2\/posts\/9631\/revisions"}],"predecessor-version":[{"id":9633,"href":"https:\/\/blog.zeit.de\/stoerungsmelder\/wp-json\/wp\/v2\/posts\/9631\/revisions\/9633"}],"wp:attachment":[{"href":"https:\/\/blog.zeit.de\/stoerungsmelder\/wp-json\/wp\/v2\/media?parent=9631"}],"wp:term":[{"taxonomy":"category","embeddable":true,"href":"https:\/\/blog.zeit.de\/stoerungsmelder\/wp-json\/wp\/v2\/categories?post=9631"},{"taxonomy":"post_tag","embeddable":true,"href":"https:\/\/blog.zeit.de\/stoerungsmelder\/wp-json\/wp\/v2\/tags?post=9631"}],"curies":[{"name":"wp","href":"https:\/\/api.w.org\/{rel}","templated":true}]}}