{"id":9636,"date":"2012-08-31T11:30:17","date_gmt":"2012-08-31T09:30:17","guid":{"rendered":"http:\/\/blog.zeit.de\/stoerungsmelder\/?p=9636"},"modified":"2012-08-31T11:30:18","modified_gmt":"2012-08-31T09:30:18","slug":"wie-nordhausen-zur-nazi-hochburg-wird","status":"publish","type":"post","link":"https:\/\/blog.zeit.de\/stoerungsmelder\/2012\/08\/31\/wie-nordhausen-zur-nazi-hochburg-wird_9636","title":{"rendered":"Wie Nordhausen zur Nazi-Hochburg wird"},"content":{"rendered":"<p><figure id=\"attachment_9637\" aria-describedby=\"caption-attachment-9637\" style=\"width: 539px\" class=\"wp-caption aligncenter\"><a href=\"https:\/\/blog.zeit.de\/stoerungsmelder\/files\/2012\/08\/Germania.jpg\"><img loading=\"lazy\" decoding=\"async\" class=\" wp-image-9637 \" src=\"https:\/\/blog.zeit.de\/stoerungsmelder\/files\/2012\/08\/Germania.jpg\" alt=\"\" width=\"539\" height=\"200\" srcset=\"https:\/\/blog.zeit.de\/stoerungsmelder\/files\/2012\/08\/Germania.jpg 600w, https:\/\/blog.zeit.de\/stoerungsmelder\/files\/2012\/08\/Germania-300x111.jpg 300w\" sizes=\"auto, (max-width: 539px) 100vw, 539px\" \/><\/a><figcaption id=\"caption-attachment-9637\" class=\"wp-caption-text\">Der Naziversand &quot;Germania&quot; f\u00fchlt sich wohl in Th\u00fcringen \u00a9 St\u00f6rungsmelder<\/figcaption><\/figure><\/p>\n<p>In der Nacht zum 29. August wurden im nordth\u00fcringischen Nordhausen erneut dutzende rechtsextreme Aufkleber und Plakate verteilt. Gezielt wurden das Parteib\u00fcro der Linken, ein alternatives Jugendzentrum und ein Privathaus dort engagierter Menschen beklebt. Die Stadt wird mehr und mehr zur Hochburg der regionalen Naziszene.<!--more--><\/p>\n<p><strong>Autonome Nationalisten, Fu\u00dfball und die NPD<\/strong><\/p>\n<p>In den vergangenen Jahren gab es zahlreiche K\u00f6rperverletzungen, Friedhofsch\u00e4ndungen und rechtsextreme Propagandaaktionen in Nordhausen. Geschuldet ist dies einer seit Jahren wachsenden rechtsextremen Szene, die geradezu lehrbuchartig die aktuellen Entwicklungen im Rechtsextremismus verdeutlicht. \u00dcber Jahre konnte in der Stadt eine rechtsextreme Jugendszene wachsen, welche sich vor allem den Autonomen Nationalisten zurechnet. Zulauf erh\u00e4lt die Gruppe dabei vor allem \u00fcber die teils rechtsextreme Fanszene des lokalen Fu\u00dfballvereins. \u00dcber diesen Rekrutierungsraum konnte so \u00fcber die letzten Jahre stetig Nachwuchs f\u00fcr die Szene gewonnen werden. Die Gruppe zeichnet sich vor allem durch ihre hohe Gewaltbereitschaft aus, welche sich immer wieder gegen politisch Andersdenkende, aber auch wahllos gegen andere Menschen richtet. All dies geschah weitestgehend unwidersprochen und ohne gro\u00dfe Aufmerksamkeit. Hinzu kommt, dass seit 2009 die NPD sowohl im Kreistag als auch im Stadtrat Nordhausens vertreten ist. Zwischen der Partei und den gewaltbereiten Autonomen Nationalisten bestehen in Nordhausen sehr enge Beziehungen, die sich im gemeinsamen \u00f6ffentlichen Auftreten und gegenseitiger Unterst\u00fctzung von Aktionen zeigt. Sogar der Facebookaccount des NPD-Kreisverbandes wird offensichtlich durch die militanten freien Kr\u00e4fte mitbetrieben.<\/p>\n<p><figure id=\"attachment_9639\" aria-describedby=\"caption-attachment-9639\" style=\"width: 218px\" class=\"wp-caption alignleft\"><a href=\"https:\/\/blog.zeit.de\/stoerungsmelder\/files\/2012\/08\/Plakate.jpg\"><img loading=\"lazy\" decoding=\"async\" class=\" wp-image-9639 \" src=\"https:\/\/blog.zeit.de\/stoerungsmelder\/files\/2012\/08\/Plakate.jpg\" alt=\"\" width=\"218\" height=\"349\" srcset=\"https:\/\/blog.zeit.de\/stoerungsmelder\/files\/2012\/08\/Plakate.jpg 600w, https:\/\/blog.zeit.de\/stoerungsmelder\/files\/2012\/08\/Plakate-187x300.jpg 187w\" sizes=\"auto, (max-width: 218px) 100vw, 218px\" \/><\/a><figcaption id=\"caption-attachment-9639\" class=\"wp-caption-text\">Ganze Stra\u00dfenz\u00fcge in Nordhausen wurden mit Nazipropaganda beklebt \u00a9 St\u00f6rungsmelder<\/figcaption><\/figure><\/p>\n<p><strong>Von den \u201eUnsterblichen\u201c bis Rudolf Hess<\/strong><\/p>\n<p>\u00d6ffentliche Aufmerksamkeit erregte diese Entwicklung indes nur selten; bei dem Angriff auf die Oberb\u00fcrgermeisterin der Stadt im April dieses Jahres oder den mehrfachen Sch\u00e4ndungen eines Friedhofs f\u00fcr verstorbene KZ-H\u00e4ftlinge und Zwangsarbeiter. Die kontinuierlich statt findenden Aktionen erhalten weder \u00fcberregional noch in den lokalen Medien Aufmerksamkeit, was nicht zuletzt ein freies Agieren der neonazistischen Szene erm\u00f6glicht, die ihre Aktionen meist sogar filmt und \u00f6ffentlich zur Schau stellt. Anfang Juni waren Rechtsextreme w\u00e4hrend eines Volksfestes im Stil der \u201eUnsterblichen\u201c mit einem Transparent durch Nordhausen gelaufen. Als der B\u00fcrgermeister die Maskierten aufhalten wollte, traten sie auf ihn ein und fl\u00fcchteten. Erst vor wenigen Tagen hatten rund zwanzig Neonazis anl\u00e4sslich des Todestages von Rudolf Hess mit Fackeln eine \u201eGedenkveranstaltung\u201c auf einer Burgruine nahe Nordhausen durchgef\u00fchrt. Darunter auch Personen aus der \u00f6rtlichen Fanszene des Fu\u00dfballvereins Wacker Nordhausen. Beachtung fand dies in der regionalen Presse nicht.<\/p>\n<p>Die Autonomen Nationalisten in Nordhausen zeichnen sich vor allem durch die \u00dcbernahme von Aktionen und Texten anderer rechtsextremer Gruppen aus. Eigene inhaltliche Beitr\u00e4ge findet man im aktionsorientierten Spektrum kaum. Im Zentrum steht nicht Politik sondern provokante Aktionen und Gewalt.<\/p>\n<p><figure id=\"attachment_9638\" aria-describedby=\"caption-attachment-9638\" style=\"width: 537px\" class=\"wp-caption alignnone\"><a href=\"https:\/\/blog.zeit.de\/stoerungsmelder\/files\/2012\/08\/Hess-2012.jpg\"><img loading=\"lazy\" decoding=\"async\" class=\" wp-image-9638\" src=\"https:\/\/blog.zeit.de\/stoerungsmelder\/files\/2012\/08\/Hess-2012.jpg\" alt=\"Offene NS-Verherrlichung bei den &quot;Autonomen Nationalisten Nordhausen&quot; \u00a9 Screenshot\" width=\"537\" height=\"306\" srcset=\"https:\/\/blog.zeit.de\/stoerungsmelder\/files\/2012\/08\/Hess-2012.jpg 600w, https:\/\/blog.zeit.de\/stoerungsmelder\/files\/2012\/08\/Hess-2012-300x171.jpg 300w\" sizes=\"auto, (max-width: 537px) 100vw, 537px\" \/><\/a><figcaption id=\"caption-attachment-9638\" class=\"wp-caption-text\">Offene NS-Verherrlichung bei den &quot;Autonomen Nationalisten Nordhausen&quot; \u00a9 Screenshot<\/figcaption><\/figure><\/p>\n<p><strong>\u00d6ffentliche Pr\u00e4senz als Machtdemonstration<\/strong><\/p>\n<p>Die Rechtsextremen zeigen in Nordhausen massiv Pr\u00e4senz bei Veranstaltungen. Schon in den letzten Jahren nahmen bis zu drei\u00dfig Neonazis an der offiziellen Gedenkveranstaltung zum Jahrestag der Bombardierung der Stadt teil. Dutzende durch Szenebekleidung eindeutig erkennbare Neonazis auch beim Public Viewing w\u00e4hrend der Europameisterschaft pr\u00e4sent. Dieser Strategie folgt auch das st\u00e4ndige Verkleben von Plakaten und Aufklebern. In der ganzen Stadt sind diese mittlerweile verteilt und werden immer wieder geh\u00e4uft als Provokation an Parteib\u00fcros und anderen Orten angebracht. Bei der bislang letzten derartigen Aktion verklebten die Rechtsextremen unter anderem Propaganda f\u00fcr den gerade erst verbotenen \u201eAntikriegstages\u201c in Dortmund und Werbeaufkleber des Germania-Versandes. Der Szeneversand geh\u00f6rt Patrick Weber, dem Vorsitzenden des NPD-Kreisverbandes im angrenzenden Kyffh\u00e4userkreis. Dies zeigt nicht zuletzt erneut die enge Verbindung zwischen Partei und freien Kr\u00e4ften.<\/p>\n","protected":false},"excerpt":{"rendered":"<p>In der Nacht zum 29. August wurden im nordth\u00fcringischen Nordhausen erneut dutzende rechtsextreme Aufkleber und Plakate verteilt. Gezielt wurden das Parteib\u00fcro der Linken, ein alternatives Jugendzentrum und ein Privathaus dort engagierter Menschen beklebt. Die Stadt wird mehr und mehr zur Hochburg der regionalen Naziszene.<\/p>\n","protected":false},"author":229,"featured_media":0,"comment_status":"open","ping_status":"open","sticky":false,"template":"","format":"standard","meta":{"_jetpack_memberships_contains_paid_content":false,"footnotes":""},"categories":[1],"tags":[],"class_list":["post-9636","post","type-post","status-publish","format-standard","hentry","category-allgemein"],"yoast_head":"<!-- This site is optimized with the Yoast SEO plugin v21.0 - https:\/\/yoast.com\/wordpress\/plugins\/seo\/ -->\n<title>Wie Nordhausen zur Nazi-Hochburg wird - St\u00f6rungsmelder<\/title>\n<meta name=\"robots\" content=\"index, follow, max-snippet:-1, max-image-preview:large, max-video-preview:-1\" \/>\n<link rel=\"canonical\" href=\"https:\/\/blog.zeit.de\/stoerungsmelder\/2012\/08\/31\/wie-nordhausen-zur-nazi-hochburg-wird_9636\" \/>\n<meta property=\"og:locale\" content=\"de_DE\" \/>\n<meta property=\"og:type\" content=\"article\" \/>\n<meta property=\"og:title\" content=\"Wie Nordhausen zur Nazi-Hochburg wird - St\u00f6rungsmelder\" \/>\n<meta property=\"og:description\" content=\"In der Nacht zum 29. August wurden im nordth\u00fcringischen Nordhausen erneut dutzende rechtsextreme Aufkleber und Plakate verteilt. Gezielt wurden das Parteib\u00fcro der Linken, ein alternatives Jugendzentrum und ein Privathaus dort engagierter Menschen beklebt. Die Stadt wird mehr und mehr zur Hochburg der regionalen Naziszene.\" \/>\n<meta property=\"og:url\" content=\"https:\/\/blog.zeit.de\/stoerungsmelder\/2012\/08\/31\/wie-nordhausen-zur-nazi-hochburg-wird_9636\" \/>\n<meta property=\"og:site_name\" content=\"St\u00f6rungsmelder\" \/>\n<meta property=\"article:published_time\" content=\"2012-08-31T09:30:17+00:00\" \/>\n<meta property=\"article:modified_time\" content=\"2012-08-31T09:30:18+00:00\" \/>\n<meta property=\"og:image\" content=\"https:\/\/blog.zeit.de\/stoerungsmelder\/files\/2012\/08\/Germania.jpg\" \/>\n<meta name=\"author\" content=\"St\u00f6rungsmelder\" \/>\n<meta name=\"twitter:card\" content=\"summary_large_image\" \/>\n<meta name=\"twitter:label1\" content=\"Geschrieben von\" \/>\n\t<meta name=\"twitter:data1\" content=\"St\u00f6rungsmelder\" \/>\n\t<meta name=\"twitter:label2\" content=\"Gesch\u00e4tzte Lesezeit\" \/>\n\t<meta name=\"twitter:data2\" content=\"3\u00a0Minuten\" \/>\n<script type=\"application\/ld+json\" class=\"yoast-schema-graph\">{\"@context\":\"https:\/\/schema.org\",\"@graph\":[{\"@type\":\"WebPage\",\"@id\":\"https:\/\/blog.zeit.de\/stoerungsmelder\/2012\/08\/31\/wie-nordhausen-zur-nazi-hochburg-wird_9636\",\"url\":\"https:\/\/blog.zeit.de\/stoerungsmelder\/2012\/08\/31\/wie-nordhausen-zur-nazi-hochburg-wird_9636\",\"name\":\"Wie Nordhausen zur Nazi-Hochburg wird - St\u00f6rungsmelder\",\"isPartOf\":{\"@id\":\"https:\/\/blog.zeit.de\/stoerungsmelder\/#website\"},\"datePublished\":\"2012-08-31T09:30:17+00:00\",\"dateModified\":\"2012-08-31T09:30:18+00:00\",\"author\":{\"@id\":\"https:\/\/blog.zeit.de\/stoerungsmelder\/#\/schema\/person\/fdd0b9818f65738672810b6d6f037f71\"},\"breadcrumb\":{\"@id\":\"https:\/\/blog.zeit.de\/stoerungsmelder\/2012\/08\/31\/wie-nordhausen-zur-nazi-hochburg-wird_9636#breadcrumb\"},\"inLanguage\":\"de\",\"potentialAction\":[{\"@type\":\"ReadAction\",\"target\":[\"https:\/\/blog.zeit.de\/stoerungsmelder\/2012\/08\/31\/wie-nordhausen-zur-nazi-hochburg-wird_9636\"]}]},{\"@type\":\"BreadcrumbList\",\"@id\":\"https:\/\/blog.zeit.de\/stoerungsmelder\/2012\/08\/31\/wie-nordhausen-zur-nazi-hochburg-wird_9636#breadcrumb\",\"itemListElement\":[{\"@type\":\"ListItem\",\"position\":1,\"name\":\"Startseite\",\"item\":\"https:\/\/blog.zeit.de\/stoerungsmelder\"},{\"@type\":\"ListItem\",\"position\":2,\"name\":\"Wie Nordhausen zur Nazi-Hochburg wird\"}]},{\"@type\":\"WebSite\",\"@id\":\"https:\/\/blog.zeit.de\/stoerungsmelder\/#website\",\"url\":\"https:\/\/blog.zeit.de\/stoerungsmelder\/\",\"name\":\"St\u00f6rungsmelder\",\"description\":\"Recherchen und Analysen \u00fcber die extreme Rechte\",\"potentialAction\":[{\"@type\":\"SearchAction\",\"target\":{\"@type\":\"EntryPoint\",\"urlTemplate\":\"https:\/\/blog.zeit.de\/stoerungsmelder\/?s={search_term_string}\"},\"query-input\":\"required name=search_term_string\"}],\"inLanguage\":\"de\"},{\"@type\":\"Person\",\"@id\":\"https:\/\/blog.zeit.de\/stoerungsmelder\/#\/schema\/person\/fdd0b9818f65738672810b6d6f037f71\",\"name\":\"St\u00f6rungsmelder\",\"image\":{\"@type\":\"ImageObject\",\"inLanguage\":\"de\",\"@id\":\"https:\/\/blog.zeit.de\/stoerungsmelder\/#\/schema\/person\/image\/\",\"url\":\"https:\/\/secure.gravatar.com\/avatar\/dfa4be514c3e82a71e4f9a0020035d38192d080ccaa5e4e6d7a1472c763535c5?s=96&d=mm&r=pg\",\"contentUrl\":\"https:\/\/secure.gravatar.com\/avatar\/dfa4be514c3e82a71e4f9a0020035d38192d080ccaa5e4e6d7a1472c763535c5?s=96&d=mm&r=pg\",\"caption\":\"St\u00f6rungsmelder\"},\"url\":\"https:\/\/blog.zeit.de\/stoerungsmelder\/author\/stoerungsmelder\"}]}<\/script>\n<!-- \/ Yoast SEO plugin. -->","yoast_head_json":{"title":"Wie Nordhausen zur Nazi-Hochburg wird - St\u00f6rungsmelder","robots":{"index":"index","follow":"follow","max-snippet":"max-snippet:-1","max-image-preview":"max-image-preview:large","max-video-preview":"max-video-preview:-1"},"canonical":"https:\/\/blog.zeit.de\/stoerungsmelder\/2012\/08\/31\/wie-nordhausen-zur-nazi-hochburg-wird_9636","og_locale":"de_DE","og_type":"article","og_title":"Wie Nordhausen zur Nazi-Hochburg wird - St\u00f6rungsmelder","og_description":"In der Nacht zum 29. August wurden im nordth\u00fcringischen Nordhausen erneut dutzende rechtsextreme Aufkleber und Plakate verteilt. Gezielt wurden das Parteib\u00fcro der Linken, ein alternatives Jugendzentrum und ein Privathaus dort engagierter Menschen beklebt. Die Stadt wird mehr und mehr zur Hochburg der regionalen Naziszene.","og_url":"https:\/\/blog.zeit.de\/stoerungsmelder\/2012\/08\/31\/wie-nordhausen-zur-nazi-hochburg-wird_9636","og_site_name":"St\u00f6rungsmelder","article_published_time":"2012-08-31T09:30:17+00:00","article_modified_time":"2012-08-31T09:30:18+00:00","og_image":[{"url":"https:\/\/blog.zeit.de\/stoerungsmelder\/files\/2012\/08\/Germania.jpg"}],"author":"St\u00f6rungsmelder","twitter_card":"summary_large_image","twitter_misc":{"Geschrieben von":"St\u00f6rungsmelder","Gesch\u00e4tzte Lesezeit":"3\u00a0Minuten"},"schema":{"@context":"https:\/\/schema.org","@graph":[{"@type":"WebPage","@id":"https:\/\/blog.zeit.de\/stoerungsmelder\/2012\/08\/31\/wie-nordhausen-zur-nazi-hochburg-wird_9636","url":"https:\/\/blog.zeit.de\/stoerungsmelder\/2012\/08\/31\/wie-nordhausen-zur-nazi-hochburg-wird_9636","name":"Wie Nordhausen zur Nazi-Hochburg wird - St\u00f6rungsmelder","isPartOf":{"@id":"https:\/\/blog.zeit.de\/stoerungsmelder\/#website"},"datePublished":"2012-08-31T09:30:17+00:00","dateModified":"2012-08-31T09:30:18+00:00","author":{"@id":"https:\/\/blog.zeit.de\/stoerungsmelder\/#\/schema\/person\/fdd0b9818f65738672810b6d6f037f71"},"breadcrumb":{"@id":"https:\/\/blog.zeit.de\/stoerungsmelder\/2012\/08\/31\/wie-nordhausen-zur-nazi-hochburg-wird_9636#breadcrumb"},"inLanguage":"de","potentialAction":[{"@type":"ReadAction","target":["https:\/\/blog.zeit.de\/stoerungsmelder\/2012\/08\/31\/wie-nordhausen-zur-nazi-hochburg-wird_9636"]}]},{"@type":"BreadcrumbList","@id":"https:\/\/blog.zeit.de\/stoerungsmelder\/2012\/08\/31\/wie-nordhausen-zur-nazi-hochburg-wird_9636#breadcrumb","itemListElement":[{"@type":"ListItem","position":1,"name":"Startseite","item":"https:\/\/blog.zeit.de\/stoerungsmelder"},{"@type":"ListItem","position":2,"name":"Wie Nordhausen zur Nazi-Hochburg wird"}]},{"@type":"WebSite","@id":"https:\/\/blog.zeit.de\/stoerungsmelder\/#website","url":"https:\/\/blog.zeit.de\/stoerungsmelder\/","name":"St\u00f6rungsmelder","description":"Recherchen und Analysen \u00fcber die extreme Rechte","potentialAction":[{"@type":"SearchAction","target":{"@type":"EntryPoint","urlTemplate":"https:\/\/blog.zeit.de\/stoerungsmelder\/?s={search_term_string}"},"query-input":"required name=search_term_string"}],"inLanguage":"de"},{"@type":"Person","@id":"https:\/\/blog.zeit.de\/stoerungsmelder\/#\/schema\/person\/fdd0b9818f65738672810b6d6f037f71","name":"St\u00f6rungsmelder","image":{"@type":"ImageObject","inLanguage":"de","@id":"https:\/\/blog.zeit.de\/stoerungsmelder\/#\/schema\/person\/image\/","url":"https:\/\/secure.gravatar.com\/avatar\/dfa4be514c3e82a71e4f9a0020035d38192d080ccaa5e4e6d7a1472c763535c5?s=96&d=mm&r=pg","contentUrl":"https:\/\/secure.gravatar.com\/avatar\/dfa4be514c3e82a71e4f9a0020035d38192d080ccaa5e4e6d7a1472c763535c5?s=96&d=mm&r=pg","caption":"St\u00f6rungsmelder"},"url":"https:\/\/blog.zeit.de\/stoerungsmelder\/author\/stoerungsmelder"}]}},"jetpack_featured_media_url":"","jetpack_sharing_enabled":true,"_links":{"self":[{"href":"https:\/\/blog.zeit.de\/stoerungsmelder\/wp-json\/wp\/v2\/posts\/9636","targetHints":{"allow":["GET"]}}],"collection":[{"href":"https:\/\/blog.zeit.de\/stoerungsmelder\/wp-json\/wp\/v2\/posts"}],"about":[{"href":"https:\/\/blog.zeit.de\/stoerungsmelder\/wp-json\/wp\/v2\/types\/post"}],"author":[{"embeddable":true,"href":"https:\/\/blog.zeit.de\/stoerungsmelder\/wp-json\/wp\/v2\/users\/229"}],"replies":[{"embeddable":true,"href":"https:\/\/blog.zeit.de\/stoerungsmelder\/wp-json\/wp\/v2\/comments?post=9636"}],"version-history":[{"count":4,"href":"https:\/\/blog.zeit.de\/stoerungsmelder\/wp-json\/wp\/v2\/posts\/9636\/revisions"}],"predecessor-version":[{"id":9643,"href":"https:\/\/blog.zeit.de\/stoerungsmelder\/wp-json\/wp\/v2\/posts\/9636\/revisions\/9643"}],"wp:attachment":[{"href":"https:\/\/blog.zeit.de\/stoerungsmelder\/wp-json\/wp\/v2\/media?parent=9636"}],"wp:term":[{"taxonomy":"category","embeddable":true,"href":"https:\/\/blog.zeit.de\/stoerungsmelder\/wp-json\/wp\/v2\/categories?post=9636"},{"taxonomy":"post_tag","embeddable":true,"href":"https:\/\/blog.zeit.de\/stoerungsmelder\/wp-json\/wp\/v2\/tags?post=9636"}],"curies":[{"name":"wp","href":"https:\/\/api.w.org\/{rel}","templated":true}]}}