{"id":9717,"date":"2012-09-05T18:25:16","date_gmt":"2012-09-05T16:25:16","guid":{"rendered":"http:\/\/blog.zeit.de\/stoerungsmelder\/?p=9717"},"modified":"2017-07-08T16:35:27","modified_gmt":"2017-07-08T14:35:27","slug":"braune-hegemonie-in-nordhausen-bekennender-neonazi-als-auszubildender-in-der-stadtverwaltung","status":"publish","type":"post","link":"https:\/\/blog.zeit.de\/stoerungsmelder\/2012\/09\/05\/braune-hegemonie-in-nordhausen-bekennender-neonazi-als-auszubildender-in-der-stadtverwaltung_9717","title":{"rendered":"Braune Hegemonie in Nordhausen: Bekennender Neonazi als Auszubildender in der Stadtverwaltung"},"content":{"rendered":"<p><figure id=\"attachment_9718\" aria-describedby=\"caption-attachment-9718\" style=\"width: 539px\" class=\"wp-caption aligncenter\"><a href=\"https:\/\/blog.zeit.de\/stoerungsmelder\/files\/2012\/09\/Aktionsgruppe-Nordhausen-FB.jpg\"><img loading=\"lazy\" decoding=\"async\" class=\" wp-image-9718\" src=\"https:\/\/blog.zeit.de\/stoerungsmelder\/files\/2012\/09\/Aktionsgruppe-Nordhausen-FB.jpg\" alt=\"\" width=\"539\" height=\"244\" srcset=\"https:\/\/blog.zeit.de\/stoerungsmelder\/files\/2012\/09\/Aktionsgruppe-Nordhausen-FB.jpg 600w, https:\/\/blog.zeit.de\/stoerungsmelder\/files\/2012\/09\/Aktionsgruppe-Nordhausen-FB-300x136.jpg 300w\" sizes=\"auto, (max-width: 539px) 100vw, 539px\" \/><\/a><figcaption id=\"caption-attachment-9718\" class=\"wp-caption-text\">Mitten in der Stadt posiert am hellichten Tage die militante Nazivereinigung &quot;Aktionsgruppe Nordhausen&quot; f\u00fcr ihre Webseite \u00a9 Screenshot<\/figcaption><\/figure><\/p>\n<p>\u201eOb Dortmund, Erfurt oder Buxtehude, der Feind ist immer der\u2026\u201c ist am 1.September bei einer Kundgebung mitten in Erfurt auf Transparenten zu lesen. Ringsherum Plakate, die gegen Israel hetzen und keine Fragen zu der Leerstelle im Reim offen lassen. Rund 100 Th\u00fcringer Neonazis waren aus Protest gegen den <a href=\"https:\/\/blog.zeit.de\/stoerungsmelder\/2012\/08\/31\/bundesverfassungsgericht-bestatigt-verbot-des-nationalen-antikriegstags-in-dortmund_9645\">verbotenen \u201eAntikriegstag\u201c<\/a> in Dortmund mit zwei gemieteten Reisebussen durch Th\u00fcringen und Sachsen gefahren. Sie solidarisierten sich auch offen mit den <a href=\"https:\/\/blog.zeit.de\/stoerungsmelder\/2012\/08\/24\/nach-grosrazzia-in-nrw-polizei-pruft-verbot-des-%E2%80%9Enationalen-antikriegstag_9542\">verbotenen Nazivereinigungen<\/a> \u201eNationaler Widerstand Dortmund\u201c, \u201eKameradschaft Hamm\u201c und \u201eKameradschaft Aachener Land\u201c. Mitorganisiert wurde die rechtsextreme Bustour von der Gruppierung \u201eAktionsgruppe Nordhausen\u201c, die seit Monaten in ihrer Heimatstadt ihr Unwesen treibt.<!--more--><\/p>\n<p>So war es auch die \u201eAktionsgruppe Nordhausen\u201c die das passende Video zu der Busfahrt auf ihrer Homepage ver\u00f6ffentlichte. Ohnehin werden die meisten Aktionen der militanten Neonazigruppe durch Videos oder Bilder selbst dokumentiert. Angst vor den Strafverfolgungsbeh\u00f6rden scheinen die jungen Rechtsextremisten nicht zu haben. Sie geben sich \u00e4u\u00dferst selbstbewusst und gewaltbereit.<\/p>\n<p>Erst vor wenigen Tagen hatten wir \u00fcber die <a title=\"Wie Nordhausen zur Nazi-Hochburg wird\" href=\"https:\/\/blog.zeit.de\/stoerungsmelder\/2012\/08\/31\/wie-nordhausen-zur-nazi-hochburg-wird_9636\">rechtsextreme Szene in Nordhausen berichtet<\/a>. In der Nordth\u00fcringischen Stadt konnte sich \u00fcber Jahre eine militante Neonazi-Szene ohne gro\u00dfe Beachtung entwickeln. Nach verschiedenen Namenswechseln sammelt sich die lokale Szene derzeit unter dem Namen \u201eAktionsgruppe Nordhausen\u201c. Doch ein Blick auf die Homepage der Gruppierung macht schnell klar, dass die Inhalte nahezu vollst\u00e4ndig identisch mit denen ihrer Vorg\u00e4ngergruppe \u201eAutonome Nationalisten Nordth\u00fcringen\u201c sind. Zum Kern der \u201eAktionsgruppe Nordhausen\u201c z\u00e4hlen rund 20 Personen. Das weitere Umfeld der Gruppe sch\u00e4tzen Beobachter jedoch auf bis zu f\u00fcnfzig zumeist junge M\u00e4nner. Erst Ende August hatte die Gruppe durch einen Fackelmarsch zum Gedenken an den NS-Kriegsverbrecher Rudolf He\u00df ihre Gesinnung erneut \u00f6ffentlich dokumentiert. Texte auf der Webseite der Gruppe lassen keinen Zweifel an ihrem Hang zur NS-Ideologie. Sie sehen die Zukunft nach eigener Aussage in einem \u201erassebewussten Europa\u201c und rufen gemeinsam mit anderen rechtsextremen Gruppierungen derzeit auf: \u201eWerdet zu \u201aSchl\u00e4fern\u2018, bereitet euch vor.\u201c Im Alltag soll man also versuchen mit seiner politischen Gesinnung nicht aufzufallen, um dann am \u201eTag X\u201c zuschlagen zu k\u00f6nnen. Das klingt bedrohlich. Noch bedrohlicher ist die Tatsache, dass mindestens ein Rechtsextremist aus dem Umfeld der \u201eAktionsgruppe Nordhausen\u201c bei der Stadt arbeitet.<\/p>\n<p><a href=\"https:\/\/blog.zeit.de\/stoerungsmelder\/files\/2012\/09\/Tim-Peter-FB-Rudolf-Hess.jpg\"><img loading=\"lazy\" decoding=\"async\" class=\"alignleft size-medium wp-image-9719\" src=\"https:\/\/blog.zeit.de\/stoerungsmelder\/files\/2012\/09\/Tim-Peter-FB-Rudolf-Hess-300x197.jpg\" alt=\"\" width=\"300\" height=\"197\" srcset=\"https:\/\/blog.zeit.de\/stoerungsmelder\/files\/2012\/09\/Tim-Peter-FB-Rudolf-Hess-300x197.jpg 300w, https:\/\/blog.zeit.de\/stoerungsmelder\/files\/2012\/09\/Tim-Peter-FB-Rudolf-Hess.jpg 431w\" sizes=\"auto, (max-width: 300px) 100vw, 300px\" \/><\/a><\/p>\n<p><strong>\u201eRudolf Hess, Du warst ein Held!\u201c<\/strong><\/p>\n<p>Seit August 2011 ist Tim P. als Auszubildender bei der Stadt Nordhausen besch\u00e4ftigt. Zu P.\u00b4s Freundeskreis z\u00e4hlen gro\u00dfe Teile der lokalen Neonaziszene und NPD-Funktion\u00e4re. Aus seiner Gesinnung macht der Auszubildende keinen Hehl. Am 17. August ver\u00f6ffentlichte er auf seiner Facebook-Seite ein klares Bekenntnis zu dem in der Szene kultisch verehrten Hitler-Stellvertreter Rudolf He\u00df: \u201eRudolf Hess, Du warst ein Held! Du hast den Ruhm und die Ehre aller deutschen Patrioten!\u201c Auch rassistische Hetze stellte der Auszubildende offen einsehbar zur Schau. So schrieb er vor wenigen Wochen auf seinem Profil: \u201eAlles nur Kanacken hier im Westen schlimm sowas!\u201c In einer l\u00e4ngeren Diskussion, an der auch andere Neonazis beteiligt waren, legte P. nach: \u201eJa aber die hier im Westen scheinen sich gr\u00f6\u00dftenteils mit den Kanacken abgefunden zu haben das ist Schei\u00dfe sowas\u201c.<a href=\"https:\/\/blog.zeit.de\/stoerungsmelder\/files\/2012\/09\/Tim-Peters-FB-Kanacken.jpg\"><img loading=\"lazy\" decoding=\"async\" class=\"alignright size-medium wp-image-9721\" src=\"https:\/\/blog.zeit.de\/stoerungsmelder\/files\/2012\/09\/Tim-Peters-FB-Kanacken-300x242.jpg\" alt=\"\" width=\"300\" height=\"242\" srcset=\"https:\/\/blog.zeit.de\/stoerungsmelder\/files\/2012\/09\/Tim-Peters-FB-Kanacken-300x242.jpg 300w, https:\/\/blog.zeit.de\/stoerungsmelder\/files\/2012\/09\/Tim-Peters-FB-Kanacken.jpg 431w\" sizes=\"auto, (max-width: 300px) 100vw, 300px\" \/><\/a><\/p>\n<p>Besonders brisant ist, dass der neue Auszubildende genau zu jenem Personenkreis geh\u00f6rt, aus dem auch die <a href=\"https:\/\/blog.zeit.de\/stoerungsmelder\/2012\/06\/13\/neonazis-greifen-burgermeister-von-nordhausen-an_8830\">gewaltt\u00e4tigen Angreifer auf B\u00fcrgermeister Matthias Jendricke<\/a> (SPD) stammten. Zu den Facebook-Freunden von Tim P. geh\u00f6rt ausgerechnet ein stadtbekannter Neonazi, der von Zeugen als Filmer einer Aktion der Nazigruppe \u201eUnsterbliche\u201c beschrieben wurde. All dies blieb der Stadt und den Sicherheitsbeh\u00f6rden anscheinend \u00fcber ein Jahr verborgen oder interessierte niemanden. Nach der Anfrage des St\u00f6rungsmelders an die Stadt Nordhausen verschwand das Facebook-Profil des Auszubildenden pl\u00f6tzlich aus dem Netz.<\/p>\n<p><figure id=\"attachment_9720\" aria-describedby=\"caption-attachment-9720\" style=\"width: 300px\" class=\"wp-caption alignright\"><a href=\"https:\/\/blog.zeit.de\/stoerungsmelder\/files\/2012\/09\/Ausbildungsstart.jpg\"><img loading=\"lazy\" decoding=\"async\" class=\"size-medium wp-image-9720\" src=\"https:\/\/blog.zeit.de\/stoerungsmelder\/files\/2012\/09\/Ausbildungsstart-300x288.jpg\" alt=\"\" width=\"300\" height=\"288\" srcset=\"https:\/\/blog.zeit.de\/stoerungsmelder\/files\/2012\/09\/Ausbildungsstart-300x288.jpg 300w, https:\/\/blog.zeit.de\/stoerungsmelder\/files\/2012\/09\/Ausbildungsstart.jpg 651w\" sizes=\"auto, (max-width: 300px) 100vw, 300px\" \/><\/a><figcaption id=\"caption-attachment-9720\" class=\"wp-caption-text\">Kleinstadtidylle: Tim P. (Mitte) posiert 2011 mit B\u00fcrgermeister Matthias Jendricke, der im Sommer von Neonazis aus dem Umfeld des Azubis angegriffen wurde \u00a9 Screenshot<\/figcaption><\/figure><\/p>\n<p><strong>\u201eJeder Neonazi in der Stadt ist einer zu viel\u201c<\/strong><\/p>\n<p>Hilflos agiere die Stadtverwaltung, sagen Initiativen gegen rechts. Seit Juli 2012 steht Klaus Zeh (CDU) als neuer Oberb\u00fcrgermeister an der Spitze der Stadt. Bisher hat er sich kaum \u00f6ffentlich zur rechtsextremen Szene ge\u00e4u\u00dfert. Auf Nachfrage betonte Zeh \u201eJeder Neonazi in der Stadt ist einer zu viel\u201c.<\/p>\n<p>Mit dem Auszubildenden habe man bereits gesprochen. Er habe zugegeben die Texte geschrieben zu haben. \u201eWenn er uneinsichtig ist, m\u00fcssen wir uns Konsequenzen \u00fcberlegen\u201c, sagt Zeh. Die Staatsanwaltschaft m\u00fcsse jetzt pr\u00fcfen, ob die Aussagen strafrechtlich relevant sind. Man wolle den jungen Mann aber nicht an die rechte Szene verlieren. Deshalb d\u00fcrfe er bis auf weiteres bei der Stadt arbeiten.<\/p>\n<p>Man werde alles tun, um die rechte Szene einzud\u00e4mmen, verspricht Zeh. Daf\u00fcr arbeite die Stadtverwaltung eng mit der Polizei zusammen. Der ehemalige Landesminister verweist auch auf das gesellschaftliche Engagement Nordhausens. Es wurden Stolpersteine verlegt, die Stadt unterst\u00fctzt die KZ-Gedenkst\u00e4tte Mittelbau-Dora, es gibt das Studienkolleg der Fachhochschule mit vielen ausl\u00e4ndischen G\u00e4sten und Nordhausen sei auch der erste Ort in Th\u00fcringen mit einer Partnerstadt in Israel gewesen. Au\u00dferdem habe man doch das gro\u00dfe \u201eB\u00fcndnis gegen Rechtsextremismus\u201c aller Parteien, sagt Zeh.<\/p>\n<p>Dem widerspricht Szenekenner Thomas Rupfahl, der sich seit Jahren in Th\u00fcringen gegen Rechtsextremismus engagiert. Weder die KZ-Gedenkst\u00e4tte, noch das Studienkolleg seien Einrichtungen der Stadt und w\u00fcrden zudem nicht aktiv vor Ort gegen die Neonaziszene arbeiten.\u00a0 Das geh\u00f6re nicht zu ihren Aufgaben. Das Geld stamme zudem fast ausschlie\u00dflich vom Land. Das \u201eB\u00fcndnis gegen Rechtsextremismus\u201c bestehe in seiner derzeitigen Form seit sechs Jahren. Die Stadt habe einige Aktionen unterst\u00fctzt, sei aber nie Tr\u00e4ger des B\u00fcndnisses gewesen. \u00d6ffentlichkeitswirksame Aktionen oder Erfolge gegen rechte Strukturen seien kaum zu verzeichnen, kritisiert Rupfahl. Von einem breiten B\u00fcndnis, an dem alle Parteien aktiv beteiligt sind, k\u00f6nne kaum die Rede sein. \u201eVon Stolpersteinen wird sich die rechtsextreme Szene nicht beeindrucken lassen\u201c, sagt er.<\/p>\n<p>Durch jahrelanges Wegschauen und Ignorieren habe man es den Neonazis leicht gemacht in dem Ort Fu\u00df zu fassen. Der Fall des rechtsextremen Auszubildenden zeige, wie gut die Szene bereits bei den Jugendlichen in Nordhausen integriert ist &#8211; und wie selten eine konkrete Auseinandersetzung mit dem Rechtsextremismusproblem \u00fcberhaupt stattfindet.<\/p>\n<p>Aber wie soll die Stadt die Neonazis stoppen? &#8222;Ein erster Schritt w\u00e4re eine deutliche, \u00f6ffentliche Positionierung, der auch konkretes Handeln folgt&#8220;, sagt Rupfahl. Neue Jugendprojekte gegen Rechtsextremismus m\u00fcssten geplant und finanziert werden.\u00a0 &#8222;Nur in \u00f6ffentlichen Reden die Nazis zu verdammen, hat jedenfalls bislang nicht geholfen.&#8220;<\/p>\n<p><img decoding=\"async\" src=\"http:\/\/vg06.met.vgwort.de\/na\/8a85ae6e7ba1400d8325f62ffe65f0f5\" alt=\"\" width=\"1\" \/><\/p>\n","protected":false},"excerpt":{"rendered":"<p>\u201eOb Dortmund, Erfurt oder Buxtehude, der Feind ist immer der\u2026\u201c ist am 1.September bei einer Kundgebung mitten in Erfurt auf Transparenten zu lesen. Ringsherum Plakate, die gegen Israel hetzen und keine Fragen zu der Leerstelle im Reim offen lassen. Rund 100 Th\u00fcringer Neonazis waren aus Protest gegen den verbotenen \u201eAntikriegstag\u201c in Dortmund mit zwei gemieteten [&hellip;]<\/p>\n","protected":false},"author":229,"featured_media":0,"comment_status":"open","ping_status":"open","sticky":false,"template":"","format":"standard","meta":{"_jetpack_memberships_contains_paid_content":false,"footnotes":""},"categories":[978],"tags":[17889,1493],"class_list":["post-9717","post","type-post","status-publish","format-standard","hentry","category-thuringen","tag-aktionsgruppe-nordhausen","tag-autonome-nationalisten"],"yoast_head":"<!-- This site is optimized with the Yoast SEO plugin v21.0 - https:\/\/yoast.com\/wordpress\/plugins\/seo\/ -->\n<title>Braune Hegemonie in Nordhausen: Bekennender Neonazi als Auszubildender in der Stadtverwaltung - St\u00f6rungsmelder<\/title>\n<meta name=\"robots\" content=\"index, follow, max-snippet:-1, max-image-preview:large, max-video-preview:-1\" \/>\n<link rel=\"canonical\" href=\"https:\/\/blog.zeit.de\/stoerungsmelder\/2012\/09\/05\/braune-hegemonie-in-nordhausen-bekennender-neonazi-als-auszubildender-in-der-stadtverwaltung_9717\" \/>\n<meta property=\"og:locale\" content=\"de_DE\" \/>\n<meta property=\"og:type\" content=\"article\" \/>\n<meta property=\"og:title\" content=\"Braune Hegemonie in Nordhausen: Bekennender Neonazi als Auszubildender in der Stadtverwaltung - St\u00f6rungsmelder\" \/>\n<meta property=\"og:description\" content=\"\u201eOb Dortmund, Erfurt oder Buxtehude, der Feind ist immer der\u2026\u201c ist am 1.September bei einer Kundgebung mitten in Erfurt auf Transparenten zu lesen. Ringsherum Plakate, die gegen Israel hetzen und keine Fragen zu der Leerstelle im Reim offen lassen. Rund 100 Th\u00fcringer Neonazis waren aus Protest gegen den verbotenen \u201eAntikriegstag\u201c in Dortmund mit zwei gemieteten [&hellip;]\" \/>\n<meta property=\"og:url\" content=\"https:\/\/blog.zeit.de\/stoerungsmelder\/2012\/09\/05\/braune-hegemonie-in-nordhausen-bekennender-neonazi-als-auszubildender-in-der-stadtverwaltung_9717\" \/>\n<meta property=\"og:site_name\" content=\"St\u00f6rungsmelder\" \/>\n<meta property=\"article:published_time\" content=\"2012-09-05T16:25:16+00:00\" \/>\n<meta property=\"article:modified_time\" content=\"2017-07-08T14:35:27+00:00\" \/>\n<meta property=\"og:image\" content=\"https:\/\/blog.zeit.de\/stoerungsmelder\/files\/2012\/09\/Aktionsgruppe-Nordhausen-FB.jpg\" \/>\n<meta name=\"author\" content=\"St\u00f6rungsmelder\" \/>\n<meta name=\"twitter:card\" content=\"summary_large_image\" \/>\n<meta name=\"twitter:label1\" content=\"Geschrieben von\" \/>\n\t<meta name=\"twitter:data1\" content=\"St\u00f6rungsmelder\" \/>\n\t<meta name=\"twitter:label2\" content=\"Gesch\u00e4tzte Lesezeit\" \/>\n\t<meta name=\"twitter:data2\" content=\"5\u00a0Minuten\" \/>\n<script type=\"application\/ld+json\" class=\"yoast-schema-graph\">{\"@context\":\"https:\/\/schema.org\",\"@graph\":[{\"@type\":\"WebPage\",\"@id\":\"https:\/\/blog.zeit.de\/stoerungsmelder\/2012\/09\/05\/braune-hegemonie-in-nordhausen-bekennender-neonazi-als-auszubildender-in-der-stadtverwaltung_9717\",\"url\":\"https:\/\/blog.zeit.de\/stoerungsmelder\/2012\/09\/05\/braune-hegemonie-in-nordhausen-bekennender-neonazi-als-auszubildender-in-der-stadtverwaltung_9717\",\"name\":\"Braune Hegemonie in Nordhausen: Bekennender Neonazi als Auszubildender in der Stadtverwaltung - St\u00f6rungsmelder\",\"isPartOf\":{\"@id\":\"https:\/\/blog.zeit.de\/stoerungsmelder\/#website\"},\"datePublished\":\"2012-09-05T16:25:16+00:00\",\"dateModified\":\"2017-07-08T14:35:27+00:00\",\"author\":{\"@id\":\"https:\/\/blog.zeit.de\/stoerungsmelder\/#\/schema\/person\/fdd0b9818f65738672810b6d6f037f71\"},\"breadcrumb\":{\"@id\":\"https:\/\/blog.zeit.de\/stoerungsmelder\/2012\/09\/05\/braune-hegemonie-in-nordhausen-bekennender-neonazi-als-auszubildender-in-der-stadtverwaltung_9717#breadcrumb\"},\"inLanguage\":\"de\",\"potentialAction\":[{\"@type\":\"ReadAction\",\"target\":[\"https:\/\/blog.zeit.de\/stoerungsmelder\/2012\/09\/05\/braune-hegemonie-in-nordhausen-bekennender-neonazi-als-auszubildender-in-der-stadtverwaltung_9717\"]}]},{\"@type\":\"BreadcrumbList\",\"@id\":\"https:\/\/blog.zeit.de\/stoerungsmelder\/2012\/09\/05\/braune-hegemonie-in-nordhausen-bekennender-neonazi-als-auszubildender-in-der-stadtverwaltung_9717#breadcrumb\",\"itemListElement\":[{\"@type\":\"ListItem\",\"position\":1,\"name\":\"Startseite\",\"item\":\"https:\/\/blog.zeit.de\/stoerungsmelder\"},{\"@type\":\"ListItem\",\"position\":2,\"name\":\"Braune Hegemonie in Nordhausen: Bekennender Neonazi als Auszubildender in der Stadtverwaltung\"}]},{\"@type\":\"WebSite\",\"@id\":\"https:\/\/blog.zeit.de\/stoerungsmelder\/#website\",\"url\":\"https:\/\/blog.zeit.de\/stoerungsmelder\/\",\"name\":\"St\u00f6rungsmelder\",\"description\":\"Recherchen und Analysen \u00fcber die extreme Rechte\",\"potentialAction\":[{\"@type\":\"SearchAction\",\"target\":{\"@type\":\"EntryPoint\",\"urlTemplate\":\"https:\/\/blog.zeit.de\/stoerungsmelder\/?s={search_term_string}\"},\"query-input\":\"required name=search_term_string\"}],\"inLanguage\":\"de\"},{\"@type\":\"Person\",\"@id\":\"https:\/\/blog.zeit.de\/stoerungsmelder\/#\/schema\/person\/fdd0b9818f65738672810b6d6f037f71\",\"name\":\"St\u00f6rungsmelder\",\"image\":{\"@type\":\"ImageObject\",\"inLanguage\":\"de\",\"@id\":\"https:\/\/blog.zeit.de\/stoerungsmelder\/#\/schema\/person\/image\/\",\"url\":\"https:\/\/secure.gravatar.com\/avatar\/dfa4be514c3e82a71e4f9a0020035d38192d080ccaa5e4e6d7a1472c763535c5?s=96&d=mm&r=pg\",\"contentUrl\":\"https:\/\/secure.gravatar.com\/avatar\/dfa4be514c3e82a71e4f9a0020035d38192d080ccaa5e4e6d7a1472c763535c5?s=96&d=mm&r=pg\",\"caption\":\"St\u00f6rungsmelder\"},\"url\":\"https:\/\/blog.zeit.de\/stoerungsmelder\/author\/stoerungsmelder\"}]}<\/script>\n<!-- \/ Yoast SEO plugin. -->","yoast_head_json":{"title":"Braune Hegemonie in Nordhausen: Bekennender Neonazi als Auszubildender in der Stadtverwaltung - St\u00f6rungsmelder","robots":{"index":"index","follow":"follow","max-snippet":"max-snippet:-1","max-image-preview":"max-image-preview:large","max-video-preview":"max-video-preview:-1"},"canonical":"https:\/\/blog.zeit.de\/stoerungsmelder\/2012\/09\/05\/braune-hegemonie-in-nordhausen-bekennender-neonazi-als-auszubildender-in-der-stadtverwaltung_9717","og_locale":"de_DE","og_type":"article","og_title":"Braune Hegemonie in Nordhausen: Bekennender Neonazi als Auszubildender in der Stadtverwaltung - St\u00f6rungsmelder","og_description":"\u201eOb Dortmund, Erfurt oder Buxtehude, der Feind ist immer der\u2026\u201c ist am 1.September bei einer Kundgebung mitten in Erfurt auf Transparenten zu lesen. Ringsherum Plakate, die gegen Israel hetzen und keine Fragen zu der Leerstelle im Reim offen lassen. Rund 100 Th\u00fcringer Neonazis waren aus Protest gegen den verbotenen \u201eAntikriegstag\u201c in Dortmund mit zwei gemieteten [&hellip;]","og_url":"https:\/\/blog.zeit.de\/stoerungsmelder\/2012\/09\/05\/braune-hegemonie-in-nordhausen-bekennender-neonazi-als-auszubildender-in-der-stadtverwaltung_9717","og_site_name":"St\u00f6rungsmelder","article_published_time":"2012-09-05T16:25:16+00:00","article_modified_time":"2017-07-08T14:35:27+00:00","og_image":[{"url":"https:\/\/blog.zeit.de\/stoerungsmelder\/files\/2012\/09\/Aktionsgruppe-Nordhausen-FB.jpg"}],"author":"St\u00f6rungsmelder","twitter_card":"summary_large_image","twitter_misc":{"Geschrieben von":"St\u00f6rungsmelder","Gesch\u00e4tzte Lesezeit":"5\u00a0Minuten"},"schema":{"@context":"https:\/\/schema.org","@graph":[{"@type":"WebPage","@id":"https:\/\/blog.zeit.de\/stoerungsmelder\/2012\/09\/05\/braune-hegemonie-in-nordhausen-bekennender-neonazi-als-auszubildender-in-der-stadtverwaltung_9717","url":"https:\/\/blog.zeit.de\/stoerungsmelder\/2012\/09\/05\/braune-hegemonie-in-nordhausen-bekennender-neonazi-als-auszubildender-in-der-stadtverwaltung_9717","name":"Braune Hegemonie in Nordhausen: Bekennender Neonazi als Auszubildender in der Stadtverwaltung - St\u00f6rungsmelder","isPartOf":{"@id":"https:\/\/blog.zeit.de\/stoerungsmelder\/#website"},"datePublished":"2012-09-05T16:25:16+00:00","dateModified":"2017-07-08T14:35:27+00:00","author":{"@id":"https:\/\/blog.zeit.de\/stoerungsmelder\/#\/schema\/person\/fdd0b9818f65738672810b6d6f037f71"},"breadcrumb":{"@id":"https:\/\/blog.zeit.de\/stoerungsmelder\/2012\/09\/05\/braune-hegemonie-in-nordhausen-bekennender-neonazi-als-auszubildender-in-der-stadtverwaltung_9717#breadcrumb"},"inLanguage":"de","potentialAction":[{"@type":"ReadAction","target":["https:\/\/blog.zeit.de\/stoerungsmelder\/2012\/09\/05\/braune-hegemonie-in-nordhausen-bekennender-neonazi-als-auszubildender-in-der-stadtverwaltung_9717"]}]},{"@type":"BreadcrumbList","@id":"https:\/\/blog.zeit.de\/stoerungsmelder\/2012\/09\/05\/braune-hegemonie-in-nordhausen-bekennender-neonazi-als-auszubildender-in-der-stadtverwaltung_9717#breadcrumb","itemListElement":[{"@type":"ListItem","position":1,"name":"Startseite","item":"https:\/\/blog.zeit.de\/stoerungsmelder"},{"@type":"ListItem","position":2,"name":"Braune Hegemonie in Nordhausen: Bekennender Neonazi als Auszubildender in der Stadtverwaltung"}]},{"@type":"WebSite","@id":"https:\/\/blog.zeit.de\/stoerungsmelder\/#website","url":"https:\/\/blog.zeit.de\/stoerungsmelder\/","name":"St\u00f6rungsmelder","description":"Recherchen und Analysen \u00fcber die extreme Rechte","potentialAction":[{"@type":"SearchAction","target":{"@type":"EntryPoint","urlTemplate":"https:\/\/blog.zeit.de\/stoerungsmelder\/?s={search_term_string}"},"query-input":"required name=search_term_string"}],"inLanguage":"de"},{"@type":"Person","@id":"https:\/\/blog.zeit.de\/stoerungsmelder\/#\/schema\/person\/fdd0b9818f65738672810b6d6f037f71","name":"St\u00f6rungsmelder","image":{"@type":"ImageObject","inLanguage":"de","@id":"https:\/\/blog.zeit.de\/stoerungsmelder\/#\/schema\/person\/image\/","url":"https:\/\/secure.gravatar.com\/avatar\/dfa4be514c3e82a71e4f9a0020035d38192d080ccaa5e4e6d7a1472c763535c5?s=96&d=mm&r=pg","contentUrl":"https:\/\/secure.gravatar.com\/avatar\/dfa4be514c3e82a71e4f9a0020035d38192d080ccaa5e4e6d7a1472c763535c5?s=96&d=mm&r=pg","caption":"St\u00f6rungsmelder"},"url":"https:\/\/blog.zeit.de\/stoerungsmelder\/author\/stoerungsmelder"}]}},"jetpack_featured_media_url":"","jetpack_sharing_enabled":true,"_links":{"self":[{"href":"https:\/\/blog.zeit.de\/stoerungsmelder\/wp-json\/wp\/v2\/posts\/9717","targetHints":{"allow":["GET"]}}],"collection":[{"href":"https:\/\/blog.zeit.de\/stoerungsmelder\/wp-json\/wp\/v2\/posts"}],"about":[{"href":"https:\/\/blog.zeit.de\/stoerungsmelder\/wp-json\/wp\/v2\/types\/post"}],"author":[{"embeddable":true,"href":"https:\/\/blog.zeit.de\/stoerungsmelder\/wp-json\/wp\/v2\/users\/229"}],"replies":[{"embeddable":true,"href":"https:\/\/blog.zeit.de\/stoerungsmelder\/wp-json\/wp\/v2\/comments?post=9717"}],"version-history":[{"count":17,"href":"https:\/\/blog.zeit.de\/stoerungsmelder\/wp-json\/wp\/v2\/posts\/9717\/revisions"}],"predecessor-version":[{"id":24096,"href":"https:\/\/blog.zeit.de\/stoerungsmelder\/wp-json\/wp\/v2\/posts\/9717\/revisions\/24096"}],"wp:attachment":[{"href":"https:\/\/blog.zeit.de\/stoerungsmelder\/wp-json\/wp\/v2\/media?parent=9717"}],"wp:term":[{"taxonomy":"category","embeddable":true,"href":"https:\/\/blog.zeit.de\/stoerungsmelder\/wp-json\/wp\/v2\/categories?post=9717"},{"taxonomy":"post_tag","embeddable":true,"href":"https:\/\/blog.zeit.de\/stoerungsmelder\/wp-json\/wp\/v2\/tags?post=9717"}],"curies":[{"name":"wp","href":"https:\/\/api.w.org\/{rel}","templated":true}]}}