{"id":9747,"date":"2012-09-07T10:46:21","date_gmt":"2012-09-07T08:46:21","guid":{"rendered":"http:\/\/blog.zeit.de\/stoerungsmelder\/?p=9747"},"modified":"2012-09-07T10:58:36","modified_gmt":"2012-09-07T08:58:36","slug":"unsterblich","status":"publish","type":"post","link":"https:\/\/blog.zeit.de\/stoerungsmelder\/2012\/09\/07\/unsterblich_9747","title":{"rendered":"Die Unsterblichen werden zu den Od\u00f6dliga"},"content":{"rendered":"<p><a href=\"https:\/\/blog.zeit.de\/stoerungsmelder\/files\/2012\/03\/unsterbliche_lka.jpg\"><img loading=\"lazy\" decoding=\"async\" class=\"aligncenter  wp-image-8289\" src=\"https:\/\/blog.zeit.de\/stoerungsmelder\/files\/2012\/03\/unsterbliche_lka.jpg\" alt=\"\" width=\"540\" height=\"406\" srcset=\"https:\/\/blog.zeit.de\/stoerungsmelder\/files\/2012\/03\/unsterbliche_lka.jpg 800w, https:\/\/blog.zeit.de\/stoerungsmelder\/files\/2012\/03\/unsterbliche_lka-300x225.jpg 300w\" sizes=\"auto, (max-width: 540px) 100vw, 540px\" \/><\/a><\/p>\n<p>Schwedisch ist eine h\u00fcbsche Sprache \u2013 und selbst martialische Neonazi-Aktionsformen klingen auf schwedisch gleich viel freundlicher. \u201eDie Unsterblichen\u201c sind nun auch in dem skandinavischen Land aufgetaucht \u2013 unter dem Namen \u201eDe Od\u00f6dliga\u201c. Ein Blick auf die Personen hinter den schwedischen Unsterblichen zeigt, wie eng die Beziehungen zwischen deutschen und skandinavischen Neonazis sind \u2013 und st\u00fctzt die These, der NSU habe sich m\u00f6glicherweise aus Schweden \u201cinspirieren\u201d lassen.<!--more--><\/p>\n<p>Die schwedischen Neonazis orientieren sich mit De Od\u00f6dliga strikt an dem deutschen Vorbild: Name, wei\u00dfe Masken, fett produzierte Videos, pathetische Parolen \u2013 alles wie bekannt. Auch versuchen die skandinavischen Rechtsextremen, ihre Propaganda besonders \u00fcber das Internet zu verbreiten. Auf Facebook m\u00f6gen bislang gut 500 Leute die schwedische Ausgabe der Unsterblichen.<\/p>\n<p style=\"text-align: justify\">Zudem wollen die Initiatoren \u00fcber Szene-Medien neue Aktivisten oder Nachahmer rekrutieren. So berichtet beispielsweise das rechtsextreme Online-Magazin \u201cRealisten\u201d (Der Realist) \u00fcber die Od\u00f6dliga. In dem Artikel wird zun\u00e4chst die Bedeutung der deutschen Unsterblichen ma\u00dflos \u00fcberzeichnet. So behauptet \u201cder Realist\u201d reichlich unrealistisch, es sei keine \u00dcbertreibung, dass die Unsterblichen das \u201cdeutsche Regime\u201d beunruhigt h\u00e4tten. Daher seien die Spreelichter, die mit den Unsterblichen verbunden gewesen seien, verboten worden. Doch nun verbreite sich die Aktionsform \u00fcber Europa, \u00fcbertreibt der Autor hemmungslos weiter, denn der schwedische Ableger der Unsterblichen ist alles andere als eine Massenbewegung, sondern scheint vor allem mit einem Namen verbunden: Daniel H\u00f6glund.<\/p>\n<p><figure style=\"width: 480px\" class=\"wp-caption aligncenter\"><a href=\"http:\/\/www.publikative.org\/wp-content\/uploads\/2012\/09\/realisten.jpg\"><img loading=\"lazy\" decoding=\"async\" src=\"http:\/\/www.publikative.org\/wp-content\/uploads\/2012\/09\/realisten-600x498.jpg\" alt=\"Das schwedische rechtsextreme Magazin &quot;Der Realist&quot; \u00fcbertreibt die Bedeutung der Unsterblichen in Deutschland hemmungslos.\" width=\"480\" height=\"398\" \/><\/a><figcaption class=\"wp-caption-text\">Das schwedische rechtsextreme Magazin \u201cDer Realist\u201d \u00fcbertreibt die Bedeutung der Unsterblichen in Deutschland hemmungslos.<\/figcaption><\/figure><\/p>\n<p>H\u00f6glund ist seit vielen Jahren in der schwedischen Neonazi-Szene aktiv, der 34-J\u00e4hrige ist Inhaber der Domains des Realisten sowie der Od\u00f6dliga. Auch die IP-Adressen der Seiten stimmen \u00fcberein, hier versucht also offenbar jemand, seine eigene Aktionsform zu bewerben. So weit, so gew\u00f6hnlich.<\/p>\n<p><strong>Schwesterpartei der NPD<\/strong><\/p>\n<p>Bemerkenswert sind allerdings die Kontakte von Schweden nach Deutschland, konkret nach Sachsen. So berichtete die Seite der Svenskarnas Parti (nicht zu verwechseln mit den Schwedendemokraten) im September 2011 \u00fcber eine Reise von skandinavischen Neonazis nach Sachsen. Auch dabei: Daniel H\u00f6glund (Vorsitzender der Svenskarnas Parti) sowie der bekannte Neonazi Stephan G\u00fcnter vom \u201cNordischen Hilfswerk\u201d. G\u00fcnter wurde in den vergangenen Jahren von Beobachtern immer wieder zu Blood &amp; Honour in Skandinavien gerechnet.<\/p>\n<p style=\"text-align: justify\">In Sachsen habe man die NPD-Fraktion in Dresden und die NPD-Zeitung \u201cDeutsche Stimme\u201d besucht, hei\u00dft es in dem Bericht. Danach h\u00e4tte die Reisegruppe auf einer Burg, die von deutschen Nationalisten renoviert werde, ein Kulturfest mit Volkstanz gefeiert.<\/p>\n<p><figure style=\"width: 480px\" class=\"wp-caption aligncenter\"><a href=\"http:\/\/www.publikative.org\/wp-content\/uploads\/2012\/09\/tysk_svenskar.jpg\"><img loading=\"lazy\" decoding=\"async\" src=\"http:\/\/www.publikative.org\/wp-content\/uploads\/2012\/09\/tysk_svenskar-600x337.jpg\" alt=\"Svenskarnas Parti berichtet \u00fcber die Reise nach Sachsen.\" width=\"480\" height=\"270\" \/><\/a><figcaption class=\"wp-caption-text\">Svenskarnas Parti berichtet \u00fcber die Reise nach Sachsen.Svenskarnas Parti berichtet \u00fcber die Reise nach Sachsen.<\/figcaption><\/figure><\/p>\n<p>Schwedische Neonazis besuchten im Fr\u00fchjahr 2012 die NPD-Fraktion in Dresden, um dort in Sachen parlamentarischer Arbeit zu lernen. Auch in Sachen Parolen gleichen sich die Parteien stark: Warnung vor dem \u201cVolkstod\u201d, autorit\u00e4re Hetze auf Kosten von Opfern von sexualisierter Gewalt (\u201cTodesstrafe f\u00fcr Kindersch\u00e4nder\u201d), offene Hetze gegen ethnische Minderheiten.<\/p>\n<p style=\"text-align: justify\">Im Mai 2012 reisten Neonazis der Partei erneut nach Deutschland, um in K\u00f6nigs-Wusterhausen an einer revisionistischen Veranstaltung von NPD und anderen Neonazis anl\u00e4sslich der Befreiung vom Nationalsozialismus teilzunehmen, als Redner trat nach Angaben aus Schweden auch der \u201cinternationale Sekret\u00e4r\u201d der Svenskarnas Parti auf. Ebenfalls dabei: der Berliner NPD-Chef und langj\u00e4hrige Kameradschaftler Sebastian Schmidtke.\u00a0<a href=\"http:\/\/www.publikative.org\/2012\/05\/24\/erneut-razzia-gegen-berliner-npd-chef\/\" target=\"_blank\">Schmidtke gilt als eine der Figuren hinter der Seite \u201cNationaler Widerstand Berlin\u201d<\/a>, die wiederum im November 2011 \u00fcber einen weiteren Besuch aus Schweden berichtete:<\/p>\n<blockquote><p>Am vergangenen Wochenende fand in Berlin eine Informationsveranstaltung des nordischen Hilfswerks statt. Unterst\u00fctzt wurde das ganze durch Kameraden aus Schweden. [&#8230;]\u00a0Die Veranstaltung begann mit den Ausf\u00fchrungen eines Kameraden vom Nordischen Hilfswerk. Er referierte zun\u00e4chst \u00fcber die Arbeit des NHW. Weiterhin sprach er zur Entwicklung nationaler Parteien und Str\u00f6mungen in Schweden. Auch die etwa 300 freiwilligen Schweden in der Waffen SS fanden dabei Erw\u00e4hnung und die schwedische Rolle im 2. Weltkrieg. Auch nach dem gro\u00dfen V\u00f6lkerringen gab es in Schweden nationale zusammenh\u00e4nge, die sich haupts\u00e4chlich in Parteien organisierten. Die Organisationsform der Freien Kr\u00e4fte hingegen entwickelte sich in Schweden erst sehr sp\u00e4t. Im letzten Abschnitt wurde \u00fcber die direkte Arbeit des NHW berichtet, sie umfasst Ausstellungen bei Festen, Hilfe bei Demonstrationen, kulturelle Aufgaben und Schulungen.<\/p>\n<p>Als zweiter Referent redete ein schwedischer Kamerad aus dem Parteivorstand der nationalen Partei \u201eSvenskarnas parti\u201c. Er beschrieb die aktuelle Lage in Schweden und zeigte den Anwesenden auf, dass nicht nur deutsche Gro\u00dfst\u00e4dte das Problem der Durchrassung haben. [&#8230;] In der anschlie\u00dfenden Fragerunde ging es haupts\u00e4chlich um das Attentat eines christlichen Freimaurers in Oslo. Trotz des Wunschdenkens der linksgerichteten Medien ist Anders Behring kein Nationalist sondern ein christlicher Fundamentalist, der keinerlei Unterst\u00fctzung in nationalen Kreisen findet.<\/p><\/blockquote>\n<div style=\"text-align: justify\">\n<p><figure style=\"width: 150px\" class=\"wp-caption alignleft\"><a href=\"http:\/\/www.publikative.org\/wp-content\/uploads\/2011\/05\/heise2008.jpg\"><img loading=\"lazy\" decoding=\"async\" src=\"http:\/\/www.publikative.org\/wp-content\/uploads\/2011\/05\/heise2008-150x150.jpg\" alt=\"Der Neonazi-Kader Thorsten Heise (Foto: Kai Budler)\" width=\"150\" height=\"150\" \/><\/a><figcaption class=\"wp-caption-text\">Der Neonazi-Kader Thorsten Heise (Foto: Kai Budler)<\/figcaption><\/figure><\/p>\n<p>&nbsp;<\/p>\n<\/div>\n<p>Interessant werden die Kontakte zwischen Skandinavien und D\u00e4nemark insbesondere, wenn man an den NSU und dessen m\u00f6gliche Unterst\u00fctzer denkt. Die\u00a0<a href=\"http:\/\/www.publikative.org\/?s=nsu+blood&amp;x=0&amp;y=0\" target=\"_blank\">Bedeutung des Blood &amp; Honour-Netzwerks f\u00fcr dieses Netzwerk<\/a>\u00a0wurde immer wieder betont. Da erscheint es bemerkenswert, dass im August 2008 eine internationale Razzia vom BKA initiiert wurde. Dabei gingen internationale Ermittler\u00a0in D\u00e4nemark und Finnland gegen die rechtsextremistische Musikvertriebsszene vor.<\/p>\n<p style=\"text-align: justify\">Anlass der Aktion war laut\u00a0BKA die Vollstreckung von Haftbefehlen in D\u00e4nemark gegen einen deutschen sowie einen d\u00e4nischen Staatsangeh\u00f6rigen, die das Amtsgericht Frankfurt am Main wegen Verdachts der Volksverhetzung, der Gewaltdarstellung und der Mitgliedschaft in einer kriminellen Vereinigung erlassen hat.<\/p>\n<p style=\"text-align: justify\"><a href=\"http:\/\/www.publikative.org\/2008\/08\/27\/internationale-razzia-gegen-rechtsrock-produzenten\/\" target=\"_blank\">Publikative.org berichtete damals<\/a>:<\/p>\n<blockquote><p>Den Beschuldigten Flemming C. und Stephan G. wird vorgeworfen, \u00fcber einen Zeitraum von mehreren Jahren als Verantwortliche des rechten Musikversands \u201cCeltic Moon\u201d illegale Tontr\u00e4ger wie \u201cKommando Freisler \u2013 Geheime Reichssache\u201d finanziert, deren Produktion in Auftrag gegeben und sie anschlie\u00dfend vertrieben zu haben. [&#8230;]\u00a0Zudem haben die Beschuldigten Verbindungen zu deutschen Musikgruppen, zu Musikmanagern und bekannten Anh\u00e4ngern der rechten Szene, wie z.B. dem NPD-Bundesvorstandsmitglied Thorsten Heise, gegen den das BKA im Rahmen von Ermittlungen\u00a0<a href=\"http:\/\/npd-blog.info\/?p=1169\">bereits im Oktober 2007 Durchsuchungsma\u00dfnahmen durchgef\u00fchrt hatte<\/a>.<\/p><\/blockquote>\n<p style=\"text-align: justify\">G\u00fcnter, B&amp;H, Heise, Wohlleben, NSU \u2013 angesichts dieser seit vielen Jahren gewachsenen Strukturen und Verbindungen erscheint der Gedanke, dass sich der NSU aus Schweden \u201cinspirieren\u201d lie\u00df, durchaus plausibel. Die\u00a0<a href=\"http:\/\/www.taz.de\/Vorbild-des-Terrornazi-Trios\/!101023\/\" target=\"_blank\">taz<\/a>\u00a0berichtete am 5. September 2012,\u00a0das Bundesamt f\u00fcr Verfassungsschutz glaube, dass der schwedische \u201eLasermann\u201c das Vorbild der deutschen Neonazis gewesen sein k\u00f6nnte.<\/p>\n<blockquote><p>Ausonius wurde als\u00a0<em>Wolfgang Alexander John Zaugg<\/em>\u00a0als Sohn eines Schweizer Einwanderers und einer Deutschen geboren und \u00e4nderte seinen Namen zuerst in\u00a0<em>John W.A. Stannerman<\/em>\u00a0und dann in\u00a0<em>John W.A. Ausonius.<\/em>\u00a0Von August 1991 bis Januar 1992 schoss er als zun\u00e4chst unbekannter T\u00e4ter zuerst mit einem\u00a0Gewehr\u00a0mit Laser-Zielvorrichtung (daher auch sein\u00a0Spitzname\u00a0<em>Lasermannen<\/em>\u00a0in der schwedischen Presse), sp\u00e4ter mit einem\u00a0Revolver\u00a0auf insgesamt elf Personen bei zehn verschiedenen Taten in\u00a0Stockholm\u00a0und\u00a0Uppsala. Eine Person kam dabei ums Leben, die anderen \u00fcberlebten schwerverletzt. Alle Opfer hatten dunkles Haar oder eine dunkle Hautfarbe. (Quelle:\u00a0<a href=\"http:\/\/de.wikipedia.org\/wiki\/John_Ausonius\" target=\"_blank\">Wikipedia<\/a>)<strong><br \/>\n<\/strong><\/p><\/blockquote>\n<p style=\"text-align: justify\">\u201cHinweis auf m\u00f6gliche Blaupause f\u00fcr den NSU\u201d sei ein Schreiben der Beh\u00f6rde an das BKA und den Generalbundesanwalt \u00fcberschrieben, das der taz vorliegt. Darin schreibt die Leiterin der Rechtsextremismus-Abteilung des Inlandsgeheimdiensts von \u201cdeutlichen Parallelen\u201d bei den beiden rassistischen Tatserien \u2013 und die ersch\u00f6pfen sich l\u00e4ngst nicht darin, dass die Opfer zuf\u00e4llig ausgew\u00e4hlte Einwanderer waren.\u00a0Der \u201eLasermann\u201c finanzierte sich das Leben mit eineinhalb Dutzend Bank\u00fcberf\u00e4llen und fl\u00fcchtete, nachdem er die Geldinstitute ausgeraubt hatte, immer auf dem Fahrrad \u2013 so wie es auch die NSU-Terroristen sp\u00e4ter taten. Bekennerschreiben gab es keine, es ging darum, Angst und Schrecken zu verbreiten \u2013 Terror eben.<\/p>\n<p style=\"text-align: justify\"><strong>Gewachsene Strukturen<\/strong><\/p>\n<p style=\"text-align: justify\">Die schwedischen Neonazis kopieren derzeit also eine deutsche Aktionsform, m\u00f6glicherweise \u00fcbernahmen die NSU-Terroristen um die Jahrtausendwende ein rechtsterroristisches Konzept aus Schweden.<\/p>\n<p style=\"text-align: justify\">Die Netzwerke f\u00fcr diesen internationalen Austausch waren bereits seit Jahren vorhanden: Es war der fanatische Rassist, braune Strippenzieher und sp\u00e4tere NPD-Funktion\u00e4r J\u00fcrgen Rieger, der 1995 in dem skandinavischen Land ein Gut erwarb \u2013 und der bereits 1993 gegen\u00fcber einem NDR-Journalisten offen \u00fcber terroristische Anschl\u00e4ge spekuliert hatte.<\/p>\n<p style=\"text-align: justify\">Siehe auch:\u00a0<a href=\"http:\/\/www.publikative.org\/2012\/08\/17\/die-internationale-der-rechtsterroristen\/\" rel=\"bookmark\">Die Internationale der Rechtsterroristen<\/a>,\u00a0<a href=\"http:\/\/www.publikative.org\/2012\/06\/07\/terror-zentrale-braunes-haus\/\" rel=\"bookmark\">Terror-Zentrale Braunes Haus?<\/a>,\u00a0<a href=\"http:\/\/www.publikative.org\/2012\/03\/28\/neonazis-huldigen-schon-2002-dem-nsu\/\" rel=\"bookmark\">Neonazis feierten schon 2002 den NSU<\/a>,\u00a0<a href=\"http:\/\/www.publikative.org\/2008\/12\/04\/schwedische-neonazis-in-neuem-gewand\/\" rel=\"bookmark\">Schwedische Neonazis in neuem Gewand<\/a>,\u00a0<a href=\"http:\/\/www.publikative.org\/2008\/09\/02\/schweden-zahl-der-militanten-neonazi-gruppen-steigt\/\" rel=\"bookmark\">Schweden: Zahl der militanten Neonazi-Gruppen steigt<\/a>,\u00a0<a href=\"http:\/\/www.publikative.org\/2008\/03\/12\/schweden-razzia-gegen-bewaffnete-neonazis\/\" rel=\"bookmark\">Schweden: Razzia gegen bewaffnete Neonazis<\/a>,\u00a0<a href=\"http:\/\/www.publikative.org\/2012\/06\/19\/sind-die-unsterblichen-schon-tot\/\" rel=\"bookmark\">Sind die Unsterblichen schon tot?<\/a>,\u00a0<a href=\"http:\/\/www.publikative.org\/2012\/06\/08\/uberflussig-nicht-unsterblich\/\" rel=\"bookmark\">\u00dcberfl\u00fcssig, nicht unsterblich<\/a><\/p>\n<p><img loading=\"lazy\" decoding=\"async\" src=\"http:\/\/vg05.met.vgwort.de\/na\/12d169232105423ab6bd4423ba57ce4a\" alt=\"\" width=\"1\" height=\"1\" \/><\/p>\n","protected":false},"excerpt":{"rendered":"<p>Schwedisch ist eine h\u00fcbsche Sprache \u2013 und selbst martialische Neonazi-Aktionsformen klingen auf schwedisch gleich viel freundlicher. \u201eDie Unsterblichen\u201c sind nun auch in dem skandinavischen Land aufgetaucht \u2013 unter dem Namen \u201eDe Od\u00f6dliga\u201c. Ein Blick auf die Personen hinter den schwedischen Unsterblichen zeigt, wie eng die Beziehungen zwischen deutschen und skandinavischen Neonazis sind \u2013 und st\u00fctzt [&hellip;]<\/p>\n","protected":false},"author":227,"featured_media":0,"comment_status":"open","ping_status":"open","sticky":false,"template":"","format":"standard","meta":{"_jetpack_memberships_contains_paid_content":false,"footnotes":""},"categories":[1456],"tags":[17891,1711,504],"class_list":["post-9747","post","type-post","status-publish","format-standard","hentry","category-sachsen","tag-die-unsterblichen","tag-neonazis","tag-schweden"],"yoast_head":"<!-- This site is optimized with the Yoast SEO plugin v21.0 - https:\/\/yoast.com\/wordpress\/plugins\/seo\/ -->\n<title>Die Unsterblichen werden zu den Od\u00f6dliga - St\u00f6rungsmelder<\/title>\n<meta name=\"robots\" content=\"index, follow, max-snippet:-1, max-image-preview:large, max-video-preview:-1\" \/>\n<link rel=\"canonical\" href=\"https:\/\/blog.zeit.de\/stoerungsmelder\/2012\/09\/07\/unsterblich_9747\" \/>\n<meta property=\"og:locale\" content=\"de_DE\" \/>\n<meta property=\"og:type\" content=\"article\" \/>\n<meta property=\"og:title\" content=\"Die Unsterblichen werden zu den Od\u00f6dliga - St\u00f6rungsmelder\" \/>\n<meta property=\"og:description\" content=\"Schwedisch ist eine h\u00fcbsche Sprache \u2013 und selbst martialische Neonazi-Aktionsformen klingen auf schwedisch gleich viel freundlicher. \u201eDie Unsterblichen\u201c sind nun auch in dem skandinavischen Land aufgetaucht \u2013 unter dem Namen \u201eDe Od\u00f6dliga\u201c. Ein Blick auf die Personen hinter den schwedischen Unsterblichen zeigt, wie eng die Beziehungen zwischen deutschen und skandinavischen Neonazis sind \u2013 und st\u00fctzt [&hellip;]\" \/>\n<meta property=\"og:url\" content=\"https:\/\/blog.zeit.de\/stoerungsmelder\/2012\/09\/07\/unsterblich_9747\" \/>\n<meta property=\"og:site_name\" content=\"St\u00f6rungsmelder\" \/>\n<meta property=\"article:published_time\" content=\"2012-09-07T08:46:21+00:00\" \/>\n<meta property=\"article:modified_time\" content=\"2012-09-07T08:58:36+00:00\" \/>\n<meta property=\"og:image\" content=\"https:\/\/blog.zeit.de\/stoerungsmelder\/files\/2012\/03\/unsterbliche_lka.jpg\" \/>\n<meta name=\"author\" content=\"Patrick Gensing\" \/>\n<meta name=\"twitter:card\" content=\"summary_large_image\" \/>\n<meta name=\"twitter:label1\" content=\"Geschrieben von\" \/>\n\t<meta name=\"twitter:data1\" content=\"Patrick Gensing\" \/>\n\t<meta name=\"twitter:label2\" content=\"Gesch\u00e4tzte Lesezeit\" \/>\n\t<meta name=\"twitter:data2\" content=\"7\u00a0Minuten\" \/>\n<script type=\"application\/ld+json\" class=\"yoast-schema-graph\">{\"@context\":\"https:\/\/schema.org\",\"@graph\":[{\"@type\":\"WebPage\",\"@id\":\"https:\/\/blog.zeit.de\/stoerungsmelder\/2012\/09\/07\/unsterblich_9747\",\"url\":\"https:\/\/blog.zeit.de\/stoerungsmelder\/2012\/09\/07\/unsterblich_9747\",\"name\":\"Die Unsterblichen werden zu den Od\u00f6dliga - St\u00f6rungsmelder\",\"isPartOf\":{\"@id\":\"https:\/\/blog.zeit.de\/stoerungsmelder\/#website\"},\"datePublished\":\"2012-09-07T08:46:21+00:00\",\"dateModified\":\"2012-09-07T08:58:36+00:00\",\"author\":{\"@id\":\"https:\/\/blog.zeit.de\/stoerungsmelder\/#\/schema\/person\/1898e9a6d47b4737da2c4fca74a10552\"},\"breadcrumb\":{\"@id\":\"https:\/\/blog.zeit.de\/stoerungsmelder\/2012\/09\/07\/unsterblich_9747#breadcrumb\"},\"inLanguage\":\"de\",\"potentialAction\":[{\"@type\":\"ReadAction\",\"target\":[\"https:\/\/blog.zeit.de\/stoerungsmelder\/2012\/09\/07\/unsterblich_9747\"]}]},{\"@type\":\"BreadcrumbList\",\"@id\":\"https:\/\/blog.zeit.de\/stoerungsmelder\/2012\/09\/07\/unsterblich_9747#breadcrumb\",\"itemListElement\":[{\"@type\":\"ListItem\",\"position\":1,\"name\":\"Startseite\",\"item\":\"https:\/\/blog.zeit.de\/stoerungsmelder\"},{\"@type\":\"ListItem\",\"position\":2,\"name\":\"Die Unsterblichen werden zu den Od\u00f6dliga\"}]},{\"@type\":\"WebSite\",\"@id\":\"https:\/\/blog.zeit.de\/stoerungsmelder\/#website\",\"url\":\"https:\/\/blog.zeit.de\/stoerungsmelder\/\",\"name\":\"St\u00f6rungsmelder\",\"description\":\"Recherchen und Analysen \u00fcber die extreme Rechte\",\"potentialAction\":[{\"@type\":\"SearchAction\",\"target\":{\"@type\":\"EntryPoint\",\"urlTemplate\":\"https:\/\/blog.zeit.de\/stoerungsmelder\/?s={search_term_string}\"},\"query-input\":\"required name=search_term_string\"}],\"inLanguage\":\"de\"},{\"@type\":\"Person\",\"@id\":\"https:\/\/blog.zeit.de\/stoerungsmelder\/#\/schema\/person\/1898e9a6d47b4737da2c4fca74a10552\",\"name\":\"Patrick Gensing\",\"image\":{\"@type\":\"ImageObject\",\"inLanguage\":\"de\",\"@id\":\"https:\/\/blog.zeit.de\/stoerungsmelder\/#\/schema\/person\/image\/\",\"url\":\"https:\/\/secure.gravatar.com\/avatar\/a7a6fc628ed4dd7517525b944e2a8b13f64804f428d399d781f8dd0c4651643a?s=96&d=mm&r=pg\",\"contentUrl\":\"https:\/\/secure.gravatar.com\/avatar\/a7a6fc628ed4dd7517525b944e2a8b13f64804f428d399d781f8dd0c4651643a?s=96&d=mm&r=pg\",\"caption\":\"Patrick Gensing\"},\"description\":\"Journalist, Blogger, Buchautor - Patrick Gensing besch\u00e4ftigt sich seit seiner Jugend Ende der 1980er Jahre mit den Themen Neonazis, Rassismus und Antisemitismus. Seit rund zehn Jahren schreibt er als Journalist \u00fcber diese Themen, unter anderem bei tagesschau.de, bei Zeit-Online, in der taz - oder in dem Buch \\\"Terror von rechts\\\", das am 14. September 2012 erscheint.\",\"sameAs\":[\"http:\/\/publikative.org\"],\"url\":\"https:\/\/blog.zeit.de\/stoerungsmelder\/author\/patrick-gensing\"}]}<\/script>\n<!-- \/ Yoast SEO plugin. -->","yoast_head_json":{"title":"Die Unsterblichen werden zu den Od\u00f6dliga - St\u00f6rungsmelder","robots":{"index":"index","follow":"follow","max-snippet":"max-snippet:-1","max-image-preview":"max-image-preview:large","max-video-preview":"max-video-preview:-1"},"canonical":"https:\/\/blog.zeit.de\/stoerungsmelder\/2012\/09\/07\/unsterblich_9747","og_locale":"de_DE","og_type":"article","og_title":"Die Unsterblichen werden zu den Od\u00f6dliga - St\u00f6rungsmelder","og_description":"Schwedisch ist eine h\u00fcbsche Sprache \u2013 und selbst martialische Neonazi-Aktionsformen klingen auf schwedisch gleich viel freundlicher. \u201eDie Unsterblichen\u201c sind nun auch in dem skandinavischen Land aufgetaucht \u2013 unter dem Namen \u201eDe Od\u00f6dliga\u201c. Ein Blick auf die Personen hinter den schwedischen Unsterblichen zeigt, wie eng die Beziehungen zwischen deutschen und skandinavischen Neonazis sind \u2013 und st\u00fctzt [&hellip;]","og_url":"https:\/\/blog.zeit.de\/stoerungsmelder\/2012\/09\/07\/unsterblich_9747","og_site_name":"St\u00f6rungsmelder","article_published_time":"2012-09-07T08:46:21+00:00","article_modified_time":"2012-09-07T08:58:36+00:00","og_image":[{"url":"https:\/\/blog.zeit.de\/stoerungsmelder\/files\/2012\/03\/unsterbliche_lka.jpg"}],"author":"Patrick Gensing","twitter_card":"summary_large_image","twitter_misc":{"Geschrieben von":"Patrick Gensing","Gesch\u00e4tzte Lesezeit":"7\u00a0Minuten"},"schema":{"@context":"https:\/\/schema.org","@graph":[{"@type":"WebPage","@id":"https:\/\/blog.zeit.de\/stoerungsmelder\/2012\/09\/07\/unsterblich_9747","url":"https:\/\/blog.zeit.de\/stoerungsmelder\/2012\/09\/07\/unsterblich_9747","name":"Die Unsterblichen werden zu den Od\u00f6dliga - St\u00f6rungsmelder","isPartOf":{"@id":"https:\/\/blog.zeit.de\/stoerungsmelder\/#website"},"datePublished":"2012-09-07T08:46:21+00:00","dateModified":"2012-09-07T08:58:36+00:00","author":{"@id":"https:\/\/blog.zeit.de\/stoerungsmelder\/#\/schema\/person\/1898e9a6d47b4737da2c4fca74a10552"},"breadcrumb":{"@id":"https:\/\/blog.zeit.de\/stoerungsmelder\/2012\/09\/07\/unsterblich_9747#breadcrumb"},"inLanguage":"de","potentialAction":[{"@type":"ReadAction","target":["https:\/\/blog.zeit.de\/stoerungsmelder\/2012\/09\/07\/unsterblich_9747"]}]},{"@type":"BreadcrumbList","@id":"https:\/\/blog.zeit.de\/stoerungsmelder\/2012\/09\/07\/unsterblich_9747#breadcrumb","itemListElement":[{"@type":"ListItem","position":1,"name":"Startseite","item":"https:\/\/blog.zeit.de\/stoerungsmelder"},{"@type":"ListItem","position":2,"name":"Die Unsterblichen werden zu den Od\u00f6dliga"}]},{"@type":"WebSite","@id":"https:\/\/blog.zeit.de\/stoerungsmelder\/#website","url":"https:\/\/blog.zeit.de\/stoerungsmelder\/","name":"St\u00f6rungsmelder","description":"Recherchen und Analysen \u00fcber die extreme Rechte","potentialAction":[{"@type":"SearchAction","target":{"@type":"EntryPoint","urlTemplate":"https:\/\/blog.zeit.de\/stoerungsmelder\/?s={search_term_string}"},"query-input":"required name=search_term_string"}],"inLanguage":"de"},{"@type":"Person","@id":"https:\/\/blog.zeit.de\/stoerungsmelder\/#\/schema\/person\/1898e9a6d47b4737da2c4fca74a10552","name":"Patrick Gensing","image":{"@type":"ImageObject","inLanguage":"de","@id":"https:\/\/blog.zeit.de\/stoerungsmelder\/#\/schema\/person\/image\/","url":"https:\/\/secure.gravatar.com\/avatar\/a7a6fc628ed4dd7517525b944e2a8b13f64804f428d399d781f8dd0c4651643a?s=96&d=mm&r=pg","contentUrl":"https:\/\/secure.gravatar.com\/avatar\/a7a6fc628ed4dd7517525b944e2a8b13f64804f428d399d781f8dd0c4651643a?s=96&d=mm&r=pg","caption":"Patrick Gensing"},"description":"Journalist, Blogger, Buchautor - Patrick Gensing besch\u00e4ftigt sich seit seiner Jugend Ende der 1980er Jahre mit den Themen Neonazis, Rassismus und Antisemitismus. Seit rund zehn Jahren schreibt er als Journalist \u00fcber diese Themen, unter anderem bei tagesschau.de, bei Zeit-Online, in der taz - oder in dem Buch \"Terror von rechts\", das am 14. September 2012 erscheint.","sameAs":["http:\/\/publikative.org"],"url":"https:\/\/blog.zeit.de\/stoerungsmelder\/author\/patrick-gensing"}]}},"jetpack_featured_media_url":"","jetpack_sharing_enabled":true,"_links":{"self":[{"href":"https:\/\/blog.zeit.de\/stoerungsmelder\/wp-json\/wp\/v2\/posts\/9747","targetHints":{"allow":["GET"]}}],"collection":[{"href":"https:\/\/blog.zeit.de\/stoerungsmelder\/wp-json\/wp\/v2\/posts"}],"about":[{"href":"https:\/\/blog.zeit.de\/stoerungsmelder\/wp-json\/wp\/v2\/types\/post"}],"author":[{"embeddable":true,"href":"https:\/\/blog.zeit.de\/stoerungsmelder\/wp-json\/wp\/v2\/users\/227"}],"replies":[{"embeddable":true,"href":"https:\/\/blog.zeit.de\/stoerungsmelder\/wp-json\/wp\/v2\/comments?post=9747"}],"version-history":[{"count":7,"href":"https:\/\/blog.zeit.de\/stoerungsmelder\/wp-json\/wp\/v2\/posts\/9747\/revisions"}],"predecessor-version":[{"id":9753,"href":"https:\/\/blog.zeit.de\/stoerungsmelder\/wp-json\/wp\/v2\/posts\/9747\/revisions\/9753"}],"wp:attachment":[{"href":"https:\/\/blog.zeit.de\/stoerungsmelder\/wp-json\/wp\/v2\/media?parent=9747"}],"wp:term":[{"taxonomy":"category","embeddable":true,"href":"https:\/\/blog.zeit.de\/stoerungsmelder\/wp-json\/wp\/v2\/categories?post=9747"},{"taxonomy":"post_tag","embeddable":true,"href":"https:\/\/blog.zeit.de\/stoerungsmelder\/wp-json\/wp\/v2\/tags?post=9747"}],"curies":[{"name":"wp","href":"https:\/\/api.w.org\/{rel}","templated":true}]}}