{"id":984,"date":"2009-04-16T12:52:47","date_gmt":"2009-04-16T11:52:47","guid":{"rendered":"http:\/\/blog.zeit.de\/stoerungsmelder\/?p=984"},"modified":"2009-04-16T12:52:47","modified_gmt":"2009-04-16T11:52:47","slug":"die-nazi-rohre","status":"publish","type":"post","link":"https:\/\/blog.zeit.de\/stoerungsmelder\/2009\/04\/16\/die-nazi-rohre_984","title":{"rendered":"Die Nazi-R\u00f6hre"},"content":{"rendered":"<p class=\"MsoNormal\"><span style=\"font-family: Arial;\">Als die NPD-nahen Hobbyfilmer von Volksfront Medien vor einigen Jahren die Videoplattform Youtube nutzten, entfachte dies eine breite \u00f6ffentliche Diskussion. Die M\u00f6glichkeiten des Web 2.0, insbesondere die nahezu unkontrollierbare Verbreitung von user generated Content, geben seitdem Anlass zur Sorge, denn sie vereinfachen auch die Verbreitung extremistischer Propaganda.\u00a0 <em>Von Armin Glatzmeier<\/em><\/span><!--more--><\/p>\n<p class=\"MsoNormal\">\n<p class=\"MsoNormal\"><span style=\"font-family: Arial;\">\u201eJews are NOT white\u201c ist eines der Videos betitelt, das der User UkrainianAryan bei WNTube eingestellt hat. Das \u201eWN\u201c im Namen der Seite steht f\u00fcr White Nationalist. Es ist das Nazi-Pendant zur Videoplattform Youtube, die sich bei den Extremisten dadurch unbeliebt gemacht hat, dass zumindest sporadisch Videos mit rechtsextremen Inhalten gesperrt und vom Netz genommen werden. WNTube f\u00e4hrt eine diametrale Strategie und will genau diese Inhalte bedienen.<\/span><\/p>\n<p class=\"MsoNormal\"><span style=\"font-family: Arial;\">So finden sich auf der Seite, die im Auftrag anonymer Betreiber von der kalifornischen Firma New Dream Network LLC registriert wurde, NS-Filme wie Veit Harlans \u201eJud S\u00fc\u00df\u201c und Leni Riefenstahls \u201eTriumph des Willens\u201c. Auch ein Propagandafilm von Willi Forst, der anl\u00e4sslich der Sommerolympiade 1936 produziert wurde, ist zu sehen. Daneben Bilder von Hitlers Berghof und nat\u00fcrlich Musikvideos von Bands wie Landser und Skrewdriver. Das meistgesehene Video auf der Seite, \u201eRuhm und Ehre der Waffen-SS\u201c, stammt von der Nazi-Band Stahlgewitter. Rund 6400 Nutzer klickten es bislang.<\/span><\/p>\n<p class=\"MsoNormal\"><span style=\"font-family: Arial;\">Die Betreiber der Seite machen aus ihrer Intention keinen Hehl. In den Richtlinien hei\u00dft es etwa, dass nur Videos eingestellt werden d\u00fcrfen, die \u201eof interest to White Nationalism\u201c sind. Pro-j\u00fcdische Beitr\u00e4ge sind verboten und all jenen, die sich nicht im Einklang mit der hier propagierten Ideologie befinden, wird der gute Rat zu Teil: \u201eIf you are not White and do not have sympathetic interests in White Nationalism, hit the road.\u201c<\/span><\/p>\n<p class=\"MsoNormal\"><span style=\"font-family: Arial;\">Angebote wie diese sind vor allem deshalb gef\u00e4hrlich, weil sie die M\u00f6glichkeit bieten Propaganda zu verbreiten, die unkommentiert gezeigt und konsumiert werden kann. Propaganda, deren Wahrheitsgehalt von den meisten Nutzern solcher Seiten ohnehin nicht in Frage gestellt w\u00fcrde. Sie vereinfachen den Zugang zu Inhalten, die in Deutschland h\u00e4ufig kaum verf\u00fcgbar sind.<\/span><\/p>\n<p class=\"MsoNormal\"><span style=\"font-family: Arial;\">Veit Harlans \u201eJud S\u00fc\u00df\u201c verortet der Administrator von WNTube in der Rubrik History. Der Film wurde von Reichspropagandaminister Josef Goebbels pers\u00f6nlich in Auftrag gegeben und verarbeit den Stoff des gleichnamigen Lion Feuchtwanger Romans. Er bedient sich zwar der<a href=\"http:\/\/www.dhm.de\/lemo\/html\/wk2\/kunst\/judsuess\/\"> historischen Figur des w\u00fcrttembergischen Finanzrates Joseph S\u00fcss Oppenheimer<\/a><\/span><span style=\"font-family: Arial;\">, ein historischer Film, ein Film, der sich an historischen Fakten orientiert, ist es nicht. Im Gegenteil. Goebbels notierte in seinem Tagebuch: \u201eAusgezeichnet geworden. Der erste wirklich antisemitisch Film.\u201c Kein Wunder, denn bei der Darstellung des \u201eJud S\u00fc\u00df\u201c nutzt Harlan s\u00e4mtliche stereotypen Vorurteile des nationalsozialistischen Antisemitismus.<\/span><\/p>\n<p class=\"MsoNormal\"><span style=\"font-family: Arial;\">In der Bundesrepublik Deutschland unterliegen daher einige Filme aus dem NS besonderen Auflagen, die eine Verbreitung beschr\u00e4nken sollen und die Vorf\u00fchrung nur in einem kommentierten Rahmen erlauben, um so einem unkritischen Umgang entgegen zu wirken. Portale wie WNTube zeigen einmal mehr die Grenzen einer Eind\u00e4mmung rechtsextremistischer Propaganda mittels Straf- bzw. Urheberrecht auf.<\/span><\/p>\n<p class=\"MsoNormal\"><span style=\"font-family: Arial;\">Das Team von jugenschutz.net besch\u00e4ftigt sich seit Jahren erfolgreich mit der Eind\u00e4mmung jugendgef\u00e4hrdender Inhalte im Internet \u2013 seit Beginn der Recherchen 2001 wurden auf Initiative von jugendschutz.net weltweit \u00fcber 1400 unzul\u00e4ssige rechtsextreme Websites geschlossen. Dennoch nimmt die Zahl der Angebote konstant zu: Wurden im Jahr 2003 noch 736 rechtsextreme Webadressen im Rahmen des Monitoring neu erfasst, <a href=\"http:\/\/www.jugendschutz.net\/pdf\/re_kurzbericht_06.pdf\">so stieg diese Zahl<\/a> 2006 auf 1161<\/span><span style=\"font-family: Arial;\">. Besonders problematisch sch\u00e4tzt jugendschutz.net die Situation bei den nutzergenerierten Web 2.0-Inhalten ein, da hier eine Regulierung schwierig ist. Die Arbeit kann sich daher nicht allein auf juristische Ma\u00dfnahmen beschr\u00e4nken, vor allem nicht im Ausland, weil deutsches Recht dort nicht greift, wichtiger ist oft der direkte Kontakt zu Betreibern und Internetdienstleistern.<\/span><\/p>\n<p class=\"MsoNormal\"><span style=\"font-family: Arial;\">Stefan Glaser von jugendschutz.net hat gute Erfahrungen mit dieser Strategie. Vor allem auch ausl\u00e4ndische Hosts und andere Internetdienstleister seien h\u00e4ufig bereit, rechtsextreme Inhalte vom Netz zu nehmen, wenn sie Hinweise auf entsprechende Inhalte bekommen. Zumal dann, wenn die eigentlichen Betreiber solcher Seiten damit gegen vertragliche Bestimmungen versto\u00dfen, die mit dem Internetdienstanbieter getroffen wurden. Er kennt das Angebot von WNTube und auch die kalifornische Firma, die diese URL registrieren lie\u00df. Zwar hat New Dream Network LLC, soweit ersichtlich, keinen Bezug zur rechtsextremen Szene, allerdings reagierte die Firma bislang nicht auf die deutschen Anfragen.<\/span><\/p>\n<p class=\"MsoNormal\"><span style=\"font-family: Arial;\">Auch auf die Community ist bei WNTube nicht zu z\u00e4hlen, denn w\u00e4hrend Breitenangebote, wie Youtube eine recht gemischte Nutzergemeinschaft haben, die aufgerufen ist, Missbrauchsf\u00e4lle zu melden, wendet sich WNTube direkt an Nutzer, die rechtsextremen Inhalt suchen. 88Tube, wei\u00df Stefan Glaser zu berichten, ist auch so ein Fall. Zwar gelang es jugendschutz.net hier zun\u00e4chst den Provider zu \u00fcberzeugen, die Seite vom Netz zu nehmen. Mittlerweile haben die Betreiber jedoch einen neuen Host gefunden auf dessen Server nun ein Angebot bereitgestellt wird, das von seinen Nutzern auf der Einstiegsseite ein Bekenntnis zu den 14 Worten verlangt. <\/span><span style=\"font-family: Arial;\">Eine Bezugnahme auf den Slogan \u201eWe must secure the existence of our people and a future for White children\u201c, den Wahlspruch amerikanischer Rechtsextremisten.<\/span><\/p>\n<p class=\"MsoNormal\"><span style=\"font-family: Arial;\">Hier liegt ein gro\u00dfes Problem f\u00fcr die Rechtsextremismuspr\u00e4vention im Netz, denn schlussendlich finden sich gerade in den USA Internetdienstleister, die solche Inhalte unter Bezugnahme auf die Redefreiheit tolerieren oder gar selbst dem rechtsextremen Spektrum zuzuordnen sind, wie etwa Garry Lauck, ein bekennender Neo-Nazi und selbsternannter Chef der NSDAP\/AO. Das Monitoring rechtsextremer Seiten und der Versuch, diese Inhalte vom Netz zu bekommen, sind denn auch nur ein Teil der Strategie von jugendschutz.net. Wichtig ist vor allem auch die Pr\u00e4vention durch Aufkl\u00e4rung und die Vermittlung von Medienkompetenz. Denn nicht alle rechtsextremen Seiten sind so offenkundig erkennbar wie WNTube.<\/span><\/p>\n<p class=\"MsoNormal\"><span style=\"font-family: Arial;\">Das Angebot truemmerfrauen.info etwa, das ebenfalls \u00fcber Dreamhost registriert wurde und das unter dem Deckmantel einer historischen Auseinandersetzung jene Sichtweise verbreitet, die die Bombardierung Dresdens losgel\u00f6st von der Kriegsschuldfrage sieht. Eine Sichtweise, wie sie der Bomben-Holocaust-Rhetorik der NPD zugrunde liegt. Die Gefahr solcher Seiten besteht gerade darin, dass sie f\u00fcr den unbedarften Nutzer nicht sofort als rechtsextrem erkennbar sind. Sie dienen zur subtilen Verbreitung rechtsextremer Positionen und zielen damit direkt auf deren gesellschaftliche Anerkennung. Indirekt geht es dabei um die Verbreiterung der rechtsextremen Basis.<\/span><\/p>\n<p class=\"MsoNormal\"><span style=\"font-family: Arial;\">Je freier rechtsextreme Inhalte im Netz verf\u00fcgbar werden, umso wichtiger wird es, dem rechtsextremen Gedankengut nicht nur repressiv, sondern vor allem pr\u00e4ventiv, durch Aufkl\u00e4rungs- und Erinnerungsarbeit zu begegnen. Denn rechtsextreme Seiten sind mittlerweile nicht nur ein fester Bestandteil der Internetrealit\u00e4t, sie sind ein wachsendes Segment.<\/span><\/p>\n","protected":false},"excerpt":{"rendered":"<p>Als die NPD-nahen Hobbyfilmer von Volksfront Medien vor einigen Jahren die Videoplattform Youtube nutzten, entfachte dies eine breite \u00f6ffentliche Diskussion. Die M\u00f6glichkeiten des Web 2.0, insbesondere die nahezu unkontrollierbare Verbreitung von user generated Content, geben seitdem Anlass zur Sorge, denn sie vereinfachen auch die Verbreitung extremistischer Propaganda.\u00a0 Von Armin Glatzmeier<\/p>\n","protected":false},"author":229,"featured_media":0,"comment_status":"open","ping_status":"open","sticky":false,"template":"","format":"standard","meta":{"_jetpack_memberships_contains_paid_content":false,"footnotes":""},"categories":[1515],"tags":[82],"class_list":["post-984","post","type-post","status-publish","format-standard","hentry","category-bundesweit","tag-internet"],"yoast_head":"<!-- This site is optimized with the Yoast SEO plugin v21.0 - https:\/\/yoast.com\/wordpress\/plugins\/seo\/ -->\n<title>Die Nazi-R\u00f6hre - St\u00f6rungsmelder<\/title>\n<meta name=\"robots\" content=\"index, follow, max-snippet:-1, max-image-preview:large, max-video-preview:-1\" \/>\n<link rel=\"canonical\" href=\"https:\/\/blog.zeit.de\/stoerungsmelder\/2009\/04\/16\/die-nazi-rohre_984\" \/>\n<meta property=\"og:locale\" content=\"de_DE\" \/>\n<meta property=\"og:type\" content=\"article\" \/>\n<meta property=\"og:title\" content=\"Die Nazi-R\u00f6hre - St\u00f6rungsmelder\" \/>\n<meta property=\"og:description\" content=\"Als die NPD-nahen Hobbyfilmer von Volksfront Medien vor einigen Jahren die Videoplattform Youtube nutzten, entfachte dies eine breite \u00f6ffentliche Diskussion. Die M\u00f6glichkeiten des Web 2.0, insbesondere die nahezu unkontrollierbare Verbreitung von user generated Content, geben seitdem Anlass zur Sorge, denn sie vereinfachen auch die Verbreitung extremistischer Propaganda.\u00a0 Von Armin Glatzmeier\" \/>\n<meta property=\"og:url\" content=\"https:\/\/blog.zeit.de\/stoerungsmelder\/2009\/04\/16\/die-nazi-rohre_984\" \/>\n<meta property=\"og:site_name\" content=\"St\u00f6rungsmelder\" \/>\n<meta property=\"article:published_time\" content=\"2009-04-16T11:52:47+00:00\" \/>\n<meta name=\"author\" content=\"St\u00f6rungsmelder\" \/>\n<meta name=\"twitter:card\" content=\"summary_large_image\" \/>\n<meta name=\"twitter:label1\" content=\"Geschrieben von\" \/>\n\t<meta name=\"twitter:data1\" content=\"St\u00f6rungsmelder\" \/>\n\t<meta name=\"twitter:label2\" content=\"Gesch\u00e4tzte Lesezeit\" \/>\n\t<meta name=\"twitter:data2\" content=\"5\u00a0Minuten\" \/>\n<script type=\"application\/ld+json\" class=\"yoast-schema-graph\">{\"@context\":\"https:\/\/schema.org\",\"@graph\":[{\"@type\":\"WebPage\",\"@id\":\"https:\/\/blog.zeit.de\/stoerungsmelder\/2009\/04\/16\/die-nazi-rohre_984\",\"url\":\"https:\/\/blog.zeit.de\/stoerungsmelder\/2009\/04\/16\/die-nazi-rohre_984\",\"name\":\"Die Nazi-R\u00f6hre - St\u00f6rungsmelder\",\"isPartOf\":{\"@id\":\"https:\/\/blog.zeit.de\/stoerungsmelder\/#website\"},\"datePublished\":\"2009-04-16T11:52:47+00:00\",\"dateModified\":\"2009-04-16T11:52:47+00:00\",\"author\":{\"@id\":\"https:\/\/blog.zeit.de\/stoerungsmelder\/#\/schema\/person\/fdd0b9818f65738672810b6d6f037f71\"},\"breadcrumb\":{\"@id\":\"https:\/\/blog.zeit.de\/stoerungsmelder\/2009\/04\/16\/die-nazi-rohre_984#breadcrumb\"},\"inLanguage\":\"de\",\"potentialAction\":[{\"@type\":\"ReadAction\",\"target\":[\"https:\/\/blog.zeit.de\/stoerungsmelder\/2009\/04\/16\/die-nazi-rohre_984\"]}]},{\"@type\":\"BreadcrumbList\",\"@id\":\"https:\/\/blog.zeit.de\/stoerungsmelder\/2009\/04\/16\/die-nazi-rohre_984#breadcrumb\",\"itemListElement\":[{\"@type\":\"ListItem\",\"position\":1,\"name\":\"Startseite\",\"item\":\"https:\/\/blog.zeit.de\/stoerungsmelder\"},{\"@type\":\"ListItem\",\"position\":2,\"name\":\"Die Nazi-R\u00f6hre\"}]},{\"@type\":\"WebSite\",\"@id\":\"https:\/\/blog.zeit.de\/stoerungsmelder\/#website\",\"url\":\"https:\/\/blog.zeit.de\/stoerungsmelder\/\",\"name\":\"St\u00f6rungsmelder\",\"description\":\"Recherchen und Analysen \u00fcber die extreme Rechte\",\"potentialAction\":[{\"@type\":\"SearchAction\",\"target\":{\"@type\":\"EntryPoint\",\"urlTemplate\":\"https:\/\/blog.zeit.de\/stoerungsmelder\/?s={search_term_string}\"},\"query-input\":\"required name=search_term_string\"}],\"inLanguage\":\"de\"},{\"@type\":\"Person\",\"@id\":\"https:\/\/blog.zeit.de\/stoerungsmelder\/#\/schema\/person\/fdd0b9818f65738672810b6d6f037f71\",\"name\":\"St\u00f6rungsmelder\",\"image\":{\"@type\":\"ImageObject\",\"inLanguage\":\"de\",\"@id\":\"https:\/\/blog.zeit.de\/stoerungsmelder\/#\/schema\/person\/image\/\",\"url\":\"https:\/\/secure.gravatar.com\/avatar\/dfa4be514c3e82a71e4f9a0020035d38192d080ccaa5e4e6d7a1472c763535c5?s=96&d=mm&r=pg\",\"contentUrl\":\"https:\/\/secure.gravatar.com\/avatar\/dfa4be514c3e82a71e4f9a0020035d38192d080ccaa5e4e6d7a1472c763535c5?s=96&d=mm&r=pg\",\"caption\":\"St\u00f6rungsmelder\"},\"url\":\"https:\/\/blog.zeit.de\/stoerungsmelder\/author\/stoerungsmelder\"}]}<\/script>\n<!-- \/ Yoast SEO plugin. -->","yoast_head_json":{"title":"Die Nazi-R\u00f6hre - St\u00f6rungsmelder","robots":{"index":"index","follow":"follow","max-snippet":"max-snippet:-1","max-image-preview":"max-image-preview:large","max-video-preview":"max-video-preview:-1"},"canonical":"https:\/\/blog.zeit.de\/stoerungsmelder\/2009\/04\/16\/die-nazi-rohre_984","og_locale":"de_DE","og_type":"article","og_title":"Die Nazi-R\u00f6hre - St\u00f6rungsmelder","og_description":"Als die NPD-nahen Hobbyfilmer von Volksfront Medien vor einigen Jahren die Videoplattform Youtube nutzten, entfachte dies eine breite \u00f6ffentliche Diskussion. Die M\u00f6glichkeiten des Web 2.0, insbesondere die nahezu unkontrollierbare Verbreitung von user generated Content, geben seitdem Anlass zur Sorge, denn sie vereinfachen auch die Verbreitung extremistischer Propaganda.\u00a0 Von Armin Glatzmeier","og_url":"https:\/\/blog.zeit.de\/stoerungsmelder\/2009\/04\/16\/die-nazi-rohre_984","og_site_name":"St\u00f6rungsmelder","article_published_time":"2009-04-16T11:52:47+00:00","author":"St\u00f6rungsmelder","twitter_card":"summary_large_image","twitter_misc":{"Geschrieben von":"St\u00f6rungsmelder","Gesch\u00e4tzte Lesezeit":"5\u00a0Minuten"},"schema":{"@context":"https:\/\/schema.org","@graph":[{"@type":"WebPage","@id":"https:\/\/blog.zeit.de\/stoerungsmelder\/2009\/04\/16\/die-nazi-rohre_984","url":"https:\/\/blog.zeit.de\/stoerungsmelder\/2009\/04\/16\/die-nazi-rohre_984","name":"Die Nazi-R\u00f6hre - St\u00f6rungsmelder","isPartOf":{"@id":"https:\/\/blog.zeit.de\/stoerungsmelder\/#website"},"datePublished":"2009-04-16T11:52:47+00:00","dateModified":"2009-04-16T11:52:47+00:00","author":{"@id":"https:\/\/blog.zeit.de\/stoerungsmelder\/#\/schema\/person\/fdd0b9818f65738672810b6d6f037f71"},"breadcrumb":{"@id":"https:\/\/blog.zeit.de\/stoerungsmelder\/2009\/04\/16\/die-nazi-rohre_984#breadcrumb"},"inLanguage":"de","potentialAction":[{"@type":"ReadAction","target":["https:\/\/blog.zeit.de\/stoerungsmelder\/2009\/04\/16\/die-nazi-rohre_984"]}]},{"@type":"BreadcrumbList","@id":"https:\/\/blog.zeit.de\/stoerungsmelder\/2009\/04\/16\/die-nazi-rohre_984#breadcrumb","itemListElement":[{"@type":"ListItem","position":1,"name":"Startseite","item":"https:\/\/blog.zeit.de\/stoerungsmelder"},{"@type":"ListItem","position":2,"name":"Die Nazi-R\u00f6hre"}]},{"@type":"WebSite","@id":"https:\/\/blog.zeit.de\/stoerungsmelder\/#website","url":"https:\/\/blog.zeit.de\/stoerungsmelder\/","name":"St\u00f6rungsmelder","description":"Recherchen und Analysen \u00fcber die extreme Rechte","potentialAction":[{"@type":"SearchAction","target":{"@type":"EntryPoint","urlTemplate":"https:\/\/blog.zeit.de\/stoerungsmelder\/?s={search_term_string}"},"query-input":"required name=search_term_string"}],"inLanguage":"de"},{"@type":"Person","@id":"https:\/\/blog.zeit.de\/stoerungsmelder\/#\/schema\/person\/fdd0b9818f65738672810b6d6f037f71","name":"St\u00f6rungsmelder","image":{"@type":"ImageObject","inLanguage":"de","@id":"https:\/\/blog.zeit.de\/stoerungsmelder\/#\/schema\/person\/image\/","url":"https:\/\/secure.gravatar.com\/avatar\/dfa4be514c3e82a71e4f9a0020035d38192d080ccaa5e4e6d7a1472c763535c5?s=96&d=mm&r=pg","contentUrl":"https:\/\/secure.gravatar.com\/avatar\/dfa4be514c3e82a71e4f9a0020035d38192d080ccaa5e4e6d7a1472c763535c5?s=96&d=mm&r=pg","caption":"St\u00f6rungsmelder"},"url":"https:\/\/blog.zeit.de\/stoerungsmelder\/author\/stoerungsmelder"}]}},"jetpack_featured_media_url":"","jetpack_sharing_enabled":true,"_links":{"self":[{"href":"https:\/\/blog.zeit.de\/stoerungsmelder\/wp-json\/wp\/v2\/posts\/984","targetHints":{"allow":["GET"]}}],"collection":[{"href":"https:\/\/blog.zeit.de\/stoerungsmelder\/wp-json\/wp\/v2\/posts"}],"about":[{"href":"https:\/\/blog.zeit.de\/stoerungsmelder\/wp-json\/wp\/v2\/types\/post"}],"author":[{"embeddable":true,"href":"https:\/\/blog.zeit.de\/stoerungsmelder\/wp-json\/wp\/v2\/users\/229"}],"replies":[{"embeddable":true,"href":"https:\/\/blog.zeit.de\/stoerungsmelder\/wp-json\/wp\/v2\/comments?post=984"}],"version-history":[{"count":0,"href":"https:\/\/blog.zeit.de\/stoerungsmelder\/wp-json\/wp\/v2\/posts\/984\/revisions"}],"wp:attachment":[{"href":"https:\/\/blog.zeit.de\/stoerungsmelder\/wp-json\/wp\/v2\/media?parent=984"}],"wp:term":[{"taxonomy":"category","embeddable":true,"href":"https:\/\/blog.zeit.de\/stoerungsmelder\/wp-json\/wp\/v2\/categories?post=984"},{"taxonomy":"post_tag","embeddable":true,"href":"https:\/\/blog.zeit.de\/stoerungsmelder\/wp-json\/wp\/v2\/tags?post=984"}],"curies":[{"name":"wp","href":"https:\/\/api.w.org\/{rel}","templated":true}]}}