{"id":9907,"date":"2012-09-17T23:02:39","date_gmt":"2012-09-17T21:02:39","guid":{"rendered":"http:\/\/blog.zeit.de\/stoerungsmelder\/?p=9907"},"modified":"2012-09-18T09:43:47","modified_gmt":"2012-09-18T07:43:47","slug":"missachtung-parlamentarischer-arbeit-edathy-zieht-zwischenbilanz-aus-nsu-untersuchungsausschuss","status":"publish","type":"post","link":"https:\/\/blog.zeit.de\/stoerungsmelder\/2012\/09\/17\/missachtung-parlamentarischer-arbeit-edathy-zieht-zwischenbilanz-aus-nsu-untersuchungsausschuss_9907","title":{"rendered":"Missachtung parlamentarischer Arbeit? \u2013 Edathy zieht Zwischenbilanz aus NSU-Untersuchungsausschuss"},"content":{"rendered":"<p><a href=\"https:\/\/blog.zeit.de\/stoerungsmelder\/files\/2012\/09\/edathy-st.jpg\"><img loading=\"lazy\" decoding=\"async\" class=\"alignnone size-full wp-image-9908\" src=\"https:\/\/blog.zeit.de\/stoerungsmelder\/files\/2012\/09\/edathy-st.jpg\" alt=\"\" width=\"540\" height=\"200\" srcset=\"https:\/\/blog.zeit.de\/stoerungsmelder\/files\/2012\/09\/edathy-st.jpg 540w, https:\/\/blog.zeit.de\/stoerungsmelder\/files\/2012\/09\/edathy-st-300x111.jpg 300w\" sizes=\"auto, (max-width: 540px) 100vw, 540px\" \/><\/a><br \/>\nMitte des kommenden Jahres werden voraussichtlich die Ergebnisse des NSU-Untersuchungsausschusses auf Bundesebene erwartet. Auf einer Veranstaltung im nieders\u00e4chsischen Stadthagen zog der Ausschussvorsitzende Sebastian Edathy jetzt eine Zwischenbilanz. Neben personellen Konsequenzen aus den Ermittlungspannen forderte er eine \u00c4nderung der Beh\u00f6rdenstrukturen. Auch die neuesten Enth\u00fcllungen \u00fcber die Berliner Sicherheitsbeh\u00f6rden kamen zur Sprache. F\u00fcr den Berliner Innensenators Frank Henkel (CDU) fand Edathy deutliche Worte: er sei nicht sicher, ob dieser in zwei Monaten noch sein Amt aus\u00fcben werde. \u201eSollte es nicht so sein, hat er es sich selbst zuzuschreiben\u201c.<!--more--><\/p>\n<p><em>Von Kai Budler und Felix M. Steiner<\/em><\/p>\n<p>Wie ein roter Faden ziehe sich durch die Aufkl\u00e4rungsarbeit der Eindruck, die einzelnen Beh\u00f6rden w\u00fcrden ihre Informationen als Privatwissen verstehen. Als Beispiel f\u00fchrte er die Arbeitsweise des Th\u00fcringer Landesamtes und des Bundesamtes f\u00fcr Verfassungsschutz sowie des Milit\u00e4rischen Abschirmdienstes (MAD) bei der sogenannten Operation Rennsteig an. Dem Ausschuss l\u00e4gen aktenweise Berichte vor, nach denen V-Leute der verschiedenen \u00c4mter sich gegenseitig bespitzelten. Dieser \u201eUnfug\u201c h\u00e4tte schon l\u00e4ngst abgestellt werden m\u00fcssen, so Edathy. Daneben konstatierte der Ausschussvorsitzende eine zu geringe Aufmerksamkeit und Sensibilit\u00e4t der Beh\u00f6rden im Bereich des Rechtsextremismus. Trotz der langj\u00e4hrigen Geschichte des Rechtsterrorismus in Deutschland, \u201ekonnte oder wollte man sich nicht vorstellen, dass es militanten oder m\u00f6rderischen Rechtsextremismus geben k\u00f6nnte\u201c, so der SPD-Politiker. Er f\u00fchrte dies unter anderem auf fragw\u00fcrdige Personalentscheidungen zur\u00fcck wie beispielsweise die Besch\u00e4ftigung eines ehemaligen Postbeamten mit vermutlich rechtsextremer Gesinnung als V-Mann-F\u00fchrer in Kassel. In diesem Fall seien dem Ausschuss ganz offenkundig Informationen vorenthalten wurden.<\/p>\n<p><figure id=\"attachment_9909\" aria-describedby=\"caption-attachment-9909\" style=\"width: 240px\" class=\"wp-caption alignleft\"><a href=\"https:\/\/blog.zeit.de\/stoerungsmelder\/files\/2012\/09\/edathy2sm.jpg\"><img loading=\"lazy\" decoding=\"async\" class=\" wp-image-9909 \" src=\"https:\/\/blog.zeit.de\/stoerungsmelder\/files\/2012\/09\/edathy2sm-300x203.jpg\" alt=\"Sebastian Edathy in Stadthagen, Foto Kai Budler\" width=\"240\" height=\"162\" srcset=\"https:\/\/blog.zeit.de\/stoerungsmelder\/files\/2012\/09\/edathy2sm-300x203.jpg 300w, https:\/\/blog.zeit.de\/stoerungsmelder\/files\/2012\/09\/edathy2sm.jpg 600w\" sizes=\"auto, (max-width: 240px) 100vw, 240px\" \/><\/a><figcaption id=\"caption-attachment-9909\" class=\"wp-caption-text\">Sebastian Edathy in Stadthagen \u00a9 Kai Budler<\/figcaption><\/figure><\/p>\n<p>Jeder, der gegenw\u00e4rtig Informationen zur\u00fcckh\u00e4lt, sollte sich die M\u00fche machen, sich in die Situation der Angeh\u00f6rigen der Opfer hineinzuversetzen\u201c, sagte Edathy und erw\u00e4hnte teils erschreckende Details aus dem Umgang der Ermittlungsbeh\u00f6rden mit den Familien der Opfer der Mordserie. So sei unter anderem ein Aktenvermerk aufgetaucht, in dem es hei\u00dft, \u201ees entspreche nicht der t\u00fcrkischen Mentalit\u00e4t gegen\u00fcber der deutschen Polizei die volle Wahrheit zu sagen\u201c. Dass eine zwingend erforderliche interkulturelle \u00d6ffnung durchweg bei den Ermittlungen fehlte, zeige der Einsatz von Drogenexperten als Ermittlungsleiter bei mindestens drei Mordf\u00e4llen.<\/p>\n<p>F\u00fcr Edathy ist die Arbeit des Untersuchungsausschusses neben der Gerechtigkeit f\u00fcr die Angeh\u00f6rigen der Opfer eine Frage der \u201edemokratischen Selbstachtung\u201c. Trotzdem stellt sich auch heute noch die Anfangsfrage, wieso es nicht m\u00f6glich gewesen war, den Taten des \u201eNationalsozialistischen Untergrund\u201c durch Ermittlungen fr\u00fcher auf die Spur zu kommen. Um dies zu kl\u00e4ren, seien allein bisher rund 1.500 Akten dem Ausschuss zur Verf\u00fcgung gestellt wurden. Das ist das Resultat von 180 Beweisbeschl\u00fcssen, die das Gremium seit Beginn seiner Arbeit einstimmig verabschiedet hat. Damit liegen viele Teile auf dem Tisch, das Puzzle ist aber nach wie vor nicht vollst\u00e4ndig. \u201eEin Teil der Beschl\u00fcsse wurde offenbar bewusst nicht ausgef\u00fchrt\u201c, sagte der Vorsitzende.<\/p>\n","protected":false},"excerpt":{"rendered":"<p>Mitte des kommenden Jahres werden voraussichtlich die Ergebnisse des NSU-Untersuchungsausschusses auf Bundesebene erwartet. Auf einer Veranstaltung im nieders\u00e4chsischen Stadthagen zog der Ausschussvorsitzende Sebastian Edathy jetzt eine Zwischenbilanz. Neben personellen Konsequenzen aus den Ermittlungspannen forderte er eine \u00c4nderung der Beh\u00f6rdenstrukturen. Auch die neuesten Enth\u00fcllungen \u00fcber die Berliner Sicherheitsbeh\u00f6rden kamen zur Sprache. F\u00fcr den Berliner Innensenators Frank [&hellip;]<\/p>\n","protected":false},"author":254,"featured_media":0,"comment_status":"open","ping_status":"open","sticky":false,"template":"","format":"standard","meta":{"_jetpack_memberships_contains_paid_content":false,"footnotes":""},"categories":[1515],"tags":[12752,12739],"class_list":["post-9907","post","type-post","status-publish","format-standard","hentry","category-bundesweit","tag-nsu","tag-rechtsterrorismus"],"yoast_head":"<!-- This site is optimized with the Yoast SEO plugin v21.0 - https:\/\/yoast.com\/wordpress\/plugins\/seo\/ -->\n<title>Missachtung parlamentarischer Arbeit? \u2013 Edathy zieht Zwischenbilanz aus NSU-Untersuchungsausschuss - St\u00f6rungsmelder<\/title>\n<meta name=\"robots\" content=\"index, follow, max-snippet:-1, max-image-preview:large, max-video-preview:-1\" \/>\n<link rel=\"canonical\" href=\"https:\/\/blog.zeit.de\/stoerungsmelder\/2012\/09\/17\/missachtung-parlamentarischer-arbeit-edathy-zieht-zwischenbilanz-aus-nsu-untersuchungsausschuss_9907\" \/>\n<meta property=\"og:locale\" content=\"de_DE\" \/>\n<meta property=\"og:type\" content=\"article\" \/>\n<meta property=\"og:title\" content=\"Missachtung parlamentarischer Arbeit? \u2013 Edathy zieht Zwischenbilanz aus NSU-Untersuchungsausschuss - St\u00f6rungsmelder\" \/>\n<meta property=\"og:description\" content=\"Mitte des kommenden Jahres werden voraussichtlich die Ergebnisse des NSU-Untersuchungsausschusses auf Bundesebene erwartet. Auf einer Veranstaltung im nieders\u00e4chsischen Stadthagen zog der Ausschussvorsitzende Sebastian Edathy jetzt eine Zwischenbilanz. Neben personellen Konsequenzen aus den Ermittlungspannen forderte er eine \u00c4nderung der Beh\u00f6rdenstrukturen. Auch die neuesten Enth\u00fcllungen \u00fcber die Berliner Sicherheitsbeh\u00f6rden kamen zur Sprache. F\u00fcr den Berliner Innensenators Frank [&hellip;]\" \/>\n<meta property=\"og:url\" content=\"https:\/\/blog.zeit.de\/stoerungsmelder\/2012\/09\/17\/missachtung-parlamentarischer-arbeit-edathy-zieht-zwischenbilanz-aus-nsu-untersuchungsausschuss_9907\" \/>\n<meta property=\"og:site_name\" content=\"St\u00f6rungsmelder\" \/>\n<meta property=\"article:published_time\" content=\"2012-09-17T21:02:39+00:00\" \/>\n<meta property=\"article:modified_time\" content=\"2012-09-18T07:43:47+00:00\" \/>\n<meta property=\"og:image\" content=\"https:\/\/blog.zeit.de\/stoerungsmelder\/files\/2012\/09\/edathy-st.jpg\" \/>\n<meta name=\"author\" content=\"Kai Budler\" \/>\n<meta name=\"twitter:card\" content=\"summary_large_image\" \/>\n<meta name=\"twitter:label1\" content=\"Geschrieben von\" \/>\n\t<meta name=\"twitter:data1\" content=\"Kai Budler\" \/>\n\t<meta name=\"twitter:label2\" content=\"Gesch\u00e4tzte Lesezeit\" \/>\n\t<meta name=\"twitter:data2\" content=\"2\u00a0Minuten\" \/>\n<script type=\"application\/ld+json\" class=\"yoast-schema-graph\">{\"@context\":\"https:\/\/schema.org\",\"@graph\":[{\"@type\":\"WebPage\",\"@id\":\"https:\/\/blog.zeit.de\/stoerungsmelder\/2012\/09\/17\/missachtung-parlamentarischer-arbeit-edathy-zieht-zwischenbilanz-aus-nsu-untersuchungsausschuss_9907\",\"url\":\"https:\/\/blog.zeit.de\/stoerungsmelder\/2012\/09\/17\/missachtung-parlamentarischer-arbeit-edathy-zieht-zwischenbilanz-aus-nsu-untersuchungsausschuss_9907\",\"name\":\"Missachtung parlamentarischer Arbeit? \u2013 Edathy zieht Zwischenbilanz aus NSU-Untersuchungsausschuss - St\u00f6rungsmelder\",\"isPartOf\":{\"@id\":\"https:\/\/blog.zeit.de\/stoerungsmelder\/#website\"},\"datePublished\":\"2012-09-17T21:02:39+00:00\",\"dateModified\":\"2012-09-18T07:43:47+00:00\",\"author\":{\"@id\":\"https:\/\/blog.zeit.de\/stoerungsmelder\/#\/schema\/person\/58f28fa43c55337b17b93e3622cc8b37\"},\"breadcrumb\":{\"@id\":\"https:\/\/blog.zeit.de\/stoerungsmelder\/2012\/09\/17\/missachtung-parlamentarischer-arbeit-edathy-zieht-zwischenbilanz-aus-nsu-untersuchungsausschuss_9907#breadcrumb\"},\"inLanguage\":\"de\",\"potentialAction\":[{\"@type\":\"ReadAction\",\"target\":[\"https:\/\/blog.zeit.de\/stoerungsmelder\/2012\/09\/17\/missachtung-parlamentarischer-arbeit-edathy-zieht-zwischenbilanz-aus-nsu-untersuchungsausschuss_9907\"]}]},{\"@type\":\"BreadcrumbList\",\"@id\":\"https:\/\/blog.zeit.de\/stoerungsmelder\/2012\/09\/17\/missachtung-parlamentarischer-arbeit-edathy-zieht-zwischenbilanz-aus-nsu-untersuchungsausschuss_9907#breadcrumb\",\"itemListElement\":[{\"@type\":\"ListItem\",\"position\":1,\"name\":\"Startseite\",\"item\":\"https:\/\/blog.zeit.de\/stoerungsmelder\"},{\"@type\":\"ListItem\",\"position\":2,\"name\":\"Missachtung parlamentarischer Arbeit? \u2013 Edathy zieht Zwischenbilanz aus NSU-Untersuchungsausschuss\"}]},{\"@type\":\"WebSite\",\"@id\":\"https:\/\/blog.zeit.de\/stoerungsmelder\/#website\",\"url\":\"https:\/\/blog.zeit.de\/stoerungsmelder\/\",\"name\":\"St\u00f6rungsmelder\",\"description\":\"Recherchen und Analysen \u00fcber die extreme Rechte\",\"potentialAction\":[{\"@type\":\"SearchAction\",\"target\":{\"@type\":\"EntryPoint\",\"urlTemplate\":\"https:\/\/blog.zeit.de\/stoerungsmelder\/?s={search_term_string}\"},\"query-input\":\"required name=search_term_string\"}],\"inLanguage\":\"de\"},{\"@type\":\"Person\",\"@id\":\"https:\/\/blog.zeit.de\/stoerungsmelder\/#\/schema\/person\/58f28fa43c55337b17b93e3622cc8b37\",\"name\":\"Kai Budler\",\"image\":{\"@type\":\"ImageObject\",\"inLanguage\":\"de\",\"@id\":\"https:\/\/blog.zeit.de\/stoerungsmelder\/#\/schema\/person\/image\/\",\"url\":\"https:\/\/secure.gravatar.com\/avatar\/126c2f44b51c178dc1db1bb6e040fcff157c88000cfae96c983070e6153484e3?s=96&d=mm&r=pg\",\"contentUrl\":\"https:\/\/secure.gravatar.com\/avatar\/126c2f44b51c178dc1db1bb6e040fcff157c88000cfae96c983070e6153484e3?s=96&d=mm&r=pg\",\"caption\":\"Kai Budler\"},\"url\":\"https:\/\/blog.zeit.de\/stoerungsmelder\/author\/kai-budler\"}]}<\/script>\n<!-- \/ Yoast SEO plugin. -->","yoast_head_json":{"title":"Missachtung parlamentarischer Arbeit? \u2013 Edathy zieht Zwischenbilanz aus NSU-Untersuchungsausschuss - St\u00f6rungsmelder","robots":{"index":"index","follow":"follow","max-snippet":"max-snippet:-1","max-image-preview":"max-image-preview:large","max-video-preview":"max-video-preview:-1"},"canonical":"https:\/\/blog.zeit.de\/stoerungsmelder\/2012\/09\/17\/missachtung-parlamentarischer-arbeit-edathy-zieht-zwischenbilanz-aus-nsu-untersuchungsausschuss_9907","og_locale":"de_DE","og_type":"article","og_title":"Missachtung parlamentarischer Arbeit? \u2013 Edathy zieht Zwischenbilanz aus NSU-Untersuchungsausschuss - St\u00f6rungsmelder","og_description":"Mitte des kommenden Jahres werden voraussichtlich die Ergebnisse des NSU-Untersuchungsausschusses auf Bundesebene erwartet. Auf einer Veranstaltung im nieders\u00e4chsischen Stadthagen zog der Ausschussvorsitzende Sebastian Edathy jetzt eine Zwischenbilanz. Neben personellen Konsequenzen aus den Ermittlungspannen forderte er eine \u00c4nderung der Beh\u00f6rdenstrukturen. Auch die neuesten Enth\u00fcllungen \u00fcber die Berliner Sicherheitsbeh\u00f6rden kamen zur Sprache. F\u00fcr den Berliner Innensenators Frank [&hellip;]","og_url":"https:\/\/blog.zeit.de\/stoerungsmelder\/2012\/09\/17\/missachtung-parlamentarischer-arbeit-edathy-zieht-zwischenbilanz-aus-nsu-untersuchungsausschuss_9907","og_site_name":"St\u00f6rungsmelder","article_published_time":"2012-09-17T21:02:39+00:00","article_modified_time":"2012-09-18T07:43:47+00:00","og_image":[{"url":"https:\/\/blog.zeit.de\/stoerungsmelder\/files\/2012\/09\/edathy-st.jpg"}],"author":"Kai Budler","twitter_card":"summary_large_image","twitter_misc":{"Geschrieben von":"Kai Budler","Gesch\u00e4tzte Lesezeit":"2\u00a0Minuten"},"schema":{"@context":"https:\/\/schema.org","@graph":[{"@type":"WebPage","@id":"https:\/\/blog.zeit.de\/stoerungsmelder\/2012\/09\/17\/missachtung-parlamentarischer-arbeit-edathy-zieht-zwischenbilanz-aus-nsu-untersuchungsausschuss_9907","url":"https:\/\/blog.zeit.de\/stoerungsmelder\/2012\/09\/17\/missachtung-parlamentarischer-arbeit-edathy-zieht-zwischenbilanz-aus-nsu-untersuchungsausschuss_9907","name":"Missachtung parlamentarischer Arbeit? \u2013 Edathy zieht Zwischenbilanz aus NSU-Untersuchungsausschuss - St\u00f6rungsmelder","isPartOf":{"@id":"https:\/\/blog.zeit.de\/stoerungsmelder\/#website"},"datePublished":"2012-09-17T21:02:39+00:00","dateModified":"2012-09-18T07:43:47+00:00","author":{"@id":"https:\/\/blog.zeit.de\/stoerungsmelder\/#\/schema\/person\/58f28fa43c55337b17b93e3622cc8b37"},"breadcrumb":{"@id":"https:\/\/blog.zeit.de\/stoerungsmelder\/2012\/09\/17\/missachtung-parlamentarischer-arbeit-edathy-zieht-zwischenbilanz-aus-nsu-untersuchungsausschuss_9907#breadcrumb"},"inLanguage":"de","potentialAction":[{"@type":"ReadAction","target":["https:\/\/blog.zeit.de\/stoerungsmelder\/2012\/09\/17\/missachtung-parlamentarischer-arbeit-edathy-zieht-zwischenbilanz-aus-nsu-untersuchungsausschuss_9907"]}]},{"@type":"BreadcrumbList","@id":"https:\/\/blog.zeit.de\/stoerungsmelder\/2012\/09\/17\/missachtung-parlamentarischer-arbeit-edathy-zieht-zwischenbilanz-aus-nsu-untersuchungsausschuss_9907#breadcrumb","itemListElement":[{"@type":"ListItem","position":1,"name":"Startseite","item":"https:\/\/blog.zeit.de\/stoerungsmelder"},{"@type":"ListItem","position":2,"name":"Missachtung parlamentarischer Arbeit? \u2013 Edathy zieht Zwischenbilanz aus NSU-Untersuchungsausschuss"}]},{"@type":"WebSite","@id":"https:\/\/blog.zeit.de\/stoerungsmelder\/#website","url":"https:\/\/blog.zeit.de\/stoerungsmelder\/","name":"St\u00f6rungsmelder","description":"Recherchen und Analysen \u00fcber die extreme Rechte","potentialAction":[{"@type":"SearchAction","target":{"@type":"EntryPoint","urlTemplate":"https:\/\/blog.zeit.de\/stoerungsmelder\/?s={search_term_string}"},"query-input":"required name=search_term_string"}],"inLanguage":"de"},{"@type":"Person","@id":"https:\/\/blog.zeit.de\/stoerungsmelder\/#\/schema\/person\/58f28fa43c55337b17b93e3622cc8b37","name":"Kai Budler","image":{"@type":"ImageObject","inLanguage":"de","@id":"https:\/\/blog.zeit.de\/stoerungsmelder\/#\/schema\/person\/image\/","url":"https:\/\/secure.gravatar.com\/avatar\/126c2f44b51c178dc1db1bb6e040fcff157c88000cfae96c983070e6153484e3?s=96&d=mm&r=pg","contentUrl":"https:\/\/secure.gravatar.com\/avatar\/126c2f44b51c178dc1db1bb6e040fcff157c88000cfae96c983070e6153484e3?s=96&d=mm&r=pg","caption":"Kai Budler"},"url":"https:\/\/blog.zeit.de\/stoerungsmelder\/author\/kai-budler"}]}},"jetpack_featured_media_url":"","jetpack_sharing_enabled":true,"_links":{"self":[{"href":"https:\/\/blog.zeit.de\/stoerungsmelder\/wp-json\/wp\/v2\/posts\/9907","targetHints":{"allow":["GET"]}}],"collection":[{"href":"https:\/\/blog.zeit.de\/stoerungsmelder\/wp-json\/wp\/v2\/posts"}],"about":[{"href":"https:\/\/blog.zeit.de\/stoerungsmelder\/wp-json\/wp\/v2\/types\/post"}],"author":[{"embeddable":true,"href":"https:\/\/blog.zeit.de\/stoerungsmelder\/wp-json\/wp\/v2\/users\/254"}],"replies":[{"embeddable":true,"href":"https:\/\/blog.zeit.de\/stoerungsmelder\/wp-json\/wp\/v2\/comments?post=9907"}],"version-history":[{"count":14,"href":"https:\/\/blog.zeit.de\/stoerungsmelder\/wp-json\/wp\/v2\/posts\/9907\/revisions"}],"predecessor-version":[{"id":9914,"href":"https:\/\/blog.zeit.de\/stoerungsmelder\/wp-json\/wp\/v2\/posts\/9907\/revisions\/9914"}],"wp:attachment":[{"href":"https:\/\/blog.zeit.de\/stoerungsmelder\/wp-json\/wp\/v2\/media?parent=9907"}],"wp:term":[{"taxonomy":"category","embeddable":true,"href":"https:\/\/blog.zeit.de\/stoerungsmelder\/wp-json\/wp\/v2\/categories?post=9907"},{"taxonomy":"post_tag","embeddable":true,"href":"https:\/\/blog.zeit.de\/stoerungsmelder\/wp-json\/wp\/v2\/tags?post=9907"}],"curies":[{"name":"wp","href":"https:\/\/api.w.org\/{rel}","templated":true}]}}