{"id":9948,"date":"2012-09-21T06:24:35","date_gmt":"2012-09-21T04:24:35","guid":{"rendered":"http:\/\/blog.zeit.de\/stoerungsmelder\/?p=9948"},"modified":"2012-09-21T06:24:35","modified_gmt":"2012-09-21T04:24:35","slug":"militante-naziszene-ruft-zu-gewalt-gegen-antirassismus-demo-auf","status":"publish","type":"post","link":"https:\/\/blog.zeit.de\/stoerungsmelder\/2012\/09\/21\/militante-naziszene-ruft-zu-gewalt-gegen-antirassismus-demo-auf_9948","title":{"rendered":"Militante Naziszene ruft zu Gewalt gegen Antirassismus-Demo auf"},"content":{"rendered":"<p><figure id=\"attachment_9951\" aria-describedby=\"caption-attachment-9951\" style=\"width: 400px\" class=\"wp-caption aligncenter\"><a href=\"https:\/\/blog.zeit.de\/stoerungsmelder\/files\/2012\/09\/aa.jpg\"><img loading=\"lazy\" decoding=\"async\" class=\"size-full wp-image-9951\" src=\"https:\/\/blog.zeit.de\/stoerungsmelder\/files\/2012\/09\/aa.jpg\" alt=\"\" width=\"400\" height=\"274\" srcset=\"https:\/\/blog.zeit.de\/stoerungsmelder\/files\/2012\/09\/aa.jpg 400w, https:\/\/blog.zeit.de\/stoerungsmelder\/files\/2012\/09\/aa-300x205.jpg 300w\" sizes=\"auto, (max-width: 400px) 100vw, 400px\" \/><\/a><figcaption id=\"caption-attachment-9951\" class=\"wp-caption-text\">Die lokale Neonazi-Szene mobilisiert seit Wochen zu Angriffen auf die Antirassistische Demonstration am Samstag<\/figcaption><\/figure><\/p>\n<p>Die Kampagne &#8222;Kampagne <a href=\"http:\/\/rassismus-toetet.de\/?page_id=18\" target=\"_blank\">&#8222;Rassismus t\u00f6tet!<\/a>&#8220; berichtet: Kaum war der diesj\u00e4hrige <a href=\"http:\/\/rassismus-toetet.de\/?p=1195\">Aufruf zur Gedenkdemonstration an das Pogrom von 1991 in Hoyerswerda<\/a> erschienen, da tauchten erste Gegenaufrufe der lokalen Neonaziszene \u00a0auf. Auch die unmittelbaren Bedrohungen gegen Linke rei\u00dfen in Hoyerswerda nicht ab. So kam es in den letzten Wochen vermehrt zu Angriffen gegen das B\u00fcro der Linksparteiabgeordneten Caren Lay. Das Parteib\u00fcro wurde bereits mehrmals Ziel von Angriffen. So schlugen im letzten Jahr, nach der Gedenkdemonstration an das Pogrom (17. September 2011), dort eine Scheibe ein. Derlei Provokationen setzen sich nun fort.<!--more--><\/p>\n<p><strong>Neonazis machen gegen Gedenkdemonstration mobil<\/strong><\/p>\n<p><figure id=\"attachment_9949\" aria-describedby=\"caption-attachment-9949\" style=\"width: 300px\" class=\"wp-caption alignleft\"><a href=\"https:\/\/blog.zeit.de\/stoerungsmelder\/files\/2012\/09\/aab.jpg\"><img loading=\"lazy\" decoding=\"async\" class=\"size-full wp-image-9949\" src=\"https:\/\/blog.zeit.de\/stoerungsmelder\/files\/2012\/09\/aab.jpg\" alt=\"\" width=\"300\" height=\"203\" \/><\/a><figcaption id=\"caption-attachment-9949\" class=\"wp-caption-text\">Drohungen auf Facebook<\/figcaption><\/figure><\/p>\n<p>Seit rund drei Wochen kursiert auf sozialen Netzwerken ein Aufruf, der ank\u00fcndigt, dass man den \u201e<em>Linken Zecken\u201c<\/em> zeigen wolle, <em>\u201edas Hoyerswerda in nationaler Hand bleibt\u201c<\/em>. <em>\u201eWir werden keine M\u00fche scheuen die linken Idioten an ihrem Aufmarsch zu hindern oder eine spontane Gegendemo zu initiieren [\u2026] Wir m\u00fcssen hier unbedingt ein Zeichen setzen, damit Hoyerswerda nicht im roten Sumpf unserer Volksverr\u00e4ter untergeht.\u201c<\/em> hei\u00dft es weiter im Mobilisierungstext der Neonazis.<\/p>\n<p>Auch im Stadtgebiet sind Schriftz\u00fcge wie <em>\u201eAufmarsch am 22.09. verhindern! NS Hoy\u201c<\/em> zu finden oder Aufkleber, die sich gegen die antifaschistische Demonstration richten. Die Schmierereien sind teilweise mit dem K\u00fcrzel \u201eANH\u201c unterzeichnet. \u201eANH\u201c, was f\u00fcr Autonome Nationalisten Hoyerswerda\u201c steht ist mehr als Selbstbezeichnung zu verstehen, weniger als eine straff gef\u00fchrte Organisation. Aktionsbezogen tauchte das K\u00fcrzel immer wieder auf, wenn es darum ging geistige und gestalterische Tieffl\u00fcge der \u00a0lokalen Neonaziszene ins \u00f6ffentliche Stra\u00dfenbild zu transportieren.<\/p>\n<p><strong>Bedrohungen gegen die Die.LINKE und die Linksjugend [Solid]<\/strong><\/p>\n<p><em>\u201e<\/em><em>Mein B\u00fcro ist in den letzten 2 Wochen mehr als zehnmal Ziel von rechten Angriffen geworden. Diese reichen vom Anbringen von Aufklebern von \u201cAutonome Nationalisten Hoyerswerda\u201d und \u201cFreies Netz\u201d \u00fcber das Bespr\u00fchen des Briefkastens bis hin zu Hakenkreuz-Schmierereien auf den Fensterscheiben.\u201c<\/em> Hei\u00dft es in einer Erkl\u00e4rung der Abgeordneten\u00a0 Caren Lay, die diese Woche am 20. September erschien. Bereits am 2. Mai wurde das Wahlkreisb\u00fcro von Die.LINKE, durch drei Neonazis attackiert. Obwohl die Festgenommenen, klar der Neonaziszene zugerechnet werden konnten, leugnete man den rechter Tathintergrund. <em>\u201eDieser Vorfall wurde und wird von den zust\u00e4ndigen Polizeibeh\u00f6rden als nicht rechtsmotiviert eingestuft. Diese auch in der Presse verlautbarten \u00c4u\u00dferungen, die einen politischen Hintergrund ausschlie\u00dfen, sind indiskutabel. Die Beh\u00f6rden d\u00fcrfen bei ihrer Beurteilung dieser und \u00e4hnlicher Zwischenf\u00e4lle auf dem rechten Auge nicht blind sein.\u201c<\/em> [1] so Caren Lay zur Bagatellisierung der Angriffe.<\/p>\n<p>F\u00fcr die \u00f6rtliche Neonaziszene ist es verh\u00e4ltnism\u00e4\u00dfig egal ob Antifaschist_innen an das Pogrom von \u201991 erinnern oder ob im LINKE-B\u00fcro eine Sitzung lokaler Initiativen stattfindet, die dann am hellerlichten Tag einfach mal angegriffen wird (2.05.2012). Allein die blo\u00dfe Anwesenheit von alternativ aussehenden Menschen und Antifaschist_innen reicht aus um die lokale Neonaziszene samt Anhang hervorzulocken. Als am 30. August Mitglieder der Linksjugend [solid] im Rahmen ihrer Provinztour in Hoyerswerda Halt machten war der rechte Bodensatz von Hoyerswerda wieder zugegen. Kaum war der [solid]-Infostand aufgebaut kamen sechs Rechte auf die Solid\u2019s zu und beschimpften sie als \u201eSchei\u00df Zeckenpack\u201c und belegten sie mit homophoben Spr\u00fcchen.<\/p>\n<p><em>\u201eDie Polizei erscheint erst 20 min. nach Anruf. Trotz der offensichtlichen Bedrohung weigern sich diese, die Nazis des Platzes zu verweisen und ignorieren auch den Hinweis auf ein Messer das von einem der Nazis gezogen wurde. Nach einiger Zeit nahm die Polizei die Personalien von 2 Nazis auf und versicherte den Veranstalterinnen nun die Namen zu kennen, falls noch was passieren sollte.\u201c<\/em> [2] berichteten Mitglieder der Linksjugend auf der Website ihres Landesverbandes.<\/p>\n<p>Die Veranstaltung wurde wetterbedingt ins Wahlkreisb\u00fcro von Caren Lay verlegt, worauf sich kurze Zeit sp\u00e4ter 20 Nazis vor dem B\u00fcro sammelten um eine \u00a0Reichskriegsflagge, so wie ein Transparent zuentrollen. Wieder hagelte es homophobe und rassistische Parolen. Die Polizei, die vor dem B\u00fcro zugegen war, sah sich zwar im Stande die Linksjugend-Aktivist_innen zum Abbruch ihrer Veranstaltung aufzufordern, jedoch nicht ihren Schutz zu gew\u00e4hrleisten. So mussten die Jugendlichen das B\u00fcro von innen verschlie\u00dfen um ein Eindringen der Neonazis zu verhindern. Unter <em>\u201eHoyerswerda bleibt Braun\u201c<\/em> \u2013 Rufen und ohne Polizeischutz, obwohl sie um diesen baten, mussten die Jugendlichen den R\u00fcckweg antreten.<\/p>\n<p><strong>Verniedlichen, entpolitisieren, wegschauen?<\/strong><\/p>\n<p><figure id=\"attachment_9950\" aria-describedby=\"caption-attachment-9950\" style=\"width: 227px\" class=\"wp-caption alignright\"><a href=\"https:\/\/blog.zeit.de\/stoerungsmelder\/files\/2012\/09\/aac.jpg\"><img loading=\"lazy\" decoding=\"async\" class=\"size-full wp-image-9950\" src=\"https:\/\/blog.zeit.de\/stoerungsmelder\/files\/2012\/09\/aac.jpg\" alt=\"\" width=\"227\" height=\"222\" \/><\/a><figcaption id=\"caption-attachment-9950\" class=\"wp-caption-text\">In sozialen Netzwerken kursieren zahlreiche Gewaltaufrufe<\/figcaption><\/figure><\/p>\n<p>Die \u00f6ffentliche Reaktion in Hoyerswerda auf den Vorfall viel wie immer sp\u00e4rlich aus. Die S\u00e4chsische Zeitung ver\u00f6ffentlichte dazu am 1. September einen Beitrag, dessen Titel schon das politisch-analytische Verst\u00e4ndnis des Verfassers erahnen l\u00e4sst: <em>\u201eSchlechtes Betragen ist keine Politik \u2013 \u00fcber offenkundig unfreundliche Gesellen\u201c<\/em>.<\/p>\n<p><em>\u201eNun hei\u00dft es also wieder einmal, Hoyerswerda habe ein Problem mit Rechten, mit Nazis gar.\u201c <\/em>Schreibt Mirko Kolodziej, Lokalredakteur der S\u00e4chsischen Zeitung.<em> \u201eAber wer G\u00e4ste der Stadt anp\u00f6belt, beschimpft oder bedroht, so wie es am Donnerstag der Linksjugend erging (siehe links), der hat damit noch lange kein politisches Statement abgegeben.\u201c <\/em><\/p>\n<p>Beschimpfungen wie \u201eZeckenpack\u201c oder das Zeigen der Reichskriegsfahne scheinen f\u00fcr Kolodziej nicht Indiz genug eine rechte Weltanschauung zu sein. Sehr wohl hatte der rechte P\u00f6bel ein politisches Statement abgegeben \u2013 und zwar zu der menschenverachtenden Ideologie, der sie sich selbst so stolz zurechnen. Anstatt die Neonazis auch als das zu bezeichnen was sie sind \u2013 denn ja Hoyerswerda hat tats\u00e4chlich ein Problem mit Rechten \u2013 wird die Ursache f\u00fcr deren handeln in der schlechten Kinderstube gesucht.<\/p>\n<p><em>\u201eEgal, welcher Auffassung man ist, sollte wohl unter zivilisierten Menschen der Grundsatz gelten: Man l\u00e4sst auch Andersdenkende ausreden und ist m\u00f6glichst freundlich zu ihnen. Offenbar gibt es in Hoyerswerda eine Gruppe von Leuten, denen dazu die Kinderstube, der Intellekt oder auch das Einf\u00fchlungsverm\u00f6gen fehlen. Sind daf\u00fcr alle anderen Leute hier verantwortlich? Sicherlich nicht. Man darf aber laut und deutlich sagen, was man von solcherlei Betragen h\u00e4lt. Und au\u00dferdem stellt sich die Frage, wer diese Trampel erzogen hat.\u201c<\/em><\/p>\n<p>Die sogenannten \u201eTrampel\u201c, wie es verniedlichend hei\u00dft \u2013 fast so als w\u00fcrde man mit einem unanst\u00e4ndigen Familienmitglied reden \u2013 waren auch im letzten Jahr zugegen. Ungehindert durch die Polizei konnten sie sich bewegen, Teilnehmer_innen der Gedenkdemonstration an das Pogrom bedrohen und die Schweigeminute unterbrechen. Und so wird es wohl auch in diesem Jahr wieder sein. Denn das Verhalten der Beamten w\u00e4hrend der Provokationen gegen die Linksjugend, die politische Bagatellisierung der Angriffe auf das Kreisb\u00fcro von Die.LINKE, als auch das Nichtverhalten der Polizei w\u00e4hrend der Gedenkdemo 2011 sind keine Ausnahme. Sie sind h\u00e4ufiger Normalzustand in einem Bundesland, dessen politische F\u00fchrung am Beispiel des Naziaufmarsches in Dresden mehrmals unter Beweis stellte, wo sie sich politisch verortet. Trotz \u201eZwickauer Zelle\u201c und Europas gr\u00f6\u00dftem Neonaziaufmarsch vor der eigenen Haust\u00fcr stand und steht hier der Hauptfeind immer noch links. Diese antilinke Weichstelle nutzen Neonazis um frei agieren zu k\u00f6nnen. Die eingangs beschriebenen Ereignisse belegen dies nur zu Gute. Um neonazistische Angriffe und Bedrohungen unm\u00f6glich zu machen, ist es darum wichtig den Kreislauf des Wegschauens, Entpolitisieren, und Verniedlichens zu durchbrechen.<\/p>\n<p><strong><em>An dieser Stelle m\u00f6chten wir Caren Lay, den Mitarbeiter_innen des Wahlkreisb\u00fcros von Die.LINKE in Hoyerswerda und der Linksjugend [solid] Sachsen unsere Solidarit\u00e4t aussprechen. Rechte \u00dcbergriffe gilt es nicht zu dulden, nicht in Hoyerswerda oder anderswo!<\/em><\/strong><\/p>\n<p><strong>[1]<\/strong> <a href=\"http:\/\/www.die-linke.de\/nc\/dielinke\/nachrichten\/detail\/artikel\/taeglich-nazischmierereien-am-buergerbuero-der-linken-in-hoyerswerda\/\">20.09.2012, PM von Caren Lay (MdB, Die.LINKE), \u201eT\u00e4glich Nazischmierereien am B\u00fcrgerb\u00fcro der LINKEN in Hoyerswerda\u201c<\/a><\/p>\n<p><strong>[2]<\/strong> <a href=\"http:\/\/www.linksjugend-sachsen.de\/aktuell\/detail\/article\/nazis-in-hoyerswerda-bedrohen-teilnehmer-innen-der-linksjugend.html\">31.08.2012, Bericht der Linksjugend [solid] Sachsen, \u201eNazis in Hoyerswerda bedrohen Teilnehmer_innen der Linksjugend\u201c<\/a><\/p>\n","protected":false},"excerpt":{"rendered":"<p>Die Kampagne &#8222;Kampagne &#8222;Rassismus t\u00f6tet!&#8220; berichtet: Kaum war der diesj\u00e4hrige Aufruf zur Gedenkdemonstration an das Pogrom von 1991 in Hoyerswerda erschienen, da tauchten erste Gegenaufrufe der lokalen Neonaziszene \u00a0auf. Auch die unmittelbaren Bedrohungen gegen Linke rei\u00dfen in Hoyerswerda nicht ab. So kam es in den letzten Wochen vermehrt zu Angriffen gegen das B\u00fcro der Linksparteiabgeordneten [&hellip;]<\/p>\n","protected":false},"author":229,"featured_media":0,"comment_status":"open","ping_status":"open","sticky":false,"template":"","format":"standard","meta":{"_jetpack_memberships_contains_paid_content":false,"footnotes":""},"categories":[1456],"tags":[17913,97,1755],"class_list":["post-9948","post","type-post","status-publish","format-standard","hentry","category-sachsen","tag-anh","tag-rassismus","tag-rechte-gewalt"],"yoast_head":"<!-- This site is optimized with the Yoast SEO plugin v21.0 - https:\/\/yoast.com\/wordpress\/plugins\/seo\/ -->\n<title>Militante Naziszene ruft zu Gewalt gegen Antirassismus-Demo auf - St\u00f6rungsmelder<\/title>\n<meta name=\"robots\" content=\"index, follow, max-snippet:-1, max-image-preview:large, max-video-preview:-1\" \/>\n<link rel=\"canonical\" href=\"https:\/\/blog.zeit.de\/stoerungsmelder\/2012\/09\/21\/militante-naziszene-ruft-zu-gewalt-gegen-antirassismus-demo-auf_9948\" \/>\n<meta property=\"og:locale\" content=\"de_DE\" \/>\n<meta property=\"og:type\" content=\"article\" \/>\n<meta property=\"og:title\" content=\"Militante Naziszene ruft zu Gewalt gegen Antirassismus-Demo auf - St\u00f6rungsmelder\" \/>\n<meta property=\"og:description\" content=\"Die Kampagne &#8222;Kampagne &#8222;Rassismus t\u00f6tet!&#8220; berichtet: Kaum war der diesj\u00e4hrige Aufruf zur Gedenkdemonstration an das Pogrom von 1991 in Hoyerswerda erschienen, da tauchten erste Gegenaufrufe der lokalen Neonaziszene \u00a0auf. Auch die unmittelbaren Bedrohungen gegen Linke rei\u00dfen in Hoyerswerda nicht ab. So kam es in den letzten Wochen vermehrt zu Angriffen gegen das B\u00fcro der Linksparteiabgeordneten [&hellip;]\" \/>\n<meta property=\"og:url\" content=\"https:\/\/blog.zeit.de\/stoerungsmelder\/2012\/09\/21\/militante-naziszene-ruft-zu-gewalt-gegen-antirassismus-demo-auf_9948\" \/>\n<meta property=\"og:site_name\" content=\"St\u00f6rungsmelder\" \/>\n<meta property=\"article:published_time\" content=\"2012-09-21T04:24:35+00:00\" \/>\n<meta property=\"og:image\" content=\"https:\/\/blog.zeit.de\/stoerungsmelder\/files\/2012\/09\/aa.jpg\" \/>\n<meta name=\"author\" content=\"St\u00f6rungsmelder\" \/>\n<meta name=\"twitter:card\" content=\"summary_large_image\" \/>\n<meta name=\"twitter:label1\" content=\"Geschrieben von\" \/>\n\t<meta name=\"twitter:data1\" content=\"St\u00f6rungsmelder\" \/>\n\t<meta name=\"twitter:label2\" content=\"Gesch\u00e4tzte Lesezeit\" \/>\n\t<meta name=\"twitter:data2\" content=\"6\u00a0Minuten\" \/>\n<script type=\"application\/ld+json\" class=\"yoast-schema-graph\">{\"@context\":\"https:\/\/schema.org\",\"@graph\":[{\"@type\":\"WebPage\",\"@id\":\"https:\/\/blog.zeit.de\/stoerungsmelder\/2012\/09\/21\/militante-naziszene-ruft-zu-gewalt-gegen-antirassismus-demo-auf_9948\",\"url\":\"https:\/\/blog.zeit.de\/stoerungsmelder\/2012\/09\/21\/militante-naziszene-ruft-zu-gewalt-gegen-antirassismus-demo-auf_9948\",\"name\":\"Militante Naziszene ruft zu Gewalt gegen Antirassismus-Demo auf - St\u00f6rungsmelder\",\"isPartOf\":{\"@id\":\"https:\/\/blog.zeit.de\/stoerungsmelder\/#website\"},\"datePublished\":\"2012-09-21T04:24:35+00:00\",\"dateModified\":\"2012-09-21T04:24:35+00:00\",\"author\":{\"@id\":\"https:\/\/blog.zeit.de\/stoerungsmelder\/#\/schema\/person\/fdd0b9818f65738672810b6d6f037f71\"},\"breadcrumb\":{\"@id\":\"https:\/\/blog.zeit.de\/stoerungsmelder\/2012\/09\/21\/militante-naziszene-ruft-zu-gewalt-gegen-antirassismus-demo-auf_9948#breadcrumb\"},\"inLanguage\":\"de\",\"potentialAction\":[{\"@type\":\"ReadAction\",\"target\":[\"https:\/\/blog.zeit.de\/stoerungsmelder\/2012\/09\/21\/militante-naziszene-ruft-zu-gewalt-gegen-antirassismus-demo-auf_9948\"]}]},{\"@type\":\"BreadcrumbList\",\"@id\":\"https:\/\/blog.zeit.de\/stoerungsmelder\/2012\/09\/21\/militante-naziszene-ruft-zu-gewalt-gegen-antirassismus-demo-auf_9948#breadcrumb\",\"itemListElement\":[{\"@type\":\"ListItem\",\"position\":1,\"name\":\"Startseite\",\"item\":\"https:\/\/blog.zeit.de\/stoerungsmelder\"},{\"@type\":\"ListItem\",\"position\":2,\"name\":\"Militante Naziszene ruft zu Gewalt gegen Antirassismus-Demo auf\"}]},{\"@type\":\"WebSite\",\"@id\":\"https:\/\/blog.zeit.de\/stoerungsmelder\/#website\",\"url\":\"https:\/\/blog.zeit.de\/stoerungsmelder\/\",\"name\":\"St\u00f6rungsmelder\",\"description\":\"Recherchen und Analysen \u00fcber die extreme Rechte\",\"potentialAction\":[{\"@type\":\"SearchAction\",\"target\":{\"@type\":\"EntryPoint\",\"urlTemplate\":\"https:\/\/blog.zeit.de\/stoerungsmelder\/?s={search_term_string}\"},\"query-input\":\"required name=search_term_string\"}],\"inLanguage\":\"de\"},{\"@type\":\"Person\",\"@id\":\"https:\/\/blog.zeit.de\/stoerungsmelder\/#\/schema\/person\/fdd0b9818f65738672810b6d6f037f71\",\"name\":\"St\u00f6rungsmelder\",\"image\":{\"@type\":\"ImageObject\",\"inLanguage\":\"de\",\"@id\":\"https:\/\/blog.zeit.de\/stoerungsmelder\/#\/schema\/person\/image\/\",\"url\":\"https:\/\/secure.gravatar.com\/avatar\/dfa4be514c3e82a71e4f9a0020035d38192d080ccaa5e4e6d7a1472c763535c5?s=96&d=mm&r=pg\",\"contentUrl\":\"https:\/\/secure.gravatar.com\/avatar\/dfa4be514c3e82a71e4f9a0020035d38192d080ccaa5e4e6d7a1472c763535c5?s=96&d=mm&r=pg\",\"caption\":\"St\u00f6rungsmelder\"},\"url\":\"https:\/\/blog.zeit.de\/stoerungsmelder\/author\/stoerungsmelder\"}]}<\/script>\n<!-- \/ Yoast SEO plugin. -->","yoast_head_json":{"title":"Militante Naziszene ruft zu Gewalt gegen Antirassismus-Demo auf - St\u00f6rungsmelder","robots":{"index":"index","follow":"follow","max-snippet":"max-snippet:-1","max-image-preview":"max-image-preview:large","max-video-preview":"max-video-preview:-1"},"canonical":"https:\/\/blog.zeit.de\/stoerungsmelder\/2012\/09\/21\/militante-naziszene-ruft-zu-gewalt-gegen-antirassismus-demo-auf_9948","og_locale":"de_DE","og_type":"article","og_title":"Militante Naziszene ruft zu Gewalt gegen Antirassismus-Demo auf - St\u00f6rungsmelder","og_description":"Die Kampagne &#8222;Kampagne &#8222;Rassismus t\u00f6tet!&#8220; berichtet: Kaum war der diesj\u00e4hrige Aufruf zur Gedenkdemonstration an das Pogrom von 1991 in Hoyerswerda erschienen, da tauchten erste Gegenaufrufe der lokalen Neonaziszene \u00a0auf. Auch die unmittelbaren Bedrohungen gegen Linke rei\u00dfen in Hoyerswerda nicht ab. So kam es in den letzten Wochen vermehrt zu Angriffen gegen das B\u00fcro der Linksparteiabgeordneten [&hellip;]","og_url":"https:\/\/blog.zeit.de\/stoerungsmelder\/2012\/09\/21\/militante-naziszene-ruft-zu-gewalt-gegen-antirassismus-demo-auf_9948","og_site_name":"St\u00f6rungsmelder","article_published_time":"2012-09-21T04:24:35+00:00","og_image":[{"url":"https:\/\/blog.zeit.de\/stoerungsmelder\/files\/2012\/09\/aa.jpg"}],"author":"St\u00f6rungsmelder","twitter_card":"summary_large_image","twitter_misc":{"Geschrieben von":"St\u00f6rungsmelder","Gesch\u00e4tzte Lesezeit":"6\u00a0Minuten"},"schema":{"@context":"https:\/\/schema.org","@graph":[{"@type":"WebPage","@id":"https:\/\/blog.zeit.de\/stoerungsmelder\/2012\/09\/21\/militante-naziszene-ruft-zu-gewalt-gegen-antirassismus-demo-auf_9948","url":"https:\/\/blog.zeit.de\/stoerungsmelder\/2012\/09\/21\/militante-naziszene-ruft-zu-gewalt-gegen-antirassismus-demo-auf_9948","name":"Militante Naziszene ruft zu Gewalt gegen Antirassismus-Demo auf - St\u00f6rungsmelder","isPartOf":{"@id":"https:\/\/blog.zeit.de\/stoerungsmelder\/#website"},"datePublished":"2012-09-21T04:24:35+00:00","dateModified":"2012-09-21T04:24:35+00:00","author":{"@id":"https:\/\/blog.zeit.de\/stoerungsmelder\/#\/schema\/person\/fdd0b9818f65738672810b6d6f037f71"},"breadcrumb":{"@id":"https:\/\/blog.zeit.de\/stoerungsmelder\/2012\/09\/21\/militante-naziszene-ruft-zu-gewalt-gegen-antirassismus-demo-auf_9948#breadcrumb"},"inLanguage":"de","potentialAction":[{"@type":"ReadAction","target":["https:\/\/blog.zeit.de\/stoerungsmelder\/2012\/09\/21\/militante-naziszene-ruft-zu-gewalt-gegen-antirassismus-demo-auf_9948"]}]},{"@type":"BreadcrumbList","@id":"https:\/\/blog.zeit.de\/stoerungsmelder\/2012\/09\/21\/militante-naziszene-ruft-zu-gewalt-gegen-antirassismus-demo-auf_9948#breadcrumb","itemListElement":[{"@type":"ListItem","position":1,"name":"Startseite","item":"https:\/\/blog.zeit.de\/stoerungsmelder"},{"@type":"ListItem","position":2,"name":"Militante Naziszene ruft zu Gewalt gegen Antirassismus-Demo auf"}]},{"@type":"WebSite","@id":"https:\/\/blog.zeit.de\/stoerungsmelder\/#website","url":"https:\/\/blog.zeit.de\/stoerungsmelder\/","name":"St\u00f6rungsmelder","description":"Recherchen und Analysen \u00fcber die extreme Rechte","potentialAction":[{"@type":"SearchAction","target":{"@type":"EntryPoint","urlTemplate":"https:\/\/blog.zeit.de\/stoerungsmelder\/?s={search_term_string}"},"query-input":"required name=search_term_string"}],"inLanguage":"de"},{"@type":"Person","@id":"https:\/\/blog.zeit.de\/stoerungsmelder\/#\/schema\/person\/fdd0b9818f65738672810b6d6f037f71","name":"St\u00f6rungsmelder","image":{"@type":"ImageObject","inLanguage":"de","@id":"https:\/\/blog.zeit.de\/stoerungsmelder\/#\/schema\/person\/image\/","url":"https:\/\/secure.gravatar.com\/avatar\/dfa4be514c3e82a71e4f9a0020035d38192d080ccaa5e4e6d7a1472c763535c5?s=96&d=mm&r=pg","contentUrl":"https:\/\/secure.gravatar.com\/avatar\/dfa4be514c3e82a71e4f9a0020035d38192d080ccaa5e4e6d7a1472c763535c5?s=96&d=mm&r=pg","caption":"St\u00f6rungsmelder"},"url":"https:\/\/blog.zeit.de\/stoerungsmelder\/author\/stoerungsmelder"}]}},"jetpack_featured_media_url":"","jetpack_sharing_enabled":true,"_links":{"self":[{"href":"https:\/\/blog.zeit.de\/stoerungsmelder\/wp-json\/wp\/v2\/posts\/9948","targetHints":{"allow":["GET"]}}],"collection":[{"href":"https:\/\/blog.zeit.de\/stoerungsmelder\/wp-json\/wp\/v2\/posts"}],"about":[{"href":"https:\/\/blog.zeit.de\/stoerungsmelder\/wp-json\/wp\/v2\/types\/post"}],"author":[{"embeddable":true,"href":"https:\/\/blog.zeit.de\/stoerungsmelder\/wp-json\/wp\/v2\/users\/229"}],"replies":[{"embeddable":true,"href":"https:\/\/blog.zeit.de\/stoerungsmelder\/wp-json\/wp\/v2\/comments?post=9948"}],"version-history":[{"count":1,"href":"https:\/\/blog.zeit.de\/stoerungsmelder\/wp-json\/wp\/v2\/posts\/9948\/revisions"}],"predecessor-version":[{"id":9952,"href":"https:\/\/blog.zeit.de\/stoerungsmelder\/wp-json\/wp\/v2\/posts\/9948\/revisions\/9952"}],"wp:attachment":[{"href":"https:\/\/blog.zeit.de\/stoerungsmelder\/wp-json\/wp\/v2\/media?parent=9948"}],"wp:term":[{"taxonomy":"category","embeddable":true,"href":"https:\/\/blog.zeit.de\/stoerungsmelder\/wp-json\/wp\/v2\/categories?post=9948"},{"taxonomy":"post_tag","embeddable":true,"href":"https:\/\/blog.zeit.de\/stoerungsmelder\/wp-json\/wp\/v2\/tags?post=9948"}],"curies":[{"name":"wp","href":"https:\/\/api.w.org\/{rel}","templated":true}]}}