{"id":9966,"date":"2012-09-24T16:58:00","date_gmt":"2012-09-24T14:58:00","guid":{"rendered":"http:\/\/blog.zeit.de\/stoerungsmelder\/?p=9966"},"modified":"2012-09-24T16:58:45","modified_gmt":"2012-09-24T14:58:45","slug":"gerichtsentscheidung-blockade-training-darf-nicht-verboten-werden","status":"publish","type":"post","link":"https:\/\/blog.zeit.de\/stoerungsmelder\/2012\/09\/24\/gerichtsentscheidung-blockade-training-darf-nicht-verboten-werden_9966","title":{"rendered":"Gerichtsentscheidung: Blockade-Training darf nicht verboten werden"},"content":{"rendered":"<p><figure id=\"attachment_3211\" aria-describedby=\"caption-attachment-3211\" style=\"width: 540px\" class=\"wp-caption aligncenter\"><a href=\"https:\/\/blog.zeit.de\/stoerungsmelder\/files\/2010\/05\/blockaden-410.jpg\"><img loading=\"lazy\" decoding=\"async\" class=\" wp-image-3211\" src=\"https:\/\/blog.zeit.de\/stoerungsmelder\/files\/2010\/05\/blockaden-410.jpg\" alt=\"\" width=\"540\" height=\"263\" srcset=\"https:\/\/blog.zeit.de\/stoerungsmelder\/files\/2010\/05\/blockaden-410.jpg 410w, https:\/\/blog.zeit.de\/stoerungsmelder\/files\/2010\/05\/blockaden-410-300x146.jpg 300w\" sizes=\"auto, (max-width: 540px) 100vw, 540px\" \/><\/a><figcaption id=\"caption-attachment-3211\" class=\"wp-caption-text\">Massenblockaden stoppten am 1. Mai 2010 in Berlin die Nazis nach nur 800 Metern \u00a9 Matthias Zickrow<\/figcaption><\/figure><\/p>\n<p>Es ist eine wichtige Entscheidung f\u00fcr alle B\u00fcndnisse, die Naziaufm\u00e4rsche mit Sitzblockaden stoppen wollen. Am Dienstag urteilte Oberverwaltungsgericht Nordrhein-Westfalen \u00fcber die Zul\u00e4ssigkeit eines \u00f6ffentlichen Blockadetrainings. Fazit: Blockadetrainings d\u00fcrfen nicht verboten werden.<!--more--><\/p>\n<p>Im Februar 2011 hatten sich rund 50 Menschen in M\u00fcnster f\u00fcr eine geplanten Massenblockade eines Naziaufmarschs mit einer \u00f6ffentlichen Versammlung vorbereiten wollen. Das Blockadetraining war vom zust\u00e4ndigen Polizeipr\u00e4sidium mit strengen Auflagen belegt. Dem Veranstalter wurde verboten &#8222;in seiner Versammlung Taktiken zu vermitteln, die nur den Zweck h\u00e4tten, nicht verbotene zuk\u00fcnftige Versammlungen zu verhindern [&#8230;] und forderte dem Vorbereitungskreis auf [&#8230;] ehrenamtliche Ordner einzusetzen und die Personalien der Trainer, Ordner oder Redner vorab mitzuteilen.&#8220; Am Tag selbst wurde aus Polizeisicht beim Blockadetraining 2011 dann gegen die erteilten Auflagen versto\u00dfen, daraufhin l\u00f6ste eine Hundertschaft die friedliche Veranstaltung auf.<\/p>\n<p>Der 5. Senat des OVG hat nun festgestellt, dass die umstrittenen Auflagen rechtswidrig gewesen sind. Bei der Urteilsverk\u00fcndung betonte Pr\u00e4sident Dr. Bertrams Die Versammlung des Kl\u00e4gers sei &#8222;ohne einschr\u00e4nkende Auflagen von seiner Versammlungs- und Meinungsfreiheit gesch\u00fctzt gewesen.&#8220; Sie habe gewaltfrei zur \u00f6ffentlichen Meinungsbildung hinsichtlich eines angemessenen gesellschaftlichen Umgangs mit rechtsextremen Ideologien beitragen wollen. Straftaten seien auch ohne Ordner nicht zu bef\u00fcrchten gewesen. Die Grundrechte schl\u00f6ssen es aus, die blo\u00dfe Durchf\u00fchrung einer derartigen Probeblockade, bei der niemand behindert werde, als strafbare grobe St\u00f6rung einer Versammlung (\u00a7 21 VersammlG) oder als strafbare Aufforderung hierzu (\u00a7 111 StGB) zu werten. Dabei sei unerheblich, dass das Training zu einer sp\u00e4teren echten Blockade habe mobilisieren sollen. Friedliche Blockaden seien grunds\u00e4tzlich zul\u00e4ssige Mittel, um die \u00f6ffentliche Aufmerksamkeit f\u00fcr ein kommunikatives Anliegen zu erh\u00f6hen. Die Grenze zur Strafbarkeit werde erst dann \u00fcberschritten, wenn die Teilnehmer einer Versammlung eine andere nicht verbotene Versammlung \u00fcber eine erhebliche Dauer blockierten, ohne dass deren Teilnehmer ausweichen k\u00f6nnten.<\/p>\n<p>&#8222;Das reine Blockadetraining&#8220;, sagt OVG-Sprecher Ulrich Lau, &#8222;habe keinerlei strafrechtliche Relevanz besessen.&#8220; Ringo Bischoff, Bundesjugendsekret\u00e4r der <a href=\"http:\/\/www.aktiv-gegen-diskriminierung.info\/\" target=\"_blank\">ver.di Jugend<\/a> begr\u00fc\u00dfte das Urteil. &#8222;Ob beim Naziaufmarsch in Dresden oder bei Sozialprotesten wie bei Blockupy in Frankfurt\/Main. Ziviler Ungehorsam ist unser gutes Recht und nat\u00fcrlich bereiten wir uns auf unsere Aktionen z.B. in Form von Trainings vor. Von der Warte ist es erfreulich dass die Rechte der Menschen vom OVG gest\u00e4rkt wurden und die Polizei in ihre Schranken gewiesen wurde.&#8220;<\/p>\n","protected":false},"excerpt":{"rendered":"<p>Es ist eine wichtige Entscheidung f\u00fcr alle B\u00fcndnisse, die Naziaufm\u00e4rsche mit Sitzblockaden stoppen wollen. Am Dienstag urteilte Oberverwaltungsgericht Nordrhein-Westfalen \u00fcber die Zul\u00e4ssigkeit eines \u00f6ffentlichen Blockadetrainings. Fazit: Blockadetrainings d\u00fcrfen nicht verboten werden.<\/p>\n","protected":false},"author":229,"featured_media":0,"comment_status":"open","ping_status":"open","sticky":false,"template":"","format":"standard","meta":{"_jetpack_memberships_contains_paid_content":false,"footnotes":""},"categories":[1515,1291],"tags":[1638,1707,1752,2089,1858],"class_list":["post-9966","post","type-post","status-publish","format-standard","hentry","category-bundesweit","category-nordrhein-westfalen","tag-justiz","tag-naziaufmarsch","tag-protest","tag-sitzblockaden","tag-zivilcourage"],"yoast_head":"<!-- This site is optimized with the Yoast SEO plugin v21.0 - https:\/\/yoast.com\/wordpress\/plugins\/seo\/ -->\n<title>Gerichtsentscheidung: Blockade-Training darf nicht verboten werden - St\u00f6rungsmelder<\/title>\n<meta name=\"robots\" content=\"index, follow, max-snippet:-1, max-image-preview:large, max-video-preview:-1\" \/>\n<link rel=\"canonical\" href=\"https:\/\/blog.zeit.de\/stoerungsmelder\/2012\/09\/24\/gerichtsentscheidung-blockade-training-darf-nicht-verboten-werden_9966\" \/>\n<meta property=\"og:locale\" content=\"de_DE\" \/>\n<meta property=\"og:type\" content=\"article\" \/>\n<meta property=\"og:title\" content=\"Gerichtsentscheidung: Blockade-Training darf nicht verboten werden - St\u00f6rungsmelder\" \/>\n<meta property=\"og:description\" content=\"Es ist eine wichtige Entscheidung f\u00fcr alle B\u00fcndnisse, die Naziaufm\u00e4rsche mit Sitzblockaden stoppen wollen. Am Dienstag urteilte Oberverwaltungsgericht Nordrhein-Westfalen \u00fcber die Zul\u00e4ssigkeit eines \u00f6ffentlichen Blockadetrainings. Fazit: Blockadetrainings d\u00fcrfen nicht verboten werden.\" \/>\n<meta property=\"og:url\" content=\"https:\/\/blog.zeit.de\/stoerungsmelder\/2012\/09\/24\/gerichtsentscheidung-blockade-training-darf-nicht-verboten-werden_9966\" \/>\n<meta property=\"og:site_name\" content=\"St\u00f6rungsmelder\" \/>\n<meta property=\"article:published_time\" content=\"2012-09-24T14:58:00+00:00\" \/>\n<meta property=\"article:modified_time\" content=\"2012-09-24T14:58:45+00:00\" \/>\n<meta property=\"og:image\" content=\"https:\/\/blog.zeit.de\/stoerungsmelder\/files\/2010\/05\/blockaden-410.jpg\" \/>\n<meta name=\"author\" content=\"St\u00f6rungsmelder\" \/>\n<meta name=\"twitter:card\" content=\"summary_large_image\" \/>\n<meta name=\"twitter:label1\" content=\"Geschrieben von\" \/>\n\t<meta name=\"twitter:data1\" content=\"St\u00f6rungsmelder\" \/>\n\t<meta name=\"twitter:label2\" content=\"Gesch\u00e4tzte Lesezeit\" \/>\n\t<meta name=\"twitter:data2\" content=\"2\u00a0Minuten\" \/>\n<script type=\"application\/ld+json\" class=\"yoast-schema-graph\">{\"@context\":\"https:\/\/schema.org\",\"@graph\":[{\"@type\":\"WebPage\",\"@id\":\"https:\/\/blog.zeit.de\/stoerungsmelder\/2012\/09\/24\/gerichtsentscheidung-blockade-training-darf-nicht-verboten-werden_9966\",\"url\":\"https:\/\/blog.zeit.de\/stoerungsmelder\/2012\/09\/24\/gerichtsentscheidung-blockade-training-darf-nicht-verboten-werden_9966\",\"name\":\"Gerichtsentscheidung: Blockade-Training darf nicht verboten werden - St\u00f6rungsmelder\",\"isPartOf\":{\"@id\":\"https:\/\/blog.zeit.de\/stoerungsmelder\/#website\"},\"datePublished\":\"2012-09-24T14:58:00+00:00\",\"dateModified\":\"2012-09-24T14:58:45+00:00\",\"author\":{\"@id\":\"https:\/\/blog.zeit.de\/stoerungsmelder\/#\/schema\/person\/fdd0b9818f65738672810b6d6f037f71\"},\"breadcrumb\":{\"@id\":\"https:\/\/blog.zeit.de\/stoerungsmelder\/2012\/09\/24\/gerichtsentscheidung-blockade-training-darf-nicht-verboten-werden_9966#breadcrumb\"},\"inLanguage\":\"de\",\"potentialAction\":[{\"@type\":\"ReadAction\",\"target\":[\"https:\/\/blog.zeit.de\/stoerungsmelder\/2012\/09\/24\/gerichtsentscheidung-blockade-training-darf-nicht-verboten-werden_9966\"]}]},{\"@type\":\"BreadcrumbList\",\"@id\":\"https:\/\/blog.zeit.de\/stoerungsmelder\/2012\/09\/24\/gerichtsentscheidung-blockade-training-darf-nicht-verboten-werden_9966#breadcrumb\",\"itemListElement\":[{\"@type\":\"ListItem\",\"position\":1,\"name\":\"Startseite\",\"item\":\"https:\/\/blog.zeit.de\/stoerungsmelder\"},{\"@type\":\"ListItem\",\"position\":2,\"name\":\"Gerichtsentscheidung: Blockade-Training darf nicht verboten werden\"}]},{\"@type\":\"WebSite\",\"@id\":\"https:\/\/blog.zeit.de\/stoerungsmelder\/#website\",\"url\":\"https:\/\/blog.zeit.de\/stoerungsmelder\/\",\"name\":\"St\u00f6rungsmelder\",\"description\":\"Recherchen und Analysen \u00fcber die extreme Rechte\",\"potentialAction\":[{\"@type\":\"SearchAction\",\"target\":{\"@type\":\"EntryPoint\",\"urlTemplate\":\"https:\/\/blog.zeit.de\/stoerungsmelder\/?s={search_term_string}\"},\"query-input\":\"required name=search_term_string\"}],\"inLanguage\":\"de\"},{\"@type\":\"Person\",\"@id\":\"https:\/\/blog.zeit.de\/stoerungsmelder\/#\/schema\/person\/fdd0b9818f65738672810b6d6f037f71\",\"name\":\"St\u00f6rungsmelder\",\"image\":{\"@type\":\"ImageObject\",\"inLanguage\":\"de\",\"@id\":\"https:\/\/blog.zeit.de\/stoerungsmelder\/#\/schema\/person\/image\/\",\"url\":\"https:\/\/secure.gravatar.com\/avatar\/dfa4be514c3e82a71e4f9a0020035d38192d080ccaa5e4e6d7a1472c763535c5?s=96&d=mm&r=pg\",\"contentUrl\":\"https:\/\/secure.gravatar.com\/avatar\/dfa4be514c3e82a71e4f9a0020035d38192d080ccaa5e4e6d7a1472c763535c5?s=96&d=mm&r=pg\",\"caption\":\"St\u00f6rungsmelder\"},\"url\":\"https:\/\/blog.zeit.de\/stoerungsmelder\/author\/stoerungsmelder\"}]}<\/script>\n<!-- \/ Yoast SEO plugin. -->","yoast_head_json":{"title":"Gerichtsentscheidung: Blockade-Training darf nicht verboten werden - St\u00f6rungsmelder","robots":{"index":"index","follow":"follow","max-snippet":"max-snippet:-1","max-image-preview":"max-image-preview:large","max-video-preview":"max-video-preview:-1"},"canonical":"https:\/\/blog.zeit.de\/stoerungsmelder\/2012\/09\/24\/gerichtsentscheidung-blockade-training-darf-nicht-verboten-werden_9966","og_locale":"de_DE","og_type":"article","og_title":"Gerichtsentscheidung: Blockade-Training darf nicht verboten werden - St\u00f6rungsmelder","og_description":"Es ist eine wichtige Entscheidung f\u00fcr alle B\u00fcndnisse, die Naziaufm\u00e4rsche mit Sitzblockaden stoppen wollen. Am Dienstag urteilte Oberverwaltungsgericht Nordrhein-Westfalen \u00fcber die Zul\u00e4ssigkeit eines \u00f6ffentlichen Blockadetrainings. Fazit: Blockadetrainings d\u00fcrfen nicht verboten werden.","og_url":"https:\/\/blog.zeit.de\/stoerungsmelder\/2012\/09\/24\/gerichtsentscheidung-blockade-training-darf-nicht-verboten-werden_9966","og_site_name":"St\u00f6rungsmelder","article_published_time":"2012-09-24T14:58:00+00:00","article_modified_time":"2012-09-24T14:58:45+00:00","og_image":[{"url":"https:\/\/blog.zeit.de\/stoerungsmelder\/files\/2010\/05\/blockaden-410.jpg"}],"author":"St\u00f6rungsmelder","twitter_card":"summary_large_image","twitter_misc":{"Geschrieben von":"St\u00f6rungsmelder","Gesch\u00e4tzte Lesezeit":"2\u00a0Minuten"},"schema":{"@context":"https:\/\/schema.org","@graph":[{"@type":"WebPage","@id":"https:\/\/blog.zeit.de\/stoerungsmelder\/2012\/09\/24\/gerichtsentscheidung-blockade-training-darf-nicht-verboten-werden_9966","url":"https:\/\/blog.zeit.de\/stoerungsmelder\/2012\/09\/24\/gerichtsentscheidung-blockade-training-darf-nicht-verboten-werden_9966","name":"Gerichtsentscheidung: Blockade-Training darf nicht verboten werden - St\u00f6rungsmelder","isPartOf":{"@id":"https:\/\/blog.zeit.de\/stoerungsmelder\/#website"},"datePublished":"2012-09-24T14:58:00+00:00","dateModified":"2012-09-24T14:58:45+00:00","author":{"@id":"https:\/\/blog.zeit.de\/stoerungsmelder\/#\/schema\/person\/fdd0b9818f65738672810b6d6f037f71"},"breadcrumb":{"@id":"https:\/\/blog.zeit.de\/stoerungsmelder\/2012\/09\/24\/gerichtsentscheidung-blockade-training-darf-nicht-verboten-werden_9966#breadcrumb"},"inLanguage":"de","potentialAction":[{"@type":"ReadAction","target":["https:\/\/blog.zeit.de\/stoerungsmelder\/2012\/09\/24\/gerichtsentscheidung-blockade-training-darf-nicht-verboten-werden_9966"]}]},{"@type":"BreadcrumbList","@id":"https:\/\/blog.zeit.de\/stoerungsmelder\/2012\/09\/24\/gerichtsentscheidung-blockade-training-darf-nicht-verboten-werden_9966#breadcrumb","itemListElement":[{"@type":"ListItem","position":1,"name":"Startseite","item":"https:\/\/blog.zeit.de\/stoerungsmelder"},{"@type":"ListItem","position":2,"name":"Gerichtsentscheidung: Blockade-Training darf nicht verboten werden"}]},{"@type":"WebSite","@id":"https:\/\/blog.zeit.de\/stoerungsmelder\/#website","url":"https:\/\/blog.zeit.de\/stoerungsmelder\/","name":"St\u00f6rungsmelder","description":"Recherchen und Analysen \u00fcber die extreme Rechte","potentialAction":[{"@type":"SearchAction","target":{"@type":"EntryPoint","urlTemplate":"https:\/\/blog.zeit.de\/stoerungsmelder\/?s={search_term_string}"},"query-input":"required name=search_term_string"}],"inLanguage":"de"},{"@type":"Person","@id":"https:\/\/blog.zeit.de\/stoerungsmelder\/#\/schema\/person\/fdd0b9818f65738672810b6d6f037f71","name":"St\u00f6rungsmelder","image":{"@type":"ImageObject","inLanguage":"de","@id":"https:\/\/blog.zeit.de\/stoerungsmelder\/#\/schema\/person\/image\/","url":"https:\/\/secure.gravatar.com\/avatar\/dfa4be514c3e82a71e4f9a0020035d38192d080ccaa5e4e6d7a1472c763535c5?s=96&d=mm&r=pg","contentUrl":"https:\/\/secure.gravatar.com\/avatar\/dfa4be514c3e82a71e4f9a0020035d38192d080ccaa5e4e6d7a1472c763535c5?s=96&d=mm&r=pg","caption":"St\u00f6rungsmelder"},"url":"https:\/\/blog.zeit.de\/stoerungsmelder\/author\/stoerungsmelder"}]}},"jetpack_featured_media_url":"","jetpack_sharing_enabled":true,"_links":{"self":[{"href":"https:\/\/blog.zeit.de\/stoerungsmelder\/wp-json\/wp\/v2\/posts\/9966","targetHints":{"allow":["GET"]}}],"collection":[{"href":"https:\/\/blog.zeit.de\/stoerungsmelder\/wp-json\/wp\/v2\/posts"}],"about":[{"href":"https:\/\/blog.zeit.de\/stoerungsmelder\/wp-json\/wp\/v2\/types\/post"}],"author":[{"embeddable":true,"href":"https:\/\/blog.zeit.de\/stoerungsmelder\/wp-json\/wp\/v2\/users\/229"}],"replies":[{"embeddable":true,"href":"https:\/\/blog.zeit.de\/stoerungsmelder\/wp-json\/wp\/v2\/comments?post=9966"}],"version-history":[{"count":4,"href":"https:\/\/blog.zeit.de\/stoerungsmelder\/wp-json\/wp\/v2\/posts\/9966\/revisions"}],"predecessor-version":[{"id":9970,"href":"https:\/\/blog.zeit.de\/stoerungsmelder\/wp-json\/wp\/v2\/posts\/9966\/revisions\/9970"}],"wp:attachment":[{"href":"https:\/\/blog.zeit.de\/stoerungsmelder\/wp-json\/wp\/v2\/media?parent=9966"}],"wp:term":[{"taxonomy":"category","embeddable":true,"href":"https:\/\/blog.zeit.de\/stoerungsmelder\/wp-json\/wp\/v2\/categories?post=9966"},{"taxonomy":"post_tag","embeddable":true,"href":"https:\/\/blog.zeit.de\/stoerungsmelder\/wp-json\/wp\/v2\/tags?post=9966"}],"curies":[{"name":"wp","href":"https:\/\/api.w.org\/{rel}","templated":true}]}}