{"id":341,"name":"Fabian Biastoch","url":"http:\/\/www.facebook.com\/fabianbiastoch","description":"Ich studiere Politik- und Verwaltungswissenschaften und wohne in Leipzig. Durch meinen Wohnort komme ich leider immer wieder in Kontakt mit Rechtsradikalen. Schon lange k\u00e4mpfe ich gegen dieses Gedankengut. Zuerst in meiner alten Heimat, in der ich auf ein Gymnasium ging, welches den Titel \"Schule ohne Rassismus - Schule mit Courage\" verliehen bekam und nun in Leipzig. Aber all dies sollte \u00f6ffentlich werden und genau das m\u00f6chte ich erreichen, das alle Menschen von diesen Dingen erfahren und sie reden werden, \u00fcber Nazis.","link":"https:\/\/blog.zeit.de\/stoerungsmelder\/author\/fabianbiastoch","slug":"fabianbiastoch","avatar_urls":{"24":"https:\/\/secure.gravatar.com\/avatar\/cdd46207fdb39b0c5617d36b231bcbb9bc9c8507f3038704b331cde30ec7b2f5?s=24&d=mm&r=pg","48":"https:\/\/secure.gravatar.com\/avatar\/cdd46207fdb39b0c5617d36b231bcbb9bc9c8507f3038704b331cde30ec7b2f5?s=48&d=mm&r=pg","96":"https:\/\/secure.gravatar.com\/avatar\/cdd46207fdb39b0c5617d36b231bcbb9bc9c8507f3038704b331cde30ec7b2f5?s=96&d=mm&r=pg"},"meta":{"jetpack_donation_warning_dismissed":false},"yoast_head":"<!-- This site is optimized with the Yoast SEO plugin v21.0 - https:\/\/yoast.com\/wordpress\/plugins\/seo\/ -->\n<title>Fabian Biastoch, Autor auf St\u00f6rungsmelder<\/title>\n<meta name=\"robots\" content=\"index, follow, max-snippet:-1, max-image-preview:large, max-video-preview:-1\" \/>\n<link rel=\"canonical\" href=\"https:\/\/blog.zeit.de\/stoerungsmelder\/author\/fabianbiastoch\" \/>\n<meta property=\"og:locale\" content=\"de_DE\" \/>\n<meta property=\"og:type\" content=\"profile\" \/>\n<meta property=\"og:title\" content=\"Fabian Biastoch, Autor auf St\u00f6rungsmelder\" \/>\n<meta property=\"og:url\" content=\"https:\/\/blog.zeit.de\/stoerungsmelder\/author\/fabianbiastoch\" \/>\n<meta property=\"og:site_name\" content=\"St\u00f6rungsmelder\" \/>\n<meta property=\"og:image\" content=\"https:\/\/secure.gravatar.com\/avatar\/5dbcb3c39a7e0e09f279050b321eed00?s=500&d=mm&r=pg\" \/>\n<meta name=\"twitter:card\" content=\"summary_large_image\" \/>\n<script type=\"application\/ld+json\" class=\"yoast-schema-graph\">{\"@context\":\"https:\/\/schema.org\",\"@graph\":[{\"@type\":\"ProfilePage\",\"@id\":\"https:\/\/blog.zeit.de\/stoerungsmelder\/author\/fabianbiastoch\",\"url\":\"https:\/\/blog.zeit.de\/stoerungsmelder\/author\/fabianbiastoch\",\"name\":\"Fabian Biastoch, Autor auf St\u00f6rungsmelder\",\"isPartOf\":{\"@id\":\"https:\/\/blog.zeit.de\/stoerungsmelder\/#website\"},\"breadcrumb\":{\"@id\":\"https:\/\/blog.zeit.de\/stoerungsmelder\/author\/fabianbiastoch#breadcrumb\"},\"inLanguage\":\"de\",\"potentialAction\":[{\"@type\":\"ReadAction\",\"target\":[\"https:\/\/blog.zeit.de\/stoerungsmelder\/author\/fabianbiastoch\"]}]},{\"@type\":\"BreadcrumbList\",\"@id\":\"https:\/\/blog.zeit.de\/stoerungsmelder\/author\/fabianbiastoch#breadcrumb\",\"itemListElement\":[{\"@type\":\"ListItem\",\"position\":1,\"name\":\"Startseite\",\"item\":\"https:\/\/blog.zeit.de\/stoerungsmelder\"},{\"@type\":\"ListItem\",\"position\":2,\"name\":\"Archive f\u00fcr Fabian Biastoch\"}]},{\"@type\":\"WebSite\",\"@id\":\"https:\/\/blog.zeit.de\/stoerungsmelder\/#website\",\"url\":\"https:\/\/blog.zeit.de\/stoerungsmelder\/\",\"name\":\"St\u00f6rungsmelder\",\"description\":\"Recherchen und Analysen \u00fcber die extreme Rechte\",\"potentialAction\":[{\"@type\":\"SearchAction\",\"target\":{\"@type\":\"EntryPoint\",\"urlTemplate\":\"https:\/\/blog.zeit.de\/stoerungsmelder\/?s={search_term_string}\"},\"query-input\":\"required name=search_term_string\"}],\"inLanguage\":\"de\"},{\"@type\":\"Person\",\"@id\":\"https:\/\/blog.zeit.de\/stoerungsmelder\/#\/schema\/person\/5505ac626a4780c40105dc5fb8cd018d\",\"name\":\"Fabian Biastoch\",\"image\":{\"@type\":\"ImageObject\",\"inLanguage\":\"de\",\"@id\":\"https:\/\/blog.zeit.de\/stoerungsmelder\/#\/schema\/person\/image\/\",\"url\":\"https:\/\/secure.gravatar.com\/avatar\/cdd46207fdb39b0c5617d36b231bcbb9bc9c8507f3038704b331cde30ec7b2f5?s=96&d=mm&r=pg\",\"contentUrl\":\"https:\/\/secure.gravatar.com\/avatar\/cdd46207fdb39b0c5617d36b231bcbb9bc9c8507f3038704b331cde30ec7b2f5?s=96&d=mm&r=pg\",\"caption\":\"Fabian Biastoch\"},\"description\":\"Ich studiere Politik- und Verwaltungswissenschaften und wohne in Leipzig. Durch meinen Wohnort komme ich leider immer wieder in Kontakt mit Rechtsradikalen. Schon lange k\u00e4mpfe ich gegen dieses Gedankengut. Zuerst in meiner alten Heimat, in der ich auf ein Gymnasium ging, welches den Titel \\\"Schule ohne Rassismus - Schule mit Courage\\\" verliehen bekam und nun in Leipzig. Aber all dies sollte \u00f6ffentlich werden und genau das m\u00f6chte ich erreichen, das alle Menschen von diesen Dingen erfahren und sie reden werden, \u00fcber Nazis.\",\"sameAs\":[\"http:\/\/www.facebook.com\/fabianbiastoch\"],\"mainEntityOfPage\":{\"@id\":\"https:\/\/blog.zeit.de\/stoerungsmelder\/author\/fabianbiastoch\"}}]}<\/script>\n<!-- \/ Yoast SEO plugin. -->","yoast_head_json":{"title":"Fabian Biastoch, Autor auf St\u00f6rungsmelder","robots":{"index":"index","follow":"follow","max-snippet":"max-snippet:-1","max-image-preview":"max-image-preview:large","max-video-preview":"max-video-preview:-1"},"canonical":"https:\/\/blog.zeit.de\/stoerungsmelder\/author\/fabianbiastoch","og_locale":"de_DE","og_type":"profile","og_title":"Fabian Biastoch, Autor auf St\u00f6rungsmelder","og_url":"https:\/\/blog.zeit.de\/stoerungsmelder\/author\/fabianbiastoch","og_site_name":"St\u00f6rungsmelder","og_image":[{"url":"https:\/\/secure.gravatar.com\/avatar\/5dbcb3c39a7e0e09f279050b321eed00?s=500&d=mm&r=pg"}],"twitter_card":"summary_large_image","schema":{"@context":"https:\/\/schema.org","@graph":[{"@type":"ProfilePage","@id":"https:\/\/blog.zeit.de\/stoerungsmelder\/author\/fabianbiastoch","url":"https:\/\/blog.zeit.de\/stoerungsmelder\/author\/fabianbiastoch","name":"Fabian Biastoch, Autor auf St\u00f6rungsmelder","isPartOf":{"@id":"https:\/\/blog.zeit.de\/stoerungsmelder\/#website"},"breadcrumb":{"@id":"https:\/\/blog.zeit.de\/stoerungsmelder\/author\/fabianbiastoch#breadcrumb"},"inLanguage":"de","potentialAction":[{"@type":"ReadAction","target":["https:\/\/blog.zeit.de\/stoerungsmelder\/author\/fabianbiastoch"]}]},{"@type":"BreadcrumbList","@id":"https:\/\/blog.zeit.de\/stoerungsmelder\/author\/fabianbiastoch#breadcrumb","itemListElement":[{"@type":"ListItem","position":1,"name":"Startseite","item":"https:\/\/blog.zeit.de\/stoerungsmelder"},{"@type":"ListItem","position":2,"name":"Archive f\u00fcr Fabian Biastoch"}]},{"@type":"WebSite","@id":"https:\/\/blog.zeit.de\/stoerungsmelder\/#website","url":"https:\/\/blog.zeit.de\/stoerungsmelder\/","name":"St\u00f6rungsmelder","description":"Recherchen und Analysen \u00fcber die extreme Rechte","potentialAction":[{"@type":"SearchAction","target":{"@type":"EntryPoint","urlTemplate":"https:\/\/blog.zeit.de\/stoerungsmelder\/?s={search_term_string}"},"query-input":"required name=search_term_string"}],"inLanguage":"de"},{"@type":"Person","@id":"https:\/\/blog.zeit.de\/stoerungsmelder\/#\/schema\/person\/5505ac626a4780c40105dc5fb8cd018d","name":"Fabian Biastoch","image":{"@type":"ImageObject","inLanguage":"de","@id":"https:\/\/blog.zeit.de\/stoerungsmelder\/#\/schema\/person\/image\/","url":"https:\/\/secure.gravatar.com\/avatar\/cdd46207fdb39b0c5617d36b231bcbb9bc9c8507f3038704b331cde30ec7b2f5?s=96&d=mm&r=pg","contentUrl":"https:\/\/secure.gravatar.com\/avatar\/cdd46207fdb39b0c5617d36b231bcbb9bc9c8507f3038704b331cde30ec7b2f5?s=96&d=mm&r=pg","caption":"Fabian Biastoch"},"description":"Ich studiere Politik- und Verwaltungswissenschaften und wohne in Leipzig. Durch meinen Wohnort komme ich leider immer wieder in Kontakt mit Rechtsradikalen. Schon lange k\u00e4mpfe ich gegen dieses Gedankengut. Zuerst in meiner alten Heimat, in der ich auf ein Gymnasium ging, welches den Titel \"Schule ohne Rassismus - Schule mit Courage\" verliehen bekam und nun in Leipzig. Aber all dies sollte \u00f6ffentlich werden und genau das m\u00f6chte ich erreichen, das alle Menschen von diesen Dingen erfahren und sie reden werden, \u00fcber Nazis.","sameAs":["http:\/\/www.facebook.com\/fabianbiastoch"],"mainEntityOfPage":{"@id":"https:\/\/blog.zeit.de\/stoerungsmelder\/author\/fabianbiastoch"}}]}},"_links":{"self":[{"href":"https:\/\/blog.zeit.de\/stoerungsmelder\/wp-json\/wp\/v2\/users\/341","targetHints":{"allow":["GET"]}}],"collection":[{"href":"https:\/\/blog.zeit.de\/stoerungsmelder\/wp-json\/wp\/v2\/users"}]}}