{"id":352,"name":"Julian Schr\u00f6der","url":"","description":"Ich komme aus dem Ruhrgebiet, bin 22 Jahre alt und habe schon relativ fr\u00fch Kontakt mit rechten Gedanken gehabt. Ich erinnere mich da an einen Jungen in meiner Grundschule, der etwas \u00e4lter als ich war und ein oder zwei Stufen \u00fcber mir war. Immer wieder rief er Parolen wie \"Heil Hitler!\" oder andere Spr\u00fcche aus der NS-Zeit. Ich hatte \u00fcberhaupt gar keine Ahnung, was er damit sagen wollte. Nat\u00fcrlich nicht.\r\nVon Zeit zu Zeit wurde mir dann immer bewusster, was der Typ da f\u00fcr einen Mist redete.\r\nIch fing an mich zu informieren und finde es ziemlich krass, dass auch ziemlich viele normal scheinende Typen immer wieder rechten Dreck von sich geben.\r\nGewollt oder auch nicht.\r\nMit den Artikeln hier will ich also nicht die krassen Nazi-Geschichten mit der ultimativen Gewalt und dem unglaublichsten Hass thematisieren, sondern Alltagsgeschichten schildern in denen das Thema aber genauso pr\u00e4sent ist.","link":"https:\/\/blog.zeit.de\/stoerungsmelder\/author\/julianschroeder","slug":"julianschroeder","avatar_urls":{"24":"https:\/\/secure.gravatar.com\/avatar\/44830b5583ed0e2cb7b6aee47f4e809c3bec618439077a569d60ad280f5ac3c8?s=24&d=mm&r=pg","48":"https:\/\/secure.gravatar.com\/avatar\/44830b5583ed0e2cb7b6aee47f4e809c3bec618439077a569d60ad280f5ac3c8?s=48&d=mm&r=pg","96":"https:\/\/secure.gravatar.com\/avatar\/44830b5583ed0e2cb7b6aee47f4e809c3bec618439077a569d60ad280f5ac3c8?s=96&d=mm&r=pg"},"meta":{"jetpack_donation_warning_dismissed":false},"yoast_head":"<!-- This site is optimized with the Yoast SEO plugin v21.0 - https:\/\/yoast.com\/wordpress\/plugins\/seo\/ -->\n<title>Julian Schr\u00f6der, Autor auf St\u00f6rungsmelder<\/title>\n<meta name=\"robots\" content=\"index, follow, max-snippet:-1, max-image-preview:large, max-video-preview:-1\" \/>\n<link rel=\"canonical\" href=\"https:\/\/blog.zeit.de\/stoerungsmelder\/author\/julianschroeder\" \/>\n<meta property=\"og:locale\" content=\"de_DE\" \/>\n<meta property=\"og:type\" content=\"profile\" \/>\n<meta property=\"og:title\" content=\"Julian Schr\u00f6der, Autor auf St\u00f6rungsmelder\" \/>\n<meta property=\"og:url\" content=\"https:\/\/blog.zeit.de\/stoerungsmelder\/author\/julianschroeder\" \/>\n<meta property=\"og:site_name\" content=\"St\u00f6rungsmelder\" \/>\n<meta property=\"og:image\" content=\"https:\/\/secure.gravatar.com\/avatar\/a2df94cb6834920684479be2e5fd92ce?s=500&d=mm&r=pg\" \/>\n<meta name=\"twitter:card\" content=\"summary_large_image\" \/>\n<script type=\"application\/ld+json\" class=\"yoast-schema-graph\">{\"@context\":\"https:\/\/schema.org\",\"@graph\":[{\"@type\":\"ProfilePage\",\"@id\":\"https:\/\/blog.zeit.de\/stoerungsmelder\/author\/julianschroeder\",\"url\":\"https:\/\/blog.zeit.de\/stoerungsmelder\/author\/julianschroeder\",\"name\":\"Julian Schr\u00f6der, Autor auf St\u00f6rungsmelder\",\"isPartOf\":{\"@id\":\"https:\/\/blog.zeit.de\/stoerungsmelder\/#website\"},\"breadcrumb\":{\"@id\":\"https:\/\/blog.zeit.de\/stoerungsmelder\/author\/julianschroeder#breadcrumb\"},\"inLanguage\":\"de\",\"potentialAction\":[{\"@type\":\"ReadAction\",\"target\":[\"https:\/\/blog.zeit.de\/stoerungsmelder\/author\/julianschroeder\"]}]},{\"@type\":\"BreadcrumbList\",\"@id\":\"https:\/\/blog.zeit.de\/stoerungsmelder\/author\/julianschroeder#breadcrumb\",\"itemListElement\":[{\"@type\":\"ListItem\",\"position\":1,\"name\":\"Startseite\",\"item\":\"https:\/\/blog.zeit.de\/stoerungsmelder\"},{\"@type\":\"ListItem\",\"position\":2,\"name\":\"Archive f\u00fcr Julian Schr\u00f6der\"}]},{\"@type\":\"WebSite\",\"@id\":\"https:\/\/blog.zeit.de\/stoerungsmelder\/#website\",\"url\":\"https:\/\/blog.zeit.de\/stoerungsmelder\/\",\"name\":\"St\u00f6rungsmelder\",\"description\":\"Recherchen und Analysen \u00fcber die extreme Rechte\",\"potentialAction\":[{\"@type\":\"SearchAction\",\"target\":{\"@type\":\"EntryPoint\",\"urlTemplate\":\"https:\/\/blog.zeit.de\/stoerungsmelder\/?s={search_term_string}\"},\"query-input\":\"required name=search_term_string\"}],\"inLanguage\":\"de\"},{\"@type\":\"Person\",\"@id\":\"https:\/\/blog.zeit.de\/stoerungsmelder\/#\/schema\/person\/6dde68b2ffc1c76324fac9eb8c0c9ad2\",\"name\":\"Julian Schr\u00f6der\",\"image\":{\"@type\":\"ImageObject\",\"inLanguage\":\"de\",\"@id\":\"https:\/\/blog.zeit.de\/stoerungsmelder\/#\/schema\/person\/image\/\",\"url\":\"https:\/\/secure.gravatar.com\/avatar\/44830b5583ed0e2cb7b6aee47f4e809c3bec618439077a569d60ad280f5ac3c8?s=96&d=mm&r=pg\",\"contentUrl\":\"https:\/\/secure.gravatar.com\/avatar\/44830b5583ed0e2cb7b6aee47f4e809c3bec618439077a569d60ad280f5ac3c8?s=96&d=mm&r=pg\",\"caption\":\"Julian Schr\u00f6der\"},\"description\":\"Ich komme aus dem Ruhrgebiet, bin 22 Jahre alt und habe schon relativ fr\u00fch Kontakt mit rechten Gedanken gehabt. Ich erinnere mich da an einen Jungen in meiner Grundschule, der etwas \u00e4lter als ich war und ein oder zwei Stufen \u00fcber mir war. Immer wieder rief er Parolen wie \\\"Heil Hitler!\\\" oder andere Spr\u00fcche aus der NS-Zeit. Ich hatte \u00fcberhaupt gar keine Ahnung, was er damit sagen wollte. Nat\u00fcrlich nicht. Von Zeit zu Zeit wurde mir dann immer bewusster, was der Typ da f\u00fcr einen Mist redete. Ich fing an mich zu informieren und finde es ziemlich krass, dass auch ziemlich viele normal scheinende Typen immer wieder rechten Dreck von sich geben. Gewollt oder auch nicht. Mit den Artikeln hier will ich also nicht die krassen Nazi-Geschichten mit der ultimativen Gewalt und dem unglaublichsten Hass thematisieren, sondern Alltagsgeschichten schildern in denen das Thema aber genauso pr\u00e4sent ist.\",\"mainEntityOfPage\":{\"@id\":\"https:\/\/blog.zeit.de\/stoerungsmelder\/author\/julianschroeder\"}}]}<\/script>\n<!-- \/ Yoast SEO plugin. -->","yoast_head_json":{"title":"Julian Schr\u00f6der, Autor auf St\u00f6rungsmelder","robots":{"index":"index","follow":"follow","max-snippet":"max-snippet:-1","max-image-preview":"max-image-preview:large","max-video-preview":"max-video-preview:-1"},"canonical":"https:\/\/blog.zeit.de\/stoerungsmelder\/author\/julianschroeder","og_locale":"de_DE","og_type":"profile","og_title":"Julian Schr\u00f6der, Autor auf St\u00f6rungsmelder","og_url":"https:\/\/blog.zeit.de\/stoerungsmelder\/author\/julianschroeder","og_site_name":"St\u00f6rungsmelder","og_image":[{"url":"https:\/\/secure.gravatar.com\/avatar\/a2df94cb6834920684479be2e5fd92ce?s=500&d=mm&r=pg"}],"twitter_card":"summary_large_image","schema":{"@context":"https:\/\/schema.org","@graph":[{"@type":"ProfilePage","@id":"https:\/\/blog.zeit.de\/stoerungsmelder\/author\/julianschroeder","url":"https:\/\/blog.zeit.de\/stoerungsmelder\/author\/julianschroeder","name":"Julian Schr\u00f6der, Autor auf St\u00f6rungsmelder","isPartOf":{"@id":"https:\/\/blog.zeit.de\/stoerungsmelder\/#website"},"breadcrumb":{"@id":"https:\/\/blog.zeit.de\/stoerungsmelder\/author\/julianschroeder#breadcrumb"},"inLanguage":"de","potentialAction":[{"@type":"ReadAction","target":["https:\/\/blog.zeit.de\/stoerungsmelder\/author\/julianschroeder"]}]},{"@type":"BreadcrumbList","@id":"https:\/\/blog.zeit.de\/stoerungsmelder\/author\/julianschroeder#breadcrumb","itemListElement":[{"@type":"ListItem","position":1,"name":"Startseite","item":"https:\/\/blog.zeit.de\/stoerungsmelder"},{"@type":"ListItem","position":2,"name":"Archive f\u00fcr Julian Schr\u00f6der"}]},{"@type":"WebSite","@id":"https:\/\/blog.zeit.de\/stoerungsmelder\/#website","url":"https:\/\/blog.zeit.de\/stoerungsmelder\/","name":"St\u00f6rungsmelder","description":"Recherchen und Analysen \u00fcber die extreme Rechte","potentialAction":[{"@type":"SearchAction","target":{"@type":"EntryPoint","urlTemplate":"https:\/\/blog.zeit.de\/stoerungsmelder\/?s={search_term_string}"},"query-input":"required name=search_term_string"}],"inLanguage":"de"},{"@type":"Person","@id":"https:\/\/blog.zeit.de\/stoerungsmelder\/#\/schema\/person\/6dde68b2ffc1c76324fac9eb8c0c9ad2","name":"Julian Schr\u00f6der","image":{"@type":"ImageObject","inLanguage":"de","@id":"https:\/\/blog.zeit.de\/stoerungsmelder\/#\/schema\/person\/image\/","url":"https:\/\/secure.gravatar.com\/avatar\/44830b5583ed0e2cb7b6aee47f4e809c3bec618439077a569d60ad280f5ac3c8?s=96&d=mm&r=pg","contentUrl":"https:\/\/secure.gravatar.com\/avatar\/44830b5583ed0e2cb7b6aee47f4e809c3bec618439077a569d60ad280f5ac3c8?s=96&d=mm&r=pg","caption":"Julian Schr\u00f6der"},"description":"Ich komme aus dem Ruhrgebiet, bin 22 Jahre alt und habe schon relativ fr\u00fch Kontakt mit rechten Gedanken gehabt. Ich erinnere mich da an einen Jungen in meiner Grundschule, der etwas \u00e4lter als ich war und ein oder zwei Stufen \u00fcber mir war. Immer wieder rief er Parolen wie \"Heil Hitler!\" oder andere Spr\u00fcche aus der NS-Zeit. Ich hatte \u00fcberhaupt gar keine Ahnung, was er damit sagen wollte. Nat\u00fcrlich nicht. Von Zeit zu Zeit wurde mir dann immer bewusster, was der Typ da f\u00fcr einen Mist redete. Ich fing an mich zu informieren und finde es ziemlich krass, dass auch ziemlich viele normal scheinende Typen immer wieder rechten Dreck von sich geben. Gewollt oder auch nicht. Mit den Artikeln hier will ich also nicht die krassen Nazi-Geschichten mit der ultimativen Gewalt und dem unglaublichsten Hass thematisieren, sondern Alltagsgeschichten schildern in denen das Thema aber genauso pr\u00e4sent ist.","mainEntityOfPage":{"@id":"https:\/\/blog.zeit.de\/stoerungsmelder\/author\/julianschroeder"}}]}},"_links":{"self":[{"href":"https:\/\/blog.zeit.de\/stoerungsmelder\/wp-json\/wp\/v2\/users\/352","targetHints":{"allow":["GET"]}}],"collection":[{"href":"https:\/\/blog.zeit.de\/stoerungsmelder\/wp-json\/wp\/v2\/users"}]}}