{"id":569,"name":"Marek Majewsky","url":"","description":"Aufgewachsen in einem kleinen Dorf bei Aachen, habe ich schon fr\u00fch erfahren, wie Neonazis mit Menschen umgehen, die nicht in ihr Weltbild passen. Gerade weil ich aus einer Hochburg der Neonazis komme, habe ich mitbekommen, dass es wichtig ist, sich nicht einsch\u00fcchtern zu lassen und auf deren menschenverachtende Ideologie aufmerksam zu machen. Mittlerweile studiere ich in der N\u00e4he von K\u00f6ln Politikwissenschaften und Geschichte.","link":"https:\/\/blog.zeit.de\/stoerungsmelder\/author\/marek","slug":"marek","avatar_urls":{"24":"https:\/\/secure.gravatar.com\/avatar\/89b55b0902be2a33e5e0f779da3d66f828ec7e35ec4f0b1e8b82784a3a4f562c?s=24&d=mm&r=pg","48":"https:\/\/secure.gravatar.com\/avatar\/89b55b0902be2a33e5e0f779da3d66f828ec7e35ec4f0b1e8b82784a3a4f562c?s=48&d=mm&r=pg","96":"https:\/\/secure.gravatar.com\/avatar\/89b55b0902be2a33e5e0f779da3d66f828ec7e35ec4f0b1e8b82784a3a4f562c?s=96&d=mm&r=pg"},"meta":{"jetpack_donation_warning_dismissed":false},"yoast_head":"<!-- This site is optimized with the Yoast SEO plugin v21.0 - https:\/\/yoast.com\/wordpress\/plugins\/seo\/ -->\n<title>Marek Majewsky, Autor auf St\u00f6rungsmelder<\/title>\n<meta name=\"robots\" content=\"index, follow, max-snippet:-1, max-image-preview:large, max-video-preview:-1\" \/>\n<link rel=\"canonical\" href=\"https:\/\/blog.zeit.de\/stoerungsmelder\/author\/marek\" \/>\n<meta property=\"og:locale\" content=\"de_DE\" \/>\n<meta property=\"og:type\" content=\"profile\" \/>\n<meta property=\"og:title\" content=\"Marek Majewsky, Autor auf St\u00f6rungsmelder\" \/>\n<meta property=\"og:url\" content=\"https:\/\/blog.zeit.de\/stoerungsmelder\/author\/marek\" \/>\n<meta property=\"og:site_name\" content=\"St\u00f6rungsmelder\" \/>\n<meta property=\"og:image\" content=\"https:\/\/secure.gravatar.com\/avatar\/a2b3f07fa4e7a2b14142341a60a6836e?s=500&d=mm&r=pg\" \/>\n<meta name=\"twitter:card\" content=\"summary_large_image\" \/>\n<script type=\"application\/ld+json\" class=\"yoast-schema-graph\">{\"@context\":\"https:\/\/schema.org\",\"@graph\":[{\"@type\":\"ProfilePage\",\"@id\":\"https:\/\/blog.zeit.de\/stoerungsmelder\/author\/marek\",\"url\":\"https:\/\/blog.zeit.de\/stoerungsmelder\/author\/marek\",\"name\":\"Marek Majewsky, Autor auf St\u00f6rungsmelder\",\"isPartOf\":{\"@id\":\"https:\/\/blog.zeit.de\/stoerungsmelder\/#website\"},\"breadcrumb\":{\"@id\":\"https:\/\/blog.zeit.de\/stoerungsmelder\/author\/marek#breadcrumb\"},\"inLanguage\":\"de\",\"potentialAction\":[{\"@type\":\"ReadAction\",\"target\":[\"https:\/\/blog.zeit.de\/stoerungsmelder\/author\/marek\"]}]},{\"@type\":\"BreadcrumbList\",\"@id\":\"https:\/\/blog.zeit.de\/stoerungsmelder\/author\/marek#breadcrumb\",\"itemListElement\":[{\"@type\":\"ListItem\",\"position\":1,\"name\":\"Startseite\",\"item\":\"https:\/\/blog.zeit.de\/stoerungsmelder\"},{\"@type\":\"ListItem\",\"position\":2,\"name\":\"Archive f\u00fcr Marek Majewsky\"}]},{\"@type\":\"WebSite\",\"@id\":\"https:\/\/blog.zeit.de\/stoerungsmelder\/#website\",\"url\":\"https:\/\/blog.zeit.de\/stoerungsmelder\/\",\"name\":\"St\u00f6rungsmelder\",\"description\":\"Recherchen und Analysen \u00fcber die extreme Rechte\",\"potentialAction\":[{\"@type\":\"SearchAction\",\"target\":{\"@type\":\"EntryPoint\",\"urlTemplate\":\"https:\/\/blog.zeit.de\/stoerungsmelder\/?s={search_term_string}\"},\"query-input\":\"required name=search_term_string\"}],\"inLanguage\":\"de\"},{\"@type\":\"Person\",\"@id\":\"https:\/\/blog.zeit.de\/stoerungsmelder\/#\/schema\/person\/dbc8759457f3fd7e8341efd185edaac8\",\"name\":\"Marek Majewsky\",\"image\":{\"@type\":\"ImageObject\",\"inLanguage\":\"de\",\"@id\":\"https:\/\/blog.zeit.de\/stoerungsmelder\/#\/schema\/person\/image\/\",\"url\":\"https:\/\/secure.gravatar.com\/avatar\/89b55b0902be2a33e5e0f779da3d66f828ec7e35ec4f0b1e8b82784a3a4f562c?s=96&d=mm&r=pg\",\"contentUrl\":\"https:\/\/secure.gravatar.com\/avatar\/89b55b0902be2a33e5e0f779da3d66f828ec7e35ec4f0b1e8b82784a3a4f562c?s=96&d=mm&r=pg\",\"caption\":\"Marek Majewsky\"},\"description\":\"Aufgewachsen in einem kleinen Dorf bei Aachen, habe ich schon fr\u00fch erfahren, wie Neonazis mit Menschen umgehen, die nicht in ihr Weltbild passen. Gerade weil ich aus einer Hochburg der Neonazis komme, habe ich mitbekommen, dass es wichtig ist, sich nicht einsch\u00fcchtern zu lassen und auf deren menschenverachtende Ideologie aufmerksam zu machen. Mittlerweile studiere ich in der N\u00e4he von K\u00f6ln Politikwissenschaften und Geschichte.\",\"mainEntityOfPage\":{\"@id\":\"https:\/\/blog.zeit.de\/stoerungsmelder\/author\/marek\"}}]}<\/script>\n<!-- \/ Yoast SEO plugin. -->","yoast_head_json":{"title":"Marek Majewsky, Autor auf St\u00f6rungsmelder","robots":{"index":"index","follow":"follow","max-snippet":"max-snippet:-1","max-image-preview":"max-image-preview:large","max-video-preview":"max-video-preview:-1"},"canonical":"https:\/\/blog.zeit.de\/stoerungsmelder\/author\/marek","og_locale":"de_DE","og_type":"profile","og_title":"Marek Majewsky, Autor auf St\u00f6rungsmelder","og_url":"https:\/\/blog.zeit.de\/stoerungsmelder\/author\/marek","og_site_name":"St\u00f6rungsmelder","og_image":[{"url":"https:\/\/secure.gravatar.com\/avatar\/a2b3f07fa4e7a2b14142341a60a6836e?s=500&d=mm&r=pg"}],"twitter_card":"summary_large_image","schema":{"@context":"https:\/\/schema.org","@graph":[{"@type":"ProfilePage","@id":"https:\/\/blog.zeit.de\/stoerungsmelder\/author\/marek","url":"https:\/\/blog.zeit.de\/stoerungsmelder\/author\/marek","name":"Marek Majewsky, Autor auf St\u00f6rungsmelder","isPartOf":{"@id":"https:\/\/blog.zeit.de\/stoerungsmelder\/#website"},"breadcrumb":{"@id":"https:\/\/blog.zeit.de\/stoerungsmelder\/author\/marek#breadcrumb"},"inLanguage":"de","potentialAction":[{"@type":"ReadAction","target":["https:\/\/blog.zeit.de\/stoerungsmelder\/author\/marek"]}]},{"@type":"BreadcrumbList","@id":"https:\/\/blog.zeit.de\/stoerungsmelder\/author\/marek#breadcrumb","itemListElement":[{"@type":"ListItem","position":1,"name":"Startseite","item":"https:\/\/blog.zeit.de\/stoerungsmelder"},{"@type":"ListItem","position":2,"name":"Archive f\u00fcr Marek Majewsky"}]},{"@type":"WebSite","@id":"https:\/\/blog.zeit.de\/stoerungsmelder\/#website","url":"https:\/\/blog.zeit.de\/stoerungsmelder\/","name":"St\u00f6rungsmelder","description":"Recherchen und Analysen \u00fcber die extreme Rechte","potentialAction":[{"@type":"SearchAction","target":{"@type":"EntryPoint","urlTemplate":"https:\/\/blog.zeit.de\/stoerungsmelder\/?s={search_term_string}"},"query-input":"required name=search_term_string"}],"inLanguage":"de"},{"@type":"Person","@id":"https:\/\/blog.zeit.de\/stoerungsmelder\/#\/schema\/person\/dbc8759457f3fd7e8341efd185edaac8","name":"Marek Majewsky","image":{"@type":"ImageObject","inLanguage":"de","@id":"https:\/\/blog.zeit.de\/stoerungsmelder\/#\/schema\/person\/image\/","url":"https:\/\/secure.gravatar.com\/avatar\/89b55b0902be2a33e5e0f779da3d66f828ec7e35ec4f0b1e8b82784a3a4f562c?s=96&d=mm&r=pg","contentUrl":"https:\/\/secure.gravatar.com\/avatar\/89b55b0902be2a33e5e0f779da3d66f828ec7e35ec4f0b1e8b82784a3a4f562c?s=96&d=mm&r=pg","caption":"Marek Majewsky"},"description":"Aufgewachsen in einem kleinen Dorf bei Aachen, habe ich schon fr\u00fch erfahren, wie Neonazis mit Menschen umgehen, die nicht in ihr Weltbild passen. Gerade weil ich aus einer Hochburg der Neonazis komme, habe ich mitbekommen, dass es wichtig ist, sich nicht einsch\u00fcchtern zu lassen und auf deren menschenverachtende Ideologie aufmerksam zu machen. Mittlerweile studiere ich in der N\u00e4he von K\u00f6ln Politikwissenschaften und Geschichte.","mainEntityOfPage":{"@id":"https:\/\/blog.zeit.de\/stoerungsmelder\/author\/marek"}}]}},"_links":{"self":[{"href":"https:\/\/blog.zeit.de\/stoerungsmelder\/wp-json\/wp\/v2\/users\/569","targetHints":{"allow":["GET"]}}],"collection":[{"href":"https:\/\/blog.zeit.de\/stoerungsmelder\/wp-json\/wp\/v2\/users"}]}}