{"id":1358,"date":"2015-07-18T18:09:21","date_gmt":"2015-07-18T16:09:21","guid":{"rendered":"http:\/\/blog.zeit.de\/stufenlos\/?p=1358"},"modified":"2015-09-17T14:57:35","modified_gmt":"2015-09-17T12:57:35","slug":"der-baerendienst-von-monica-lierhaus","status":"publish","type":"post","link":"https:\/\/blog.zeit.de\/stufenlos\/2015\/07\/18\/der-baerendienst-von-monica-lierhaus\/","title":{"rendered":"Der B\u00e4rendienst von Monica Lierhaus"},"content":{"rendered":"<p><figure id=\"attachment_1368\" aria-describedby=\"caption-attachment-1368\" style=\"width: 640px\" class=\"wp-caption aligncenter\"><img loading=\"lazy\" decoding=\"async\" class=\"wp-image-1368 size-large\" src=\"https:\/\/blog.zeit.de\/stufenlos\/files\/2015\/07\/58199772-1024x725.jpg\" alt=\"Der B\u00e4rendienst von Monica Lierhaus\" width=\"640\" height=\"453\" srcset=\"https:\/\/blog.zeit.de\/stufenlos\/files\/2015\/07\/58199772-1024x725.jpg 1024w, https:\/\/blog.zeit.de\/stufenlos\/files\/2015\/07\/58199772-580x410.jpg 580w\" sizes=\"auto, (max-width: 640px) 100vw, 640px\" \/><figcaption id=\"caption-attachment-1368\" class=\"wp-caption-text\">TV-Moderatorin Monica Lierhaus (Archivbild Daniel Reinhardt\/dpa)<\/figcaption><\/figure><\/p>\n<p>Das<a href=\"http:\/\/www.spiegel.de\/panorama\/leute\/monica-lierhaus-bereut-lebensrettende-op-a-1044130.html\"> Interview mit Monica Lierhaus <\/a>war keine Stunde alt, da hatte ich schon Nachrichten von drei verschiedenen Freunden und Bekannten bekommen, die sich dar\u00fcber aufregten. Nur eine Freundin wollte sich nicht aufregen. Sie hatte nur die \u00dcberschrift gelesen und fragte, ob sie den Rest noch lesen soll.<br \/>\n<!--more--><\/p>\n<h3>Lebenswert infrage gestellt<\/h3>\n<p>Ich wollte eigentlich auch schon nach der \u00dcberschrift aufh\u00f6ren zu lesen, denn es war klar, was kommen w\u00fcrde: Eine neu-behinderte Prominente w\u00fcrde lieber nicht leben. Monica Lierhaus stellt damit nicht nur den Wert ihres eigenen Lebens, sondern auch den anderer behinderter Menschen mit \u00e4hnlichen Erfahrungen infrage.<\/p>\n<p>Monica Lierhaus moderierte fr\u00fcher die <em>Sportschau<\/em> und <em>ran<\/em>. Doch wegen eines Aneurysmas musste sie am Kopf operiert werden, lag danach monatelang im Koma. Sie musste das Sprechen und Laufen wieder lernen. Bis heute f\u00e4llt ihr das Laufen schwer. &#8222;Meine Gangart nervt mich nach wie vor sehr&#8220;, sagte sie in dem Interview mit dem <em>Redaktionsnetzwerk Deutschland<\/em>. Aber sie sei &#8222;zu 85 Prozent&#8220; wieder hergestellt.<\/p>\n<p>Weiter sagte sie, heute w\u00fcrde sie sich nicht noch einmal f\u00fcr die lebensrettende OP entscheiden. Auf die Bemerkung, dass sie dann heute nicht mehr leben w\u00fcrde, sagte Lierhaus: <em>&#8222;<\/em>Egal. Dann w\u00e4re mir vieles erspart geblieben.<em>&#8222;<\/em><\/p>\n<h3>Vorurteile best\u00e4tigt<\/h3>\n<p>Wenn sich prominente behinderte Menschen in dieser Weise \u00e4u\u00dfern, geht das keinesfalls folgenlos an anderen behinderten Menschen vor\u00fcber. Wer t\u00e4glich gegen das Vorurteil k\u00e4mpft, dass das Leben mit einer Behinderung nicht lebenswert oder zumindest bemitleidenswert sei, dem hat Monica Lierhaus einen B\u00e4rendienst erwiesen.<\/p>\n<p>Da arbeiten Tausende behinderte Menschen tagt\u00e4glich in ihrem pers\u00f6nlichen Umfeld daran, Vorurteile abzubauen, Mitleid abzuwehren, Aufkl\u00e4rungsarbeit zu leisten und der Welt zu erkl\u00e4ren, dass auch ein Leben mit einer Behinderung lebenswert ist. Und dann gibt eine Prominente wie Monica Lierhaus so ein Interview und \u00fcberrollt damit die Sisyphusarbeit, die t\u00e4glich von vielen behinderten Menschen geleistet wird.<\/p>\n<p>Nun kann man sich auf den Standpunkt stellen, Monica Lierhaus habe nur ihre pers\u00f6nliche Geschichte erz\u00e4hlt. Nur sie allein h\u00e4tte sich die letzten Jahre lieber erspart. Das Problem ist, dass Prominente wie Lierhaus ihre eigene Haltung in der \u00d6ffentlichkeit salonf\u00e4hig machen und vielleicht sogar popul\u00e4r.<\/p>\n<p>Aber ist es wirklich besser, Menschen mit Aneurysma nicht zu operieren, weil sie am Ende Beeintr\u00e4chtigungen wie die von Monica Lierhaus zur\u00fcckbehalten k\u00f6nnten? Viele Menschen, die darunter leiden, werden das emp\u00f6rt zur\u00fcckweisen. Die meisten sind froh, diese Arterienerweiterung \u00fcberlebt zu haben, selbst wenn sie danach nicht wieder in ihrem Beruf arbeiten k\u00f6nnen oder auf fremde Hilfe angewiesen sind. Aber sie leben und sind dankbar daf\u00fcr. Monica Lierhaus kann sogar wieder <a href=\"http:\/\/www.spiegel.de\/kultur\/tv\/tv-rueckkehr-ard-fernsehlotterie-zahlt-lierhaus-450-000-euro-pro-jahr-a-745229.html\">hochdotierte Moderationst\u00e4tigkeiten<\/a> annehmen. Das sei ihr absolut geg\u00f6nnt, macht aber ihre Aussage, dass sie sich nicht wieder operieren lassen w\u00fcrde, noch schockierender.<\/p>\n<h3>Ich wollte so nicht leben<\/h3>\n<p><em>&#8222;<\/em>Ich in deiner Situation wollte so nicht leben<em>&#8222;<\/em> \u2013 diesen Satz haben wohl viele behinderte Menschen so oder \u00e4hnlich schon einmal geh\u00f6rt. Manchmal steckt dahinter Bewunderung, die leider falsch transportiert wird. Manchmal aber auch ein sehr erniedrigendes &#8222;von oben Herabschauen&#8220; auf Menschen mit Behinderungen. Die Einstellung r\u00fchrt meist aus v\u00f6llig falschen Vorstellungen wie das Leben als behinderter Mensch wirklich ist. Oft transportieren Medien diese Vorurteile und viele Menschen machen sich ihre Bild \u00fcber behinderte Menschen ausschlie\u00dflich \u00fcber die Medien. Einige werden glauben: Wenn selbst so jemand wie Lierhaus jammert, wie schlecht muss es dann den anderen gehen?<\/p>\n<p>Monica Lierhaus kann \u00fcber ihr Leben denken, wie sie m\u00f6chte. Aber indem sie ihre negative Einstellung in die Welt hinausposaunt, transportiert sie ein Bild, das Menschen in einer \u00e4hnlichen Situation mehr schadet als nutzt.<\/p>\n","protected":false},"excerpt":{"rendered":"<p>Das Interview mit Monica Lierhaus war keine Stunde alt, da hatte ich schon Nachrichten von drei verschiedenen Freunden und Bekannten bekommen, die sich dar\u00fcber aufregten. Nur eine Freundin wollte sich nicht aufregen. Sie hatte nur die \u00dcberschrift gelesen und fragte, ob sie den Rest noch lesen soll.<\/p>\n","protected":false},"author":519,"featured_media":0,"comment_status":"open","ping_status":"open","sticky":false,"template":"","format":"standard","meta":{"_jetpack_memberships_contains_paid_content":false,"footnotes":""},"categories":[12992,86,943],"tags":[],"class_list":["post-1358","post","type-post","status-publish","format-standard","hentry","category-inklusion","category-kultur","category-medien"],"yoast_head":"<!-- This site is optimized with the Yoast SEO plugin v21.0 - https:\/\/yoast.com\/wordpress\/plugins\/seo\/ -->\n<title>Der B\u00e4rendienst von Monica Lierhaus - Stufenlos<\/title>\n<meta name=\"description\" content=\"Monica Lierhaus stellt nicht nur den Wert ihres eigenen Lebens, sondern auch den anderer behinderter Menschen in Frage.\" \/>\n<meta name=\"robots\" content=\"index, follow, max-snippet:-1, max-image-preview:large, max-video-preview:-1\" \/>\n<link rel=\"canonical\" href=\"https:\/\/blog.zeit.de\/stufenlos\/2015\/07\/18\/der-baerendienst-von-monica-lierhaus\/\" \/>\n<meta property=\"og:locale\" content=\"de_DE\" \/>\n<meta property=\"og:type\" content=\"article\" \/>\n<meta property=\"og:title\" content=\"Der B\u00e4rendienst von Monica Lierhaus - Stufenlos\" \/>\n<meta property=\"og:description\" content=\"Monica Lierhaus stellt nicht nur den Wert ihres eigenen Lebens, sondern auch den anderer behinderter Menschen in Frage.\" \/>\n<meta property=\"og:url\" content=\"https:\/\/blog.zeit.de\/stufenlos\/2015\/07\/18\/der-baerendienst-von-monica-lierhaus\/\" \/>\n<meta property=\"og:site_name\" content=\"Stufenlos\" \/>\n<meta property=\"article:published_time\" content=\"2015-07-18T16:09:21+00:00\" \/>\n<meta property=\"article:modified_time\" content=\"2015-09-17T12:57:35+00:00\" \/>\n<meta property=\"og:image\" content=\"https:\/\/blog.zeit.de\/stufenlos\/files\/2015\/07\/58199772.jpg\" \/>\n\t<meta property=\"og:image:width\" content=\"2879\" \/>\n\t<meta property=\"og:image:height\" content=\"2037\" \/>\n\t<meta property=\"og:image:type\" content=\"image\/jpeg\" \/>\n<meta name=\"author\" content=\"Christiane Link\" \/>\n<meta name=\"twitter:card\" content=\"summary_large_image\" \/>\n<meta name=\"twitter:creator\" content=\"@Christiane\" \/>\n<meta name=\"twitter:site\" content=\"@zeitonline\" \/>\n<meta name=\"twitter:label1\" content=\"Geschrieben von\" \/>\n\t<meta name=\"twitter:data1\" content=\"Christiane Link\" \/>\n\t<meta name=\"twitter:label2\" content=\"Gesch\u00e4tzte Lesezeit\" \/>\n\t<meta name=\"twitter:data2\" content=\"3\u00a0Minuten\" \/>\n<script type=\"application\/ld+json\" class=\"yoast-schema-graph\">{\"@context\":\"https:\/\/schema.org\",\"@graph\":[{\"@type\":\"WebPage\",\"@id\":\"https:\/\/blog.zeit.de\/stufenlos\/2015\/07\/18\/der-baerendienst-von-monica-lierhaus\/\",\"url\":\"https:\/\/blog.zeit.de\/stufenlos\/2015\/07\/18\/der-baerendienst-von-monica-lierhaus\/\",\"name\":\"Der B\u00e4rendienst von Monica Lierhaus - Stufenlos\",\"isPartOf\":{\"@id\":\"https:\/\/blog.zeit.de\/stufenlos\/#website\"},\"datePublished\":\"2015-07-18T16:09:21+00:00\",\"dateModified\":\"2015-09-17T12:57:35+00:00\",\"author\":{\"@id\":\"https:\/\/blog.zeit.de\/stufenlos\/#\/schema\/person\/9e6e139c14c2c2038e1fe4e94f17067d\"},\"description\":\"Monica Lierhaus stellt nicht nur den Wert ihres eigenen Lebens, sondern auch den anderer behinderter Menschen in Frage.\",\"breadcrumb\":{\"@id\":\"https:\/\/blog.zeit.de\/stufenlos\/2015\/07\/18\/der-baerendienst-von-monica-lierhaus\/#breadcrumb\"},\"inLanguage\":\"de\",\"potentialAction\":[{\"@type\":\"ReadAction\",\"target\":[\"https:\/\/blog.zeit.de\/stufenlos\/2015\/07\/18\/der-baerendienst-von-monica-lierhaus\/\"]}]},{\"@type\":\"BreadcrumbList\",\"@id\":\"https:\/\/blog.zeit.de\/stufenlos\/2015\/07\/18\/der-baerendienst-von-monica-lierhaus\/#breadcrumb\",\"itemListElement\":[{\"@type\":\"ListItem\",\"position\":1,\"name\":\"Startseite\",\"item\":\"https:\/\/blog.zeit.de\/stufenlos\/\"},{\"@type\":\"ListItem\",\"position\":2,\"name\":\"Der B\u00e4rendienst von Monica Lierhaus\"}]},{\"@type\":\"WebSite\",\"@id\":\"https:\/\/blog.zeit.de\/stufenlos\/#website\",\"url\":\"https:\/\/blog.zeit.de\/stufenlos\/\",\"name\":\"Stufenlos\",\"description\":\"Blog zur Barrierefreiheit und Inklusion\",\"potentialAction\":[{\"@type\":\"SearchAction\",\"target\":{\"@type\":\"EntryPoint\",\"urlTemplate\":\"https:\/\/blog.zeit.de\/stufenlos\/?s={search_term_string}\"},\"query-input\":\"required name=search_term_string\"}],\"inLanguage\":\"de\"},{\"@type\":\"Person\",\"@id\":\"https:\/\/blog.zeit.de\/stufenlos\/#\/schema\/person\/9e6e139c14c2c2038e1fe4e94f17067d\",\"name\":\"Christiane Link\",\"sameAs\":[\"https:\/\/twitter.com\/Christiane\"],\"url\":\"https:\/\/blog.zeit.de\/stufenlos\/author\/clink\/\"}]}<\/script>\n<!-- \/ Yoast SEO plugin. -->","yoast_head_json":{"title":"Der B\u00e4rendienst von Monica Lierhaus - Stufenlos","description":"Monica Lierhaus stellt nicht nur den Wert ihres eigenen Lebens, sondern auch den anderer behinderter Menschen in Frage.","robots":{"index":"index","follow":"follow","max-snippet":"max-snippet:-1","max-image-preview":"max-image-preview:large","max-video-preview":"max-video-preview:-1"},"canonical":"https:\/\/blog.zeit.de\/stufenlos\/2015\/07\/18\/der-baerendienst-von-monica-lierhaus\/","og_locale":"de_DE","og_type":"article","og_title":"Der B\u00e4rendienst von Monica Lierhaus - Stufenlos","og_description":"Monica Lierhaus stellt nicht nur den Wert ihres eigenen Lebens, sondern auch den anderer behinderter Menschen in Frage.","og_url":"https:\/\/blog.zeit.de\/stufenlos\/2015\/07\/18\/der-baerendienst-von-monica-lierhaus\/","og_site_name":"Stufenlos","article_published_time":"2015-07-18T16:09:21+00:00","article_modified_time":"2015-09-17T12:57:35+00:00","og_image":[{"width":2879,"height":2037,"url":"https:\/\/blog.zeit.de\/stufenlos\/files\/2015\/07\/58199772.jpg","type":"image\/jpeg"}],"author":"Christiane Link","twitter_card":"summary_large_image","twitter_creator":"@Christiane","twitter_site":"@zeitonline","twitter_misc":{"Geschrieben von":"Christiane Link","Gesch\u00e4tzte Lesezeit":"3\u00a0Minuten"},"schema":{"@context":"https:\/\/schema.org","@graph":[{"@type":"WebPage","@id":"https:\/\/blog.zeit.de\/stufenlos\/2015\/07\/18\/der-baerendienst-von-monica-lierhaus\/","url":"https:\/\/blog.zeit.de\/stufenlos\/2015\/07\/18\/der-baerendienst-von-monica-lierhaus\/","name":"Der B\u00e4rendienst von Monica Lierhaus - Stufenlos","isPartOf":{"@id":"https:\/\/blog.zeit.de\/stufenlos\/#website"},"datePublished":"2015-07-18T16:09:21+00:00","dateModified":"2015-09-17T12:57:35+00:00","author":{"@id":"https:\/\/blog.zeit.de\/stufenlos\/#\/schema\/person\/9e6e139c14c2c2038e1fe4e94f17067d"},"description":"Monica Lierhaus stellt nicht nur den Wert ihres eigenen Lebens, sondern auch den anderer behinderter Menschen in Frage.","breadcrumb":{"@id":"https:\/\/blog.zeit.de\/stufenlos\/2015\/07\/18\/der-baerendienst-von-monica-lierhaus\/#breadcrumb"},"inLanguage":"de","potentialAction":[{"@type":"ReadAction","target":["https:\/\/blog.zeit.de\/stufenlos\/2015\/07\/18\/der-baerendienst-von-monica-lierhaus\/"]}]},{"@type":"BreadcrumbList","@id":"https:\/\/blog.zeit.de\/stufenlos\/2015\/07\/18\/der-baerendienst-von-monica-lierhaus\/#breadcrumb","itemListElement":[{"@type":"ListItem","position":1,"name":"Startseite","item":"https:\/\/blog.zeit.de\/stufenlos\/"},{"@type":"ListItem","position":2,"name":"Der B\u00e4rendienst von Monica Lierhaus"}]},{"@type":"WebSite","@id":"https:\/\/blog.zeit.de\/stufenlos\/#website","url":"https:\/\/blog.zeit.de\/stufenlos\/","name":"Stufenlos","description":"Blog zur Barrierefreiheit und Inklusion","potentialAction":[{"@type":"SearchAction","target":{"@type":"EntryPoint","urlTemplate":"https:\/\/blog.zeit.de\/stufenlos\/?s={search_term_string}"},"query-input":"required name=search_term_string"}],"inLanguage":"de"},{"@type":"Person","@id":"https:\/\/blog.zeit.de\/stufenlos\/#\/schema\/person\/9e6e139c14c2c2038e1fe4e94f17067d","name":"Christiane Link","sameAs":["https:\/\/twitter.com\/Christiane"],"url":"https:\/\/blog.zeit.de\/stufenlos\/author\/clink\/"}]}},"jetpack_featured_media_url":"","jetpack_sharing_enabled":true,"_links":{"self":[{"href":"https:\/\/blog.zeit.de\/stufenlos\/wp-json\/wp\/v2\/posts\/1358","targetHints":{"allow":["GET"]}}],"collection":[{"href":"https:\/\/blog.zeit.de\/stufenlos\/wp-json\/wp\/v2\/posts"}],"about":[{"href":"https:\/\/blog.zeit.de\/stufenlos\/wp-json\/wp\/v2\/types\/post"}],"author":[{"embeddable":true,"href":"https:\/\/blog.zeit.de\/stufenlos\/wp-json\/wp\/v2\/users\/519"}],"replies":[{"embeddable":true,"href":"https:\/\/blog.zeit.de\/stufenlos\/wp-json\/wp\/v2\/comments?post=1358"}],"version-history":[{"count":16,"href":"https:\/\/blog.zeit.de\/stufenlos\/wp-json\/wp\/v2\/posts\/1358\/revisions"}],"predecessor-version":[{"id":1580,"href":"https:\/\/blog.zeit.de\/stufenlos\/wp-json\/wp\/v2\/posts\/1358\/revisions\/1580"}],"wp:attachment":[{"href":"https:\/\/blog.zeit.de\/stufenlos\/wp-json\/wp\/v2\/media?parent=1358"}],"wp:term":[{"taxonomy":"category","embeddable":true,"href":"https:\/\/blog.zeit.de\/stufenlos\/wp-json\/wp\/v2\/categories?post=1358"},{"taxonomy":"post_tag","embeddable":true,"href":"https:\/\/blog.zeit.de\/stufenlos\/wp-json\/wp\/v2\/tags?post=1358"}],"curies":[{"name":"wp","href":"https:\/\/api.w.org\/{rel}","templated":true}]}}