{"id":1402,"date":"2015-08-08T21:05:56","date_gmt":"2015-08-08T19:05:56","guid":{"rendered":"http:\/\/blog.zeit.de\/stufenlos\/?p=1402"},"modified":"2015-09-17T14:56:08","modified_gmt":"2015-09-17T12:56:08","slug":"das-tattoo-eines-vaters-geht-um-die-welt","status":"publish","type":"post","link":"https:\/\/blog.zeit.de\/stufenlos\/2015\/08\/08\/das-tattoo-eines-vaters-geht-um-die-welt\/","title":{"rendered":"Das Tattoo eines Vaters geht um die Welt"},"content":{"rendered":"<p><span lang=\"en\">Alistair Campbell<\/span> lebt in Neuseeland. Seine Tochter Charlotte ist geh\u00f6rlos und hat gerade ihr zweites Cochlear-Implantat (CI) bekommen. Ein CI ist eine elektronische Innenohrprothese. Sie wandelt Schall in elektrische Impulse um, durch die der H\u00f6rnerv im Innenohr stimuliert wird, um die H\u00f6rf\u00e4higkeit zu verbessern. Damit sich die 6-J\u00e4hrige mit ihren CIs nicht komisch vorkommt, hat ihr Vater sich jetzt etwas besonders einfallen lassen: Er hat sich ein CI auf seinen Kopf t\u00e4towieren lassen. Ein Bild seines Tattoos zusammen mit dem &#8222;Original&#8220;-CI seiner Tochter wurde weltweit tausende Male geteilt.<\/p>\n<p><figure id=\"attachment_1404\" aria-describedby=\"caption-attachment-1404\" style=\"width: 640px\" class=\"wp-caption aligncenter\"><a href=\"https:\/\/blog.zeit.de\/stufenlos\/files\/2015\/08\/alistaircampbell.jpg\"><img loading=\"lazy\" decoding=\"async\" class=\"wp-image-1404 size-large\" src=\"https:\/\/blog.zeit.de\/stufenlos\/files\/2015\/08\/alistaircampbell-1024x683.jpg\" alt=\"CI-Tattoo\" width=\"640\" height=\"427\" srcset=\"https:\/\/blog.zeit.de\/stufenlos\/files\/2015\/08\/alistaircampbell-1024x683.jpg 1024w, https:\/\/blog.zeit.de\/stufenlos\/files\/2015\/08\/alistaircampbell-580x387.jpg 580w, https:\/\/blog.zeit.de\/stufenlos\/files\/2015\/08\/alistaircampbell.jpg 1368w\" sizes=\"auto, (max-width: 640px) 100vw, 640px\" \/><\/a><figcaption id=\"caption-attachment-1404\" class=\"wp-caption-text\">Bild: Alistair Campbell<\/figcaption><\/figure><\/p>\n<p><!--more--><\/p>\n<p>&#8222;Ich habe so viele Medienanfragen. Ich komme schon gar nicht mehr hinterher sie alle zu beantworten,&#8220; schrieb mir Alistair als ich ihn auf Facebook kontaktierte. Dabei wollte er nur seiner Tochter zeigen, dass sie nicht die Einzige ist, die ein komisches Ger\u00e4t am Kopf hat. Es ist das erste Tattoo des Neuseel\u00e4nders, f\u00fcr das er sich auch noch den Kopf rasieren lie\u00df. &#8222;Ich habe das aus Liebe zu ihr getan&#8220;, <a href=\"http:\/\/www.nzherald.co.nz\/lifestyle\/news\/article.cfm?c_id=6&amp;objectid=11492870\">sagte Alistair der Zeitung <em>&#8222;NZ Herald<\/em>&#8222;.<\/a> Er werde seine Haare wieder wachsen lassen, aber wann immer seine Tochter es sehen wolle oder zu besonderen Anl\u00e4ssen, werde er die Haare wieder abrasieren.<\/p>\n<h3>Tattoo aus Liebe zur Tochter<\/h3>\n<p>Er habe eine sehr enge Beziehung zu seiner Tochter und dachte sich, dass es irgendwie passen w\u00fcrde, sich so ein Tattoo stechen zu lassen, sagte er. &#8222;Wenn sie \u00e4lter wird, wird sie die Liebe, die dahintersteckt, verstehen.&#8220;<\/p>\n<p>Charlottes Mutter tr\u00e4gt selbst ein CI und Charlottes \u00e4lterer Bruder tr\u00e4gt H\u00f6rger\u00e4te. Die Familie war also nicht besonders \u00fcberrascht, dass auch Charlotte geh\u00f6rlos ist. Charlotte lachte als sie das Tattoo ihres Vaters zum ersten Mal sah und fasste es ungl\u00e4ubig an, aber fand es &#8222;cool&#8220;.<\/p>\n<p>Auf Twitter und Facebook wurde das Bild von Vater und Tochter bereits tausende Male geteilt. Menschen aus der ganzen Welt gratulieren Alistair zu seinem Tattoo.<\/p>\n<h3>Tattoos in Blindenschrift<\/h3>\n<p>Es gibt \u00fcbrigens noch mehr Tattoos zum Thema Behinderung. Auf Pinterest gibt es <a href=\"https:\/\/www.pinterest.com\/boatfullofjoy\/tattoos-about-disability\/\">eine ganze Sammlung dazu<\/a>. Auch Braille als Tattoo-Schriftart erfreut sich zunehmender Beliebtheit und das obwohl &#8211; oder vielleicht sogar weil &#8211; die Mehrheit der Betrachter nicht lesen kann, was dort \u00fcberhaupt geschrieben steht. <a href=\"https:\/\/www.pinterest.com\/explore\/braille-tattoo\/\">Eine Sammlung von Braille-Tattoos gibt es hier<\/a>.<\/p>\n<p>Es gibt sogar Braille-Tattoos, die wie die Brailleschrift auf Papier oder auf Schildern, erhaben sind. Die Punkte sind also f\u00fchlbar. So k\u00f6nnen blinde Menschen das Tattoo lesen. Ich finde allerdings, dass das weder nett anzusehen ist noch m\u00f6chte ich mir die Prozedur vorstellen, so etwas unter die Haut zu kriegen. Aber das ist nat\u00fcrlich Geschmacksache. <a href=\"http:\/\/www.th-ink.co.uk\/2015\/07\/15\/braille-tattoos\/\">Kleine Kugeln werden daf\u00fcr unter die Haut gebracht<\/a> und bilden dann die Punkte der Brailleschrift. Mich schmerzt allein schon der Gedanke daran. Und ich bin sicher, dass die meisten blinden Menschen gut damit leben k\u00f6nnen, Tattoos von Menschen in ihrer Umgebung nicht zu lesen und zu bef\u00fchlen.<\/p>\n","protected":false},"excerpt":{"rendered":"<p>Alistair Campbell lebt in Neuseeland. Seine Tochter Charlotte ist geh\u00f6rlos und hat gerade ihr zweites Cochlear-Implantat (CI) bekommen. Ein CI ist eine elektronische Innenohrprothese. Sie wandelt Schall in elektrische Impulse um, durch die der H\u00f6rnerv im Innenohr stimuliert wird, um die H\u00f6rf\u00e4higkeit zu verbessern. Damit sich die 6-J\u00e4hrige mit ihren CIs nicht komisch vorkommt, hat [&hellip;]<\/p>\n","protected":false},"author":519,"featured_media":0,"comment_status":"open","ping_status":"open","sticky":false,"template":"","format":"standard","meta":{"_jetpack_memberships_contains_paid_content":false,"footnotes":""},"categories":[16,1352,12992,86],"tags":[],"class_list":["post-1402","post","type-post","status-publish","format-standard","hentry","category-allgemein","category-design","category-inklusion","category-kultur"],"yoast_head":"<!-- This site is optimized with the Yoast SEO plugin v21.0 - https:\/\/yoast.com\/wordpress\/plugins\/seo\/ -->\n<title>Das Tattoo eines Vaters geht um die Welt - Stufenlos<\/title>\n<meta name=\"robots\" content=\"index, follow, max-snippet:-1, max-image-preview:large, max-video-preview:-1\" \/>\n<link rel=\"canonical\" href=\"https:\/\/blog.zeit.de\/stufenlos\/2015\/08\/08\/das-tattoo-eines-vaters-geht-um-die-welt\/\" \/>\n<meta property=\"og:locale\" content=\"de_DE\" \/>\n<meta property=\"og:type\" content=\"article\" \/>\n<meta property=\"og:title\" content=\"Das Tattoo eines Vaters geht um die Welt - Stufenlos\" \/>\n<meta property=\"og:description\" content=\"Alistair Campbell lebt in Neuseeland. Seine Tochter Charlotte ist geh\u00f6rlos und hat gerade ihr zweites Cochlear-Implantat (CI) bekommen. Ein CI ist eine elektronische Innenohrprothese. Sie wandelt Schall in elektrische Impulse um, durch die der H\u00f6rnerv im Innenohr stimuliert wird, um die H\u00f6rf\u00e4higkeit zu verbessern. Damit sich die 6-J\u00e4hrige mit ihren CIs nicht komisch vorkommt, hat [&hellip;]\" \/>\n<meta property=\"og:url\" content=\"https:\/\/blog.zeit.de\/stufenlos\/2015\/08\/08\/das-tattoo-eines-vaters-geht-um-die-welt\/\" \/>\n<meta property=\"og:site_name\" content=\"Stufenlos\" \/>\n<meta property=\"article:published_time\" content=\"2015-08-08T19:05:56+00:00\" \/>\n<meta property=\"article:modified_time\" content=\"2015-09-17T12:56:08+00:00\" \/>\n<meta property=\"og:image\" content=\"https:\/\/blog.zeit.de\/stufenlos\/files\/2015\/08\/alistaircampbell-1024x683.jpg\" \/>\n<meta name=\"author\" content=\"Christiane Link\" \/>\n<meta name=\"twitter:card\" content=\"summary_large_image\" \/>\n<meta name=\"twitter:creator\" content=\"@Christiane\" \/>\n<meta name=\"twitter:site\" content=\"@zeitonline\" \/>\n<meta name=\"twitter:label1\" content=\"Geschrieben von\" \/>\n\t<meta name=\"twitter:data1\" content=\"Christiane Link\" \/>\n\t<meta name=\"twitter:label2\" content=\"Gesch\u00e4tzte Lesezeit\" \/>\n\t<meta name=\"twitter:data2\" content=\"2\u00a0Minuten\" \/>\n<script type=\"application\/ld+json\" class=\"yoast-schema-graph\">{\"@context\":\"https:\/\/schema.org\",\"@graph\":[{\"@type\":\"WebPage\",\"@id\":\"https:\/\/blog.zeit.de\/stufenlos\/2015\/08\/08\/das-tattoo-eines-vaters-geht-um-die-welt\/\",\"url\":\"https:\/\/blog.zeit.de\/stufenlos\/2015\/08\/08\/das-tattoo-eines-vaters-geht-um-die-welt\/\",\"name\":\"Das Tattoo eines Vaters geht um die Welt - Stufenlos\",\"isPartOf\":{\"@id\":\"https:\/\/blog.zeit.de\/stufenlos\/#website\"},\"datePublished\":\"2015-08-08T19:05:56+00:00\",\"dateModified\":\"2015-09-17T12:56:08+00:00\",\"author\":{\"@id\":\"https:\/\/blog.zeit.de\/stufenlos\/#\/schema\/person\/9e6e139c14c2c2038e1fe4e94f17067d\"},\"breadcrumb\":{\"@id\":\"https:\/\/blog.zeit.de\/stufenlos\/2015\/08\/08\/das-tattoo-eines-vaters-geht-um-die-welt\/#breadcrumb\"},\"inLanguage\":\"de\",\"potentialAction\":[{\"@type\":\"ReadAction\",\"target\":[\"https:\/\/blog.zeit.de\/stufenlos\/2015\/08\/08\/das-tattoo-eines-vaters-geht-um-die-welt\/\"]}]},{\"@type\":\"BreadcrumbList\",\"@id\":\"https:\/\/blog.zeit.de\/stufenlos\/2015\/08\/08\/das-tattoo-eines-vaters-geht-um-die-welt\/#breadcrumb\",\"itemListElement\":[{\"@type\":\"ListItem\",\"position\":1,\"name\":\"Startseite\",\"item\":\"https:\/\/blog.zeit.de\/stufenlos\/\"},{\"@type\":\"ListItem\",\"position\":2,\"name\":\"Das Tattoo eines Vaters geht um die Welt\"}]},{\"@type\":\"WebSite\",\"@id\":\"https:\/\/blog.zeit.de\/stufenlos\/#website\",\"url\":\"https:\/\/blog.zeit.de\/stufenlos\/\",\"name\":\"Stufenlos\",\"description\":\"Blog zur Barrierefreiheit und Inklusion\",\"potentialAction\":[{\"@type\":\"SearchAction\",\"target\":{\"@type\":\"EntryPoint\",\"urlTemplate\":\"https:\/\/blog.zeit.de\/stufenlos\/?s={search_term_string}\"},\"query-input\":\"required name=search_term_string\"}],\"inLanguage\":\"de\"},{\"@type\":\"Person\",\"@id\":\"https:\/\/blog.zeit.de\/stufenlos\/#\/schema\/person\/9e6e139c14c2c2038e1fe4e94f17067d\",\"name\":\"Christiane Link\",\"sameAs\":[\"https:\/\/twitter.com\/Christiane\"],\"url\":\"https:\/\/blog.zeit.de\/stufenlos\/author\/clink\/\"}]}<\/script>\n<!-- \/ Yoast SEO plugin. -->","yoast_head_json":{"title":"Das Tattoo eines Vaters geht um die Welt - Stufenlos","robots":{"index":"index","follow":"follow","max-snippet":"max-snippet:-1","max-image-preview":"max-image-preview:large","max-video-preview":"max-video-preview:-1"},"canonical":"https:\/\/blog.zeit.de\/stufenlos\/2015\/08\/08\/das-tattoo-eines-vaters-geht-um-die-welt\/","og_locale":"de_DE","og_type":"article","og_title":"Das Tattoo eines Vaters geht um die Welt - Stufenlos","og_description":"Alistair Campbell lebt in Neuseeland. Seine Tochter Charlotte ist geh\u00f6rlos und hat gerade ihr zweites Cochlear-Implantat (CI) bekommen. Ein CI ist eine elektronische Innenohrprothese. Sie wandelt Schall in elektrische Impulse um, durch die der H\u00f6rnerv im Innenohr stimuliert wird, um die H\u00f6rf\u00e4higkeit zu verbessern. Damit sich die 6-J\u00e4hrige mit ihren CIs nicht komisch vorkommt, hat [&hellip;]","og_url":"https:\/\/blog.zeit.de\/stufenlos\/2015\/08\/08\/das-tattoo-eines-vaters-geht-um-die-welt\/","og_site_name":"Stufenlos","article_published_time":"2015-08-08T19:05:56+00:00","article_modified_time":"2015-09-17T12:56:08+00:00","og_image":[{"url":"https:\/\/blog.zeit.de\/stufenlos\/files\/2015\/08\/alistaircampbell-1024x683.jpg"}],"author":"Christiane Link","twitter_card":"summary_large_image","twitter_creator":"@Christiane","twitter_site":"@zeitonline","twitter_misc":{"Geschrieben von":"Christiane Link","Gesch\u00e4tzte Lesezeit":"2\u00a0Minuten"},"schema":{"@context":"https:\/\/schema.org","@graph":[{"@type":"WebPage","@id":"https:\/\/blog.zeit.de\/stufenlos\/2015\/08\/08\/das-tattoo-eines-vaters-geht-um-die-welt\/","url":"https:\/\/blog.zeit.de\/stufenlos\/2015\/08\/08\/das-tattoo-eines-vaters-geht-um-die-welt\/","name":"Das Tattoo eines Vaters geht um die Welt - Stufenlos","isPartOf":{"@id":"https:\/\/blog.zeit.de\/stufenlos\/#website"},"datePublished":"2015-08-08T19:05:56+00:00","dateModified":"2015-09-17T12:56:08+00:00","author":{"@id":"https:\/\/blog.zeit.de\/stufenlos\/#\/schema\/person\/9e6e139c14c2c2038e1fe4e94f17067d"},"breadcrumb":{"@id":"https:\/\/blog.zeit.de\/stufenlos\/2015\/08\/08\/das-tattoo-eines-vaters-geht-um-die-welt\/#breadcrumb"},"inLanguage":"de","potentialAction":[{"@type":"ReadAction","target":["https:\/\/blog.zeit.de\/stufenlos\/2015\/08\/08\/das-tattoo-eines-vaters-geht-um-die-welt\/"]}]},{"@type":"BreadcrumbList","@id":"https:\/\/blog.zeit.de\/stufenlos\/2015\/08\/08\/das-tattoo-eines-vaters-geht-um-die-welt\/#breadcrumb","itemListElement":[{"@type":"ListItem","position":1,"name":"Startseite","item":"https:\/\/blog.zeit.de\/stufenlos\/"},{"@type":"ListItem","position":2,"name":"Das Tattoo eines Vaters geht um die Welt"}]},{"@type":"WebSite","@id":"https:\/\/blog.zeit.de\/stufenlos\/#website","url":"https:\/\/blog.zeit.de\/stufenlos\/","name":"Stufenlos","description":"Blog zur Barrierefreiheit und Inklusion","potentialAction":[{"@type":"SearchAction","target":{"@type":"EntryPoint","urlTemplate":"https:\/\/blog.zeit.de\/stufenlos\/?s={search_term_string}"},"query-input":"required name=search_term_string"}],"inLanguage":"de"},{"@type":"Person","@id":"https:\/\/blog.zeit.de\/stufenlos\/#\/schema\/person\/9e6e139c14c2c2038e1fe4e94f17067d","name":"Christiane Link","sameAs":["https:\/\/twitter.com\/Christiane"],"url":"https:\/\/blog.zeit.de\/stufenlos\/author\/clink\/"}]}},"jetpack_featured_media_url":"","jetpack_sharing_enabled":true,"_links":{"self":[{"href":"https:\/\/blog.zeit.de\/stufenlos\/wp-json\/wp\/v2\/posts\/1402","targetHints":{"allow":["GET"]}}],"collection":[{"href":"https:\/\/blog.zeit.de\/stufenlos\/wp-json\/wp\/v2\/posts"}],"about":[{"href":"https:\/\/blog.zeit.de\/stufenlos\/wp-json\/wp\/v2\/types\/post"}],"author":[{"embeddable":true,"href":"https:\/\/blog.zeit.de\/stufenlos\/wp-json\/wp\/v2\/users\/519"}],"replies":[{"embeddable":true,"href":"https:\/\/blog.zeit.de\/stufenlos\/wp-json\/wp\/v2\/comments?post=1402"}],"version-history":[{"count":4,"href":"https:\/\/blog.zeit.de\/stufenlos\/wp-json\/wp\/v2\/posts\/1402\/revisions"}],"predecessor-version":[{"id":1577,"href":"https:\/\/blog.zeit.de\/stufenlos\/wp-json\/wp\/v2\/posts\/1402\/revisions\/1577"}],"wp:attachment":[{"href":"https:\/\/blog.zeit.de\/stufenlos\/wp-json\/wp\/v2\/media?parent=1402"}],"wp:term":[{"taxonomy":"category","embeddable":true,"href":"https:\/\/blog.zeit.de\/stufenlos\/wp-json\/wp\/v2\/categories?post=1402"},{"taxonomy":"post_tag","embeddable":true,"href":"https:\/\/blog.zeit.de\/stufenlos\/wp-json\/wp\/v2\/tags?post=1402"}],"curies":[{"name":"wp","href":"https:\/\/api.w.org\/{rel}","templated":true}]}}