{"id":2399,"date":"2016-09-29T14:48:34","date_gmt":"2016-09-29T12:48:34","guid":{"rendered":"http:\/\/blog.zeit.de\/stufenlos\/?p=2399"},"modified":"2016-09-29T16:44:11","modified_gmt":"2016-09-29T14:44:11","slug":"allgemeines-gleichbehandlungsgesetz-der-zahnlose-tiger-wird-zehn","status":"publish","type":"post","link":"https:\/\/blog.zeit.de\/stufenlos\/2016\/09\/29\/allgemeines-gleichbehandlungsgesetz-der-zahnlose-tiger-wird-zehn\/","title":{"rendered":"Allgemeines Gleichbehandlungsgesetz \u2013 der zahnlose Tiger wird zehn"},"content":{"rendered":"<p>Neulich war ich auf einer Veranstaltung hier in London. Als ich ankam, gab es nur noch wenige Parkpl\u00e4tze, darunter einen Behindertenparkplatz. Ich steuerte den Behindertenparkplatz also zielstrebig an. Ich habe als Rollstuhlfahrerin einen Behindertenparkausweis und darf den Parkplatz nat\u00fcrlich nutzen.<\/p>\n<p>Kaum hatte ich den Parkplatz erreicht, kam ein Sicherheitsmitarbeiter auf mich zu und sagte mir, ich k\u00f6nne dort nicht parken. &#8222;Ich bin Rollstuhlfahrerin&#8220;, erkl\u00e4rte ich ihm. Das beeindruckte ihn gar nicht, er sagte mir, dass er diesen Parkplatz f\u00fcr einen prominenten Gast freihalte. &#8222;Ob dieser Gast denn seit Neuestem behindert sei?&#8220;, fragte ich und versuchte es erst einmal mit Humor. Der Mitarbeiter hatte offensichtlich nicht den gleichen Humor wie ich und sagte: &#8222;Nein, nat\u00fcrlich nicht. Aber er ist VIP.&#8220;<\/p>\n<h3>Nicht prominent genug<\/h3>\n<p>Obwohl es noch andere Parkpl\u00e4tze gab, sie h\u00e4tten mir nichts genutzt, weil ich an der Seite Platz brauche, um meinen Rollstuhl auszuladen und um ein- und auszusteigen. Genau deshalb sind Behindertenparkpl\u00e4tze ja so breit eingezeichnet. Diese ganzen Argumente versuchte ich dem Mitarbeiter zu erkl\u00e4ren, aber es nutzte nichts. Irgendjemand hatte ihn angewiesen, diesen einen Parkplatz nur an den Promi freizugeben und ich war definitiv nicht prominent genug, um dort zu parken.<\/p>\n<p>Nach 20 Minuten Diskussion wurde es mir zu bunt. Ich war weit und breit die Einzige, die diesen Parkplatz rechtm\u00e4\u00dfig nutzen durfte, aber ausgerechnet mir wurde das verweigert. Ich sagte ihm, ob er nicht wisse, dass er gegen den <a href=\"https:\/\/www.equalityhumanrights.com\/en\/equality-act-2010\/what-equality-act\">Equality Act 2010<\/a> versto\u00dfe. Das ist das britische Antidiskriminierungsgesetz. Das gibt es schon seit 1995 f\u00fcr behinderte Menschen, wurde aber 2010 umbenannt und ging in einem allgemeinen Antidiskriminierungsgesetz auf.<\/p>\n<h3>Abrakadabra<\/h3>\n<p>Und pl\u00f6tzlich bewegte sich etwas. Er funkte seinen Manager an, sagte, ich drohe mit dem Gesetz und er solle jetzt bitte selbst kommen, um die Angelegenheit zu kl\u00e4ren. Der Manager kam, ich gab ihm kurz eine Einf\u00fchrung in britisches Antidiskriminierungsrecht: Sowohl staatliche als auch private Einrichtungen sind verpflichtet, angemessene Vorkehrungen zu treffen, um behinderten Menschen die Teilhabe an einer Veranstaltung oder den Zugang ins Geb\u00e4ude zu erm\u00f6glichen. Und als h\u00e4tte ich &#8222;Abrakadabra&#8220; gesagt, durfte ich nun endlich parken.<\/p>\n<p>Auch Deutschland hat ein Antidiskriminierungsgetz. Es hei\u00dft <a href=\"https:\/\/de.wikipedia.org\/wiki\/Allgemeines_Gleichbehandlungsgesetz\">Allgemeines Gleichbehandlungsgesetz<\/a> (AGG). Das wird in dieser Woche zehn Jahre alt. Allerdings ist es im Vergleich zum britischen Recht ein zahnloser Tiger, auch wenn das die Bundesregierung anders sieht.<\/p>\n<h3>Zahnloser Tiger<\/h3>\n<p>W\u00e4hrend man in Gro\u00dfbritannien in einem Fall wie in meinem locker Schadenersatzzahlungen im vierstelligen Bereich bekommt, sind es in Deutschland ein paar Hundert Euro oder es wird sich gleich auf einen Vergleich geeinigt. Selbst in \u00d6sterreich steht im Fall einer Diskriminierung ein Schadenersatz von mindestens 1.000 Euro im Gesetz. Bei so einem geringen Streitwert wie das in Deutschland h\u00e4ufig der Fall ist, findet man nicht einmal einen Anwalt, denn Diskriminierungsf\u00e4lle sind aufwendig, da reicht kein Standardbrief, bringen aber nicht viel ein.<\/p>\n<p>Dementsprechend gibt es auch kaum Klagen. Und deshalb ist das Gesetz ziemlich unbekannt. Das hei\u00dft, nicht einmal die Betroffenen kennen ihre Rechte und wissen gar nicht, dass der Gesetzgeber sie bereits seit zehn Jahren vor Diskriminierung sch\u00fctzen will.<\/p>\n<p>Beim Festakt zum zehnj\u00e4hrigen Jubil\u00e4um des AGG sagte der Bundesminister der Justiz und f\u00fcr Verbraucherschutz, Heiko Maas: &#8222;In einer Gesellschaft, die immer vielf\u00e4ltiger wird, sichert nur die Gleichbehandlung den Zusammenhalt und den inneren Frieden. Das AGG hat mit dazu beigetragen, Deutschland weltoffen, modern und liberal zu machen. Die Bilanz nach zehn Jahren zeigt, dass das AGG wirkt. Und zwar ohne, dass die Horrorvisionen mancher Kritiker Wirklichkeit geworden sind.&#8220;<\/p>\n<p>Ich teile diese Erfolgsmeldung zu dem Gesetz leider nicht. Gerade behinderten Menschen nutzt das Gesetz im Alltag aus den oben genannten Gr\u00fcnden wenig. Es gibt kein Verbandsklagerecht und \u00fcberhaupt kein Bewusstsein f\u00fcr das Gesetz in der breiten Bev\u00f6lkerung. Damit ist es in der Praxis relativ wirkungslos. Es wird h\u00f6chste Zeit, dass Deutschland die Rechte von behinderten Menschen st\u00e4rkt. Ein vierstelliger Mindestschadenersatz w\u00e4re schon mal ein guter Schritt und eine Aufkl\u00e4rungskampagne zum Gesetz, nicht nur f\u00fcr Arbeitgeber, sondern auch im privaten Gesch\u00e4ftsverkehr, w\u00e4re schon mal ein guter Anfang.<\/p>\n","protected":false},"excerpt":{"rendered":"<p>Neulich war ich auf einer Veranstaltung hier in London. Als ich ankam, gab es nur noch wenige Parkpl\u00e4tze, darunter einen Behindertenparkplatz. Ich steuerte den Behindertenparkplatz also zielstrebig an. Ich habe als Rollstuhlfahrerin einen Behindertenparkausweis und darf den Parkplatz nat\u00fcrlich nutzen. Kaum hatte ich den Parkplatz erreicht, kam ein Sicherheitsmitarbeiter auf mich zu und sagte mir, [&hellip;]<\/p>\n","protected":false},"author":519,"featured_media":0,"comment_status":"open","ping_status":"open","sticky":false,"template":"","format":"standard","meta":{"_jetpack_memberships_contains_paid_content":false,"footnotes":""},"categories":[16,2629],"tags":[],"class_list":["post-2399","post","type-post","status-publish","format-standard","hentry","category-allgemein","category-recht"],"yoast_head":"<!-- This site is optimized with the Yoast SEO plugin v21.0 - https:\/\/yoast.com\/wordpress\/plugins\/seo\/ -->\n<title>Allgemeines Gleichbehandlungsgesetz \u2013 zahnloser Tiger wird zehn<\/title>\n<meta name=\"description\" content=\"Das Allgemeine Gleichbehandlungsgesetz wird zehn Jahre alt. Und Heiko Maas feiert. Dabei ist das Gesetz in der Praxis relativ wirkungslos.\" \/>\n<meta name=\"robots\" content=\"index, follow, max-snippet:-1, max-image-preview:large, max-video-preview:-1\" \/>\n<link rel=\"canonical\" href=\"https:\/\/blog.zeit.de\/stufenlos\/2016\/09\/29\/allgemeines-gleichbehandlungsgesetz-der-zahnlose-tiger-wird-zehn\/\" \/>\n<meta property=\"og:locale\" content=\"de_DE\" \/>\n<meta property=\"og:type\" content=\"article\" \/>\n<meta property=\"og:title\" content=\"Allgemeines Gleichbehandlungsgesetz \u2013 zahnloser Tiger wird zehn\" \/>\n<meta property=\"og:description\" content=\"Das Allgemeine Gleichbehandlungsgesetz wird zehn Jahre alt. Und Heiko Maas feiert. Dabei ist das Gesetz in der Praxis relativ wirkungslos.\" \/>\n<meta property=\"og:url\" content=\"https:\/\/blog.zeit.de\/stufenlos\/2016\/09\/29\/allgemeines-gleichbehandlungsgesetz-der-zahnlose-tiger-wird-zehn\/\" \/>\n<meta property=\"og:site_name\" content=\"Stufenlos\" \/>\n<meta property=\"article:published_time\" content=\"2016-09-29T12:48:34+00:00\" \/>\n<meta property=\"article:modified_time\" content=\"2016-09-29T14:44:11+00:00\" \/>\n<meta name=\"author\" content=\"Christiane Link\" \/>\n<meta name=\"twitter:card\" content=\"summary_large_image\" \/>\n<meta name=\"twitter:creator\" content=\"@Christiane\" \/>\n<meta name=\"twitter:site\" content=\"@zeitonline\" \/>\n<meta name=\"twitter:label1\" content=\"Geschrieben von\" \/>\n\t<meta name=\"twitter:data1\" content=\"Christiane Link\" \/>\n\t<meta name=\"twitter:label2\" content=\"Gesch\u00e4tzte Lesezeit\" \/>\n\t<meta name=\"twitter:data2\" content=\"3\u00a0Minuten\" \/>\n<script type=\"application\/ld+json\" class=\"yoast-schema-graph\">{\"@context\":\"https:\/\/schema.org\",\"@graph\":[{\"@type\":\"WebPage\",\"@id\":\"https:\/\/blog.zeit.de\/stufenlos\/2016\/09\/29\/allgemeines-gleichbehandlungsgesetz-der-zahnlose-tiger-wird-zehn\/\",\"url\":\"https:\/\/blog.zeit.de\/stufenlos\/2016\/09\/29\/allgemeines-gleichbehandlungsgesetz-der-zahnlose-tiger-wird-zehn\/\",\"name\":\"Allgemeines Gleichbehandlungsgesetz \u2013 zahnloser Tiger wird zehn\",\"isPartOf\":{\"@id\":\"https:\/\/blog.zeit.de\/stufenlos\/#website\"},\"datePublished\":\"2016-09-29T12:48:34+00:00\",\"dateModified\":\"2016-09-29T14:44:11+00:00\",\"author\":{\"@id\":\"https:\/\/blog.zeit.de\/stufenlos\/#\/schema\/person\/9e6e139c14c2c2038e1fe4e94f17067d\"},\"description\":\"Das Allgemeine Gleichbehandlungsgesetz wird zehn Jahre alt. Und Heiko Maas feiert. Dabei ist das Gesetz in der Praxis relativ wirkungslos.\",\"breadcrumb\":{\"@id\":\"https:\/\/blog.zeit.de\/stufenlos\/2016\/09\/29\/allgemeines-gleichbehandlungsgesetz-der-zahnlose-tiger-wird-zehn\/#breadcrumb\"},\"inLanguage\":\"de\",\"potentialAction\":[{\"@type\":\"ReadAction\",\"target\":[\"https:\/\/blog.zeit.de\/stufenlos\/2016\/09\/29\/allgemeines-gleichbehandlungsgesetz-der-zahnlose-tiger-wird-zehn\/\"]}]},{\"@type\":\"BreadcrumbList\",\"@id\":\"https:\/\/blog.zeit.de\/stufenlos\/2016\/09\/29\/allgemeines-gleichbehandlungsgesetz-der-zahnlose-tiger-wird-zehn\/#breadcrumb\",\"itemListElement\":[{\"@type\":\"ListItem\",\"position\":1,\"name\":\"Startseite\",\"item\":\"https:\/\/blog.zeit.de\/stufenlos\/\"},{\"@type\":\"ListItem\",\"position\":2,\"name\":\"Allgemeines Gleichbehandlungsgesetz \u2013 der zahnlose Tiger wird zehn\"}]},{\"@type\":\"WebSite\",\"@id\":\"https:\/\/blog.zeit.de\/stufenlos\/#website\",\"url\":\"https:\/\/blog.zeit.de\/stufenlos\/\",\"name\":\"Stufenlos\",\"description\":\"Blog zur Barrierefreiheit und Inklusion\",\"potentialAction\":[{\"@type\":\"SearchAction\",\"target\":{\"@type\":\"EntryPoint\",\"urlTemplate\":\"https:\/\/blog.zeit.de\/stufenlos\/?s={search_term_string}\"},\"query-input\":\"required name=search_term_string\"}],\"inLanguage\":\"de\"},{\"@type\":\"Person\",\"@id\":\"https:\/\/blog.zeit.de\/stufenlos\/#\/schema\/person\/9e6e139c14c2c2038e1fe4e94f17067d\",\"name\":\"Christiane Link\",\"sameAs\":[\"https:\/\/twitter.com\/Christiane\"],\"url\":\"https:\/\/blog.zeit.de\/stufenlos\/author\/clink\/\"}]}<\/script>\n<!-- \/ Yoast SEO plugin. -->","yoast_head_json":{"title":"Allgemeines Gleichbehandlungsgesetz \u2013 zahnloser Tiger wird zehn","description":"Das Allgemeine Gleichbehandlungsgesetz wird zehn Jahre alt. Und Heiko Maas feiert. Dabei ist das Gesetz in der Praxis relativ wirkungslos.","robots":{"index":"index","follow":"follow","max-snippet":"max-snippet:-1","max-image-preview":"max-image-preview:large","max-video-preview":"max-video-preview:-1"},"canonical":"https:\/\/blog.zeit.de\/stufenlos\/2016\/09\/29\/allgemeines-gleichbehandlungsgesetz-der-zahnlose-tiger-wird-zehn\/","og_locale":"de_DE","og_type":"article","og_title":"Allgemeines Gleichbehandlungsgesetz \u2013 zahnloser Tiger wird zehn","og_description":"Das Allgemeine Gleichbehandlungsgesetz wird zehn Jahre alt. Und Heiko Maas feiert. Dabei ist das Gesetz in der Praxis relativ wirkungslos.","og_url":"https:\/\/blog.zeit.de\/stufenlos\/2016\/09\/29\/allgemeines-gleichbehandlungsgesetz-der-zahnlose-tiger-wird-zehn\/","og_site_name":"Stufenlos","article_published_time":"2016-09-29T12:48:34+00:00","article_modified_time":"2016-09-29T14:44:11+00:00","author":"Christiane Link","twitter_card":"summary_large_image","twitter_creator":"@Christiane","twitter_site":"@zeitonline","twitter_misc":{"Geschrieben von":"Christiane Link","Gesch\u00e4tzte Lesezeit":"3\u00a0Minuten"},"schema":{"@context":"https:\/\/schema.org","@graph":[{"@type":"WebPage","@id":"https:\/\/blog.zeit.de\/stufenlos\/2016\/09\/29\/allgemeines-gleichbehandlungsgesetz-der-zahnlose-tiger-wird-zehn\/","url":"https:\/\/blog.zeit.de\/stufenlos\/2016\/09\/29\/allgemeines-gleichbehandlungsgesetz-der-zahnlose-tiger-wird-zehn\/","name":"Allgemeines Gleichbehandlungsgesetz \u2013 zahnloser Tiger wird zehn","isPartOf":{"@id":"https:\/\/blog.zeit.de\/stufenlos\/#website"},"datePublished":"2016-09-29T12:48:34+00:00","dateModified":"2016-09-29T14:44:11+00:00","author":{"@id":"https:\/\/blog.zeit.de\/stufenlos\/#\/schema\/person\/9e6e139c14c2c2038e1fe4e94f17067d"},"description":"Das Allgemeine Gleichbehandlungsgesetz wird zehn Jahre alt. Und Heiko Maas feiert. Dabei ist das Gesetz in der Praxis relativ wirkungslos.","breadcrumb":{"@id":"https:\/\/blog.zeit.de\/stufenlos\/2016\/09\/29\/allgemeines-gleichbehandlungsgesetz-der-zahnlose-tiger-wird-zehn\/#breadcrumb"},"inLanguage":"de","potentialAction":[{"@type":"ReadAction","target":["https:\/\/blog.zeit.de\/stufenlos\/2016\/09\/29\/allgemeines-gleichbehandlungsgesetz-der-zahnlose-tiger-wird-zehn\/"]}]},{"@type":"BreadcrumbList","@id":"https:\/\/blog.zeit.de\/stufenlos\/2016\/09\/29\/allgemeines-gleichbehandlungsgesetz-der-zahnlose-tiger-wird-zehn\/#breadcrumb","itemListElement":[{"@type":"ListItem","position":1,"name":"Startseite","item":"https:\/\/blog.zeit.de\/stufenlos\/"},{"@type":"ListItem","position":2,"name":"Allgemeines Gleichbehandlungsgesetz \u2013 der zahnlose Tiger wird zehn"}]},{"@type":"WebSite","@id":"https:\/\/blog.zeit.de\/stufenlos\/#website","url":"https:\/\/blog.zeit.de\/stufenlos\/","name":"Stufenlos","description":"Blog zur Barrierefreiheit und Inklusion","potentialAction":[{"@type":"SearchAction","target":{"@type":"EntryPoint","urlTemplate":"https:\/\/blog.zeit.de\/stufenlos\/?s={search_term_string}"},"query-input":"required name=search_term_string"}],"inLanguage":"de"},{"@type":"Person","@id":"https:\/\/blog.zeit.de\/stufenlos\/#\/schema\/person\/9e6e139c14c2c2038e1fe4e94f17067d","name":"Christiane Link","sameAs":["https:\/\/twitter.com\/Christiane"],"url":"https:\/\/blog.zeit.de\/stufenlos\/author\/clink\/"}]}},"jetpack_featured_media_url":"","jetpack_sharing_enabled":true,"_links":{"self":[{"href":"https:\/\/blog.zeit.de\/stufenlos\/wp-json\/wp\/v2\/posts\/2399","targetHints":{"allow":["GET"]}}],"collection":[{"href":"https:\/\/blog.zeit.de\/stufenlos\/wp-json\/wp\/v2\/posts"}],"about":[{"href":"https:\/\/blog.zeit.de\/stufenlos\/wp-json\/wp\/v2\/types\/post"}],"author":[{"embeddable":true,"href":"https:\/\/blog.zeit.de\/stufenlos\/wp-json\/wp\/v2\/users\/519"}],"replies":[{"embeddable":true,"href":"https:\/\/blog.zeit.de\/stufenlos\/wp-json\/wp\/v2\/comments?post=2399"}],"version-history":[{"count":7,"href":"https:\/\/blog.zeit.de\/stufenlos\/wp-json\/wp\/v2\/posts\/2399\/revisions"}],"predecessor-version":[{"id":2408,"href":"https:\/\/blog.zeit.de\/stufenlos\/wp-json\/wp\/v2\/posts\/2399\/revisions\/2408"}],"wp:attachment":[{"href":"https:\/\/blog.zeit.de\/stufenlos\/wp-json\/wp\/v2\/media?parent=2399"}],"wp:term":[{"taxonomy":"category","embeddable":true,"href":"https:\/\/blog.zeit.de\/stufenlos\/wp-json\/wp\/v2\/categories?post=2399"},{"taxonomy":"post_tag","embeddable":true,"href":"https:\/\/blog.zeit.de\/stufenlos\/wp-json\/wp\/v2\/tags?post=2399"}],"curies":[{"name":"wp","href":"https:\/\/api.w.org\/{rel}","templated":true}]}}