{"id":2420,"date":"2016-10-15T00:14:44","date_gmt":"2016-10-14T22:14:44","guid":{"rendered":"http:\/\/blog.zeit.de\/stufenlos\/?p=2420"},"modified":"2016-10-18T17:17:17","modified_gmt":"2016-10-18T15:17:17","slug":"durch-barrierefreie-bahnen-in-den-ruin","status":"publish","type":"post","link":"https:\/\/blog.zeit.de\/stufenlos\/2016\/10\/15\/durch-barrierefreie-bahnen-in-den-ruin\/","title":{"rendered":"Durch barrierefreie Bahnen in den Ruin?"},"content":{"rendered":"<p>Bis 2022 sollen \u00f6ffentliche Verkehrsmittel barrierefrei sein. So will es die EU. Dieses Ziel ist keineswegs \u00fcberraschend. Immerhin gibt es barrierefreie Stra\u00dfenbahnen und Busse nicht erst seit gestern, sondern seit mehr als 25 Jahren. Und obwohl das so ist, bef\u00fcrchten nun einige St\u00e4dte, die verpflichtende Barrierefreiheit w\u00fcrde ihre Verkehrsbetriebe in den Ruin treiben. Das Ziel treibe die Stra\u00dfenbahnbetriebe in Brandenburg in Existenznot, <a href=\"http:\/\/www.moz.de\/artikel-ansicht\/dg\/0\/1\/1521204\">berichtete die <em>M\u00e4rkische Oderzeitung (MOZ)<\/em> Anfang Oktober<\/a>.<\/p>\n<h3><!--more-->Gesucht: viel Geld f\u00fcr neue Stra\u00dfenbahnen<\/h3>\n<p>Insgesamt m\u00fcssten die St\u00e4dte laut <em>MOZ<\/em> bis zu 170 Millionen Euro in die Hand nehmen, um den gesetzlichen Forderungen gerecht zu werden. Frankfurt an der Oder beispielsweise habe nur acht barrierefreie Stra\u00dfenbahnz\u00fcge. Es m\u00fcssten 13 neue Garnituren angeschafft werden. Veranschlagte Kosten: 32,5 Millionen Euro. In Cottbus wiederum m\u00fcssten 20 Z\u00fcge angeschafft werden. Jeder Zug kostet laut dem Zeitungsbericht 2,5 Millionen Euro.<\/p>\n<p>Das h\u00f6rt sich nach einer riesigen Zumutung ab. Aber mein Mitleid mit den St\u00e4dten h\u00e4lt sich in Grenzen. Denn eigentlich m\u00fcsste die Zeitungsschlagzeile hei\u00dfen: &#8222;Manche St\u00e4dte ignorieren seit mehr als 20 Jahren die Barrieren ihrer Verkehrsinfrastruktur.&#8220;<\/p>\n<h3>Seit 1989 Stand der Technik<\/h3>\n<p>Ich habe nachgesehen, seit 1989 gibt es in Serie produzierte Niederflurstra\u00dfenbahnen in Europa. Seit der Wiedervereinigung also h\u00e4tten die St\u00e4dte \u00fcberlegen k\u00f6nnen, wie sie k\u00fcnftig ihren Stra\u00dfenbahnbetrieb auf Niederflurstra\u00dfenbahnen umstellen, so wie das andere St\u00e4dte in den vergangenen 20 Jahren getan haben. Bei dieser Technik geht es nicht um irgendwelche neumodischen W\u00fcnsche technikbegeisterter Bahn-Enthusiasten, sondern darum, m\u00f6glichst vielen\u00a0den Zugang zum \u00f6rtlichen Nahverkehr zu erm\u00f6glichen.<\/p>\n<h3>Nichts tun kann teuer werden<\/h3>\n<p>32 Millionen Euro muss Frankfurt an der Oder also jetzt in die Hand nehmen, um seine veralteten Bahnen endlich loszuwerden. H\u00e4tte man fr\u00fcher damit begonnen, h\u00e4tte man die Kosten \u00fcber die Jahre verteilen k\u00f6nnen. Barrierefreiheit stand bei vielen St\u00e4dten nicht\u00a0sonderlich weit oben auf der Priorit\u00e4tenliste, und das gilt nicht nur f\u00fcr St\u00e4dte in Brandenburg. Jahrzehntelang hat man behinderte und alte Menschen im Regen stehen lassen und wundert sich nun, dass die EU \u2013\u00a0mit viel Vorlauf \u2013 sagt, dass damit Schluss sein muss.<\/p>\n<p>Nun wird nach dem Land als edlem Spender f\u00fcr die Bahnen gerufen. Den B\u00fcrgern wird es egal sein, woher das Geld kommt. Aber wer jahrzehntelang pennt, sollte daf\u00fcr nicht vom Land belohnt werden.<\/p>\n","protected":false},"excerpt":{"rendered":"<p>Bis 2022 sollen \u00f6ffentliche Verkehrsmittel barrierefrei sein. So will es die EU. Dieses Ziel ist keineswegs \u00fcberraschend. Immerhin gibt es barrierefreie Stra\u00dfenbahnen und Busse nicht erst seit gestern, sondern seit mehr als 25 Jahren. Und obwohl das so ist, bef\u00fcrchten nun einige St\u00e4dte, die verpflichtende Barrierefreiheit w\u00fcrde ihre Verkehrsbetriebe in den Ruin treiben. Das Ziel [&hellip;]<\/p>\n","protected":false},"author":519,"featured_media":0,"comment_status":"open","ping_status":"open","sticky":false,"template":"","format":"standard","meta":{"_jetpack_memberships_contains_paid_content":false,"footnotes":""},"categories":[16,187,2164],"tags":[],"class_list":["post-2420","post","type-post","status-publish","format-standard","hentry","category-allgemein","category-politik","category-verkehr"],"yoast_head":"<!-- This site is optimized with the Yoast SEO plugin v21.0 - https:\/\/yoast.com\/wordpress\/plugins\/seo\/ -->\n<title>Durch barrierefreie Stra\u00dfenbahnen in den Ruin?<\/title>\n<meta name=\"description\" content=\"Geht es nach der EU, werden \u00f6ffentliche Verkehrsmittel wie Stra\u00dfenbahnen bis 2022 komplett barrierefrei. Doch viele Verkehrsbetriebe f\u00fcrchten die Kosten.\" \/>\n<meta name=\"robots\" content=\"index, follow, max-snippet:-1, max-image-preview:large, max-video-preview:-1\" \/>\n<link rel=\"canonical\" href=\"https:\/\/blog.zeit.de\/stufenlos\/2016\/10\/15\/durch-barrierefreie-bahnen-in-den-ruin\/\" \/>\n<meta property=\"og:locale\" content=\"de_DE\" \/>\n<meta property=\"og:type\" content=\"article\" \/>\n<meta property=\"og:title\" content=\"Durch barrierefreie Stra\u00dfenbahnen in den Ruin?\" \/>\n<meta property=\"og:description\" content=\"Geht es nach der EU, werden \u00f6ffentliche Verkehrsmittel wie Stra\u00dfenbahnen bis 2022 komplett barrierefrei. Doch viele Verkehrsbetriebe f\u00fcrchten die Kosten.\" \/>\n<meta property=\"og:url\" content=\"https:\/\/blog.zeit.de\/stufenlos\/2016\/10\/15\/durch-barrierefreie-bahnen-in-den-ruin\/\" \/>\n<meta property=\"og:site_name\" content=\"Stufenlos\" \/>\n<meta property=\"article:published_time\" content=\"2016-10-14T22:14:44+00:00\" \/>\n<meta property=\"article:modified_time\" content=\"2016-10-18T15:17:17+00:00\" \/>\n<meta name=\"author\" content=\"Christiane Link\" \/>\n<meta name=\"twitter:card\" content=\"summary_large_image\" \/>\n<meta name=\"twitter:creator\" content=\"@Christiane\" \/>\n<meta name=\"twitter:site\" content=\"@zeitonline\" \/>\n<meta name=\"twitter:label1\" content=\"Geschrieben von\" \/>\n\t<meta name=\"twitter:data1\" content=\"Christiane Link\" \/>\n\t<meta name=\"twitter:label2\" content=\"Gesch\u00e4tzte Lesezeit\" \/>\n\t<meta name=\"twitter:data2\" content=\"2\u00a0Minuten\" \/>\n<script type=\"application\/ld+json\" class=\"yoast-schema-graph\">{\"@context\":\"https:\/\/schema.org\",\"@graph\":[{\"@type\":\"WebPage\",\"@id\":\"https:\/\/blog.zeit.de\/stufenlos\/2016\/10\/15\/durch-barrierefreie-bahnen-in-den-ruin\/\",\"url\":\"https:\/\/blog.zeit.de\/stufenlos\/2016\/10\/15\/durch-barrierefreie-bahnen-in-den-ruin\/\",\"name\":\"Durch barrierefreie Stra\u00dfenbahnen in den Ruin?\",\"isPartOf\":{\"@id\":\"https:\/\/blog.zeit.de\/stufenlos\/#website\"},\"datePublished\":\"2016-10-14T22:14:44+00:00\",\"dateModified\":\"2016-10-18T15:17:17+00:00\",\"author\":{\"@id\":\"https:\/\/blog.zeit.de\/stufenlos\/#\/schema\/person\/9e6e139c14c2c2038e1fe4e94f17067d\"},\"description\":\"Geht es nach der EU, werden \u00f6ffentliche Verkehrsmittel wie Stra\u00dfenbahnen bis 2022 komplett barrierefrei. Doch viele Verkehrsbetriebe f\u00fcrchten die Kosten.\",\"breadcrumb\":{\"@id\":\"https:\/\/blog.zeit.de\/stufenlos\/2016\/10\/15\/durch-barrierefreie-bahnen-in-den-ruin\/#breadcrumb\"},\"inLanguage\":\"de\",\"potentialAction\":[{\"@type\":\"ReadAction\",\"target\":[\"https:\/\/blog.zeit.de\/stufenlos\/2016\/10\/15\/durch-barrierefreie-bahnen-in-den-ruin\/\"]}]},{\"@type\":\"BreadcrumbList\",\"@id\":\"https:\/\/blog.zeit.de\/stufenlos\/2016\/10\/15\/durch-barrierefreie-bahnen-in-den-ruin\/#breadcrumb\",\"itemListElement\":[{\"@type\":\"ListItem\",\"position\":1,\"name\":\"Startseite\",\"item\":\"https:\/\/blog.zeit.de\/stufenlos\/\"},{\"@type\":\"ListItem\",\"position\":2,\"name\":\"Durch barrierefreie Bahnen in den Ruin?\"}]},{\"@type\":\"WebSite\",\"@id\":\"https:\/\/blog.zeit.de\/stufenlos\/#website\",\"url\":\"https:\/\/blog.zeit.de\/stufenlos\/\",\"name\":\"Stufenlos\",\"description\":\"Blog zur Barrierefreiheit und Inklusion\",\"potentialAction\":[{\"@type\":\"SearchAction\",\"target\":{\"@type\":\"EntryPoint\",\"urlTemplate\":\"https:\/\/blog.zeit.de\/stufenlos\/?s={search_term_string}\"},\"query-input\":\"required name=search_term_string\"}],\"inLanguage\":\"de\"},{\"@type\":\"Person\",\"@id\":\"https:\/\/blog.zeit.de\/stufenlos\/#\/schema\/person\/9e6e139c14c2c2038e1fe4e94f17067d\",\"name\":\"Christiane Link\",\"sameAs\":[\"https:\/\/twitter.com\/Christiane\"],\"url\":\"https:\/\/blog.zeit.de\/stufenlos\/author\/clink\/\"}]}<\/script>\n<!-- \/ Yoast SEO plugin. -->","yoast_head_json":{"title":"Durch barrierefreie Stra\u00dfenbahnen in den Ruin?","description":"Geht es nach der EU, werden \u00f6ffentliche Verkehrsmittel wie Stra\u00dfenbahnen bis 2022 komplett barrierefrei. Doch viele Verkehrsbetriebe f\u00fcrchten die Kosten.","robots":{"index":"index","follow":"follow","max-snippet":"max-snippet:-1","max-image-preview":"max-image-preview:large","max-video-preview":"max-video-preview:-1"},"canonical":"https:\/\/blog.zeit.de\/stufenlos\/2016\/10\/15\/durch-barrierefreie-bahnen-in-den-ruin\/","og_locale":"de_DE","og_type":"article","og_title":"Durch barrierefreie Stra\u00dfenbahnen in den Ruin?","og_description":"Geht es nach der EU, werden \u00f6ffentliche Verkehrsmittel wie Stra\u00dfenbahnen bis 2022 komplett barrierefrei. Doch viele Verkehrsbetriebe f\u00fcrchten die Kosten.","og_url":"https:\/\/blog.zeit.de\/stufenlos\/2016\/10\/15\/durch-barrierefreie-bahnen-in-den-ruin\/","og_site_name":"Stufenlos","article_published_time":"2016-10-14T22:14:44+00:00","article_modified_time":"2016-10-18T15:17:17+00:00","author":"Christiane Link","twitter_card":"summary_large_image","twitter_creator":"@Christiane","twitter_site":"@zeitonline","twitter_misc":{"Geschrieben von":"Christiane Link","Gesch\u00e4tzte Lesezeit":"2\u00a0Minuten"},"schema":{"@context":"https:\/\/schema.org","@graph":[{"@type":"WebPage","@id":"https:\/\/blog.zeit.de\/stufenlos\/2016\/10\/15\/durch-barrierefreie-bahnen-in-den-ruin\/","url":"https:\/\/blog.zeit.de\/stufenlos\/2016\/10\/15\/durch-barrierefreie-bahnen-in-den-ruin\/","name":"Durch barrierefreie Stra\u00dfenbahnen in den Ruin?","isPartOf":{"@id":"https:\/\/blog.zeit.de\/stufenlos\/#website"},"datePublished":"2016-10-14T22:14:44+00:00","dateModified":"2016-10-18T15:17:17+00:00","author":{"@id":"https:\/\/blog.zeit.de\/stufenlos\/#\/schema\/person\/9e6e139c14c2c2038e1fe4e94f17067d"},"description":"Geht es nach der EU, werden \u00f6ffentliche Verkehrsmittel wie Stra\u00dfenbahnen bis 2022 komplett barrierefrei. Doch viele Verkehrsbetriebe f\u00fcrchten die Kosten.","breadcrumb":{"@id":"https:\/\/blog.zeit.de\/stufenlos\/2016\/10\/15\/durch-barrierefreie-bahnen-in-den-ruin\/#breadcrumb"},"inLanguage":"de","potentialAction":[{"@type":"ReadAction","target":["https:\/\/blog.zeit.de\/stufenlos\/2016\/10\/15\/durch-barrierefreie-bahnen-in-den-ruin\/"]}]},{"@type":"BreadcrumbList","@id":"https:\/\/blog.zeit.de\/stufenlos\/2016\/10\/15\/durch-barrierefreie-bahnen-in-den-ruin\/#breadcrumb","itemListElement":[{"@type":"ListItem","position":1,"name":"Startseite","item":"https:\/\/blog.zeit.de\/stufenlos\/"},{"@type":"ListItem","position":2,"name":"Durch barrierefreie Bahnen in den Ruin?"}]},{"@type":"WebSite","@id":"https:\/\/blog.zeit.de\/stufenlos\/#website","url":"https:\/\/blog.zeit.de\/stufenlos\/","name":"Stufenlos","description":"Blog zur Barrierefreiheit und Inklusion","potentialAction":[{"@type":"SearchAction","target":{"@type":"EntryPoint","urlTemplate":"https:\/\/blog.zeit.de\/stufenlos\/?s={search_term_string}"},"query-input":"required name=search_term_string"}],"inLanguage":"de"},{"@type":"Person","@id":"https:\/\/blog.zeit.de\/stufenlos\/#\/schema\/person\/9e6e139c14c2c2038e1fe4e94f17067d","name":"Christiane Link","sameAs":["https:\/\/twitter.com\/Christiane"],"url":"https:\/\/blog.zeit.de\/stufenlos\/author\/clink\/"}]}},"jetpack_featured_media_url":"","jetpack_sharing_enabled":true,"_links":{"self":[{"href":"https:\/\/blog.zeit.de\/stufenlos\/wp-json\/wp\/v2\/posts\/2420","targetHints":{"allow":["GET"]}}],"collection":[{"href":"https:\/\/blog.zeit.de\/stufenlos\/wp-json\/wp\/v2\/posts"}],"about":[{"href":"https:\/\/blog.zeit.de\/stufenlos\/wp-json\/wp\/v2\/types\/post"}],"author":[{"embeddable":true,"href":"https:\/\/blog.zeit.de\/stufenlos\/wp-json\/wp\/v2\/users\/519"}],"replies":[{"embeddable":true,"href":"https:\/\/blog.zeit.de\/stufenlos\/wp-json\/wp\/v2\/comments?post=2420"}],"version-history":[{"count":8,"href":"https:\/\/blog.zeit.de\/stufenlos\/wp-json\/wp\/v2\/posts\/2420\/revisions"}],"predecessor-version":[{"id":2430,"href":"https:\/\/blog.zeit.de\/stufenlos\/wp-json\/wp\/v2\/posts\/2420\/revisions\/2430"}],"wp:attachment":[{"href":"https:\/\/blog.zeit.de\/stufenlos\/wp-json\/wp\/v2\/media?parent=2420"}],"wp:term":[{"taxonomy":"category","embeddable":true,"href":"https:\/\/blog.zeit.de\/stufenlos\/wp-json\/wp\/v2\/categories?post=2420"},{"taxonomy":"post_tag","embeddable":true,"href":"https:\/\/blog.zeit.de\/stufenlos\/wp-json\/wp\/v2\/tags?post=2420"}],"curies":[{"name":"wp","href":"https:\/\/api.w.org\/{rel}","templated":true}]}}