{"id":2472,"date":"2016-12-12T11:59:04","date_gmt":"2016-12-12T10:59:04","guid":{"rendered":"http:\/\/blog.zeit.de\/stufenlos\/?p=2472"},"modified":"2018-03-23T10:16:25","modified_gmt":"2018-03-23T09:16:25","slug":"der-fake-rollstuhlfahrer-der-spd","status":"publish","type":"post","link":"https:\/\/blog.zeit.de\/stufenlos\/2016\/12\/12\/der-fake-rollstuhlfahrer-der-spd\/","title":{"rendered":"Der Fake-Rollstuhlfahrer der SPD"},"content":{"rendered":"<p><img loading=\"lazy\" decoding=\"async\" class=\"alignleft wp-image-2474\" src=\"https:\/\/blog.zeit.de\/stufenlos\/files\/2016\/12\/Screenshot-2016-12-07-21.28.42.png\" alt=\"Handwerker im Rollstuhl\" width=\"394\" height=\"379\" srcset=\"https:\/\/blog.zeit.de\/stufenlos\/files\/2016\/12\/Screenshot-2016-12-07-21.28.42.png 690w, https:\/\/blog.zeit.de\/stufenlos\/files\/2016\/12\/Screenshot-2016-12-07-21.28.42-620x598.png 620w\" sizes=\"auto, (max-width: 394px) 100vw, 394px\" \/><\/p>\n<p>Die richtige Ansprache politischer Zielgruppen im Internet wird ja derzeit viel diskutiert. Die Parteien erkennen unterdessen, dass auch behinderte Menschen W\u00e4hler sind und sogar medial Einfluss nehmen k\u00f6nnen, wenn ihnen etwas nicht passt. Gerade in diesem Jahr hat sich gezeigt: Wer eine Minderheit zu lange ignoriert, l\u00e4sst sie am Ende ziemlich laut werden.<\/p>\n<h3>Der Rollstuhlfahrer, der keiner ist<\/h3>\n<p>Nun geh\u00f6ren zur Zielgruppenansprache auch passende Bilder. Die SPD-Bundestagsfraktion bewirbt gerade ihr von vielen Seiten schwer kritisiertes Bundesteilhabegesetz, das der Bundestag gerade verabschiedet hat und das in der kommenden Woche noch durch den Bundesrat muss.<\/p>\n<p>Zu sehen ist auf dem Bild der Facebook-Kampagne ein behinderter Handwerker im Rollstuhl. Einziges Problem: Jeder, der sich nur ein bisschen mit Rollst\u00fchlen und ihren Besitzern auskennt, sieht, dass dieser Mensch nicht behindert ist. Woran man das erkennt? Als Erstes am Rollstuhlmodell. Es wird vorwiegend in Krankenh\u00e4usern, an Flugh\u00e4fen oder in sonstigen Einrichtungen eingesetzt, wo Rollst\u00fchle nur kurz ausgeliehen werden. Man sitzt darin n\u00e4mlich nicht sonderlich bequem, weil solch ein Standardrollstuhl nicht auf den Benutzer zugeschnitten ist. Zudem nutzen ihn oft \u00e4ltere Menschen, die zwar noch gehen k\u00f6nnen, aber f\u00fcr l\u00e4ngere Strecken gerne sitzen. Junge, fitte Rollstuhlfahrer, die einem Handwerksberuf nachgehen, besitzen solche Rollst\u00fchle nur sehr selten.<\/p>\n<h3>Falsche Sitzhaltung<\/h3>\n<p>Und noch weitere Indizien gibt es daf\u00fcr, dass dieser Mensch nicht in diesen Rollstuhl geh\u00f6rt. Er sitzt genau so da, wie ein Mensch, den man mal kurz in einen Rollstuhl setzt, um ein Foto zu machen: F\u00fc\u00dfe ganz gerade auf dem Fu\u00dfbrett, Knie parallel zueinander. So sitzt man auf einem Stuhl, auf dem man noch nie gesessen hat. Und wem das noch zu wenig Argumente sind, den \u00fcberzeugt vielleicht die Tatsache, dass der junge Mann sich auch auf <a href=\"https:\/\/de.fotolia.com\/Search\/Model\/92152540\">diversen anderen Bildern einer Bilddatenbank wiederfindet<\/a>, in immer anderen Lebenslagen und keineswegs nur im Rollstuhl.<\/p>\n<h3>Wie man es nicht macht<\/h3>\n<p>Die SPD m\u00f6chte also behinderte W\u00e4hler ansprechen, gaukelt ihnen vor, man zeige einen von ihnen. Merkt ja keiner. Nun ja. Die derart Verschaukelten merken es doch und melden sich auf Facebook zu Wort, weil sie sich f\u00fcr dumm verkauft und nicht ernst genommen f\u00fchlen.<\/p>\n<p><img loading=\"lazy\" decoding=\"async\" class=\"alignleft size-full wp-image-2476\" src=\"https:\/\/blog.zeit.de\/stufenlos\/files\/2016\/12\/Screenshot-2016-12-09-15.10.52.png\" alt=\"Emp\u00f6rter Facebook-Post \u00fcber das Bild\" width=\"491\" height=\"225\" \/><\/p>\n<p>Absolutes Eigentor der SPD. Man bebildert auch keine Kampagne zu Lohngerechtigkeit f\u00fcr Frauen mit einem Mann in Frauenkleidern. Frauen werden in der Werbung allerdings st\u00e4ndig angesprochen. Die Ansprache von behinderten Menschen m\u00fcssen alle wohl noch ein bisschen \u00fcben. Als ersten Schritt w\u00fcrde ich empfehlen, Bilder mit falschen Behinderten auf die Geht-gar-nicht-Liste zu setzen.<\/p>\n","protected":false},"excerpt":{"rendered":"<p>Die richtige Ansprache politischer Zielgruppen im Internet wird ja derzeit viel diskutiert. Die Parteien erkennen unterdessen, dass auch behinderte Menschen W\u00e4hler sind und sogar medial Einfluss nehmen k\u00f6nnen, wenn ihnen etwas nicht passt. Gerade in diesem Jahr hat sich gezeigt: Wer eine Minderheit zu lange ignoriert, l\u00e4sst sie am Ende ziemlich laut werden. Der Rollstuhlfahrer, [&hellip;]<\/p>\n","protected":false},"author":519,"featured_media":2474,"comment_status":"open","ping_status":"open","sticky":false,"template":"","format":"standard","meta":{"_jetpack_memberships_contains_paid_content":false,"footnotes":""},"categories":[16,12992,187],"tags":[],"class_list":["post-2472","post","type-post","status-publish","format-standard","has-post-thumbnail","hentry","category-allgemein","category-inklusion","category-politik"],"yoast_head":"<!-- This site is optimized with the Yoast SEO plugin v21.0 - https:\/\/yoast.com\/wordpress\/plugins\/seo\/ -->\n<title>Der Fake-Rollstuhlfahrer der SPD<\/title>\n<meta name=\"description\" content=\"Klares Eigentor: Die SPD bewirbt auf Facebook ihr Bundesteilhabegesetz mit einem Rollstuhlfahrer, der eigentlich keiner ist.\" \/>\n<meta name=\"robots\" content=\"index, follow, max-snippet:-1, max-image-preview:large, max-video-preview:-1\" \/>\n<link rel=\"canonical\" href=\"https:\/\/blog.zeit.de\/stufenlos\/2016\/12\/12\/der-fake-rollstuhlfahrer-der-spd\/\" \/>\n<meta property=\"og:locale\" content=\"de_DE\" \/>\n<meta property=\"og:type\" content=\"article\" \/>\n<meta property=\"og:title\" content=\"Der Fake-Rollstuhlfahrer der SPD\" \/>\n<meta property=\"og:description\" content=\"Klares Eigentor: Die SPD bewirbt auf Facebook ihr Bundesteilhabegesetz mit einem Rollstuhlfahrer, der eigentlich keiner ist.\" \/>\n<meta property=\"og:url\" content=\"https:\/\/blog.zeit.de\/stufenlos\/2016\/12\/12\/der-fake-rollstuhlfahrer-der-spd\/\" \/>\n<meta property=\"og:site_name\" content=\"Stufenlos\" \/>\n<meta property=\"article:published_time\" content=\"2016-12-12T10:59:04+00:00\" \/>\n<meta property=\"article:modified_time\" content=\"2018-03-23T09:16:25+00:00\" \/>\n<meta property=\"og:image\" content=\"https:\/\/blog.zeit.de\/stufenlos\/files\/2016\/12\/Screenshot-2016-12-07-21.28.42.png\" \/>\n\t<meta property=\"og:image:width\" content=\"690\" \/>\n\t<meta property=\"og:image:height\" content=\"665\" \/>\n\t<meta property=\"og:image:type\" content=\"image\/png\" \/>\n<meta name=\"author\" content=\"Christiane Link\" \/>\n<meta name=\"twitter:card\" content=\"summary_large_image\" \/>\n<meta name=\"twitter:image\" content=\"https:\/\/blog.zeit.de\/stufenlos\/files\/2016\/12\/Screenshot-2016-12-07-21.28.42.png\" \/>\n<meta name=\"twitter:creator\" content=\"@Christiane\" \/>\n<meta name=\"twitter:site\" content=\"@zeitonline\" \/>\n<meta name=\"twitter:label1\" content=\"Geschrieben von\" \/>\n\t<meta name=\"twitter:data1\" content=\"Christiane Link\" \/>\n\t<meta name=\"twitter:label2\" content=\"Gesch\u00e4tzte Lesezeit\" \/>\n\t<meta name=\"twitter:data2\" content=\"2\u00a0Minuten\" \/>\n<script type=\"application\/ld+json\" class=\"yoast-schema-graph\">{\"@context\":\"https:\/\/schema.org\",\"@graph\":[{\"@type\":\"WebPage\",\"@id\":\"https:\/\/blog.zeit.de\/stufenlos\/2016\/12\/12\/der-fake-rollstuhlfahrer-der-spd\/\",\"url\":\"https:\/\/blog.zeit.de\/stufenlos\/2016\/12\/12\/der-fake-rollstuhlfahrer-der-spd\/\",\"name\":\"Der Fake-Rollstuhlfahrer der SPD\",\"isPartOf\":{\"@id\":\"https:\/\/blog.zeit.de\/stufenlos\/#website\"},\"datePublished\":\"2016-12-12T10:59:04+00:00\",\"dateModified\":\"2018-03-23T09:16:25+00:00\",\"author\":{\"@id\":\"https:\/\/blog.zeit.de\/stufenlos\/#\/schema\/person\/9e6e139c14c2c2038e1fe4e94f17067d\"},\"description\":\"Klares Eigentor: Die SPD bewirbt auf Facebook ihr Bundesteilhabegesetz mit einem Rollstuhlfahrer, der eigentlich keiner ist.\",\"breadcrumb\":{\"@id\":\"https:\/\/blog.zeit.de\/stufenlos\/2016\/12\/12\/der-fake-rollstuhlfahrer-der-spd\/#breadcrumb\"},\"inLanguage\":\"de\",\"potentialAction\":[{\"@type\":\"ReadAction\",\"target\":[\"https:\/\/blog.zeit.de\/stufenlos\/2016\/12\/12\/der-fake-rollstuhlfahrer-der-spd\/\"]}]},{\"@type\":\"BreadcrumbList\",\"@id\":\"https:\/\/blog.zeit.de\/stufenlos\/2016\/12\/12\/der-fake-rollstuhlfahrer-der-spd\/#breadcrumb\",\"itemListElement\":[{\"@type\":\"ListItem\",\"position\":1,\"name\":\"Startseite\",\"item\":\"https:\/\/blog.zeit.de\/stufenlos\/\"},{\"@type\":\"ListItem\",\"position\":2,\"name\":\"Der Fake-Rollstuhlfahrer der SPD\"}]},{\"@type\":\"WebSite\",\"@id\":\"https:\/\/blog.zeit.de\/stufenlos\/#website\",\"url\":\"https:\/\/blog.zeit.de\/stufenlos\/\",\"name\":\"Stufenlos\",\"description\":\"Blog zur Barrierefreiheit und Inklusion\",\"potentialAction\":[{\"@type\":\"SearchAction\",\"target\":{\"@type\":\"EntryPoint\",\"urlTemplate\":\"https:\/\/blog.zeit.de\/stufenlos\/?s={search_term_string}\"},\"query-input\":\"required name=search_term_string\"}],\"inLanguage\":\"de\"},{\"@type\":\"Person\",\"@id\":\"https:\/\/blog.zeit.de\/stufenlos\/#\/schema\/person\/9e6e139c14c2c2038e1fe4e94f17067d\",\"name\":\"Christiane Link\",\"sameAs\":[\"https:\/\/twitter.com\/Christiane\"],\"url\":\"https:\/\/blog.zeit.de\/stufenlos\/author\/clink\/\"}]}<\/script>\n<!-- \/ Yoast SEO plugin. -->","yoast_head_json":{"title":"Der Fake-Rollstuhlfahrer der SPD","description":"Klares Eigentor: Die SPD bewirbt auf Facebook ihr Bundesteilhabegesetz mit einem Rollstuhlfahrer, der eigentlich keiner ist.","robots":{"index":"index","follow":"follow","max-snippet":"max-snippet:-1","max-image-preview":"max-image-preview:large","max-video-preview":"max-video-preview:-1"},"canonical":"https:\/\/blog.zeit.de\/stufenlos\/2016\/12\/12\/der-fake-rollstuhlfahrer-der-spd\/","og_locale":"de_DE","og_type":"article","og_title":"Der Fake-Rollstuhlfahrer der SPD","og_description":"Klares Eigentor: Die SPD bewirbt auf Facebook ihr Bundesteilhabegesetz mit einem Rollstuhlfahrer, der eigentlich keiner ist.","og_url":"https:\/\/blog.zeit.de\/stufenlos\/2016\/12\/12\/der-fake-rollstuhlfahrer-der-spd\/","og_site_name":"Stufenlos","article_published_time":"2016-12-12T10:59:04+00:00","article_modified_time":"2018-03-23T09:16:25+00:00","og_image":[{"width":690,"height":665,"url":"https:\/\/blog.zeit.de\/stufenlos\/files\/2016\/12\/Screenshot-2016-12-07-21.28.42.png","type":"image\/png"}],"author":"Christiane Link","twitter_card":"summary_large_image","twitter_image":"https:\/\/blog.zeit.de\/stufenlos\/files\/2016\/12\/Screenshot-2016-12-07-21.28.42.png","twitter_creator":"@Christiane","twitter_site":"@zeitonline","twitter_misc":{"Geschrieben von":"Christiane Link","Gesch\u00e4tzte Lesezeit":"2\u00a0Minuten"},"schema":{"@context":"https:\/\/schema.org","@graph":[{"@type":"WebPage","@id":"https:\/\/blog.zeit.de\/stufenlos\/2016\/12\/12\/der-fake-rollstuhlfahrer-der-spd\/","url":"https:\/\/blog.zeit.de\/stufenlos\/2016\/12\/12\/der-fake-rollstuhlfahrer-der-spd\/","name":"Der Fake-Rollstuhlfahrer der SPD","isPartOf":{"@id":"https:\/\/blog.zeit.de\/stufenlos\/#website"},"datePublished":"2016-12-12T10:59:04+00:00","dateModified":"2018-03-23T09:16:25+00:00","author":{"@id":"https:\/\/blog.zeit.de\/stufenlos\/#\/schema\/person\/9e6e139c14c2c2038e1fe4e94f17067d"},"description":"Klares Eigentor: Die SPD bewirbt auf Facebook ihr Bundesteilhabegesetz mit einem Rollstuhlfahrer, der eigentlich keiner ist.","breadcrumb":{"@id":"https:\/\/blog.zeit.de\/stufenlos\/2016\/12\/12\/der-fake-rollstuhlfahrer-der-spd\/#breadcrumb"},"inLanguage":"de","potentialAction":[{"@type":"ReadAction","target":["https:\/\/blog.zeit.de\/stufenlos\/2016\/12\/12\/der-fake-rollstuhlfahrer-der-spd\/"]}]},{"@type":"BreadcrumbList","@id":"https:\/\/blog.zeit.de\/stufenlos\/2016\/12\/12\/der-fake-rollstuhlfahrer-der-spd\/#breadcrumb","itemListElement":[{"@type":"ListItem","position":1,"name":"Startseite","item":"https:\/\/blog.zeit.de\/stufenlos\/"},{"@type":"ListItem","position":2,"name":"Der Fake-Rollstuhlfahrer der SPD"}]},{"@type":"WebSite","@id":"https:\/\/blog.zeit.de\/stufenlos\/#website","url":"https:\/\/blog.zeit.de\/stufenlos\/","name":"Stufenlos","description":"Blog zur Barrierefreiheit und Inklusion","potentialAction":[{"@type":"SearchAction","target":{"@type":"EntryPoint","urlTemplate":"https:\/\/blog.zeit.de\/stufenlos\/?s={search_term_string}"},"query-input":"required name=search_term_string"}],"inLanguage":"de"},{"@type":"Person","@id":"https:\/\/blog.zeit.de\/stufenlos\/#\/schema\/person\/9e6e139c14c2c2038e1fe4e94f17067d","name":"Christiane Link","sameAs":["https:\/\/twitter.com\/Christiane"],"url":"https:\/\/blog.zeit.de\/stufenlos\/author\/clink\/"}]}},"jetpack_featured_media_url":"https:\/\/blog.zeit.de\/stufenlos\/files\/2016\/12\/Screenshot-2016-12-07-21.28.42.png","jetpack_sharing_enabled":true,"_links":{"self":[{"href":"https:\/\/blog.zeit.de\/stufenlos\/wp-json\/wp\/v2\/posts\/2472","targetHints":{"allow":["GET"]}}],"collection":[{"href":"https:\/\/blog.zeit.de\/stufenlos\/wp-json\/wp\/v2\/posts"}],"about":[{"href":"https:\/\/blog.zeit.de\/stufenlos\/wp-json\/wp\/v2\/types\/post"}],"author":[{"embeddable":true,"href":"https:\/\/blog.zeit.de\/stufenlos\/wp-json\/wp\/v2\/users\/519"}],"replies":[{"embeddable":true,"href":"https:\/\/blog.zeit.de\/stufenlos\/wp-json\/wp\/v2\/comments?post=2472"}],"version-history":[{"count":11,"href":"https:\/\/blog.zeit.de\/stufenlos\/wp-json\/wp\/v2\/posts\/2472\/revisions"}],"predecessor-version":[{"id":2486,"href":"https:\/\/blog.zeit.de\/stufenlos\/wp-json\/wp\/v2\/posts\/2472\/revisions\/2486"}],"wp:featuredmedia":[{"embeddable":true,"href":"https:\/\/blog.zeit.de\/stufenlos\/wp-json\/wp\/v2\/media\/2474"}],"wp:attachment":[{"href":"https:\/\/blog.zeit.de\/stufenlos\/wp-json\/wp\/v2\/media?parent=2472"}],"wp:term":[{"taxonomy":"category","embeddable":true,"href":"https:\/\/blog.zeit.de\/stufenlos\/wp-json\/wp\/v2\/categories?post=2472"},{"taxonomy":"post_tag","embeddable":true,"href":"https:\/\/blog.zeit.de\/stufenlos\/wp-json\/wp\/v2\/tags?post=2472"}],"curies":[{"name":"wp","href":"https:\/\/api.w.org\/{rel}","templated":true}]}}