{"id":358,"date":"2014-09-30T19:38:22","date_gmt":"2014-09-30T17:38:22","guid":{"rendered":"http:\/\/blog.zeit.de\/stufenlos\/?p=358"},"modified":"2014-10-01T15:25:02","modified_gmt":"2014-10-01T13:25:02","slug":"wenn-olli-welke-nicht-zu-verstehen-ist","status":"publish","type":"post","link":"https:\/\/blog.zeit.de\/stufenlos\/2014\/09\/30\/wenn-olli-welke-nicht-zu-verstehen-ist\/","title":{"rendered":"Wenn Olli Welke nicht zu verstehen ist"},"content":{"rendered":"<p>Schauen Sie auch regelm\u00e4\u00dfig die <em>heute-show<\/em>? Mehr als eine Million Menschen haben beim letzten Mal eingeschaltet, das entspricht einem Marktanteil von 11,9 Prozent. Seit 2009 l\u00e4uft die <em>heute-show<\/em> im ZDF. Sie z\u00e4hlt zu einer der erfolgreichsten Sendungen im \u00f6ffentlich-rechtlichen Fernsehen.<\/p>\n<p>Leider hat es das ZDF bis heute nicht geschafft, die Sendung auch f\u00fcr geh\u00f6rlose und schwerh\u00f6rige Zuschauer zug\u00e4nglich zu machen. Denn die <em>heute-show<\/em> ist zwar eine der erfolgreichsten Sendungen im \u00f6ffentlich-rechtlichen Fernsehen, aber sie wird ohne Untertitel gesendet.<\/p>\n<blockquote class=\"twitter-tweet\" lang=\"en\" data-conversation=\"none\"><p>.<a href=\"https:\/\/twitter.com\/ZDF\">@ZDF<\/a> Ich will auch mal die <a href=\"https:\/\/twitter.com\/hashtag\/heuteshow?src=hash\">#heuteshow<\/a> angucken k\u00f6nnen. Das geht aber nur, wenn es mit <a href=\"https:\/\/twitter.com\/hashtag\/Untertitel?src=hash\">#Untertitel<\/a> kommt. Wann wird das ZDF das erm\u00f6glichen?<\/p>\n<p>\u2014 Julia Probst (@EinAugenschmaus) <a href=\"https:\/\/twitter.com\/EinAugenschmaus\/status\/515787474732580864\">September 27, 2014<\/a><\/p><\/blockquote>\n<p><script src=\"\/\/platform.twitter.com\/widgets.js\" async=\"\" charset=\"utf-8\"><\/script><\/p>\n<p>Wer geh\u00f6rlos oder schwerh\u00f6rig ist und Fernsehen schauen m\u00f6chte, ist auf Untertitel angewiesen.<\/p>\n<blockquote class=\"twitter-tweet\" lang=\"en\" data-conversation=\"none\"><p>\n<a href=\"https:\/\/twitter.com\/ZDF\">@ZDF<\/a> <a href=\"https:\/\/twitter.com\/EinAugenschmaus\">@EinAugenschmaus<\/a> Full Ack! Mit UTs w\u00e4re es f\u00fcr mich als CI-Tr\u00e4ger auch deutlich einfacher! Und wir zahlen mittlerweile auch Geb\u00fchren!<\/p>\n<p>\u2014 AURonline (@AURonline) <a href=\"https:\/\/twitter.com\/AURonline\/status\/515788038254133248\">September 27, 2014<\/a>\n<\/p><\/blockquote>\n<p><script src=\"\/\/platform.twitter.com\/widgets.js\" async=\"\" charset=\"utf-8\"><\/script><\/p>\n<p>Untertitel kann man normalerweise \u00fcber den Videotext zuschalten. Zwar arbeiten vor allem die \u00f6ffentlich-rechtlichen Sender daran, ihr Programm zug\u00e4nglicher zu machen, aber wer in den USA oder <a href=\"http:\/\/stakeholders.ofcom.org.uk\/binaries\/research\/tv-research\/access-service-reports\/Access_services_report_2013_for_publication-_Final.pdf\">Gro\u00dfbritannien den Fernseher<\/a> anmacht, wird feststellen, dass dort bereits 100 Prozent des Fernsehprogramms untertitelt wird &#8211; und zwar nicht nur bei \u00f6ffentlich-rechtlichen Sendern sondern auch bei den Privatkan\u00e4len. Man hat die Sender dazu verpflichtet.<\/p>\n<h3>Nicht nur Untertitel<\/h3>\n<p>Und nicht nur das: F\u00fcr blinde Fernsehnutzer wird in Gro\u00dfbritannien rund 20 Prozent des Programms der Hauptsender auf einem zweiten Tonkanal beschrieben. <a href=\"http:\/\/de.wikipedia.org\/wiki\/Audiodeskription\">Audiodeskription<\/a> nennt man das. Au\u00dferdem wird zus\u00e4tzlich zu den Untertiteln rund f\u00fcnf Prozent des BBC-Programms und ein Teil der privaten Programme in Britische Geb\u00e4rdensprache \u00fcbersetzt. Das betrifft vor allem Nachrichtensendungen und beliebte Serien, die im Nachtprogramm wiederholt werden. <a href=\"http:\/\/www.bbc.co.uk\/mediacentre\/latestnews\/2013\/magichands\">Aber auch im Kinderprogramm<\/a> wird Geb\u00e4rdensprache genutzt. Denn wenn Kinder noch nicht lesen k\u00f6nnen, sind sie auf Geb\u00e4rdensprache und visuelle Information angewiesen, wenn sie nicht gut h\u00f6ren k\u00f6nnen. Aber auch viele geh\u00f6rlose Erwachsene sch\u00e4tzen die \u00dcbersetzungen in Britische Geb\u00e4rdensprache, weil sie eben gerne in ihrer Sprache Fernsehen schauen.<\/p>\n<p>W\u00e4hrend in Deutschland nun auch <a href=\"http:\/\/www.rundfunkbeitrag.de\/buergerinnen_und_buerger\/informationen_fuer_menschen_mit_behinderung\/\">geh\u00f6rlose und blinde Zuschauer beim Rundfunkbeitrag zur Kasse gebeten werden<\/a>, d\u00fcrfen sie aber immer noch nicht voll teilhaben. Die Mehreinnahmen, die auch durch Menschen mit Behinderungen zustande kommen, sind so hoch, dass man <a href=\"http:\/\/www.zeit.de\/news\/2014-03\/13\/medien-rundfunkbeitrag-wird-gesenkt-13164804\">im M\u00e4rz beschlossen hat, den Rundfunkbeitrag zu senken<\/a>. Dabei h\u00e4tte man mit dem Geld einen guten Beitrag zur Inklusion leisten k\u00f6nnen.<\/p>\n<blockquote class=\"twitter-tweet\" lang=\"en\" data-conversation=\"none\"><p><a href=\"https:\/\/twitter.com\/EinAugenschmaus\">@EinAugenschmaus<\/a> <a href=\"https:\/\/twitter.com\/ZDF\">@ZDF<\/a> Die <a href=\"https:\/\/twitter.com\/hashtag\/GEZ?src=hash\">#GEZ<\/a> sollte solidarisch f\u00fcr die gleiche <a href=\"https:\/\/twitter.com\/hashtag\/Teilhabe?src=hash\">#Teilhabe<\/a> aller am \u00f6ffentlich rechtlichen eingesetzt werden<\/p>\n<p>\u2014 Marc Buschl\u00fcter (@Ma_Rc_Al_Ex) <a href=\"https:\/\/twitter.com\/Ma_Rc_Al_Ex\/status\/515790242084044800\">September 27, 2014<\/a><\/p><\/blockquote>\n<p><script src=\"\/\/platform.twitter.com\/widgets.js\" async=\"\" charset=\"utf-8\"><\/script><\/p>\n<h3>Eine Frage der Priorit\u00e4ten<\/h3>\n<p>Man h\u00e4tte die Programme <a href=\"http:\/\/sign-dialog.de\/files\/Statistik\/201301_UT_Statistik.pdf\">voll untertiteln k\u00f6nnen<\/a>, man h\u00e4tte die Untertitelredaktionen besser ausstatten k\u00f6nnen, um die Qualit\u00e4t der Untertitel zu verbessern, mehr Audiodeskription anbieten k\u00f6nnen, mehr Geb\u00e4rdensprache, innovative Programme im Kinderprogramm. Wenn in anderen L\u00e4ndern zu 100 Prozent untertitelt wird, warum nimmt man nicht das Geld, das man zus\u00e4tzlich eingenommen hat, und versucht, dieses Ziel auch in Deutschland zu erreichen?<\/p>\n<p>Aber selbst wo untertitelt wird, ist die Qualit\u00e4t noch immer ein Problem. Derzeit sind vor allem Live-Untertitel bei Talkshows beispielsweise sehr verbesserungsw\u00fcrdig. Schalten Sie mal aus Spa\u00df bei der n\u00e4chsten Live-Sendung, die sie schauen, <a href=\"http:\/\/de.wikipedia.org\/wiki\/Untertitel#Fernsehen_und_Video\">Untertitel<\/a> zu. So mancher Jauch- oder Lanzsendung kann man mit Untertiteln alleine kaum folgen. Bei Lanz liegt wohl zwischen Aufzeichnung und Sendung zu wenig Zeit, um die Untertitel vorher vorzubereiten. Die schlechte Qualit\u00e4t der Untertitel ist wohl zum einen ein Softwareproblem, weil die Entwicklungen f\u00fcr englischsprachige Software angeblich weiter sind, aber es wird wohl auch zu wenig investiert. Aber selbst alte Sendungen, die man problemlos untertiteln k\u00f6nnte, werden nicht untertitelt.<\/p>\n<p>Kein Wunder also, dass der Start von Netflix in Deutschland nicht zuletzt von geh\u00f6rlosen und schwerh\u00f6rigen Filmliebhabern gefeiert wurde, denn sie k\u00f6nnen endlich die Filme sehen, die ihnen das deutsche Fernsehen wegen Mangel an Untertitelung vorenthalten hat.<\/p>\n<p>Aber es geht nicht nur um Filme. Man kann von der <em>heute-show<\/em>, von Talkshows und anderen erfolgreichen Sendungen halten, was man will. Aber sie bieten uns H\u00f6renden Informationen, die an geh\u00f6rlosen Zuschauern derzeit vorbeigehen. Und das vor dem Hintergrund, dass sie nicht einmal auf das Radio zur\u00fcckgreifen k\u00f6nnen.<\/p>\n","protected":false},"excerpt":{"rendered":"<p>Schauen Sie auch regelm\u00e4\u00dfig die heute-show? Mehr als eine Million Menschen haben beim letzten Mal eingeschaltet, das entspricht einem Marktanteil von 11,9 Prozent. Seit 2009 l\u00e4uft die heute-show im ZDF. Sie z\u00e4hlt zu einer der erfolgreichsten Sendungen im \u00f6ffentlich-rechtlichen Fernsehen. Leider hat es das ZDF bis heute nicht geschafft, die Sendung auch f\u00fcr geh\u00f6rlose und [&hellip;]<\/p>\n","protected":false},"author":519,"featured_media":0,"comment_status":"open","ping_status":"open","sticky":false,"template":"","format":"standard","meta":{"_jetpack_memberships_contains_paid_content":false,"footnotes":""},"categories":[12992,943,187],"tags":[],"class_list":["post-358","post","type-post","status-publish","format-standard","hentry","category-inklusion","category-medien","category-politik"],"yoast_head":"<!-- This site is optimized with the Yoast SEO plugin v21.0 - https:\/\/yoast.com\/wordpress\/plugins\/seo\/ -->\n<title>Wenn Olli Welke nicht zu verstehen ist - Stufenlos<\/title>\n<meta name=\"robots\" content=\"index, follow, max-snippet:-1, max-image-preview:large, max-video-preview:-1\" \/>\n<link rel=\"canonical\" href=\"https:\/\/blog.zeit.de\/stufenlos\/2014\/09\/30\/wenn-olli-welke-nicht-zu-verstehen-ist\/\" \/>\n<meta property=\"og:locale\" content=\"de_DE\" \/>\n<meta property=\"og:type\" content=\"article\" \/>\n<meta property=\"og:title\" content=\"Wenn Olli Welke nicht zu verstehen ist - Stufenlos\" \/>\n<meta property=\"og:description\" content=\"Schauen Sie auch regelm\u00e4\u00dfig die heute-show? Mehr als eine Million Menschen haben beim letzten Mal eingeschaltet, das entspricht einem Marktanteil von 11,9 Prozent. Seit 2009 l\u00e4uft die heute-show im ZDF. Sie z\u00e4hlt zu einer der erfolgreichsten Sendungen im \u00f6ffentlich-rechtlichen Fernsehen. Leider hat es das ZDF bis heute nicht geschafft, die Sendung auch f\u00fcr geh\u00f6rlose und [&hellip;]\" \/>\n<meta property=\"og:url\" content=\"https:\/\/blog.zeit.de\/stufenlos\/2014\/09\/30\/wenn-olli-welke-nicht-zu-verstehen-ist\/\" \/>\n<meta property=\"og:site_name\" content=\"Stufenlos\" \/>\n<meta property=\"article:published_time\" content=\"2014-09-30T17:38:22+00:00\" \/>\n<meta property=\"article:modified_time\" content=\"2014-10-01T13:25:02+00:00\" \/>\n<meta name=\"author\" content=\"Christiane Link\" \/>\n<meta name=\"twitter:card\" content=\"summary_large_image\" \/>\n<meta name=\"twitter:creator\" content=\"@Christiane\" \/>\n<meta name=\"twitter:site\" content=\"@zeitonline\" \/>\n<meta name=\"twitter:label1\" content=\"Geschrieben von\" \/>\n\t<meta name=\"twitter:data1\" content=\"Christiane Link\" \/>\n\t<meta name=\"twitter:label2\" content=\"Gesch\u00e4tzte Lesezeit\" \/>\n\t<meta name=\"twitter:data2\" content=\"4\u00a0Minuten\" \/>\n<script type=\"application\/ld+json\" class=\"yoast-schema-graph\">{\"@context\":\"https:\/\/schema.org\",\"@graph\":[{\"@type\":\"WebPage\",\"@id\":\"https:\/\/blog.zeit.de\/stufenlos\/2014\/09\/30\/wenn-olli-welke-nicht-zu-verstehen-ist\/\",\"url\":\"https:\/\/blog.zeit.de\/stufenlos\/2014\/09\/30\/wenn-olli-welke-nicht-zu-verstehen-ist\/\",\"name\":\"Wenn Olli Welke nicht zu verstehen ist - Stufenlos\",\"isPartOf\":{\"@id\":\"https:\/\/blog.zeit.de\/stufenlos\/#website\"},\"datePublished\":\"2014-09-30T17:38:22+00:00\",\"dateModified\":\"2014-10-01T13:25:02+00:00\",\"author\":{\"@id\":\"https:\/\/blog.zeit.de\/stufenlos\/#\/schema\/person\/9e6e139c14c2c2038e1fe4e94f17067d\"},\"breadcrumb\":{\"@id\":\"https:\/\/blog.zeit.de\/stufenlos\/2014\/09\/30\/wenn-olli-welke-nicht-zu-verstehen-ist\/#breadcrumb\"},\"inLanguage\":\"de\",\"potentialAction\":[{\"@type\":\"ReadAction\",\"target\":[\"https:\/\/blog.zeit.de\/stufenlos\/2014\/09\/30\/wenn-olli-welke-nicht-zu-verstehen-ist\/\"]}]},{\"@type\":\"BreadcrumbList\",\"@id\":\"https:\/\/blog.zeit.de\/stufenlos\/2014\/09\/30\/wenn-olli-welke-nicht-zu-verstehen-ist\/#breadcrumb\",\"itemListElement\":[{\"@type\":\"ListItem\",\"position\":1,\"name\":\"Startseite\",\"item\":\"https:\/\/blog.zeit.de\/stufenlos\/\"},{\"@type\":\"ListItem\",\"position\":2,\"name\":\"Wenn Olli Welke nicht zu verstehen ist\"}]},{\"@type\":\"WebSite\",\"@id\":\"https:\/\/blog.zeit.de\/stufenlos\/#website\",\"url\":\"https:\/\/blog.zeit.de\/stufenlos\/\",\"name\":\"Stufenlos\",\"description\":\"Blog zur Barrierefreiheit und Inklusion\",\"potentialAction\":[{\"@type\":\"SearchAction\",\"target\":{\"@type\":\"EntryPoint\",\"urlTemplate\":\"https:\/\/blog.zeit.de\/stufenlos\/?s={search_term_string}\"},\"query-input\":\"required name=search_term_string\"}],\"inLanguage\":\"de\"},{\"@type\":\"Person\",\"@id\":\"https:\/\/blog.zeit.de\/stufenlos\/#\/schema\/person\/9e6e139c14c2c2038e1fe4e94f17067d\",\"name\":\"Christiane Link\",\"sameAs\":[\"https:\/\/twitter.com\/Christiane\"],\"url\":\"https:\/\/blog.zeit.de\/stufenlos\/author\/clink\/\"}]}<\/script>\n<!-- \/ Yoast SEO plugin. -->","yoast_head_json":{"title":"Wenn Olli Welke nicht zu verstehen ist - Stufenlos","robots":{"index":"index","follow":"follow","max-snippet":"max-snippet:-1","max-image-preview":"max-image-preview:large","max-video-preview":"max-video-preview:-1"},"canonical":"https:\/\/blog.zeit.de\/stufenlos\/2014\/09\/30\/wenn-olli-welke-nicht-zu-verstehen-ist\/","og_locale":"de_DE","og_type":"article","og_title":"Wenn Olli Welke nicht zu verstehen ist - Stufenlos","og_description":"Schauen Sie auch regelm\u00e4\u00dfig die heute-show? Mehr als eine Million Menschen haben beim letzten Mal eingeschaltet, das entspricht einem Marktanteil von 11,9 Prozent. Seit 2009 l\u00e4uft die heute-show im ZDF. Sie z\u00e4hlt zu einer der erfolgreichsten Sendungen im \u00f6ffentlich-rechtlichen Fernsehen. Leider hat es das ZDF bis heute nicht geschafft, die Sendung auch f\u00fcr geh\u00f6rlose und [&hellip;]","og_url":"https:\/\/blog.zeit.de\/stufenlos\/2014\/09\/30\/wenn-olli-welke-nicht-zu-verstehen-ist\/","og_site_name":"Stufenlos","article_published_time":"2014-09-30T17:38:22+00:00","article_modified_time":"2014-10-01T13:25:02+00:00","author":"Christiane Link","twitter_card":"summary_large_image","twitter_creator":"@Christiane","twitter_site":"@zeitonline","twitter_misc":{"Geschrieben von":"Christiane Link","Gesch\u00e4tzte Lesezeit":"4\u00a0Minuten"},"schema":{"@context":"https:\/\/schema.org","@graph":[{"@type":"WebPage","@id":"https:\/\/blog.zeit.de\/stufenlos\/2014\/09\/30\/wenn-olli-welke-nicht-zu-verstehen-ist\/","url":"https:\/\/blog.zeit.de\/stufenlos\/2014\/09\/30\/wenn-olli-welke-nicht-zu-verstehen-ist\/","name":"Wenn Olli Welke nicht zu verstehen ist - Stufenlos","isPartOf":{"@id":"https:\/\/blog.zeit.de\/stufenlos\/#website"},"datePublished":"2014-09-30T17:38:22+00:00","dateModified":"2014-10-01T13:25:02+00:00","author":{"@id":"https:\/\/blog.zeit.de\/stufenlos\/#\/schema\/person\/9e6e139c14c2c2038e1fe4e94f17067d"},"breadcrumb":{"@id":"https:\/\/blog.zeit.de\/stufenlos\/2014\/09\/30\/wenn-olli-welke-nicht-zu-verstehen-ist\/#breadcrumb"},"inLanguage":"de","potentialAction":[{"@type":"ReadAction","target":["https:\/\/blog.zeit.de\/stufenlos\/2014\/09\/30\/wenn-olli-welke-nicht-zu-verstehen-ist\/"]}]},{"@type":"BreadcrumbList","@id":"https:\/\/blog.zeit.de\/stufenlos\/2014\/09\/30\/wenn-olli-welke-nicht-zu-verstehen-ist\/#breadcrumb","itemListElement":[{"@type":"ListItem","position":1,"name":"Startseite","item":"https:\/\/blog.zeit.de\/stufenlos\/"},{"@type":"ListItem","position":2,"name":"Wenn Olli Welke nicht zu verstehen ist"}]},{"@type":"WebSite","@id":"https:\/\/blog.zeit.de\/stufenlos\/#website","url":"https:\/\/blog.zeit.de\/stufenlos\/","name":"Stufenlos","description":"Blog zur Barrierefreiheit und Inklusion","potentialAction":[{"@type":"SearchAction","target":{"@type":"EntryPoint","urlTemplate":"https:\/\/blog.zeit.de\/stufenlos\/?s={search_term_string}"},"query-input":"required name=search_term_string"}],"inLanguage":"de"},{"@type":"Person","@id":"https:\/\/blog.zeit.de\/stufenlos\/#\/schema\/person\/9e6e139c14c2c2038e1fe4e94f17067d","name":"Christiane Link","sameAs":["https:\/\/twitter.com\/Christiane"],"url":"https:\/\/blog.zeit.de\/stufenlos\/author\/clink\/"}]}},"jetpack_featured_media_url":"","jetpack_sharing_enabled":true,"_links":{"self":[{"href":"https:\/\/blog.zeit.de\/stufenlos\/wp-json\/wp\/v2\/posts\/358","targetHints":{"allow":["GET"]}}],"collection":[{"href":"https:\/\/blog.zeit.de\/stufenlos\/wp-json\/wp\/v2\/posts"}],"about":[{"href":"https:\/\/blog.zeit.de\/stufenlos\/wp-json\/wp\/v2\/types\/post"}],"author":[{"embeddable":true,"href":"https:\/\/blog.zeit.de\/stufenlos\/wp-json\/wp\/v2\/users\/519"}],"replies":[{"embeddable":true,"href":"https:\/\/blog.zeit.de\/stufenlos\/wp-json\/wp\/v2\/comments?post=358"}],"version-history":[{"count":12,"href":"https:\/\/blog.zeit.de\/stufenlos\/wp-json\/wp\/v2\/posts\/358\/revisions"}],"predecessor-version":[{"id":371,"href":"https:\/\/blog.zeit.de\/stufenlos\/wp-json\/wp\/v2\/posts\/358\/revisions\/371"}],"wp:attachment":[{"href":"https:\/\/blog.zeit.de\/stufenlos\/wp-json\/wp\/v2\/media?parent=358"}],"wp:term":[{"taxonomy":"category","embeddable":true,"href":"https:\/\/blog.zeit.de\/stufenlos\/wp-json\/wp\/v2\/categories?post=358"},{"taxonomy":"post_tag","embeddable":true,"href":"https:\/\/blog.zeit.de\/stufenlos\/wp-json\/wp\/v2\/tags?post=358"}],"curies":[{"name":"wp","href":"https:\/\/api.w.org\/{rel}","templated":true}]}}