{"id":716,"date":"2015-01-07T15:54:47","date_gmt":"2015-01-07T14:54:47","guid":{"rendered":"http:\/\/blog.zeit.de\/stufenlos\/?p=716"},"modified":"2015-01-07T15:54:47","modified_gmt":"2015-01-07T14:54:47","slug":"auf-dem-weg-zur-inklusion-die-wichtigsten-themen-2015","status":"publish","type":"post","link":"https:\/\/blog.zeit.de\/stufenlos\/2015\/01\/07\/auf-dem-weg-zur-inklusion-die-wichtigsten-themen-2015\/","title":{"rendered":"Auf dem Weg zur Inklusion &#8211; die wichtigsten Themen 2015"},"content":{"rendered":"<p>Das Jahr hat gerade erst angefangen, aber dennoch ist abzusehen, dass es gerade was Inklusion und Teilhabe behinderter Menschen angeht, ein wichtiges Jahr werden k\u00f6nnte. Das sind die Themen, die f\u00fcr 2015 auf der Agenda stehen:<\/p>\n<h3>Schulische Inklusion<\/h3>\n<p>Es war schon 2014 ein Dauerbrenner und wird auch 2015 weiter f\u00fcr Diskussion sorgen: Die schulische Inklusion. Zwar gibt es mit der UN-Behindertenrechtskonvention einen Rechtsanspruch auch f\u00fcr behinderte Kinder eine Regelschule zu besuchen, aber wie dieser Anspruch in die Praxis umgesetzt werden soll, dar\u00fcber gibt es sehr viel Diskussionsbedarf.<\/p>\n<p>Es fehlt an Konzepten, barrierefreien Schulen, R\u00fcckzugsm\u00f6glichkeiten, geschulten Lehrkr\u00e4ften, Assistenz und vor alle am Geld. Inklusion ist sicher keine Sparma\u00dfnahme, sondern eine Investition in die Zukunft der Kinder. Wer glaubt, mit schulischer Inklusion sparen zu k\u00f6nnen, hat nicht verstanden was Inklusion bedeutet: Individuelle F\u00f6rderung und die kostet Geld.<\/p>\n<h3>Staatenpr\u00fcfung<\/h3>\n<p>Die Bundesrepublik Deutschland hat als einer der ersten Staaten die UN-Behindertenrechtskonvention 2007 unterzeichnet und 2009 ratifiziert. Damit ist sie in Deutschland verbindlich und ihre Einhaltung wird regelm\u00e4\u00dfig von der UNO kontrolliert.<\/p>\n<p>Die UN-Behindertenrechtskonvention sieht eine regelm\u00e4\u00dfige \u00dcberpr\u00fcfung der Vertragsstaaten vor. Bei dieser Kontrolle wird \u00fcberpr\u00fcft, ob ein Land die garantierten Rechte f\u00fcr behinderte Menschen auch einh\u00e4lt. Die Staatenpr\u00fcfung Deutschlands wird in der 13. Sitzung des UN-Fachausschusses in Genf erfolgen, die vom 25. M\u00e4rz bis zum 17. April 2015 anberaumt ist. Im Vorfeld musste die Bundesregierung bereits <a href=\"http:\/\/www.gemeinsam-einfach-machen.de\/SharedDocs\/Downloads\/DE\/StdS\/UN_BRK\/LOI.pdf?__blob=publicationFile\">einen Fragenkatalog beantworten<\/a>. Er enth\u00e4lt 25 Fragen. Es geht bei den Fragen beispielsweise um den Schutz vor Diskriminierung behinderter Menschen oder auch um die Verpflichtung zur Barrierefreiheit von privaten Tr\u00e4gern. Nat\u00fcrlich steht auch das Thema schulische Inklusion auf der Fragenliste.<\/p>\n<p>Nach Abschluss der Staatenpr\u00fcfung wird der Fachausschuss seine &#8222;Abschlie\u00dfenden Bemerkungen&#8220; <span lang=\"en\">(&#8222;Concluding Observations&#8220;) <\/span> ver\u00f6ffentlichen. Das sind konkrete Handlungsempfehlungen, um die Teilhabe behinderter Menschen in Deutschland zu verbessern. <\/p>\n<h3>Bundesteilhabegesetz<\/h3>\n<p>Dass das Gesetz kommt, steht wohl fest. Die Frage ist, was wird im neuen Teilhabegesetz stehen? Bis Mitte 2015 soll das Bundesteilhabegesetz entwickelt und bis Mitte 2016 im Bundestag und Bundesrat beschlossen werden. Eine der wichtigsten Forderungen ist, Menschen, die auf pers\u00f6nliche Assistenz angewiesen sind, nicht l\u00e4nger arm zu halten, sondern die Finanzierung der Assistenz einkommensunabh\u00e4ngig zu regeln, damit <a href=\"https:\/\/blog.zeit.de\/stufenlos\/2014\/09\/05\/wenn-sich-arbeit-nicht-lohnt\/\">auch Menschen wie Raul Krauthausen<\/a> mehr als 700 Euro mit nach Hause nehmen k\u00f6nnen, wenn sie arbeiten.<\/p>\n<p>Das Forum behinderter Juristinnen und Juristen hat <a href=\"http:\/\/www.teilhabegesetz.org\/\/media\/\/Ottmars_Dateien\/140117_GST.pdf\">einen Gesetzentwurf<\/a> und ein <a href=\"http:\/\/www.teilhabegesetz.org\/\/media\/Ottmars_Dateien\/130622_Eckpunkte_Kampagnenseite.pdf\">Eckpunktepapier<\/a> erarbeitet. <\/p>\n<h3>Antidiskriminierungsrichtlinie der EU<\/h3>\n<p>Vielleicht wird 2015 das Jahr, in dem Deutschland endlich seine Blockade gegen eine weitere Antidiskriminierungsrichtlinie der Europ\u00e4ischen Union aufgibt, durch die der diskriminierungsfreie Zugang f\u00fcr alle Menschen zu Dienstleistungen und G\u00fctern verankert werden soll. <\/p>\n<p>Was in Gro\u00dfbritannien bereits seit 20 Jahren f\u00fcr behinderte Menschen zum Alltag geh\u00f6rt, k\u00f6nnte bald in der ganzen EU Wirklichkeit werden, wenn Deutschland sich nicht querstellt. <\/p>\n<p>Seit 1995 gibt es im K\u00f6nigreich ein Gesetz, das es Unternehmen und Dienstleistern verbietet, behinderte Menschen zu diskriminieren, ihnen beispielsweise einen schlechteren Service als nichtbehinderten Kunden anzubieten. Au\u00dferdem verpflichtet das Gesetz Gesch\u00e4ftsinhaber angemessene Ma\u00dfnahmen zu ergreifen, um ihre Angebote barrierefrei zu machen. <\/p>\n<p>Ein \u00e4hnliches Gesetz europaweit einzuf\u00fchren, w\u00e4re ein Meilenstein auf dem Weg zur gleichberechtigten Teilhabe behinderter EU-B\u00fcrger und anderer Gruppen. Deutsche Behindertenverb\u00e4nde <a href=\"http:\/\/www.kobinet-nachrichten.org\/de\/1\/nachrichten\/30784\/Blockade-gegen-Antidiskriminierungsrichtlinie-aufgeben.htm\">hatten die zust\u00e4ndige Ministerin Manuela Schwesig (SPD) bereits Ende 2014 aufgefordert<\/a>, ihre Blockadehaltung bei der EU aufzugeben.<\/p>\n<h3>Spannendes Jahr<\/h3>\n<p>2015 k\u00f6nnte also was diese und andere Themen angeht eine wirklich spannendes Jahr werden. Ich hoffe, ich schaue in 12 Monaten nicht entt\u00e4uscht zur\u00fcck.<\/p>\n","protected":false},"excerpt":{"rendered":"<p>Das Jahr hat gerade erst angefangen, aber dennoch ist abzusehen, dass es gerade was Inklusion und Teilhabe behinderter Menschen angeht, ein wichtiges Jahr werden k\u00f6nnte. Das sind die Themen, die f\u00fcr 2015 auf der Agenda stehen: Schulische Inklusion Es war schon 2014 ein Dauerbrenner und wird auch 2015 weiter f\u00fcr Diskussion sorgen: Die schulische Inklusion. [&hellip;]<\/p>\n","protected":false},"author":519,"featured_media":0,"comment_status":"open","ping_status":"open","sticky":false,"template":"","format":"standard","meta":{"_jetpack_memberships_contains_paid_content":false,"footnotes":""},"categories":[16,12992,187,2629],"tags":[],"class_list":["post-716","post","type-post","status-publish","format-standard","hentry","category-allgemein","category-inklusion","category-politik","category-recht"],"yoast_head":"<!-- This site is optimized with the Yoast SEO plugin v21.0 - https:\/\/yoast.com\/wordpress\/plugins\/seo\/ -->\n<title>Auf dem Weg zur Inklusion - die wichtigsten Themen 2015  - Stufenlos<\/title>\n<meta name=\"robots\" content=\"index, follow, max-snippet:-1, max-image-preview:large, max-video-preview:-1\" \/>\n<link rel=\"canonical\" href=\"https:\/\/blog.zeit.de\/stufenlos\/2015\/01\/07\/auf-dem-weg-zur-inklusion-die-wichtigsten-themen-2015\/\" \/>\n<meta property=\"og:locale\" content=\"de_DE\" \/>\n<meta property=\"og:type\" content=\"article\" \/>\n<meta property=\"og:title\" content=\"Auf dem Weg zur Inklusion - die wichtigsten Themen 2015  - Stufenlos\" \/>\n<meta property=\"og:description\" content=\"Das Jahr hat gerade erst angefangen, aber dennoch ist abzusehen, dass es gerade was Inklusion und Teilhabe behinderter Menschen angeht, ein wichtiges Jahr werden k\u00f6nnte. Das sind die Themen, die f\u00fcr 2015 auf der Agenda stehen: Schulische Inklusion Es war schon 2014 ein Dauerbrenner und wird auch 2015 weiter f\u00fcr Diskussion sorgen: Die schulische Inklusion. [&hellip;]\" \/>\n<meta property=\"og:url\" content=\"https:\/\/blog.zeit.de\/stufenlos\/2015\/01\/07\/auf-dem-weg-zur-inklusion-die-wichtigsten-themen-2015\/\" \/>\n<meta property=\"og:site_name\" content=\"Stufenlos\" \/>\n<meta property=\"article:published_time\" content=\"2015-01-07T14:54:47+00:00\" \/>\n<meta name=\"author\" content=\"Christiane Link\" \/>\n<meta name=\"twitter:card\" content=\"summary_large_image\" \/>\n<meta name=\"twitter:creator\" content=\"@Christiane\" \/>\n<meta name=\"twitter:site\" content=\"@zeitonline\" \/>\n<meta name=\"twitter:label1\" content=\"Geschrieben von\" \/>\n\t<meta name=\"twitter:data1\" content=\"Christiane Link\" \/>\n\t<meta name=\"twitter:label2\" content=\"Gesch\u00e4tzte Lesezeit\" \/>\n\t<meta name=\"twitter:data2\" content=\"3\u00a0Minuten\" \/>\n<script type=\"application\/ld+json\" class=\"yoast-schema-graph\">{\"@context\":\"https:\/\/schema.org\",\"@graph\":[{\"@type\":\"WebPage\",\"@id\":\"https:\/\/blog.zeit.de\/stufenlos\/2015\/01\/07\/auf-dem-weg-zur-inklusion-die-wichtigsten-themen-2015\/\",\"url\":\"https:\/\/blog.zeit.de\/stufenlos\/2015\/01\/07\/auf-dem-weg-zur-inklusion-die-wichtigsten-themen-2015\/\",\"name\":\"Auf dem Weg zur Inklusion - die wichtigsten Themen 2015 - Stufenlos\",\"isPartOf\":{\"@id\":\"https:\/\/blog.zeit.de\/stufenlos\/#website\"},\"datePublished\":\"2015-01-07T14:54:47+00:00\",\"dateModified\":\"2015-01-07T14:54:47+00:00\",\"author\":{\"@id\":\"https:\/\/blog.zeit.de\/stufenlos\/#\/schema\/person\/9e6e139c14c2c2038e1fe4e94f17067d\"},\"breadcrumb\":{\"@id\":\"https:\/\/blog.zeit.de\/stufenlos\/2015\/01\/07\/auf-dem-weg-zur-inklusion-die-wichtigsten-themen-2015\/#breadcrumb\"},\"inLanguage\":\"de\",\"potentialAction\":[{\"@type\":\"ReadAction\",\"target\":[\"https:\/\/blog.zeit.de\/stufenlos\/2015\/01\/07\/auf-dem-weg-zur-inklusion-die-wichtigsten-themen-2015\/\"]}]},{\"@type\":\"BreadcrumbList\",\"@id\":\"https:\/\/blog.zeit.de\/stufenlos\/2015\/01\/07\/auf-dem-weg-zur-inklusion-die-wichtigsten-themen-2015\/#breadcrumb\",\"itemListElement\":[{\"@type\":\"ListItem\",\"position\":1,\"name\":\"Startseite\",\"item\":\"https:\/\/blog.zeit.de\/stufenlos\/\"},{\"@type\":\"ListItem\",\"position\":2,\"name\":\"Auf dem Weg zur Inklusion &#8211; die wichtigsten Themen 2015\"}]},{\"@type\":\"WebSite\",\"@id\":\"https:\/\/blog.zeit.de\/stufenlos\/#website\",\"url\":\"https:\/\/blog.zeit.de\/stufenlos\/\",\"name\":\"Stufenlos\",\"description\":\"Blog zur Barrierefreiheit und Inklusion\",\"potentialAction\":[{\"@type\":\"SearchAction\",\"target\":{\"@type\":\"EntryPoint\",\"urlTemplate\":\"https:\/\/blog.zeit.de\/stufenlos\/?s={search_term_string}\"},\"query-input\":\"required name=search_term_string\"}],\"inLanguage\":\"de\"},{\"@type\":\"Person\",\"@id\":\"https:\/\/blog.zeit.de\/stufenlos\/#\/schema\/person\/9e6e139c14c2c2038e1fe4e94f17067d\",\"name\":\"Christiane Link\",\"sameAs\":[\"https:\/\/twitter.com\/Christiane\"],\"url\":\"https:\/\/blog.zeit.de\/stufenlos\/author\/clink\/\"}]}<\/script>\n<!-- \/ Yoast SEO plugin. -->","yoast_head_json":{"title":"Auf dem Weg zur Inklusion - die wichtigsten Themen 2015  - Stufenlos","robots":{"index":"index","follow":"follow","max-snippet":"max-snippet:-1","max-image-preview":"max-image-preview:large","max-video-preview":"max-video-preview:-1"},"canonical":"https:\/\/blog.zeit.de\/stufenlos\/2015\/01\/07\/auf-dem-weg-zur-inklusion-die-wichtigsten-themen-2015\/","og_locale":"de_DE","og_type":"article","og_title":"Auf dem Weg zur Inklusion - die wichtigsten Themen 2015  - Stufenlos","og_description":"Das Jahr hat gerade erst angefangen, aber dennoch ist abzusehen, dass es gerade was Inklusion und Teilhabe behinderter Menschen angeht, ein wichtiges Jahr werden k\u00f6nnte. Das sind die Themen, die f\u00fcr 2015 auf der Agenda stehen: Schulische Inklusion Es war schon 2014 ein Dauerbrenner und wird auch 2015 weiter f\u00fcr Diskussion sorgen: Die schulische Inklusion. [&hellip;]","og_url":"https:\/\/blog.zeit.de\/stufenlos\/2015\/01\/07\/auf-dem-weg-zur-inklusion-die-wichtigsten-themen-2015\/","og_site_name":"Stufenlos","article_published_time":"2015-01-07T14:54:47+00:00","author":"Christiane Link","twitter_card":"summary_large_image","twitter_creator":"@Christiane","twitter_site":"@zeitonline","twitter_misc":{"Geschrieben von":"Christiane Link","Gesch\u00e4tzte Lesezeit":"3\u00a0Minuten"},"schema":{"@context":"https:\/\/schema.org","@graph":[{"@type":"WebPage","@id":"https:\/\/blog.zeit.de\/stufenlos\/2015\/01\/07\/auf-dem-weg-zur-inklusion-die-wichtigsten-themen-2015\/","url":"https:\/\/blog.zeit.de\/stufenlos\/2015\/01\/07\/auf-dem-weg-zur-inklusion-die-wichtigsten-themen-2015\/","name":"Auf dem Weg zur Inklusion - die wichtigsten Themen 2015 - Stufenlos","isPartOf":{"@id":"https:\/\/blog.zeit.de\/stufenlos\/#website"},"datePublished":"2015-01-07T14:54:47+00:00","dateModified":"2015-01-07T14:54:47+00:00","author":{"@id":"https:\/\/blog.zeit.de\/stufenlos\/#\/schema\/person\/9e6e139c14c2c2038e1fe4e94f17067d"},"breadcrumb":{"@id":"https:\/\/blog.zeit.de\/stufenlos\/2015\/01\/07\/auf-dem-weg-zur-inklusion-die-wichtigsten-themen-2015\/#breadcrumb"},"inLanguage":"de","potentialAction":[{"@type":"ReadAction","target":["https:\/\/blog.zeit.de\/stufenlos\/2015\/01\/07\/auf-dem-weg-zur-inklusion-die-wichtigsten-themen-2015\/"]}]},{"@type":"BreadcrumbList","@id":"https:\/\/blog.zeit.de\/stufenlos\/2015\/01\/07\/auf-dem-weg-zur-inklusion-die-wichtigsten-themen-2015\/#breadcrumb","itemListElement":[{"@type":"ListItem","position":1,"name":"Startseite","item":"https:\/\/blog.zeit.de\/stufenlos\/"},{"@type":"ListItem","position":2,"name":"Auf dem Weg zur Inklusion &#8211; die wichtigsten Themen 2015"}]},{"@type":"WebSite","@id":"https:\/\/blog.zeit.de\/stufenlos\/#website","url":"https:\/\/blog.zeit.de\/stufenlos\/","name":"Stufenlos","description":"Blog zur Barrierefreiheit und Inklusion","potentialAction":[{"@type":"SearchAction","target":{"@type":"EntryPoint","urlTemplate":"https:\/\/blog.zeit.de\/stufenlos\/?s={search_term_string}"},"query-input":"required name=search_term_string"}],"inLanguage":"de"},{"@type":"Person","@id":"https:\/\/blog.zeit.de\/stufenlos\/#\/schema\/person\/9e6e139c14c2c2038e1fe4e94f17067d","name":"Christiane Link","sameAs":["https:\/\/twitter.com\/Christiane"],"url":"https:\/\/blog.zeit.de\/stufenlos\/author\/clink\/"}]}},"jetpack_featured_media_url":"","jetpack_sharing_enabled":true,"_links":{"self":[{"href":"https:\/\/blog.zeit.de\/stufenlos\/wp-json\/wp\/v2\/posts\/716","targetHints":{"allow":["GET"]}}],"collection":[{"href":"https:\/\/blog.zeit.de\/stufenlos\/wp-json\/wp\/v2\/posts"}],"about":[{"href":"https:\/\/blog.zeit.de\/stufenlos\/wp-json\/wp\/v2\/types\/post"}],"author":[{"embeddable":true,"href":"https:\/\/blog.zeit.de\/stufenlos\/wp-json\/wp\/v2\/users\/519"}],"replies":[{"embeddable":true,"href":"https:\/\/blog.zeit.de\/stufenlos\/wp-json\/wp\/v2\/comments?post=716"}],"version-history":[{"count":6,"href":"https:\/\/blog.zeit.de\/stufenlos\/wp-json\/wp\/v2\/posts\/716\/revisions"}],"predecessor-version":[{"id":723,"href":"https:\/\/blog.zeit.de\/stufenlos\/wp-json\/wp\/v2\/posts\/716\/revisions\/723"}],"wp:attachment":[{"href":"https:\/\/blog.zeit.de\/stufenlos\/wp-json\/wp\/v2\/media?parent=716"}],"wp:term":[{"taxonomy":"category","embeddable":true,"href":"https:\/\/blog.zeit.de\/stufenlos\/wp-json\/wp\/v2\/categories?post=716"},{"taxonomy":"post_tag","embeddable":true,"href":"https:\/\/blog.zeit.de\/stufenlos\/wp-json\/wp\/v2\/tags?post=716"}],"curies":[{"name":"wp","href":"https:\/\/api.w.org\/{rel}","templated":true}]}}