{"id":922,"date":"2015-03-08T23:37:11","date_gmt":"2015-03-08T22:37:11","guid":{"rendered":"http:\/\/blog.zeit.de\/stufenlos\/?p=922"},"modified":"2015-03-09T17:44:21","modified_gmt":"2015-03-09T16:44:21","slug":"eurovision-song-contest-punks-mit-syndrom","status":"publish","type":"post","link":"https:\/\/blog.zeit.de\/stufenlos\/2015\/03\/08\/eurovision-song-contest-punks-mit-syndrom\/","title":{"rendered":"Eurovision Song Contest: Punks mit Down-Syndrom"},"content":{"rendered":"<p>Sie sind laut, sie sind Punks und sie werden Finnland beim Eurovision Song Contest vertreten: Die Punkband Pertti Kurikan Nimip\u00e4iv\u00e4t (PKN) hat den Vorentscheid des Song Contests gewonnen. Drei von vier Bandmitgliedern haben das Down-Syndrom, ein weiteres Mitglied ist Autist. Damit leistet Finnland einen nicht zu untersch\u00e4tzenden Beitrag zur Inklusion.<br \/>\n<!--more--><\/p>\n<p>In Finnland war die Band auch schon vor dem Vorentscheid bekannt. 2013 erschien der Dokumentarfilm\u00a0<em>Punk Syndrome<\/em>, der die Band portr\u00e4tiert und Einblick in das t\u00e4gliche Leben der vier Musiker gibt. Sie sind bei den Proben zu sehen, zu Hause und auch bei ihren Konzerten. Dabei wird deutlich: Musik ist mehr als ein Hobby f\u00fcr die vier, sie nehmen ihre Auftritte sehr ernst.<\/p>\n\n<div class=\"embed-wrapper embed-wrapper--blocked js-embed-consent\" data-method=\"iframe\">\n<script class=\"raw__source\" type=\"text\/template\"><iframe loading=\"lazy\" frameborder=\"0\" height=\"315\" src=\"https:\/\/www.youtube.com\/embed\/xM58kP_JHkQ\" width=\"560\"><\/iframe><\/script>\n<div class=\"embed-wrapper__inner\">\n<div class=\"embed-wrapper__text\">\n<h3>Empfohlener redaktioneller Inhalt<\/h3>\n<p data-replace=\"no\">An dieser Stelle finden Sie externen Inhalt, der den Artikel erg\u00e4nzt. Sie k\u00f6nnen sich externe Inhalte mit einem Klick anzeigen lassen und wieder ausblenden.<noscript>Bitte aktivieren Sie JavaScript damit Sie diesen Inhalt anzeigen k\u00f6nnen.<\/noscript><\/p>\n<\/div>\n<div class=\"embed-consent\">\n<label class=\"embed-consent__toggle\">\n<input class=\"js-embed-consent__toggle\" type=\"checkbox\" autocomplete=\"off\">\n<span><\/span>\nExterner Inhalt\n<\/label>\n<a href=\"https:\/\/www.zeit.de\/hilfe\/datenschutz\" target=\"_blank\" class=\"embed-consent__datalink-when-active\">Datenschutzerkl\u00e4rung<\/a>\n<\/div>\n<div class=\"embed-wrapper__footer\">\n<p data-replace=\"no\">\nIch bin damit einverstanden, dass mir externe Inhalte angezeigt werden. Damit k\u00f6nnen personenbezogene Daten an Drittplattformen \u00fcbermittelt werden. <a href=\"https:\/\/www.zeit.de\/hilfe\/datenschutz\" target=\"_blank\">Mehr dazu in unserer Datenschutzerkl\u00e4rung.<\/a>\n<\/p>\n<\/div>\n<\/div>\n<\/div>\n<p>PKN spielte bereits Konzerte im ganzen Land, auch in anderen L\u00e4ndern gingen sie auf Tour, darunter auch in Deutschland.<\/p>\n<p>Kennengelernt haben sich die vier Bandmitglieder Kari, Pertti, Sami und Toni bei einem Workshop der Organisation Lythy, die verschiedene Angebote f\u00fcr Menschen mit Lernschwierigkeiten bieten. Das erste Lied der Band schrieb Gitarrist Pertti Kurikka an seinem Namenstag. Deshalb hei\u00dft die Band auch &#8222;Pertti Kurikan Nimip\u00e4iv\u00e4t&#8220;, Pertti Kurikkas Namenstag, kurz PKN.<\/p>\n<h3>Gewinner des Publikums<\/h3>\n<p>In Finnland entschied sowohl eine Fachjury als auch die finnischen Zuschauer, wer das Land im Mai in Wien vertreten wird. Die Jury hatte sich f\u00fcr die Boyband Satin Circus entschieden, aber die Jurybeurteilung macht nur zehn Prozent der Stimmen aus. Das Publikum vor den Bildschirmen wollte, dass PKN f\u00fcr Finnland beim Eurovision Song Contest antritt.<\/p>\n<p>Dabei war die Konkurrenz f\u00fcr PKN gro\u00df. Finnische Bollywood-Musik stand ebenso zur Auswahl wie Reggaeton. Am Ende setzte sich PKN gegen acht Finalteilnehmer durch. Und nicht nur das: Britische Buchmacher sehen bei den Wetteinsetzen die vier Finnen bereits auf der \u00dcberholspur. Dabei ist ihr Lied\u00a0<em>Aina mun pit\u00e4\u00e4<\/em> (Ich muss immer), mit dem sie in Wien antreten, nur 85 Sekunden lang. Er handelt von dem t\u00e4glichen \u00c4rger, gesund essen zu m\u00fcssen oder Hausarbeiten wie den Abwasch und Putzen erledigen zu m\u00fcssen.<\/p>\n<h3>Bitte kein Mitleid<\/h3>\n<p>&#8222;Wir rebellieren gegen die Gesellschaft auf verschiedenen Wegen&#8220;, sagte Bassist Sami Helle der britischen Zeitung\u00a0<em>The Guardian<\/em>. Aber die Band sei nicht politisch. &#8222;Wir ver\u00e4ndern die Einstellungen etwas, denn viele Menschen kommen zu unseren Auftritten und wir haben eine Menge Fans.&#8220; Aber er betonte auch, die Menschen sollten nicht aus Mitleid f\u00fcr die Band stimmen. &#8222;Wir sind nicht so viel anders wie die anderen \u2013 wir sind nur normale Typen mit einer geistigen Behinderung.&#8220;<\/p>\n","protected":false},"excerpt":{"rendered":"<p>Sie sind laut, sie sind Punks und sie werden Finnland beim Eurovision Song Contest vertreten: Die Punkband Pertti Kurikan Nimip\u00e4iv\u00e4t (PKN) hat den Vorentscheid des Song Contests gewonnen. Drei von vier Bandmitgliedern haben das Down-Syndrom, ein weiteres Mitglied ist Autist. Damit leistet Finnland einen nicht zu untersch\u00e4tzenden Beitrag zur Inklusion.<\/p>\n","protected":false},"author":519,"featured_media":0,"comment_status":"open","ping_status":"open","sticky":false,"template":"","format":"standard","meta":{"_jetpack_memberships_contains_paid_content":false,"footnotes":""},"categories":[16,12992,86],"tags":[],"class_list":["post-922","post","type-post","status-publish","format-standard","hentry","category-allgemein","category-inklusion","category-kultur"],"yoast_head":"<!-- This site is optimized with the Yoast SEO plugin v21.0 - https:\/\/yoast.com\/wordpress\/plugins\/seo\/ -->\n<title>Eurovision Song Contest: Punks mit Down-Syndrom<\/title>\n<meta name=\"description\" content=\"Die Punkband Pertti Kurikan Nimip\u00e4iv\u00e4t (PKN) wird Finnland beim Eurovision Song Contest vertreten. Drei von vier Bandmitgliedern haben das Down-Syndrom.\" \/>\n<meta name=\"robots\" content=\"index, follow, max-snippet:-1, max-image-preview:large, max-video-preview:-1\" \/>\n<link rel=\"canonical\" href=\"https:\/\/blog.zeit.de\/stufenlos\/2015\/03\/08\/eurovision-song-contest-punks-mit-syndrom\/\" \/>\n<meta property=\"og:locale\" content=\"de_DE\" \/>\n<meta property=\"og:type\" content=\"article\" \/>\n<meta property=\"og:title\" content=\"Eurovision Song Contest: Punks mit Down-Syndrom\" \/>\n<meta property=\"og:description\" content=\"Die Punkband Pertti Kurikan Nimip\u00e4iv\u00e4t (PKN) wird Finnland beim Eurovision Song Contest vertreten. Drei von vier Bandmitgliedern haben das Down-Syndrom.\" \/>\n<meta property=\"og:url\" content=\"https:\/\/blog.zeit.de\/stufenlos\/2015\/03\/08\/eurovision-song-contest-punks-mit-syndrom\/\" \/>\n<meta property=\"og:site_name\" content=\"Stufenlos\" \/>\n<meta property=\"article:published_time\" content=\"2015-03-08T22:37:11+00:00\" \/>\n<meta property=\"article:modified_time\" content=\"2015-03-09T16:44:21+00:00\" \/>\n<meta name=\"author\" content=\"Christiane Link\" \/>\n<meta name=\"twitter:card\" content=\"summary_large_image\" \/>\n<meta name=\"twitter:creator\" content=\"@Christiane\" \/>\n<meta name=\"twitter:site\" content=\"@zeitonline\" \/>\n<meta name=\"twitter:label1\" content=\"Geschrieben von\" \/>\n\t<meta name=\"twitter:data1\" content=\"Christiane Link\" \/>\n\t<meta name=\"twitter:label2\" content=\"Gesch\u00e4tzte Lesezeit\" \/>\n\t<meta name=\"twitter:data2\" content=\"2\u00a0Minuten\" \/>\n<script type=\"application\/ld+json\" class=\"yoast-schema-graph\">{\"@context\":\"https:\/\/schema.org\",\"@graph\":[{\"@type\":\"WebPage\",\"@id\":\"https:\/\/blog.zeit.de\/stufenlos\/2015\/03\/08\/eurovision-song-contest-punks-mit-syndrom\/\",\"url\":\"https:\/\/blog.zeit.de\/stufenlos\/2015\/03\/08\/eurovision-song-contest-punks-mit-syndrom\/\",\"name\":\"Eurovision Song Contest: Punks mit Down-Syndrom\",\"isPartOf\":{\"@id\":\"https:\/\/blog.zeit.de\/stufenlos\/#website\"},\"datePublished\":\"2015-03-08T22:37:11+00:00\",\"dateModified\":\"2015-03-09T16:44:21+00:00\",\"author\":{\"@id\":\"https:\/\/blog.zeit.de\/stufenlos\/#\/schema\/person\/9e6e139c14c2c2038e1fe4e94f17067d\"},\"description\":\"Die Punkband Pertti Kurikan Nimip\u00e4iv\u00e4t (PKN) wird Finnland beim Eurovision Song Contest vertreten. Drei von vier Bandmitgliedern haben das Down-Syndrom.\",\"breadcrumb\":{\"@id\":\"https:\/\/blog.zeit.de\/stufenlos\/2015\/03\/08\/eurovision-song-contest-punks-mit-syndrom\/#breadcrumb\"},\"inLanguage\":\"de\",\"potentialAction\":[{\"@type\":\"ReadAction\",\"target\":[\"https:\/\/blog.zeit.de\/stufenlos\/2015\/03\/08\/eurovision-song-contest-punks-mit-syndrom\/\"]}]},{\"@type\":\"BreadcrumbList\",\"@id\":\"https:\/\/blog.zeit.de\/stufenlos\/2015\/03\/08\/eurovision-song-contest-punks-mit-syndrom\/#breadcrumb\",\"itemListElement\":[{\"@type\":\"ListItem\",\"position\":1,\"name\":\"Startseite\",\"item\":\"https:\/\/blog.zeit.de\/stufenlos\/\"},{\"@type\":\"ListItem\",\"position\":2,\"name\":\"Eurovision Song Contest: Punks mit Down-Syndrom\"}]},{\"@type\":\"WebSite\",\"@id\":\"https:\/\/blog.zeit.de\/stufenlos\/#website\",\"url\":\"https:\/\/blog.zeit.de\/stufenlos\/\",\"name\":\"Stufenlos\",\"description\":\"Blog zur Barrierefreiheit und Inklusion\",\"potentialAction\":[{\"@type\":\"SearchAction\",\"target\":{\"@type\":\"EntryPoint\",\"urlTemplate\":\"https:\/\/blog.zeit.de\/stufenlos\/?s={search_term_string}\"},\"query-input\":\"required name=search_term_string\"}],\"inLanguage\":\"de\"},{\"@type\":\"Person\",\"@id\":\"https:\/\/blog.zeit.de\/stufenlos\/#\/schema\/person\/9e6e139c14c2c2038e1fe4e94f17067d\",\"name\":\"Christiane Link\",\"sameAs\":[\"https:\/\/twitter.com\/Christiane\"],\"url\":\"https:\/\/blog.zeit.de\/stufenlos\/author\/clink\/\"}]}<\/script>\n<!-- \/ Yoast SEO plugin. -->","yoast_head_json":{"title":"Eurovision Song Contest: Punks mit Down-Syndrom","description":"Die Punkband Pertti Kurikan Nimip\u00e4iv\u00e4t (PKN) wird Finnland beim Eurovision Song Contest vertreten. Drei von vier Bandmitgliedern haben das Down-Syndrom.","robots":{"index":"index","follow":"follow","max-snippet":"max-snippet:-1","max-image-preview":"max-image-preview:large","max-video-preview":"max-video-preview:-1"},"canonical":"https:\/\/blog.zeit.de\/stufenlos\/2015\/03\/08\/eurovision-song-contest-punks-mit-syndrom\/","og_locale":"de_DE","og_type":"article","og_title":"Eurovision Song Contest: Punks mit Down-Syndrom","og_description":"Die Punkband Pertti Kurikan Nimip\u00e4iv\u00e4t (PKN) wird Finnland beim Eurovision Song Contest vertreten. Drei von vier Bandmitgliedern haben das Down-Syndrom.","og_url":"https:\/\/blog.zeit.de\/stufenlos\/2015\/03\/08\/eurovision-song-contest-punks-mit-syndrom\/","og_site_name":"Stufenlos","article_published_time":"2015-03-08T22:37:11+00:00","article_modified_time":"2015-03-09T16:44:21+00:00","author":"Christiane Link","twitter_card":"summary_large_image","twitter_creator":"@Christiane","twitter_site":"@zeitonline","twitter_misc":{"Geschrieben von":"Christiane Link","Gesch\u00e4tzte Lesezeit":"2\u00a0Minuten"},"schema":{"@context":"https:\/\/schema.org","@graph":[{"@type":"WebPage","@id":"https:\/\/blog.zeit.de\/stufenlos\/2015\/03\/08\/eurovision-song-contest-punks-mit-syndrom\/","url":"https:\/\/blog.zeit.de\/stufenlos\/2015\/03\/08\/eurovision-song-contest-punks-mit-syndrom\/","name":"Eurovision Song Contest: Punks mit Down-Syndrom","isPartOf":{"@id":"https:\/\/blog.zeit.de\/stufenlos\/#website"},"datePublished":"2015-03-08T22:37:11+00:00","dateModified":"2015-03-09T16:44:21+00:00","author":{"@id":"https:\/\/blog.zeit.de\/stufenlos\/#\/schema\/person\/9e6e139c14c2c2038e1fe4e94f17067d"},"description":"Die Punkband Pertti Kurikan Nimip\u00e4iv\u00e4t (PKN) wird Finnland beim Eurovision Song Contest vertreten. Drei von vier Bandmitgliedern haben das Down-Syndrom.","breadcrumb":{"@id":"https:\/\/blog.zeit.de\/stufenlos\/2015\/03\/08\/eurovision-song-contest-punks-mit-syndrom\/#breadcrumb"},"inLanguage":"de","potentialAction":[{"@type":"ReadAction","target":["https:\/\/blog.zeit.de\/stufenlos\/2015\/03\/08\/eurovision-song-contest-punks-mit-syndrom\/"]}]},{"@type":"BreadcrumbList","@id":"https:\/\/blog.zeit.de\/stufenlos\/2015\/03\/08\/eurovision-song-contest-punks-mit-syndrom\/#breadcrumb","itemListElement":[{"@type":"ListItem","position":1,"name":"Startseite","item":"https:\/\/blog.zeit.de\/stufenlos\/"},{"@type":"ListItem","position":2,"name":"Eurovision Song Contest: Punks mit Down-Syndrom"}]},{"@type":"WebSite","@id":"https:\/\/blog.zeit.de\/stufenlos\/#website","url":"https:\/\/blog.zeit.de\/stufenlos\/","name":"Stufenlos","description":"Blog zur Barrierefreiheit und Inklusion","potentialAction":[{"@type":"SearchAction","target":{"@type":"EntryPoint","urlTemplate":"https:\/\/blog.zeit.de\/stufenlos\/?s={search_term_string}"},"query-input":"required name=search_term_string"}],"inLanguage":"de"},{"@type":"Person","@id":"https:\/\/blog.zeit.de\/stufenlos\/#\/schema\/person\/9e6e139c14c2c2038e1fe4e94f17067d","name":"Christiane Link","sameAs":["https:\/\/twitter.com\/Christiane"],"url":"https:\/\/blog.zeit.de\/stufenlos\/author\/clink\/"}]}},"jetpack_featured_media_url":"","jetpack_sharing_enabled":true,"_links":{"self":[{"href":"https:\/\/blog.zeit.de\/stufenlos\/wp-json\/wp\/v2\/posts\/922","targetHints":{"allow":["GET"]}}],"collection":[{"href":"https:\/\/blog.zeit.de\/stufenlos\/wp-json\/wp\/v2\/posts"}],"about":[{"href":"https:\/\/blog.zeit.de\/stufenlos\/wp-json\/wp\/v2\/types\/post"}],"author":[{"embeddable":true,"href":"https:\/\/blog.zeit.de\/stufenlos\/wp-json\/wp\/v2\/users\/519"}],"replies":[{"embeddable":true,"href":"https:\/\/blog.zeit.de\/stufenlos\/wp-json\/wp\/v2\/comments?post=922"}],"version-history":[{"count":5,"href":"https:\/\/blog.zeit.de\/stufenlos\/wp-json\/wp\/v2\/posts\/922\/revisions"}],"predecessor-version":[{"id":928,"href":"https:\/\/blog.zeit.de\/stufenlos\/wp-json\/wp\/v2\/posts\/922\/revisions\/928"}],"wp:attachment":[{"href":"https:\/\/blog.zeit.de\/stufenlos\/wp-json\/wp\/v2\/media?parent=922"}],"wp:term":[{"taxonomy":"category","embeddable":true,"href":"https:\/\/blog.zeit.de\/stufenlos\/wp-json\/wp\/v2\/categories?post=922"},{"taxonomy":"post_tag","embeddable":true,"href":"https:\/\/blog.zeit.de\/stufenlos\/wp-json\/wp\/v2\/tags?post=922"}],"curies":[{"name":"wp","href":"https:\/\/api.w.org\/{rel}","templated":true}]}}