{"id":1017,"date":"2015-01-15T17:00:18","date_gmt":"2015-01-15T16:00:18","guid":{"rendered":"http:\/\/blog.zeit.de\/teilchen\/?p=1017"},"modified":"2015-03-20T17:13:13","modified_gmt":"2015-03-20T16:13:13","slug":"truegerische-ruhe-um-ebola","status":"publish","type":"post","link":"https:\/\/blog.zeit.de\/teilchen\/2015\/01\/15\/truegerische-ruhe-um-ebola\/","title":{"rendered":"Ebola und die tr\u00fcgerische Stille"},"content":{"rendered":"<p><a href=\"http:\/\/www.economist.com\/blogs\/graphicdetail\/2015\/01\/ebola-graphics\"><img loading=\"lazy\" decoding=\"async\" class=\"alignnone size-medium wp-image-1020\" src=\"https:\/\/blog.zeit.de\/teilchen\/files\/2015\/01\/Bildschirmfoto-2015-01-15-um-14.06.19-580x496.png\" alt=\"Bildschirmfoto 2015-01-15 um 14.06.19\" width=\"580\" height=\"496\" srcset=\"https:\/\/blog.zeit.de\/teilchen\/files\/2015\/01\/Bildschirmfoto-2015-01-15-um-14.06.19-580x496.png 580w, https:\/\/blog.zeit.de\/teilchen\/files\/2015\/01\/Bildschirmfoto-2015-01-15-um-14.06.19.png 654w\" sizes=\"auto, (max-width: 580px) 100vw, 580px\" \/><\/a><\/p>\n<p>Es ist ruhig geworden um ein Thema, das die Welt vergangenes Jahr in Atem hielt: <a href=\"http:\/\/www.zeit.de\/wissen\/gesundheit\/ebola-epidemie-uebersicht\">Ebola<\/a>. Dabei ist die Verbreitung der Infektionskrankheit l\u00e4ngst nicht gestoppt. Das zeigen<a href=\"http:\/\/www.economist.com\/blogs\/graphicdetail\/2015\/01\/ebola-graphics\" target=\"_blank\"> Grafiken des <em>Economist<\/em><\/a>. Mehr als 21.000 Menschen haben sich seit dem Ausbruch Ende 2013 mit Ebola infiziert. Weitere kommen hinzu.<\/p>\n<p>Betroffen sind weiterhin vor allem die Menschen in den westafrikanischen L\u00e4ndern Sierra Leone, Liberia und Guinea. Auch wegen der unzureichenden Versorgung bleibt die Lage dort angespannt. Ein Beispiel: In den USA kommen auf 100.000 Menschen 245 \u00c4rzte. In Guinea sind es zehn.<\/p>\n<p>Wie das Virus in die Welt kam, <a href=\"http:\/\/www.zeit.de\/2014\/44\/ebola-virus-krankheit-enstehung\" target=\"_blank\">haben zwei ZEIT-Reporter aufgeschrieben<\/a>. Hier geht es <a href=\"http:\/\/www.zeit.de\/feature\/ebola-afrika-virus\" target=\"_blank\">zur englischen Version<\/a> des Artikels. Weshalb Forschern und \u00c4rzten im Fr\u00fchjahr 2014 die Kontrolle \u00fcber das Ebola-Virus entglitt, hat auch eine aufwendig gestaltete <a href=\"https:\/\/blog.zeit.de\/teilchen\/2015\/01\/05\/ebola-virus-westafrika\/\" target=\"_blank\">Multimediareportage der <em>New York Times<\/em><\/a> nachgezeichnet.<\/p>\n<p><em>Weitere Teilchen finden Sie <a href=\"https:\/\/blog.zeit.de\/teilchen\/\" target=\"_blank\">hier<\/a>.<\/em><\/p>\n","protected":false},"excerpt":{"rendered":"<p>Es ist ruhig geworden um ein Thema, das die Welt vergangenes Jahr in Atem hielt: Ebola. Dabei ist die Verbreitung der Infektionskrankheit l\u00e4ngst nicht [\u2026]<\/p>\n","protected":false},"author":528,"featured_media":0,"comment_status":"open","ping_status":"closed","sticky":false,"template":"","format":"standard","meta":{"_jetpack_memberships_contains_paid_content":false,"footnotes":""},"categories":[9469],"tags":[],"class_list":["post-1017","post","type-post","status-publish","format-standard","hentry","category-infografiken"],"yoast_head":"<!-- This site is optimized with the Yoast SEO plugin v21.0 - https:\/\/yoast.com\/wordpress\/plugins\/seo\/ -->\n<title>Ebola und die tr\u00fcgerische Stille<\/title>\n<meta name=\"description\" content=\"Die Verbreitung der Infektionskrankheit Ebola ist noch lange nicht gestoppt. Das verdeutlichen Grafiken des Economist.\" \/>\n<meta name=\"robots\" content=\"index, follow, max-snippet:-1, max-image-preview:large, max-video-preview:-1\" \/>\n<link rel=\"canonical\" href=\"https:\/\/blog.zeit.de\/teilchen\/2015\/01\/15\/truegerische-ruhe-um-ebola\/\" \/>\n<meta property=\"og:locale\" content=\"de_DE\" \/>\n<meta property=\"og:type\" content=\"article\" \/>\n<meta property=\"og:title\" content=\"Ebola und die tr\u00fcgerische Stille\" \/>\n<meta property=\"og:description\" content=\"Die Verbreitung der Infektionskrankheit Ebola ist noch lange nicht gestoppt. Das verdeutlichen Grafiken des Economist.\" \/>\n<meta property=\"og:url\" content=\"https:\/\/blog.zeit.de\/teilchen\/2015\/01\/15\/truegerische-ruhe-um-ebola\/\" \/>\n<meta property=\"og:site_name\" content=\"Teilchen\" \/>\n<meta property=\"article:published_time\" content=\"2015-01-15T16:00:18+00:00\" \/>\n<meta property=\"article:modified_time\" content=\"2015-03-20T16:13:13+00:00\" \/>\n<meta property=\"og:image\" content=\"https:\/\/blog.zeit.de\/teilchen\/files\/2015\/01\/Bildschirmfoto-2015-01-15-um-14.06.19-580x496.png\" \/>\n<meta name=\"author\" content=\"Bj\u00f6rn Maatz\" \/>\n<meta name=\"twitter:card\" content=\"summary_large_image\" \/>\n<meta name=\"twitter:creator\" content=\"@BjoernMaatz\" \/>\n<meta name=\"twitter:site\" content=\"@zeitonline\" \/>\n<meta name=\"twitter:label1\" content=\"Geschrieben von\" \/>\n\t<meta name=\"twitter:data1\" content=\"Bj\u00f6rn Maatz\" \/>\n\t<meta name=\"twitter:label2\" content=\"Gesch\u00e4tzte Lesezeit\" \/>\n\t<meta name=\"twitter:data2\" content=\"1\u00a0Minute\" \/>\n<script type=\"application\/ld+json\" class=\"yoast-schema-graph\">{\"@context\":\"https:\/\/schema.org\",\"@graph\":[{\"@type\":\"WebPage\",\"@id\":\"https:\/\/blog.zeit.de\/teilchen\/2015\/01\/15\/truegerische-ruhe-um-ebola\/\",\"url\":\"https:\/\/blog.zeit.de\/teilchen\/2015\/01\/15\/truegerische-ruhe-um-ebola\/\",\"name\":\"Ebola und die tr\u00fcgerische Stille\",\"isPartOf\":{\"@id\":\"https:\/\/blog.zeit.de\/teilchen\/#website\"},\"datePublished\":\"2015-01-15T16:00:18+00:00\",\"dateModified\":\"2015-03-20T16:13:13+00:00\",\"author\":{\"@id\":\"https:\/\/blog.zeit.de\/teilchen\/#\/schema\/person\/20ae47479c9c6443ed61f03c9eac892f\"},\"description\":\"Die Verbreitung der Infektionskrankheit Ebola ist noch lange nicht gestoppt. Das verdeutlichen Grafiken des Economist.\",\"breadcrumb\":{\"@id\":\"https:\/\/blog.zeit.de\/teilchen\/2015\/01\/15\/truegerische-ruhe-um-ebola\/#breadcrumb\"},\"inLanguage\":\"de\",\"potentialAction\":[{\"@type\":\"ReadAction\",\"target\":[\"https:\/\/blog.zeit.de\/teilchen\/2015\/01\/15\/truegerische-ruhe-um-ebola\/\"]}]},{\"@type\":\"BreadcrumbList\",\"@id\":\"https:\/\/blog.zeit.de\/teilchen\/2015\/01\/15\/truegerische-ruhe-um-ebola\/#breadcrumb\",\"itemListElement\":[{\"@type\":\"ListItem\",\"position\":1,\"name\":\"Startseite\",\"item\":\"https:\/\/blog.zeit.de\/teilchen\/\"},{\"@type\":\"ListItem\",\"position\":2,\"name\":\"Ebola und die tr\u00fcgerische Stille\"}]},{\"@type\":\"WebSite\",\"@id\":\"https:\/\/blog.zeit.de\/teilchen\/#website\",\"url\":\"https:\/\/blog.zeit.de\/teilchen\/\",\"name\":\"Teilchen\",\"description\":\"Im Netz verstecken sich kleine Sch\u00e4tze - ZEIT ONLINE findet sie.\",\"potentialAction\":[{\"@type\":\"SearchAction\",\"target\":{\"@type\":\"EntryPoint\",\"urlTemplate\":\"https:\/\/blog.zeit.de\/teilchen\/?s={search_term_string}\"},\"query-input\":\"required name=search_term_string\"}],\"inLanguage\":\"de\"},{\"@type\":\"Person\",\"@id\":\"https:\/\/blog.zeit.de\/teilchen\/#\/schema\/person\/20ae47479c9c6443ed61f03c9eac892f\",\"name\":\"Bj\u00f6rn Maatz\",\"image\":{\"@type\":\"ImageObject\",\"inLanguage\":\"de\",\"@id\":\"https:\/\/blog.zeit.de\/teilchen\/#\/schema\/person\/image\/\",\"url\":\"https:\/\/secure.gravatar.com\/avatar\/4ed13ddffa21af7dcec9d6d36d2b36f05bfc49e1676e43abd84a80376d644278?s=96&d=mm&r=g\",\"contentUrl\":\"https:\/\/secure.gravatar.com\/avatar\/4ed13ddffa21af7dcec9d6d36d2b36f05bfc49e1676e43abd84a80376d644278?s=96&d=mm&r=g\",\"caption\":\"Bj\u00f6rn Maatz\"},\"description\":\"Leitet die Online-Redaktion der Kreativagentur Philipp und Keuntje. Zuvor Engagement-Redakteur bei ZEIT ONLINE und bei FINANCIAL TIMES DEUTSCHLAND, u.a. als Print-Redakteur im Unternehmensressort sowie als erster und letzter Social-Media-Redakteur. Studium der Wirtschaftsjournalistik in Bremen und Melbourne mit Hospitanzen beim NDR, der dpa und dem Hamburger Abendblatt.\",\"sameAs\":[\"https:\/\/twitter.com\/BjoernMaatz\"],\"url\":\"https:\/\/blog.zeit.de\/teilchen\/author\/bjoernmaatz\/\"}]}<\/script>\n<!-- \/ Yoast SEO plugin. -->","yoast_head_json":{"title":"Ebola und die tr\u00fcgerische Stille","description":"Die Verbreitung der Infektionskrankheit Ebola ist noch lange nicht gestoppt. Das verdeutlichen Grafiken des Economist.","robots":{"index":"index","follow":"follow","max-snippet":"max-snippet:-1","max-image-preview":"max-image-preview:large","max-video-preview":"max-video-preview:-1"},"canonical":"https:\/\/blog.zeit.de\/teilchen\/2015\/01\/15\/truegerische-ruhe-um-ebola\/","og_locale":"de_DE","og_type":"article","og_title":"Ebola und die tr\u00fcgerische Stille","og_description":"Die Verbreitung der Infektionskrankheit Ebola ist noch lange nicht gestoppt. Das verdeutlichen Grafiken des Economist.","og_url":"https:\/\/blog.zeit.de\/teilchen\/2015\/01\/15\/truegerische-ruhe-um-ebola\/","og_site_name":"Teilchen","article_published_time":"2015-01-15T16:00:18+00:00","article_modified_time":"2015-03-20T16:13:13+00:00","og_image":[{"url":"https:\/\/blog.zeit.de\/teilchen\/files\/2015\/01\/Bildschirmfoto-2015-01-15-um-14.06.19-580x496.png"}],"author":"Bj\u00f6rn Maatz","twitter_card":"summary_large_image","twitter_creator":"@BjoernMaatz","twitter_site":"@zeitonline","twitter_misc":{"Geschrieben von":"Bj\u00f6rn Maatz","Gesch\u00e4tzte Lesezeit":"1\u00a0Minute"},"schema":{"@context":"https:\/\/schema.org","@graph":[{"@type":"WebPage","@id":"https:\/\/blog.zeit.de\/teilchen\/2015\/01\/15\/truegerische-ruhe-um-ebola\/","url":"https:\/\/blog.zeit.de\/teilchen\/2015\/01\/15\/truegerische-ruhe-um-ebola\/","name":"Ebola und die tr\u00fcgerische Stille","isPartOf":{"@id":"https:\/\/blog.zeit.de\/teilchen\/#website"},"datePublished":"2015-01-15T16:00:18+00:00","dateModified":"2015-03-20T16:13:13+00:00","author":{"@id":"https:\/\/blog.zeit.de\/teilchen\/#\/schema\/person\/20ae47479c9c6443ed61f03c9eac892f"},"description":"Die Verbreitung der Infektionskrankheit Ebola ist noch lange nicht gestoppt. Das verdeutlichen Grafiken des Economist.","breadcrumb":{"@id":"https:\/\/blog.zeit.de\/teilchen\/2015\/01\/15\/truegerische-ruhe-um-ebola\/#breadcrumb"},"inLanguage":"de","potentialAction":[{"@type":"ReadAction","target":["https:\/\/blog.zeit.de\/teilchen\/2015\/01\/15\/truegerische-ruhe-um-ebola\/"]}]},{"@type":"BreadcrumbList","@id":"https:\/\/blog.zeit.de\/teilchen\/2015\/01\/15\/truegerische-ruhe-um-ebola\/#breadcrumb","itemListElement":[{"@type":"ListItem","position":1,"name":"Startseite","item":"https:\/\/blog.zeit.de\/teilchen\/"},{"@type":"ListItem","position":2,"name":"Ebola und die tr\u00fcgerische Stille"}]},{"@type":"WebSite","@id":"https:\/\/blog.zeit.de\/teilchen\/#website","url":"https:\/\/blog.zeit.de\/teilchen\/","name":"Teilchen","description":"Im Netz verstecken sich kleine Sch\u00e4tze - ZEIT ONLINE findet sie.","potentialAction":[{"@type":"SearchAction","target":{"@type":"EntryPoint","urlTemplate":"https:\/\/blog.zeit.de\/teilchen\/?s={search_term_string}"},"query-input":"required name=search_term_string"}],"inLanguage":"de"},{"@type":"Person","@id":"https:\/\/blog.zeit.de\/teilchen\/#\/schema\/person\/20ae47479c9c6443ed61f03c9eac892f","name":"Bj\u00f6rn Maatz","image":{"@type":"ImageObject","inLanguage":"de","@id":"https:\/\/blog.zeit.de\/teilchen\/#\/schema\/person\/image\/","url":"https:\/\/secure.gravatar.com\/avatar\/4ed13ddffa21af7dcec9d6d36d2b36f05bfc49e1676e43abd84a80376d644278?s=96&d=mm&r=g","contentUrl":"https:\/\/secure.gravatar.com\/avatar\/4ed13ddffa21af7dcec9d6d36d2b36f05bfc49e1676e43abd84a80376d644278?s=96&d=mm&r=g","caption":"Bj\u00f6rn Maatz"},"description":"Leitet die Online-Redaktion der Kreativagentur Philipp und Keuntje. Zuvor Engagement-Redakteur bei ZEIT ONLINE und bei FINANCIAL TIMES DEUTSCHLAND, u.a. als Print-Redakteur im Unternehmensressort sowie als erster und letzter Social-Media-Redakteur. Studium der Wirtschaftsjournalistik in Bremen und Melbourne mit Hospitanzen beim NDR, der dpa und dem Hamburger Abendblatt.","sameAs":["https:\/\/twitter.com\/BjoernMaatz"],"url":"https:\/\/blog.zeit.de\/teilchen\/author\/bjoernmaatz\/"}]}},"jetpack_featured_media_url":"","jetpack_sharing_enabled":true,"_links":{"self":[{"href":"https:\/\/blog.zeit.de\/teilchen\/wp-json\/wp\/v2\/posts\/1017","targetHints":{"allow":["GET"]}}],"collection":[{"href":"https:\/\/blog.zeit.de\/teilchen\/wp-json\/wp\/v2\/posts"}],"about":[{"href":"https:\/\/blog.zeit.de\/teilchen\/wp-json\/wp\/v2\/types\/post"}],"author":[{"embeddable":true,"href":"https:\/\/blog.zeit.de\/teilchen\/wp-json\/wp\/v2\/users\/528"}],"replies":[{"embeddable":true,"href":"https:\/\/blog.zeit.de\/teilchen\/wp-json\/wp\/v2\/comments?post=1017"}],"version-history":[{"count":13,"href":"https:\/\/blog.zeit.de\/teilchen\/wp-json\/wp\/v2\/posts\/1017\/revisions"}],"predecessor-version":[{"id":2439,"href":"https:\/\/blog.zeit.de\/teilchen\/wp-json\/wp\/v2\/posts\/1017\/revisions\/2439"}],"wp:attachment":[{"href":"https:\/\/blog.zeit.de\/teilchen\/wp-json\/wp\/v2\/media?parent=1017"}],"wp:term":[{"taxonomy":"category","embeddable":true,"href":"https:\/\/blog.zeit.de\/teilchen\/wp-json\/wp\/v2\/categories?post=1017"},{"taxonomy":"post_tag","embeddable":true,"href":"https:\/\/blog.zeit.de\/teilchen\/wp-json\/wp\/v2\/tags?post=1017"}],"curies":[{"name":"wp","href":"https:\/\/api.w.org\/{rel}","templated":true}]}}