{"id":10173,"date":"2015-12-03T13:11:18","date_gmt":"2015-12-03T12:11:18","guid":{"rendered":"http:\/\/blog.zeit.de\/teilchen\/?p=10173"},"modified":"2015-12-03T14:12:04","modified_gmt":"2015-12-03T13:12:04","slug":"was-sie-ueber-ihr-land-zu-wissen-glauben","status":"publish","type":"post","link":"https:\/\/blog.zeit.de\/teilchen\/2015\/12\/03\/was-sie-ueber-ihr-land-zu-wissen-glauben\/","title":{"rendered":"Was Sie \u00fcber ihr Land zu wissen glauben \u2013 und was wirklich stimmt"},"content":{"rendered":"<p><figure id=\"attachment_10174\" aria-describedby=\"caption-attachment-10174\" style=\"width: 620px\" class=\"wp-caption alignnone\"><img loading=\"lazy\" decoding=\"async\" class=\"wp-image-10174 size-medium\" src=\"https:\/\/blog.zeit.de\/teilchen\/files\/2015\/12\/Bildschirmfoto-2015-12-03-um-11.50.29-620x443.png\" alt=\"Was Sie \u00fcber ihr Land zu wissen glauben\" width=\"620\" height=\"443\" srcset=\"https:\/\/blog.zeit.de\/teilchen\/files\/2015\/12\/Bildschirmfoto-2015-12-03-um-11.50.29-620x443.png 620w, https:\/\/blog.zeit.de\/teilchen\/files\/2015\/12\/Bildschirmfoto-2015-12-03-um-11.50.29.png 637w\" sizes=\"auto, (max-width: 620px) 100vw, 620px\" \/><figcaption id=\"caption-attachment-10174\" class=\"wp-caption-text\">Es sind mehr Menschen \u00fcbergewichtig oder fettleibig, als Sie denken \u2013\u00a0Teil einer gro\u00dfen Ipsos-Studie. Screenshot: www.theguardian.com<\/figcaption><\/figure><\/p>\n<p>&nbsp;<\/p>\n<p>Von 100 Menschen, die in Deutschland leben und 20 Jahre oder \u00e4lter sind: Wie viele davon haben \u00dcbergewicht oder sind fettleibig? Vermutlich mehr, als Sie denken. Die <a href=\"https:\/\/www.ipsos-mori.com\/_assets\/sri\/perils\/\" target=\"_blank\">Marktforschungsfirma Ipsos Mori untersuchte die L\u00fccke zwischen \u00f6ffentlicher Wahrnehmung und Realit\u00e4t in 33 L\u00e4ndern<\/a>. Der <a href=\"http:\/\/www.theguardian.com\/society\/datablog\/2015\/dec\/02\/revealed-gap-between-your-knowledge-reality\" target=\"_blank\"><em>Guardian<\/em> hat die Daten komprimiert, grafisch aufbereitet<\/a> \u2013 und nicht nur Erstaunliches zutage gef\u00f6rdert, sondern auch ein Quiz draus gebastelt.<!--more--><\/p>\n<p>Eins vorweg: In 29 der 33 untersuchten L\u00e4nder untersch\u00e4tzen Menschen die tats\u00e4chliche Anzahl von Fettleibigen oder \u00dcbergewichtigen in der eigenen Bev\u00f6lkerung. Ein kontr\u00e4res Bild ergibt sich bei Einwanderern: Fast immer liegt die tats\u00e4chliche Zahl der nicht in dem untersuchten Land geborenen Menschen unter der gesch\u00e4tzten. Der <a href=\"http:\/\/www.zeit.de\/zeit-wissen\/2013\/03\/psychologie-vorurteile-verhalten\" target=\"_blank\">Fluch der Vorurteile<\/a>.<\/p>\n<p>Der <em>Guardian<\/em> hat die L\u00fccken zwischen Wahrnehmung und <a href=\"http:\/\/www.zeit.de\/zeit-wissen\/2011\/03\/Will-wissen\" target=\"_blank\">Realit\u00e4t<\/a> au\u00dferdem noch auf den Anteil von Superreichen, den Glauben und auf die spannende Frage bezogen, wie viele Menschen zwischen 25 und 34 Jahren noch bei ihren Eltern leben.<\/p>\n<ul>\n<li><em><a href=\"http:\/\/www.theguardian.com\/world\/ng-interactive\/2015\/dec\/02\/how-well-do-you-really-know-your-country-take-our-quiz\" target=\"_blank\">Hier geht es zum versprochenen Quiz<\/a>.<\/em><\/li>\n<li><em>Stimmt unsere Wahrnehmung mit der Realit\u00e4t \u00fcberein und <a href=\"https:\/\/blog.zeit.de\/teilchen\/\" target=\"_blank\">Sie verlangen nach weiteren Teilchen? Voil\u00e0<\/a>.<\/em><\/li>\n<\/ul>\n","protected":false},"excerpt":{"rendered":"<p>&nbsp; Von 100 Menschen, die in Deutschland leben und 20 Jahre oder \u00e4lter sind: Wie viele davon haben \u00dcbergewicht oder sind fettleibig? Vermutlich mehr, [\u2026]<\/p>\n","protected":false},"author":528,"featured_media":10178,"comment_status":"open","ping_status":"closed","sticky":false,"template":"","format":"standard","meta":{"_jetpack_memberships_contains_paid_content":false,"footnotes":""},"categories":[9469],"tags":[],"class_list":["post-10173","post","type-post","status-publish","format-standard","has-post-thumbnail","hentry","category-infografiken"],"yoast_head":"<!-- This site is optimized with the Yoast SEO plugin v21.0 - https:\/\/yoast.com\/wordpress\/plugins\/seo\/ -->\n<title>Was Sie \u00fcber ihr Land zu wissen glauben<\/title>\n<meta name=\"description\" content=\"Der Guardian hat die L\u00fccken zwischen Wahrnehmung und Realit\u00e4t untersucht und ein Quiz gebastelt. Welche Vorurteile haben Sie \u00fcber ihr Land?\" \/>\n<meta name=\"robots\" content=\"index, follow, max-snippet:-1, max-image-preview:large, max-video-preview:-1\" \/>\n<link rel=\"canonical\" href=\"https:\/\/blog.zeit.de\/teilchen\/2015\/12\/03\/was-sie-ueber-ihr-land-zu-wissen-glauben\/\" \/>\n<meta property=\"og:locale\" content=\"de_DE\" \/>\n<meta property=\"og:type\" content=\"article\" \/>\n<meta property=\"og:title\" content=\"Was Sie \u00fcber ihr Land zu wissen glauben\" \/>\n<meta property=\"og:description\" content=\"Der Guardian hat die L\u00fccken zwischen Wahrnehmung und Realit\u00e4t untersucht und ein Quiz gebastelt. Welche Vorurteile haben Sie \u00fcber ihr Land?\" \/>\n<meta property=\"og:url\" content=\"https:\/\/blog.zeit.de\/teilchen\/2015\/12\/03\/was-sie-ueber-ihr-land-zu-wissen-glauben\/\" \/>\n<meta property=\"og:site_name\" content=\"Teilchen\" \/>\n<meta property=\"article:published_time\" content=\"2015-12-03T12:11:18+00:00\" \/>\n<meta property=\"article:modified_time\" content=\"2015-12-03T13:12:04+00:00\" \/>\n<meta property=\"og:image\" content=\"https:\/\/blog.zeit.de\/teilchen\/files\/2015\/12\/RTR3DT9O.jpg\" \/>\n\t<meta property=\"og:image:width\" content=\"3500\" \/>\n\t<meta property=\"og:image:height\" content=\"2333\" \/>\n\t<meta property=\"og:image:type\" content=\"image\/jpeg\" \/>\n<meta name=\"author\" content=\"Bj\u00f6rn Maatz\" \/>\n<meta name=\"twitter:card\" content=\"summary_large_image\" \/>\n<meta name=\"twitter:image\" content=\"https:\/\/blog.zeit.de\/teilchen\/files\/2015\/12\/RTR3DT9O.jpg\" \/>\n<meta name=\"twitter:creator\" content=\"@BjoernMaatz\" \/>\n<meta name=\"twitter:site\" content=\"@zeitonline\" \/>\n<meta name=\"twitter:label1\" content=\"Geschrieben von\" \/>\n\t<meta name=\"twitter:data1\" content=\"Bj\u00f6rn Maatz\" \/>\n\t<meta name=\"twitter:label2\" content=\"Gesch\u00e4tzte Lesezeit\" \/>\n\t<meta name=\"twitter:data2\" content=\"1\u00a0Minute\" \/>\n<script type=\"application\/ld+json\" class=\"yoast-schema-graph\">{\"@context\":\"https:\/\/schema.org\",\"@graph\":[{\"@type\":\"WebPage\",\"@id\":\"https:\/\/blog.zeit.de\/teilchen\/2015\/12\/03\/was-sie-ueber-ihr-land-zu-wissen-glauben\/\",\"url\":\"https:\/\/blog.zeit.de\/teilchen\/2015\/12\/03\/was-sie-ueber-ihr-land-zu-wissen-glauben\/\",\"name\":\"Was Sie \u00fcber ihr Land zu wissen glauben\",\"isPartOf\":{\"@id\":\"https:\/\/blog.zeit.de\/teilchen\/#website\"},\"datePublished\":\"2015-12-03T12:11:18+00:00\",\"dateModified\":\"2015-12-03T13:12:04+00:00\",\"author\":{\"@id\":\"https:\/\/blog.zeit.de\/teilchen\/#\/schema\/person\/20ae47479c9c6443ed61f03c9eac892f\"},\"description\":\"Der Guardian hat die L\u00fccken zwischen Wahrnehmung und Realit\u00e4t untersucht und ein Quiz gebastelt. Welche Vorurteile haben Sie \u00fcber ihr Land?\",\"breadcrumb\":{\"@id\":\"https:\/\/blog.zeit.de\/teilchen\/2015\/12\/03\/was-sie-ueber-ihr-land-zu-wissen-glauben\/#breadcrumb\"},\"inLanguage\":\"de\",\"potentialAction\":[{\"@type\":\"ReadAction\",\"target\":[\"https:\/\/blog.zeit.de\/teilchen\/2015\/12\/03\/was-sie-ueber-ihr-land-zu-wissen-glauben\/\"]}]},{\"@type\":\"BreadcrumbList\",\"@id\":\"https:\/\/blog.zeit.de\/teilchen\/2015\/12\/03\/was-sie-ueber-ihr-land-zu-wissen-glauben\/#breadcrumb\",\"itemListElement\":[{\"@type\":\"ListItem\",\"position\":1,\"name\":\"Startseite\",\"item\":\"https:\/\/blog.zeit.de\/teilchen\/\"},{\"@type\":\"ListItem\",\"position\":2,\"name\":\"Was Sie \u00fcber ihr Land zu wissen glauben \u2013 und was wirklich stimmt\"}]},{\"@type\":\"WebSite\",\"@id\":\"https:\/\/blog.zeit.de\/teilchen\/#website\",\"url\":\"https:\/\/blog.zeit.de\/teilchen\/\",\"name\":\"Teilchen\",\"description\":\"Im Netz verstecken sich kleine Sch\u00e4tze - ZEIT ONLINE findet sie.\",\"potentialAction\":[{\"@type\":\"SearchAction\",\"target\":{\"@type\":\"EntryPoint\",\"urlTemplate\":\"https:\/\/blog.zeit.de\/teilchen\/?s={search_term_string}\"},\"query-input\":\"required name=search_term_string\"}],\"inLanguage\":\"de\"},{\"@type\":\"Person\",\"@id\":\"https:\/\/blog.zeit.de\/teilchen\/#\/schema\/person\/20ae47479c9c6443ed61f03c9eac892f\",\"name\":\"Bj\u00f6rn Maatz\",\"image\":{\"@type\":\"ImageObject\",\"inLanguage\":\"de\",\"@id\":\"https:\/\/blog.zeit.de\/teilchen\/#\/schema\/person\/image\/\",\"url\":\"https:\/\/secure.gravatar.com\/avatar\/4ed13ddffa21af7dcec9d6d36d2b36f05bfc49e1676e43abd84a80376d644278?s=96&d=mm&r=g\",\"contentUrl\":\"https:\/\/secure.gravatar.com\/avatar\/4ed13ddffa21af7dcec9d6d36d2b36f05bfc49e1676e43abd84a80376d644278?s=96&d=mm&r=g\",\"caption\":\"Bj\u00f6rn Maatz\"},\"description\":\"Leitet die Online-Redaktion der Kreativagentur Philipp und Keuntje. Zuvor Engagement-Redakteur bei ZEIT ONLINE und bei FINANCIAL TIMES DEUTSCHLAND, u.a. als Print-Redakteur im Unternehmensressort sowie als erster und letzter Social-Media-Redakteur. Studium der Wirtschaftsjournalistik in Bremen und Melbourne mit Hospitanzen beim NDR, der dpa und dem Hamburger Abendblatt.\",\"sameAs\":[\"https:\/\/twitter.com\/BjoernMaatz\"],\"url\":\"https:\/\/blog.zeit.de\/teilchen\/author\/bjoernmaatz\/\"}]}<\/script>\n<!-- \/ Yoast SEO plugin. -->","yoast_head_json":{"title":"Was Sie \u00fcber ihr Land zu wissen glauben","description":"Der Guardian hat die L\u00fccken zwischen Wahrnehmung und Realit\u00e4t untersucht und ein Quiz gebastelt. Welche Vorurteile haben Sie \u00fcber ihr Land?","robots":{"index":"index","follow":"follow","max-snippet":"max-snippet:-1","max-image-preview":"max-image-preview:large","max-video-preview":"max-video-preview:-1"},"canonical":"https:\/\/blog.zeit.de\/teilchen\/2015\/12\/03\/was-sie-ueber-ihr-land-zu-wissen-glauben\/","og_locale":"de_DE","og_type":"article","og_title":"Was Sie \u00fcber ihr Land zu wissen glauben","og_description":"Der Guardian hat die L\u00fccken zwischen Wahrnehmung und Realit\u00e4t untersucht und ein Quiz gebastelt. Welche Vorurteile haben Sie \u00fcber ihr Land?","og_url":"https:\/\/blog.zeit.de\/teilchen\/2015\/12\/03\/was-sie-ueber-ihr-land-zu-wissen-glauben\/","og_site_name":"Teilchen","article_published_time":"2015-12-03T12:11:18+00:00","article_modified_time":"2015-12-03T13:12:04+00:00","og_image":[{"width":3500,"height":2333,"url":"https:\/\/blog.zeit.de\/teilchen\/files\/2015\/12\/RTR3DT9O.jpg","type":"image\/jpeg"}],"author":"Bj\u00f6rn Maatz","twitter_card":"summary_large_image","twitter_image":"https:\/\/blog.zeit.de\/teilchen\/files\/2015\/12\/RTR3DT9O.jpg","twitter_creator":"@BjoernMaatz","twitter_site":"@zeitonline","twitter_misc":{"Geschrieben von":"Bj\u00f6rn Maatz","Gesch\u00e4tzte Lesezeit":"1\u00a0Minute"},"schema":{"@context":"https:\/\/schema.org","@graph":[{"@type":"WebPage","@id":"https:\/\/blog.zeit.de\/teilchen\/2015\/12\/03\/was-sie-ueber-ihr-land-zu-wissen-glauben\/","url":"https:\/\/blog.zeit.de\/teilchen\/2015\/12\/03\/was-sie-ueber-ihr-land-zu-wissen-glauben\/","name":"Was Sie \u00fcber ihr Land zu wissen glauben","isPartOf":{"@id":"https:\/\/blog.zeit.de\/teilchen\/#website"},"datePublished":"2015-12-03T12:11:18+00:00","dateModified":"2015-12-03T13:12:04+00:00","author":{"@id":"https:\/\/blog.zeit.de\/teilchen\/#\/schema\/person\/20ae47479c9c6443ed61f03c9eac892f"},"description":"Der Guardian hat die L\u00fccken zwischen Wahrnehmung und Realit\u00e4t untersucht und ein Quiz gebastelt. Welche Vorurteile haben Sie \u00fcber ihr Land?","breadcrumb":{"@id":"https:\/\/blog.zeit.de\/teilchen\/2015\/12\/03\/was-sie-ueber-ihr-land-zu-wissen-glauben\/#breadcrumb"},"inLanguage":"de","potentialAction":[{"@type":"ReadAction","target":["https:\/\/blog.zeit.de\/teilchen\/2015\/12\/03\/was-sie-ueber-ihr-land-zu-wissen-glauben\/"]}]},{"@type":"BreadcrumbList","@id":"https:\/\/blog.zeit.de\/teilchen\/2015\/12\/03\/was-sie-ueber-ihr-land-zu-wissen-glauben\/#breadcrumb","itemListElement":[{"@type":"ListItem","position":1,"name":"Startseite","item":"https:\/\/blog.zeit.de\/teilchen\/"},{"@type":"ListItem","position":2,"name":"Was Sie \u00fcber ihr Land zu wissen glauben \u2013 und was wirklich stimmt"}]},{"@type":"WebSite","@id":"https:\/\/blog.zeit.de\/teilchen\/#website","url":"https:\/\/blog.zeit.de\/teilchen\/","name":"Teilchen","description":"Im Netz verstecken sich kleine Sch\u00e4tze - ZEIT ONLINE findet sie.","potentialAction":[{"@type":"SearchAction","target":{"@type":"EntryPoint","urlTemplate":"https:\/\/blog.zeit.de\/teilchen\/?s={search_term_string}"},"query-input":"required name=search_term_string"}],"inLanguage":"de"},{"@type":"Person","@id":"https:\/\/blog.zeit.de\/teilchen\/#\/schema\/person\/20ae47479c9c6443ed61f03c9eac892f","name":"Bj\u00f6rn Maatz","image":{"@type":"ImageObject","inLanguage":"de","@id":"https:\/\/blog.zeit.de\/teilchen\/#\/schema\/person\/image\/","url":"https:\/\/secure.gravatar.com\/avatar\/4ed13ddffa21af7dcec9d6d36d2b36f05bfc49e1676e43abd84a80376d644278?s=96&d=mm&r=g","contentUrl":"https:\/\/secure.gravatar.com\/avatar\/4ed13ddffa21af7dcec9d6d36d2b36f05bfc49e1676e43abd84a80376d644278?s=96&d=mm&r=g","caption":"Bj\u00f6rn Maatz"},"description":"Leitet die Online-Redaktion der Kreativagentur Philipp und Keuntje. Zuvor Engagement-Redakteur bei ZEIT ONLINE und bei FINANCIAL TIMES DEUTSCHLAND, u.a. als Print-Redakteur im Unternehmensressort sowie als erster und letzter Social-Media-Redakteur. Studium der Wirtschaftsjournalistik in Bremen und Melbourne mit Hospitanzen beim NDR, der dpa und dem Hamburger Abendblatt.","sameAs":["https:\/\/twitter.com\/BjoernMaatz"],"url":"https:\/\/blog.zeit.de\/teilchen\/author\/bjoernmaatz\/"}]}},"jetpack_featured_media_url":"https:\/\/blog.zeit.de\/teilchen\/files\/2015\/12\/RTR3DT9O.jpg","jetpack_sharing_enabled":true,"_links":{"self":[{"href":"https:\/\/blog.zeit.de\/teilchen\/wp-json\/wp\/v2\/posts\/10173","targetHints":{"allow":["GET"]}}],"collection":[{"href":"https:\/\/blog.zeit.de\/teilchen\/wp-json\/wp\/v2\/posts"}],"about":[{"href":"https:\/\/blog.zeit.de\/teilchen\/wp-json\/wp\/v2\/types\/post"}],"author":[{"embeddable":true,"href":"https:\/\/blog.zeit.de\/teilchen\/wp-json\/wp\/v2\/users\/528"}],"replies":[{"embeddable":true,"href":"https:\/\/blog.zeit.de\/teilchen\/wp-json\/wp\/v2\/comments?post=10173"}],"version-history":[{"count":7,"href":"https:\/\/blog.zeit.de\/teilchen\/wp-json\/wp\/v2\/posts\/10173\/revisions"}],"predecessor-version":[{"id":10189,"href":"https:\/\/blog.zeit.de\/teilchen\/wp-json\/wp\/v2\/posts\/10173\/revisions\/10189"}],"wp:featuredmedia":[{"embeddable":true,"href":"https:\/\/blog.zeit.de\/teilchen\/wp-json\/wp\/v2\/media\/10178"}],"wp:attachment":[{"href":"https:\/\/blog.zeit.de\/teilchen\/wp-json\/wp\/v2\/media?parent=10173"}],"wp:term":[{"taxonomy":"category","embeddable":true,"href":"https:\/\/blog.zeit.de\/teilchen\/wp-json\/wp\/v2\/categories?post=10173"},{"taxonomy":"post_tag","embeddable":true,"href":"https:\/\/blog.zeit.de\/teilchen\/wp-json\/wp\/v2\/tags?post=10173"}],"curies":[{"name":"wp","href":"https:\/\/api.w.org\/{rel}","templated":true}]}}