{"id":10186,"date":"2015-12-03T17:52:34","date_gmt":"2015-12-03T16:52:34","guid":{"rendered":"http:\/\/blog.zeit.de\/teilchen\/?p=10186"},"modified":"2015-12-03T18:22:24","modified_gmt":"2015-12-03T17:22:24","slug":"schiesserei-usa-statistik","status":"publish","type":"post","link":"https:\/\/blog.zeit.de\/teilchen\/2015\/12\/03\/schiesserei-usa-statistik\/","title":{"rendered":"Das t\u00e4gliche Massaker"},"content":{"rendered":"<p><figure id=\"attachment_10192\" aria-describedby=\"caption-attachment-10192\" style=\"width: 436px\" class=\"wp-caption alignnone\"><img loading=\"lazy\" decoding=\"async\" class=\"wp-image-10192\" src=\"https:\/\/blog.zeit.de\/teilchen\/files\/2015\/12\/number-of-mass-shootings_wp-480x800.png\" alt=\"Die t\u00e4gliche Schie\u00dferei\" width=\"436\" height=\"727\" srcset=\"https:\/\/blog.zeit.de\/teilchen\/files\/2015\/12\/number-of-mass-shootings_wp-480x800.png 480w, https:\/\/blog.zeit.de\/teilchen\/files\/2015\/12\/number-of-mass-shootings_wp-614x1024.png 614w, https:\/\/blog.zeit.de\/teilchen\/files\/2015\/12\/number-of-mass-shootings_wp.png 1484w\" sizes=\"auto, (max-width: 436px) 100vw, 436px\" \/><figcaption id=\"caption-attachment-10192\" class=\"wp-caption-text\">\u00a9 Washington Post 2015<\/figcaption><\/figure><\/p>\n<p>In San Bernardino, Kalifornien, erschie\u00dft ein P\u00e4rchen 14 Menschen und verletzt 17 schwer, in einer Frauenklinik in Colorado Springs t\u00f6tet ein Mann drei und verletzt neun Menschen. Das sind nur zwei Beispiele aus den letzten Tagen. Solche Massenschie\u00dfereien gab es in diesem Jahr statistisch gesehen mehr als einmal am Tag. Das zeigt eine <a href=\"https:\/\/www.washingtonpost.com\/news\/wonk\/wp\/2015\/11\/30\/there-have-been-334-days-and-351-mass-shootings-so-far-this-year\/\">erschreckende Grafik, die die <em>Washington Post<\/em> erstellt hat<\/a>.<\/p>\n<p><!--more--><\/p>\n<p>Das Attentat von San Bernardino fehlt in der Ansicht noch. Aber auch so sind die Zahlen schockierend: In den USA gab es im Jahr 2015 351 Massenschie\u00dfereien. Das sind mehr, als das Jahr bisher Tage hat.\u00a0Die Daten\u00a0zu der Grafik kommen von der Website <a href=\"http:\/\/www.shootingtracker.com\" target=\"_blank\">http:\/\/www.shootingtracker.com<\/a>, auf der alle Massenschie\u00dfereien der letzten Jahre aufgelistet sind, jeweils mit einem Link zu entsprechenden Medienberichten. Als <em>mass shooting<\/em> wird ein Angriff mit Schusswaffen eingestuft, bei dem mindestens vier Personen verletzt oder get\u00f6tet wurden.<\/p>\n<p><em>Mass shootings<\/em> sind ein Ph\u00e4nomen, das 1. stark zunimmt und 2. in den USA viel ausgepr\u00e4gter ist als anderswo, wie <a href=\"http:\/\/edition.cnn.com\/2015\/08\/27\/health\/u-s-most-mass-shootings\/\">CNN<\/a> festgestellt hat. In den Vereinigten Staaten gibt es mittlerweile <a href=\"http:\/\/www.zeit.de\/wirtschaft\/2015-10\/schusswaffen-usa-verkehrstote\" target=\"_blank\">fast so viele Tote durch Waffengewalt wie Verkehrstote<\/a>.<\/p>\n<p>Statistisch gesehen hat beinahe jeder Amerikaner eine Schusswaffe. Das zeigt sich auch im weltweiten Vergleich: Die USA stellen nur 4,43 Prozent der Weltbev\u00f6lkerung, <a href=\"http:\/\/www.vox.com\/2015\/8\/24\/9183525\/gun-violence-statistics\" target=\"_blank\">besitzen aber 42 Prozent der zivilen Schusswaffen<\/a>.\u00a0Einige Bundesstaaten in den USA haben als Reaktion auf die sich h\u00e4ufende Waffengewalt schon strengere Vorschriften eingef\u00fchrt. Dass das kaum etwas bringt, zeigt <a href=\"http:\/\/www.nytimes.com\/interactive\/2015\/11\/12\/us\/gun-traffickers-smuggling-state-gun-laws.html\" target=\"_blank\">eine Recherche der <em>New York Times<\/em><\/a>: Die Waffen finden ihren Weg auch in die Bundesstaaten mit den h\u00e4rtesten Gesetzen \u2013 und landen dann vor allem in den St\u00e4dten.<\/p>\n<p><em>Weitere <a href=\"https:\/\/blog.zeit.de\/teilchen\/\">Teilchen finden Sie hier<\/a><\/em>.<\/p>\n","protected":false},"excerpt":{"rendered":"<p>In San Bernardino, Kalifornien, erschie\u00dft ein P\u00e4rchen 14 Menschen und verletzt 17 schwer, in einer Frauenklinik in Colorado Springs t\u00f6tet ein Mann drei und [\u2026]<\/p>\n","protected":false},"author":621,"featured_media":10218,"comment_status":"open","ping_status":"closed","sticky":false,"template":"","format":"standard","meta":{"_jetpack_memberships_contains_paid_content":false,"footnotes":""},"categories":[9469],"tags":[],"class_list":["post-10186","post","type-post","status-publish","format-standard","has-post-thumbnail","hentry","category-infografiken"],"yoast_head":"<!-- This site is optimized with the Yoast SEO plugin v21.0 - https:\/\/yoast.com\/wordpress\/plugins\/seo\/ -->\n<title>Die t\u00e4gliche Schie\u00dferei<\/title>\n<meta name=\"description\" content=\"Eine Schie\u00dferei wie die in San Bernardino gab es dieses Jahr statistisch gesehen mehr als einmal am Tag\" \/>\n<meta name=\"robots\" content=\"index, follow, max-snippet:-1, max-image-preview:large, max-video-preview:-1\" \/>\n<link rel=\"canonical\" href=\"https:\/\/blog.zeit.de\/teilchen\/2015\/12\/03\/schiesserei-usa-statistik\/\" \/>\n<meta property=\"og:locale\" content=\"de_DE\" \/>\n<meta property=\"og:type\" content=\"article\" \/>\n<meta property=\"og:title\" content=\"Die t\u00e4gliche Schie\u00dferei\" \/>\n<meta property=\"og:description\" content=\"Eine Schie\u00dferei wie die in San Bernardino gab es dieses Jahr statistisch gesehen mehr als einmal am Tag\" \/>\n<meta property=\"og:url\" content=\"https:\/\/blog.zeit.de\/teilchen\/2015\/12\/03\/schiesserei-usa-statistik\/\" \/>\n<meta property=\"og:site_name\" content=\"Teilchen\" \/>\n<meta property=\"article:published_time\" content=\"2015-12-03T16:52:34+00:00\" \/>\n<meta property=\"article:modified_time\" content=\"2015-12-03T17:22:24+00:00\" \/>\n<meta property=\"og:image\" content=\"https:\/\/blog.zeit.de\/teilchen\/files\/2015\/12\/Bildschirmfoto-2015-12-03-um-16.59.58.png\" \/>\n\t<meta property=\"og:image:width\" content=\"622\" \/>\n\t<meta property=\"og:image:height\" content=\"395\" \/>\n\t<meta property=\"og:image:type\" content=\"image\/png\" \/>\n<meta name=\"author\" content=\"Johanna Roth\" \/>\n<meta name=\"twitter:card\" content=\"summary_large_image\" \/>\n<meta name=\"twitter:image\" content=\"https:\/\/blog.zeit.de\/teilchen\/files\/2015\/12\/Bildschirmfoto-2015-12-03-um-16.59.58.png\" \/>\n<meta name=\"twitter:creator\" content=\"@joha_roth\" \/>\n<meta name=\"twitter:site\" content=\"@zeitonline\" \/>\n<meta name=\"twitter:label1\" content=\"Geschrieben von\" \/>\n\t<meta name=\"twitter:data1\" content=\"Johanna Roth\" \/>\n\t<meta name=\"twitter:label2\" content=\"Gesch\u00e4tzte Lesezeit\" \/>\n\t<meta name=\"twitter:data2\" content=\"1\u00a0Minute\" \/>\n<script type=\"application\/ld+json\" class=\"yoast-schema-graph\">{\"@context\":\"https:\/\/schema.org\",\"@graph\":[{\"@type\":\"WebPage\",\"@id\":\"https:\/\/blog.zeit.de\/teilchen\/2015\/12\/03\/schiesserei-usa-statistik\/\",\"url\":\"https:\/\/blog.zeit.de\/teilchen\/2015\/12\/03\/schiesserei-usa-statistik\/\",\"name\":\"Die t\u00e4gliche Schie\u00dferei\",\"isPartOf\":{\"@id\":\"https:\/\/blog.zeit.de\/teilchen\/#website\"},\"datePublished\":\"2015-12-03T16:52:34+00:00\",\"dateModified\":\"2015-12-03T17:22:24+00:00\",\"author\":{\"@id\":\"https:\/\/blog.zeit.de\/teilchen\/#\/schema\/person\/d51ba88e2052fb9d287a0a1b5a4ae560\"},\"description\":\"Eine Schie\u00dferei wie die in San Bernardino gab es dieses Jahr statistisch gesehen mehr als einmal am Tag\",\"breadcrumb\":{\"@id\":\"https:\/\/blog.zeit.de\/teilchen\/2015\/12\/03\/schiesserei-usa-statistik\/#breadcrumb\"},\"inLanguage\":\"de\",\"potentialAction\":[{\"@type\":\"ReadAction\",\"target\":[\"https:\/\/blog.zeit.de\/teilchen\/2015\/12\/03\/schiesserei-usa-statistik\/\"]}]},{\"@type\":\"BreadcrumbList\",\"@id\":\"https:\/\/blog.zeit.de\/teilchen\/2015\/12\/03\/schiesserei-usa-statistik\/#breadcrumb\",\"itemListElement\":[{\"@type\":\"ListItem\",\"position\":1,\"name\":\"Startseite\",\"item\":\"https:\/\/blog.zeit.de\/teilchen\/\"},{\"@type\":\"ListItem\",\"position\":2,\"name\":\"Das t\u00e4gliche Massaker\"}]},{\"@type\":\"WebSite\",\"@id\":\"https:\/\/blog.zeit.de\/teilchen\/#website\",\"url\":\"https:\/\/blog.zeit.de\/teilchen\/\",\"name\":\"Teilchen\",\"description\":\"Im Netz verstecken sich kleine Sch\u00e4tze - ZEIT ONLINE findet sie.\",\"potentialAction\":[{\"@type\":\"SearchAction\",\"target\":{\"@type\":\"EntryPoint\",\"urlTemplate\":\"https:\/\/blog.zeit.de\/teilchen\/?s={search_term_string}\"},\"query-input\":\"required name=search_term_string\"}],\"inLanguage\":\"de\"},{\"@type\":\"Person\",\"@id\":\"https:\/\/blog.zeit.de\/teilchen\/#\/schema\/person\/d51ba88e2052fb9d287a0a1b5a4ae560\",\"name\":\"Johanna Roth\",\"image\":{\"@type\":\"ImageObject\",\"inLanguage\":\"de\",\"@id\":\"https:\/\/blog.zeit.de\/teilchen\/#\/schema\/person\/image\/\",\"url\":\"https:\/\/secure.gravatar.com\/avatar\/5dcb01d8d102a097621eea5159a6b3fc3549ff898456e3487fd3d2bac9411772?s=96&d=mm&r=g\",\"contentUrl\":\"https:\/\/secure.gravatar.com\/avatar\/5dcb01d8d102a097621eea5159a6b3fc3549ff898456e3487fd3d2bac9411772?s=96&d=mm&r=g\",\"caption\":\"Johanna Roth\"},\"description\":\"ist Autorin bei ZEIT ONLINE.\",\"sameAs\":[\"https:\/\/twitter.com\/joha_roth\"],\"url\":\"https:\/\/blog.zeit.de\/teilchen\/author\/jroth\/\"}]}<\/script>\n<!-- \/ Yoast SEO plugin. -->","yoast_head_json":{"title":"Die t\u00e4gliche Schie\u00dferei","description":"Eine Schie\u00dferei wie die in San Bernardino gab es dieses Jahr statistisch gesehen mehr als einmal am Tag","robots":{"index":"index","follow":"follow","max-snippet":"max-snippet:-1","max-image-preview":"max-image-preview:large","max-video-preview":"max-video-preview:-1"},"canonical":"https:\/\/blog.zeit.de\/teilchen\/2015\/12\/03\/schiesserei-usa-statistik\/","og_locale":"de_DE","og_type":"article","og_title":"Die t\u00e4gliche Schie\u00dferei","og_description":"Eine Schie\u00dferei wie die in San Bernardino gab es dieses Jahr statistisch gesehen mehr als einmal am Tag","og_url":"https:\/\/blog.zeit.de\/teilchen\/2015\/12\/03\/schiesserei-usa-statistik\/","og_site_name":"Teilchen","article_published_time":"2015-12-03T16:52:34+00:00","article_modified_time":"2015-12-03T17:22:24+00:00","og_image":[{"width":622,"height":395,"url":"https:\/\/blog.zeit.de\/teilchen\/files\/2015\/12\/Bildschirmfoto-2015-12-03-um-16.59.58.png","type":"image\/png"}],"author":"Johanna Roth","twitter_card":"summary_large_image","twitter_image":"https:\/\/blog.zeit.de\/teilchen\/files\/2015\/12\/Bildschirmfoto-2015-12-03-um-16.59.58.png","twitter_creator":"@joha_roth","twitter_site":"@zeitonline","twitter_misc":{"Geschrieben von":"Johanna Roth","Gesch\u00e4tzte Lesezeit":"1\u00a0Minute"},"schema":{"@context":"https:\/\/schema.org","@graph":[{"@type":"WebPage","@id":"https:\/\/blog.zeit.de\/teilchen\/2015\/12\/03\/schiesserei-usa-statistik\/","url":"https:\/\/blog.zeit.de\/teilchen\/2015\/12\/03\/schiesserei-usa-statistik\/","name":"Die t\u00e4gliche Schie\u00dferei","isPartOf":{"@id":"https:\/\/blog.zeit.de\/teilchen\/#website"},"datePublished":"2015-12-03T16:52:34+00:00","dateModified":"2015-12-03T17:22:24+00:00","author":{"@id":"https:\/\/blog.zeit.de\/teilchen\/#\/schema\/person\/d51ba88e2052fb9d287a0a1b5a4ae560"},"description":"Eine Schie\u00dferei wie die in San Bernardino gab es dieses Jahr statistisch gesehen mehr als einmal am Tag","breadcrumb":{"@id":"https:\/\/blog.zeit.de\/teilchen\/2015\/12\/03\/schiesserei-usa-statistik\/#breadcrumb"},"inLanguage":"de","potentialAction":[{"@type":"ReadAction","target":["https:\/\/blog.zeit.de\/teilchen\/2015\/12\/03\/schiesserei-usa-statistik\/"]}]},{"@type":"BreadcrumbList","@id":"https:\/\/blog.zeit.de\/teilchen\/2015\/12\/03\/schiesserei-usa-statistik\/#breadcrumb","itemListElement":[{"@type":"ListItem","position":1,"name":"Startseite","item":"https:\/\/blog.zeit.de\/teilchen\/"},{"@type":"ListItem","position":2,"name":"Das t\u00e4gliche Massaker"}]},{"@type":"WebSite","@id":"https:\/\/blog.zeit.de\/teilchen\/#website","url":"https:\/\/blog.zeit.de\/teilchen\/","name":"Teilchen","description":"Im Netz verstecken sich kleine Sch\u00e4tze - ZEIT ONLINE findet sie.","potentialAction":[{"@type":"SearchAction","target":{"@type":"EntryPoint","urlTemplate":"https:\/\/blog.zeit.de\/teilchen\/?s={search_term_string}"},"query-input":"required name=search_term_string"}],"inLanguage":"de"},{"@type":"Person","@id":"https:\/\/blog.zeit.de\/teilchen\/#\/schema\/person\/d51ba88e2052fb9d287a0a1b5a4ae560","name":"Johanna Roth","image":{"@type":"ImageObject","inLanguage":"de","@id":"https:\/\/blog.zeit.de\/teilchen\/#\/schema\/person\/image\/","url":"https:\/\/secure.gravatar.com\/avatar\/5dcb01d8d102a097621eea5159a6b3fc3549ff898456e3487fd3d2bac9411772?s=96&d=mm&r=g","contentUrl":"https:\/\/secure.gravatar.com\/avatar\/5dcb01d8d102a097621eea5159a6b3fc3549ff898456e3487fd3d2bac9411772?s=96&d=mm&r=g","caption":"Johanna Roth"},"description":"ist Autorin bei ZEIT ONLINE.","sameAs":["https:\/\/twitter.com\/joha_roth"],"url":"https:\/\/blog.zeit.de\/teilchen\/author\/jroth\/"}]}},"jetpack_featured_media_url":"https:\/\/blog.zeit.de\/teilchen\/files\/2015\/12\/Bildschirmfoto-2015-12-03-um-16.59.58.png","jetpack_sharing_enabled":true,"_links":{"self":[{"href":"https:\/\/blog.zeit.de\/teilchen\/wp-json\/wp\/v2\/posts\/10186","targetHints":{"allow":["GET"]}}],"collection":[{"href":"https:\/\/blog.zeit.de\/teilchen\/wp-json\/wp\/v2\/posts"}],"about":[{"href":"https:\/\/blog.zeit.de\/teilchen\/wp-json\/wp\/v2\/types\/post"}],"author":[{"embeddable":true,"href":"https:\/\/blog.zeit.de\/teilchen\/wp-json\/wp\/v2\/users\/621"}],"replies":[{"embeddable":true,"href":"https:\/\/blog.zeit.de\/teilchen\/wp-json\/wp\/v2\/comments?post=10186"}],"version-history":[{"count":19,"href":"https:\/\/blog.zeit.de\/teilchen\/wp-json\/wp\/v2\/posts\/10186\/revisions"}],"predecessor-version":[{"id":10225,"href":"https:\/\/blog.zeit.de\/teilchen\/wp-json\/wp\/v2\/posts\/10186\/revisions\/10225"}],"wp:featuredmedia":[{"embeddable":true,"href":"https:\/\/blog.zeit.de\/teilchen\/wp-json\/wp\/v2\/media\/10218"}],"wp:attachment":[{"href":"https:\/\/blog.zeit.de\/teilchen\/wp-json\/wp\/v2\/media?parent=10186"}],"wp:term":[{"taxonomy":"category","embeddable":true,"href":"https:\/\/blog.zeit.de\/teilchen\/wp-json\/wp\/v2\/categories?post=10186"},{"taxonomy":"post_tag","embeddable":true,"href":"https:\/\/blog.zeit.de\/teilchen\/wp-json\/wp\/v2\/tags?post=10186"}],"curies":[{"name":"wp","href":"https:\/\/api.w.org\/{rel}","templated":true}]}}