{"id":10484,"date":"2015-12-14T16:43:20","date_gmt":"2015-12-14T15:43:20","guid":{"rendered":"http:\/\/blog.zeit.de\/teilchen\/?p=10484"},"modified":"2015-12-14T18:09:43","modified_gmt":"2015-12-14T17:09:43","slug":"militaer-tilo-jung-regierungssprecher-bundespressekonferenz-jan-boehmermann-polizistensohn","status":"publish","type":"post","link":"https:\/\/blog.zeit.de\/teilchen\/2015\/12\/14\/militaer-tilo-jung-regierungssprecher-bundespressekonferenz-jan-boehmermann-polizistensohn\/","title":{"rendered":"Wir haben Milit\u00e4r"},"content":{"rendered":"\n<div class=\"embed-wrapper embed-wrapper--blocked js-embed-consent\" data-method=\"embed\">\n<script class=\"raw__source\" type=\"text\/template\"><iframe loading=\"lazy\" title=\"Bundez GangzTa KonfERenTzZ - Soundtrack der BPK\" width=\"640\" height=\"360\" src=\"https:\/\/www.youtube-nocookie.com\/embed\/9yGCwmPRseU?feature=oembed\" frameborder=\"0\" allow=\"accelerometer; autoplay; clipboard-write; encrypted-media; gyroscope; picture-in-picture; web-share\" referrerpolicy=\"strict-origin-when-cross-origin\" allowfullscreen><\/iframe><\/script>\n<div class=\"embed-wrapper__inner\">\n<div class=\"embed-wrapper__text\">\n<h3>Empfohlener redaktioneller Inhalt<\/h3>\n<p data-replace=\"no\">An dieser Stelle finden Sie externen Inhalt, der den Artikel erg\u00e4nzt. Sie k\u00f6nnen sich externe Inhalte mit einem Klick anzeigen lassen und wieder ausblenden.<noscript>Bitte aktivieren Sie JavaScript damit Sie diesen Inhalt anzeigen k\u00f6nnen.<\/noscript><\/p>\n<\/div>\n<div class=\"embed-consent\">\n<label class=\"embed-consent__toggle\">\n<input class=\"js-embed-consent__toggle\" type=\"checkbox\" autocomplete=\"off\">\n<span><\/span>\nExterner Inhalt\n<\/label>\n<a href=\"https:\/\/www.zeit.de\/hilfe\/datenschutz\" target=\"_blank\" class=\"embed-consent__datalink-when-active\">Datenschutzerkl\u00e4rung<\/a>\n<\/div>\n<div class=\"embed-wrapper__footer\">\n<p data-replace=\"no\">\nIch bin damit einverstanden, dass mir externe Inhalte angezeigt werden. Damit k\u00f6nnen personenbezogene Daten an Drittplattformen \u00fcbermittelt werden. <a href=\"https:\/\/www.zeit.de\/hilfe\/datenschutz\" target=\"_blank\">Mehr dazu in unserer Datenschutzerkl\u00e4rung.<\/a>\n<\/p>\n<\/div>\n<\/div>\n<\/div>\n<p>&#8222;Ich hab Polizei&#8220;, sang <a href=\"https:\/\/www.youtube.com\/watch?v=PNjG22Gbo6U\" target=\"_blank\">Jan B\u00f6hmermann in seiner Rap-Parodie<\/a> und sorgte damit nicht nur f\u00fcr viele Klicks bei YouTube, sondern auch f\u00fcr eine mittelgro\u00dfe Deutungsschlacht in den Musikfeuilletons. <a href=\"http:\/\/www.zeit.de\/kultur\/2015-11\/boehmermann-ich-hab-polizei-debatte\" target=\"_blank\">Wer sich hier \u00fcber wen lustig machte, war anschlie\u00dfend nicht mehr so ganz klar<\/a>. Jetzt l\u00e4sst Tilo Jung singen \u2013 und zwar die Sprecher der Bundesregierung.<!--more--><\/p>\n<p>Jung ist der Typ, <a href=\"http:\/\/www.zeit.de\/gesellschaft\/2014-03\/blogger-bundestag-beckedahl-jung\" target=\"_blank\">der seit geraumer Zeit die Bundespressekonferenz an die Grenzen ihrer nervlichen Belastbarkeit f\u00fchrt<\/a> und immer wieder belegt, dass man mit Fragen jeden in die Knie zwingen kann, wenn man keine Bei\u00dfhemmungen hat.<\/p>\n<p>&#8222;Sie haben Polizei. Wir haben ein Gesetzespaket \/<br \/>\nSie haben Polizei. Ganz sicher ist es nicht so konkret.<br \/>\nSie haben Polizei. Wir haben das deutsche Milit\u00e4r \/<br \/>\nSie haben Polizei. Wir haben Innenminister de Maizi\u00e8re.&#8220;<\/p>\n<p>Den Text schnipselten Fans von Jung aus den Wortstanzen der Regierungssprecher zusammen und und lassen sie rappen. Wer sich dabei \u00fcber wen lustig macht, ist in diesem Fall eindeutig. Und von Jan B\u00f6hmermann gibt&#8217;s Lob:<\/p>\n<p>https:\/\/twitter.com\/janboehm\/status\/676362297108004864<\/p>\n<p><em>Korrekturhinweis: Den Rap hat nicht Tilo Jung selbst gereimt, sondern Fans von ihm mit seinem Material und seiner Erlaubnis. Wir haben das berichtigt. Sorry.<\/em><\/p>\n<p><em>Weitere <a href=\"https:\/\/blog.zeit.de\/teilchen\/\" target=\"_blank\">Teilchen finden Sie hier<\/a>.<\/em><\/p>\n","protected":false},"excerpt":{"rendered":"<p>Empfohlener redaktioneller Inhalt An dieser Stelle finden Sie externen Inhalt, der den Artikel erg\u00e4nzt. Sie k\u00f6nnen sich externe Inhalte mit einem Klick anzeigen lassen [\u2026]<\/p>\n","protected":false},"author":39,"featured_media":10497,"comment_status":"open","ping_status":"closed","sticky":false,"template":"","format":"standard","meta":{"_jetpack_memberships_contains_paid_content":false,"footnotes":""},"categories":[28],"tags":[],"class_list":["post-10484","post","type-post","status-publish","format-standard","has-post-thumbnail","hentry","category-video"],"yoast_head":"<!-- This site is optimized with the Yoast SEO plugin v21.0 - https:\/\/yoast.com\/wordpress\/plugins\/seo\/ -->\n<title>Wir haben Milit\u00e4r<\/title>\n<meta name=\"description\" content=\"Von &quot;Ich hab Polizei&quot; zu &quot;Wir haben Milit\u00e4r&quot; \u2013 Tilo Jung l\u00e4sst Regierungssprecher rappen.\" \/>\n<meta name=\"robots\" content=\"index, follow, max-snippet:-1, max-image-preview:large, max-video-preview:-1\" \/>\n<link rel=\"canonical\" href=\"https:\/\/blog.zeit.de\/teilchen\/2015\/12\/14\/militaer-tilo-jung-regierungssprecher-bundespressekonferenz-jan-boehmermann-polizistensohn\/\" \/>\n<meta property=\"og:locale\" content=\"de_DE\" \/>\n<meta property=\"og:type\" content=\"article\" \/>\n<meta property=\"og:title\" content=\"Wir haben Milit\u00e4r\" \/>\n<meta property=\"og:description\" content=\"Von &quot;Ich hab Polizei&quot; zu &quot;Wir haben Milit\u00e4r&quot; \u2013 Tilo Jung l\u00e4sst Regierungssprecher rappen.\" \/>\n<meta property=\"og:url\" content=\"https:\/\/blog.zeit.de\/teilchen\/2015\/12\/14\/militaer-tilo-jung-regierungssprecher-bundespressekonferenz-jan-boehmermann-polizistensohn\/\" \/>\n<meta property=\"og:site_name\" content=\"Teilchen\" \/>\n<meta property=\"article:published_time\" content=\"2015-12-14T15:43:20+00:00\" \/>\n<meta property=\"article:modified_time\" content=\"2015-12-14T17:09:43+00:00\" \/>\n<meta property=\"og:image\" content=\"https:\/\/blog.zeit.de\/teilchen\/files\/2015\/12\/Bildschirmfoto-2015-12-14-um-16.12.52.png\" \/>\n\t<meta property=\"og:image:width\" content=\"1268\" \/>\n\t<meta property=\"og:image:height\" content=\"671\" \/>\n\t<meta property=\"og:image:type\" content=\"image\/png\" \/>\n<meta name=\"author\" content=\"Kai Biermann\" \/>\n<meta name=\"twitter:card\" content=\"summary_large_image\" \/>\n<meta name=\"twitter:creator\" content=\"@zeitonline\" \/>\n<meta name=\"twitter:site\" content=\"@zeitonline\" \/>\n<meta name=\"twitter:label1\" content=\"Geschrieben von\" \/>\n\t<meta name=\"twitter:data1\" content=\"Kai Biermann\" \/>\n\t<meta name=\"twitter:label2\" content=\"Gesch\u00e4tzte Lesezeit\" \/>\n\t<meta name=\"twitter:data2\" content=\"1\u00a0Minute\" \/>\n<script type=\"application\/ld+json\" class=\"yoast-schema-graph\">{\"@context\":\"https:\/\/schema.org\",\"@graph\":[{\"@type\":\"WebPage\",\"@id\":\"https:\/\/blog.zeit.de\/teilchen\/2015\/12\/14\/militaer-tilo-jung-regierungssprecher-bundespressekonferenz-jan-boehmermann-polizistensohn\/\",\"url\":\"https:\/\/blog.zeit.de\/teilchen\/2015\/12\/14\/militaer-tilo-jung-regierungssprecher-bundespressekonferenz-jan-boehmermann-polizistensohn\/\",\"name\":\"Wir haben Milit\u00e4r\",\"isPartOf\":{\"@id\":\"https:\/\/blog.zeit.de\/teilchen\/#website\"},\"datePublished\":\"2015-12-14T15:43:20+00:00\",\"dateModified\":\"2015-12-14T17:09:43+00:00\",\"author\":{\"@id\":\"https:\/\/blog.zeit.de\/teilchen\/#\/schema\/person\/a03c4af6b374e159b5f915165e667fc9\"},\"description\":\"Von \\\"Ich hab Polizei\\\" zu \\\"Wir haben Milit\u00e4r\\\" \u2013 Tilo Jung l\u00e4sst Regierungssprecher rappen.\",\"breadcrumb\":{\"@id\":\"https:\/\/blog.zeit.de\/teilchen\/2015\/12\/14\/militaer-tilo-jung-regierungssprecher-bundespressekonferenz-jan-boehmermann-polizistensohn\/#breadcrumb\"},\"inLanguage\":\"de\",\"potentialAction\":[{\"@type\":\"ReadAction\",\"target\":[\"https:\/\/blog.zeit.de\/teilchen\/2015\/12\/14\/militaer-tilo-jung-regierungssprecher-bundespressekonferenz-jan-boehmermann-polizistensohn\/\"]}]},{\"@type\":\"BreadcrumbList\",\"@id\":\"https:\/\/blog.zeit.de\/teilchen\/2015\/12\/14\/militaer-tilo-jung-regierungssprecher-bundespressekonferenz-jan-boehmermann-polizistensohn\/#breadcrumb\",\"itemListElement\":[{\"@type\":\"ListItem\",\"position\":1,\"name\":\"Startseite\",\"item\":\"https:\/\/blog.zeit.de\/teilchen\/\"},{\"@type\":\"ListItem\",\"position\":2,\"name\":\"Wir haben Milit\u00e4r\"}]},{\"@type\":\"WebSite\",\"@id\":\"https:\/\/blog.zeit.de\/teilchen\/#website\",\"url\":\"https:\/\/blog.zeit.de\/teilchen\/\",\"name\":\"Teilchen\",\"description\":\"Im Netz verstecken sich kleine Sch\u00e4tze - ZEIT ONLINE findet sie.\",\"potentialAction\":[{\"@type\":\"SearchAction\",\"target\":{\"@type\":\"EntryPoint\",\"urlTemplate\":\"https:\/\/blog.zeit.de\/teilchen\/?s={search_term_string}\"},\"query-input\":\"required name=search_term_string\"}],\"inLanguage\":\"de\"},{\"@type\":\"Person\",\"@id\":\"https:\/\/blog.zeit.de\/teilchen\/#\/schema\/person\/a03c4af6b374e159b5f915165e667fc9\",\"name\":\"Kai Biermann\",\"image\":{\"@type\":\"ImageObject\",\"inLanguage\":\"de\",\"@id\":\"https:\/\/blog.zeit.de\/teilchen\/#\/schema\/person\/image\/\",\"url\":\"https:\/\/secure.gravatar.com\/avatar\/780cd357e130092a8a6e17883fefa37ffa867f8f86af9e55f250c8cba7828979?s=96&d=mm&r=g\",\"contentUrl\":\"https:\/\/secure.gravatar.com\/avatar\/780cd357e130092a8a6e17883fefa37ffa867f8f86af9e55f250c8cba7828979?s=96&d=mm&r=g\",\"caption\":\"Kai Biermann\"},\"url\":\"https:\/\/blog.zeit.de\/teilchen\/author\/kai-biermann\/\"}]}<\/script>\n<!-- \/ Yoast SEO plugin. -->","yoast_head_json":{"title":"Wir haben Milit\u00e4r","description":"Von \"Ich hab Polizei\" zu \"Wir haben Milit\u00e4r\" \u2013 Tilo Jung l\u00e4sst Regierungssprecher rappen.","robots":{"index":"index","follow":"follow","max-snippet":"max-snippet:-1","max-image-preview":"max-image-preview:large","max-video-preview":"max-video-preview:-1"},"canonical":"https:\/\/blog.zeit.de\/teilchen\/2015\/12\/14\/militaer-tilo-jung-regierungssprecher-bundespressekonferenz-jan-boehmermann-polizistensohn\/","og_locale":"de_DE","og_type":"article","og_title":"Wir haben Milit\u00e4r","og_description":"Von \"Ich hab Polizei\" zu \"Wir haben Milit\u00e4r\" \u2013 Tilo Jung l\u00e4sst Regierungssprecher rappen.","og_url":"https:\/\/blog.zeit.de\/teilchen\/2015\/12\/14\/militaer-tilo-jung-regierungssprecher-bundespressekonferenz-jan-boehmermann-polizistensohn\/","og_site_name":"Teilchen","article_published_time":"2015-12-14T15:43:20+00:00","article_modified_time":"2015-12-14T17:09:43+00:00","og_image":[{"width":1268,"height":671,"url":"https:\/\/blog.zeit.de\/teilchen\/files\/2015\/12\/Bildschirmfoto-2015-12-14-um-16.12.52.png","type":"image\/png"}],"author":"Kai Biermann","twitter_card":"summary_large_image","twitter_creator":"@zeitonline","twitter_site":"@zeitonline","twitter_misc":{"Geschrieben von":"Kai Biermann","Gesch\u00e4tzte Lesezeit":"1\u00a0Minute"},"schema":{"@context":"https:\/\/schema.org","@graph":[{"@type":"WebPage","@id":"https:\/\/blog.zeit.de\/teilchen\/2015\/12\/14\/militaer-tilo-jung-regierungssprecher-bundespressekonferenz-jan-boehmermann-polizistensohn\/","url":"https:\/\/blog.zeit.de\/teilchen\/2015\/12\/14\/militaer-tilo-jung-regierungssprecher-bundespressekonferenz-jan-boehmermann-polizistensohn\/","name":"Wir haben Milit\u00e4r","isPartOf":{"@id":"https:\/\/blog.zeit.de\/teilchen\/#website"},"datePublished":"2015-12-14T15:43:20+00:00","dateModified":"2015-12-14T17:09:43+00:00","author":{"@id":"https:\/\/blog.zeit.de\/teilchen\/#\/schema\/person\/a03c4af6b374e159b5f915165e667fc9"},"description":"Von \"Ich hab Polizei\" zu \"Wir haben Milit\u00e4r\" \u2013 Tilo Jung l\u00e4sst Regierungssprecher rappen.","breadcrumb":{"@id":"https:\/\/blog.zeit.de\/teilchen\/2015\/12\/14\/militaer-tilo-jung-regierungssprecher-bundespressekonferenz-jan-boehmermann-polizistensohn\/#breadcrumb"},"inLanguage":"de","potentialAction":[{"@type":"ReadAction","target":["https:\/\/blog.zeit.de\/teilchen\/2015\/12\/14\/militaer-tilo-jung-regierungssprecher-bundespressekonferenz-jan-boehmermann-polizistensohn\/"]}]},{"@type":"BreadcrumbList","@id":"https:\/\/blog.zeit.de\/teilchen\/2015\/12\/14\/militaer-tilo-jung-regierungssprecher-bundespressekonferenz-jan-boehmermann-polizistensohn\/#breadcrumb","itemListElement":[{"@type":"ListItem","position":1,"name":"Startseite","item":"https:\/\/blog.zeit.de\/teilchen\/"},{"@type":"ListItem","position":2,"name":"Wir haben Milit\u00e4r"}]},{"@type":"WebSite","@id":"https:\/\/blog.zeit.de\/teilchen\/#website","url":"https:\/\/blog.zeit.de\/teilchen\/","name":"Teilchen","description":"Im Netz verstecken sich kleine Sch\u00e4tze - ZEIT ONLINE findet sie.","potentialAction":[{"@type":"SearchAction","target":{"@type":"EntryPoint","urlTemplate":"https:\/\/blog.zeit.de\/teilchen\/?s={search_term_string}"},"query-input":"required name=search_term_string"}],"inLanguage":"de"},{"@type":"Person","@id":"https:\/\/blog.zeit.de\/teilchen\/#\/schema\/person\/a03c4af6b374e159b5f915165e667fc9","name":"Kai Biermann","image":{"@type":"ImageObject","inLanguage":"de","@id":"https:\/\/blog.zeit.de\/teilchen\/#\/schema\/person\/image\/","url":"https:\/\/secure.gravatar.com\/avatar\/780cd357e130092a8a6e17883fefa37ffa867f8f86af9e55f250c8cba7828979?s=96&d=mm&r=g","contentUrl":"https:\/\/secure.gravatar.com\/avatar\/780cd357e130092a8a6e17883fefa37ffa867f8f86af9e55f250c8cba7828979?s=96&d=mm&r=g","caption":"Kai Biermann"},"url":"https:\/\/blog.zeit.de\/teilchen\/author\/kai-biermann\/"}]}},"jetpack_featured_media_url":"https:\/\/blog.zeit.de\/teilchen\/files\/2015\/12\/Bildschirmfoto-2015-12-14-um-16.12.52.png","jetpack_sharing_enabled":true,"_links":{"self":[{"href":"https:\/\/blog.zeit.de\/teilchen\/wp-json\/wp\/v2\/posts\/10484","targetHints":{"allow":["GET"]}}],"collection":[{"href":"https:\/\/blog.zeit.de\/teilchen\/wp-json\/wp\/v2\/posts"}],"about":[{"href":"https:\/\/blog.zeit.de\/teilchen\/wp-json\/wp\/v2\/types\/post"}],"author":[{"embeddable":true,"href":"https:\/\/blog.zeit.de\/teilchen\/wp-json\/wp\/v2\/users\/39"}],"replies":[{"embeddable":true,"href":"https:\/\/blog.zeit.de\/teilchen\/wp-json\/wp\/v2\/comments?post=10484"}],"version-history":[{"count":5,"href":"https:\/\/blog.zeit.de\/teilchen\/wp-json\/wp\/v2\/posts\/10484\/revisions"}],"predecessor-version":[{"id":10503,"href":"https:\/\/blog.zeit.de\/teilchen\/wp-json\/wp\/v2\/posts\/10484\/revisions\/10503"}],"wp:featuredmedia":[{"embeddable":true,"href":"https:\/\/blog.zeit.de\/teilchen\/wp-json\/wp\/v2\/media\/10497"}],"wp:attachment":[{"href":"https:\/\/blog.zeit.de\/teilchen\/wp-json\/wp\/v2\/media?parent=10484"}],"wp:term":[{"taxonomy":"category","embeddable":true,"href":"https:\/\/blog.zeit.de\/teilchen\/wp-json\/wp\/v2\/categories?post=10484"},{"taxonomy":"post_tag","embeddable":true,"href":"https:\/\/blog.zeit.de\/teilchen\/wp-json\/wp\/v2\/tags?post=10484"}],"curies":[{"name":"wp","href":"https:\/\/api.w.org\/{rel}","templated":true}]}}