{"id":1063,"date":"2015-01-23T17:00:24","date_gmt":"2015-01-23T16:00:24","guid":{"rendered":"http:\/\/blog.zeit.de\/teilchen\/?p=1063"},"modified":"2015-03-10T12:36:43","modified_gmt":"2015-03-10T11:36:43","slug":"die-vermessung-der-sous-vide-welt","status":"publish","type":"post","link":"https:\/\/blog.zeit.de\/teilchen\/2015\/01\/23\/die-vermessung-der-sous-vide-welt\/","title":{"rendered":"Die Vermessung der Sous-Vide-Welt"},"content":{"rendered":"<p><a href=\"https:\/\/s3.amazonaws.com\/chefsteps\/static\/ChefSteps-Map-of-Sous-Vide.pdf\"><img loading=\"lazy\" decoding=\"async\" class=\"alignnone size-medium wp-image-1065\" src=\"https:\/\/blog.zeit.de\/teilchen\/files\/2015\/01\/Bildschirmfoto-2015-01-16-um-14.53.40-580x525.png\" alt=\"Bildschirmfoto 2015-01-16 um 14.53.40\" width=\"580\" height=\"525\" srcset=\"https:\/\/blog.zeit.de\/teilchen\/files\/2015\/01\/Bildschirmfoto-2015-01-16-um-14.53.40-580x525.png 580w, https:\/\/blog.zeit.de\/teilchen\/files\/2015\/01\/Bildschirmfoto-2015-01-16-um-14.53.40.png 648w\" sizes=\"auto, (max-width: 580px) 100vw, 580px\" \/><\/a><\/p>\n<p>Sous Vide ist Ihnen nicht zuwider? Das trifft sich: Heute zeigt sich unser Teilchen-Blog erstmals von seiner kulinarischen Seite. Die Garung unter Luftabschluss (frz. <em>sous vide<\/em>) ist Umami-gest\u00e4hlten Menschen l\u00e4ngst gel\u00e4ufig, Novizen k\u00f6nnen sich <a href=\"http:\/\/www.zeit.de\/2010\/21\/E-Fleischgaren\" target=\"_blank\">hier<\/a> \u00fcber den komplexen Prozess des Garens schlau machen. Zur Orientierung f\u00fcr optimale Garzeiten und -temperaturen dient <a href=\"https:\/\/s3.amazonaws.com\/chefsteps\/static\/ChefSteps-Map-of-Sous-Vide.pdf\" target=\"_blank\">diese Karte<\/a>.<\/p>\n<p>Und warum Sous vide mehr als nur tr\u00e9s chic ist, <a href=\"https:\/\/blog.zeit.de\/nachgesalzen\/2011\/02\/07\/sous-vide_4904\" target=\"_blank\">lesen Sie hier<\/a>. Wir w\u00fcnschen viel Spa\u00df beim K\u00f6cheln und guten Appetit!<\/p>\n<p><em>Weitere Teilchen finden Sie <a href=\"https:\/\/blog.zeit.de\/teilchen\/\" target=\"_blank\">hier<\/a>.<\/em><\/p>\n","protected":false},"excerpt":{"rendered":"<p>Sous Vide ist Ihnen nicht zuwider? Das trifft sich: Heute zeigt sich unser Teilchen-Blog erstmals von seiner kulinarischen Seite. Die Garung unter Luftabschluss (frz. [\u2026]<\/p>\n","protected":false},"author":528,"featured_media":0,"comment_status":"open","ping_status":"closed","sticky":false,"template":"","format":"standard","meta":{"_jetpack_memberships_contains_paid_content":false,"footnotes":""},"categories":[9469],"tags":[],"class_list":["post-1063","post","type-post","status-publish","format-standard","hentry","category-infografiken"],"yoast_head":"<!-- This site is optimized with the Yoast SEO plugin v21.0 - https:\/\/yoast.com\/wordpress\/plugins\/seo\/ -->\n<title>Die Vermessung der Sous-Vide-Welt &#8902; Teilchen<\/title>\n<meta name=\"description\" content=\"Der Teilchen-Blog zeigt sich dieses Mal von seiner kulinarischen Seite. Es geht um Sous-Vide, das Garen unter Vakuum.\" \/>\n<meta name=\"robots\" content=\"index, follow, max-snippet:-1, max-image-preview:large, max-video-preview:-1\" \/>\n<link rel=\"canonical\" href=\"https:\/\/blog.zeit.de\/teilchen\/2015\/01\/23\/die-vermessung-der-sous-vide-welt\/\" \/>\n<meta property=\"og:locale\" content=\"de_DE\" \/>\n<meta property=\"og:type\" content=\"article\" \/>\n<meta property=\"og:title\" content=\"Die Vermessung der Sous-Vide-Welt &#8902; Teilchen\" \/>\n<meta property=\"og:description\" content=\"Der Teilchen-Blog zeigt sich dieses Mal von seiner kulinarischen Seite. Es geht um Sous-Vide, das Garen unter Vakuum.\" \/>\n<meta property=\"og:url\" content=\"https:\/\/blog.zeit.de\/teilchen\/2015\/01\/23\/die-vermessung-der-sous-vide-welt\/\" \/>\n<meta property=\"og:site_name\" content=\"Teilchen\" \/>\n<meta property=\"article:published_time\" content=\"2015-01-23T16:00:24+00:00\" \/>\n<meta property=\"article:modified_time\" content=\"2015-03-10T11:36:43+00:00\" \/>\n<meta property=\"og:image\" content=\"https:\/\/blog.zeit.de\/teilchen\/files\/2015\/01\/Bildschirmfoto-2015-01-16-um-14.53.40-580x525.png\" \/>\n<meta name=\"author\" content=\"Bj\u00f6rn Maatz\" \/>\n<meta name=\"twitter:card\" content=\"summary_large_image\" \/>\n<meta name=\"twitter:creator\" content=\"@BjoernMaatz\" \/>\n<meta name=\"twitter:site\" content=\"@zeitonline\" \/>\n<meta name=\"twitter:label1\" content=\"Geschrieben von\" \/>\n\t<meta name=\"twitter:data1\" content=\"Bj\u00f6rn Maatz\" \/>\n<script type=\"application\/ld+json\" class=\"yoast-schema-graph\">{\"@context\":\"https:\/\/schema.org\",\"@graph\":[{\"@type\":\"WebPage\",\"@id\":\"https:\/\/blog.zeit.de\/teilchen\/2015\/01\/23\/die-vermessung-der-sous-vide-welt\/\",\"url\":\"https:\/\/blog.zeit.de\/teilchen\/2015\/01\/23\/die-vermessung-der-sous-vide-welt\/\",\"name\":\"Die Vermessung der Sous-Vide-Welt &#8902; Teilchen\",\"isPartOf\":{\"@id\":\"https:\/\/blog.zeit.de\/teilchen\/#website\"},\"datePublished\":\"2015-01-23T16:00:24+00:00\",\"dateModified\":\"2015-03-10T11:36:43+00:00\",\"author\":{\"@id\":\"https:\/\/blog.zeit.de\/teilchen\/#\/schema\/person\/20ae47479c9c6443ed61f03c9eac892f\"},\"description\":\"Der Teilchen-Blog zeigt sich dieses Mal von seiner kulinarischen Seite. Es geht um Sous-Vide, das Garen unter Vakuum.\",\"breadcrumb\":{\"@id\":\"https:\/\/blog.zeit.de\/teilchen\/2015\/01\/23\/die-vermessung-der-sous-vide-welt\/#breadcrumb\"},\"inLanguage\":\"de\",\"potentialAction\":[{\"@type\":\"ReadAction\",\"target\":[\"https:\/\/blog.zeit.de\/teilchen\/2015\/01\/23\/die-vermessung-der-sous-vide-welt\/\"]}]},{\"@type\":\"BreadcrumbList\",\"@id\":\"https:\/\/blog.zeit.de\/teilchen\/2015\/01\/23\/die-vermessung-der-sous-vide-welt\/#breadcrumb\",\"itemListElement\":[{\"@type\":\"ListItem\",\"position\":1,\"name\":\"Startseite\",\"item\":\"https:\/\/blog.zeit.de\/teilchen\/\"},{\"@type\":\"ListItem\",\"position\":2,\"name\":\"Die Vermessung der Sous-Vide-Welt\"}]},{\"@type\":\"WebSite\",\"@id\":\"https:\/\/blog.zeit.de\/teilchen\/#website\",\"url\":\"https:\/\/blog.zeit.de\/teilchen\/\",\"name\":\"Teilchen\",\"description\":\"Im Netz verstecken sich kleine Sch\u00e4tze - ZEIT ONLINE findet sie.\",\"potentialAction\":[{\"@type\":\"SearchAction\",\"target\":{\"@type\":\"EntryPoint\",\"urlTemplate\":\"https:\/\/blog.zeit.de\/teilchen\/?s={search_term_string}\"},\"query-input\":\"required name=search_term_string\"}],\"inLanguage\":\"de\"},{\"@type\":\"Person\",\"@id\":\"https:\/\/blog.zeit.de\/teilchen\/#\/schema\/person\/20ae47479c9c6443ed61f03c9eac892f\",\"name\":\"Bj\u00f6rn Maatz\",\"image\":{\"@type\":\"ImageObject\",\"inLanguage\":\"de\",\"@id\":\"https:\/\/blog.zeit.de\/teilchen\/#\/schema\/person\/image\/\",\"url\":\"https:\/\/secure.gravatar.com\/avatar\/4ed13ddffa21af7dcec9d6d36d2b36f05bfc49e1676e43abd84a80376d644278?s=96&d=mm&r=g\",\"contentUrl\":\"https:\/\/secure.gravatar.com\/avatar\/4ed13ddffa21af7dcec9d6d36d2b36f05bfc49e1676e43abd84a80376d644278?s=96&d=mm&r=g\",\"caption\":\"Bj\u00f6rn Maatz\"},\"description\":\"Leitet die Online-Redaktion der Kreativagentur Philipp und Keuntje. Zuvor Engagement-Redakteur bei ZEIT ONLINE und bei FINANCIAL TIMES DEUTSCHLAND, u.a. als Print-Redakteur im Unternehmensressort sowie als erster und letzter Social-Media-Redakteur. Studium der Wirtschaftsjournalistik in Bremen und Melbourne mit Hospitanzen beim NDR, der dpa und dem Hamburger Abendblatt.\",\"sameAs\":[\"https:\/\/twitter.com\/BjoernMaatz\"],\"url\":\"https:\/\/blog.zeit.de\/teilchen\/author\/bjoernmaatz\/\"}]}<\/script>\n<!-- \/ Yoast SEO plugin. -->","yoast_head_json":{"title":"Die Vermessung der Sous-Vide-Welt &#8902; Teilchen","description":"Der Teilchen-Blog zeigt sich dieses Mal von seiner kulinarischen Seite. Es geht um Sous-Vide, das Garen unter Vakuum.","robots":{"index":"index","follow":"follow","max-snippet":"max-snippet:-1","max-image-preview":"max-image-preview:large","max-video-preview":"max-video-preview:-1"},"canonical":"https:\/\/blog.zeit.de\/teilchen\/2015\/01\/23\/die-vermessung-der-sous-vide-welt\/","og_locale":"de_DE","og_type":"article","og_title":"Die Vermessung der Sous-Vide-Welt &#8902; Teilchen","og_description":"Der Teilchen-Blog zeigt sich dieses Mal von seiner kulinarischen Seite. Es geht um Sous-Vide, das Garen unter Vakuum.","og_url":"https:\/\/blog.zeit.de\/teilchen\/2015\/01\/23\/die-vermessung-der-sous-vide-welt\/","og_site_name":"Teilchen","article_published_time":"2015-01-23T16:00:24+00:00","article_modified_time":"2015-03-10T11:36:43+00:00","og_image":[{"url":"https:\/\/blog.zeit.de\/teilchen\/files\/2015\/01\/Bildschirmfoto-2015-01-16-um-14.53.40-580x525.png"}],"author":"Bj\u00f6rn Maatz","twitter_card":"summary_large_image","twitter_creator":"@BjoernMaatz","twitter_site":"@zeitonline","twitter_misc":{"Geschrieben von":"Bj\u00f6rn Maatz"},"schema":{"@context":"https:\/\/schema.org","@graph":[{"@type":"WebPage","@id":"https:\/\/blog.zeit.de\/teilchen\/2015\/01\/23\/die-vermessung-der-sous-vide-welt\/","url":"https:\/\/blog.zeit.de\/teilchen\/2015\/01\/23\/die-vermessung-der-sous-vide-welt\/","name":"Die Vermessung der Sous-Vide-Welt &#8902; Teilchen","isPartOf":{"@id":"https:\/\/blog.zeit.de\/teilchen\/#website"},"datePublished":"2015-01-23T16:00:24+00:00","dateModified":"2015-03-10T11:36:43+00:00","author":{"@id":"https:\/\/blog.zeit.de\/teilchen\/#\/schema\/person\/20ae47479c9c6443ed61f03c9eac892f"},"description":"Der Teilchen-Blog zeigt sich dieses Mal von seiner kulinarischen Seite. Es geht um Sous-Vide, das Garen unter Vakuum.","breadcrumb":{"@id":"https:\/\/blog.zeit.de\/teilchen\/2015\/01\/23\/die-vermessung-der-sous-vide-welt\/#breadcrumb"},"inLanguage":"de","potentialAction":[{"@type":"ReadAction","target":["https:\/\/blog.zeit.de\/teilchen\/2015\/01\/23\/die-vermessung-der-sous-vide-welt\/"]}]},{"@type":"BreadcrumbList","@id":"https:\/\/blog.zeit.de\/teilchen\/2015\/01\/23\/die-vermessung-der-sous-vide-welt\/#breadcrumb","itemListElement":[{"@type":"ListItem","position":1,"name":"Startseite","item":"https:\/\/blog.zeit.de\/teilchen\/"},{"@type":"ListItem","position":2,"name":"Die Vermessung der Sous-Vide-Welt"}]},{"@type":"WebSite","@id":"https:\/\/blog.zeit.de\/teilchen\/#website","url":"https:\/\/blog.zeit.de\/teilchen\/","name":"Teilchen","description":"Im Netz verstecken sich kleine Sch\u00e4tze - ZEIT ONLINE findet sie.","potentialAction":[{"@type":"SearchAction","target":{"@type":"EntryPoint","urlTemplate":"https:\/\/blog.zeit.de\/teilchen\/?s={search_term_string}"},"query-input":"required name=search_term_string"}],"inLanguage":"de"},{"@type":"Person","@id":"https:\/\/blog.zeit.de\/teilchen\/#\/schema\/person\/20ae47479c9c6443ed61f03c9eac892f","name":"Bj\u00f6rn Maatz","image":{"@type":"ImageObject","inLanguage":"de","@id":"https:\/\/blog.zeit.de\/teilchen\/#\/schema\/person\/image\/","url":"https:\/\/secure.gravatar.com\/avatar\/4ed13ddffa21af7dcec9d6d36d2b36f05bfc49e1676e43abd84a80376d644278?s=96&d=mm&r=g","contentUrl":"https:\/\/secure.gravatar.com\/avatar\/4ed13ddffa21af7dcec9d6d36d2b36f05bfc49e1676e43abd84a80376d644278?s=96&d=mm&r=g","caption":"Bj\u00f6rn Maatz"},"description":"Leitet die Online-Redaktion der Kreativagentur Philipp und Keuntje. Zuvor Engagement-Redakteur bei ZEIT ONLINE und bei FINANCIAL TIMES DEUTSCHLAND, u.a. als Print-Redakteur im Unternehmensressort sowie als erster und letzter Social-Media-Redakteur. Studium der Wirtschaftsjournalistik in Bremen und Melbourne mit Hospitanzen beim NDR, der dpa und dem Hamburger Abendblatt.","sameAs":["https:\/\/twitter.com\/BjoernMaatz"],"url":"https:\/\/blog.zeit.de\/teilchen\/author\/bjoernmaatz\/"}]}},"jetpack_featured_media_url":"","jetpack_sharing_enabled":true,"_links":{"self":[{"href":"https:\/\/blog.zeit.de\/teilchen\/wp-json\/wp\/v2\/posts\/1063","targetHints":{"allow":["GET"]}}],"collection":[{"href":"https:\/\/blog.zeit.de\/teilchen\/wp-json\/wp\/v2\/posts"}],"about":[{"href":"https:\/\/blog.zeit.de\/teilchen\/wp-json\/wp\/v2\/types\/post"}],"author":[{"embeddable":true,"href":"https:\/\/blog.zeit.de\/teilchen\/wp-json\/wp\/v2\/users\/528"}],"replies":[{"embeddable":true,"href":"https:\/\/blog.zeit.de\/teilchen\/wp-json\/wp\/v2\/comments?post=1063"}],"version-history":[{"count":7,"href":"https:\/\/blog.zeit.de\/teilchen\/wp-json\/wp\/v2\/posts\/1063\/revisions"}],"predecessor-version":[{"id":2104,"href":"https:\/\/blog.zeit.de\/teilchen\/wp-json\/wp\/v2\/posts\/1063\/revisions\/2104"}],"wp:attachment":[{"href":"https:\/\/blog.zeit.de\/teilchen\/wp-json\/wp\/v2\/media?parent=1063"}],"wp:term":[{"taxonomy":"category","embeddable":true,"href":"https:\/\/blog.zeit.de\/teilchen\/wp-json\/wp\/v2\/categories?post=1063"},{"taxonomy":"post_tag","embeddable":true,"href":"https:\/\/blog.zeit.de\/teilchen\/wp-json\/wp\/v2\/tags?post=1063"}],"curies":[{"name":"wp","href":"https:\/\/api.w.org\/{rel}","templated":true}]}}