{"id":10641,"date":"2015-12-23T11:31:30","date_gmt":"2015-12-23T10:31:30","guid":{"rendered":"http:\/\/blog.zeit.de\/teilchen\/?p=10641"},"modified":"2015-12-23T12:03:24","modified_gmt":"2015-12-23T11:03:24","slug":"berlin-fahrrad-fahrer-wege","status":"publish","type":"post","link":"https:\/\/blog.zeit.de\/teilchen\/2015\/12\/23\/berlin-fahrrad-fahrer-wege\/","title":{"rendered":"Fahrradh\u00f6lle Berlin"},"content":{"rendered":"<p>https:\/\/vimeo.com\/149510165<\/p>\n<p>Es ist nicht einfach mit dem Fahrradfahren in Berlin. Diese fiesen, engen Radwege. Diese Baustellen (gerne auf der Fahrradspur). Autos, mit denen Radler zu k\u00e4mpfen haben. Puh. Dabei hat die Stadt Berlin eigentlich eine <a href=\"http:\/\/www.stadtentwicklung.berlin.de\/verkehr\/politik_planung\/rad\/strategie\/\" target=\"_blank\">offizielle &#8222;Radverkehrsstrategie&#8220;<\/a>. Auf 48 Seiten sind Ziele und Ideen notiert, die den Fahrradverkehr in der Hauptstadt besser machen sollen. Was ist davon Realit\u00e4t und was nicht mehr als ein frommer Wunsch? Das hat eine Radlerin nun getestet.<!--more--><\/p>\n<p>Claudia Br\u00fcckner hat ein gut sechsmin\u00fctiges Video ins Netz gestellt, das eine verheerende Bilanz der Berliner Fahrradpolitik zieht. Also doch: <a href=\"http:\/\/www.zeit.de\/mobilitaet\/2015-03\/fahrradstadt-berlin-verkehrsplanung-mobilitaet\" target=\"_blank\">Ank\u00fcndigungsweltmeister Berlin<\/a>?<\/p>\n\n<div class=\"embed-wrapper embed-wrapper--blocked js-embed-consent\" data-method=\"embed\">\n<script class=\"raw__source\" type=\"text\/template\"><div class=\"embed-twitter\"><blockquote class=\"twitter-tweet\" data-width=\"550\" data-dnt=\"true\"><p data-replace lang=\"en\" dir=\"ltr\">Here is a little video I made about <a href=\"https:\/\/twitter.com\/hashtag\/cycling?src=hash&amp;ref_src=twsrc%5Etfw\">#cycling<\/a> in Berlin:<a href=\"https:\/\/t.co\/fItmze620v\">https:\/\/t.co\/fItmze620v<\/a><\/p>&mdash; Claudia Br\u00fcckner (@clastronautin) <a href=\"https:\/\/twitter.com\/clastronautin\/status\/678544512344543232?ref_src=twsrc%5Etfw\">December 20, 2015<\/a><\/blockquote><scr+ipt async src=\"https:\/\/platform.twitter.com\/widgets.js\" charset=\"utf-8\"><\/scr+ipt><\/div><\/script>\n<div class=\"embed-wrapper__inner\">\n<div class=\"embed-wrapper__text\">\n<h3>Empfohlener redaktioneller Inhalt<\/h3>\n<p data-replace=\"no\">An dieser Stelle finden Sie externen Inhalt, der den Artikel erg\u00e4nzt. Sie k\u00f6nnen sich externe Inhalte mit einem Klick anzeigen lassen und wieder ausblenden.<noscript>Bitte aktivieren Sie JavaScript damit Sie diesen Inhalt anzeigen k\u00f6nnen.<\/noscript><\/p>\n<\/div>\n<div class=\"embed-consent\">\n<label class=\"embed-consent__toggle\">\n<input class=\"js-embed-consent__toggle\" type=\"checkbox\" autocomplete=\"off\">\n<span><\/span>\nExterner Inhalt\n<\/label>\n<a href=\"https:\/\/www.zeit.de\/hilfe\/datenschutz\" target=\"_blank\" class=\"embed-consent__datalink-when-active\">Datenschutzerkl\u00e4rung<\/a>\n<\/div>\n<div class=\"embed-wrapper__footer\">\n<p data-replace=\"no\">\nIch bin damit einverstanden, dass mir externe Inhalte angezeigt werden. Damit k\u00f6nnen personenbezogene Daten an Drittplattformen \u00fcbermittelt werden. <a href=\"https:\/\/www.zeit.de\/hilfe\/datenschutz\" target=\"_blank\">Mehr dazu in unserer Datenschutzerkl\u00e4rung.<\/a>\n<\/p>\n<\/div>\n<\/div>\n<\/div>\n<p>Vor zwei Jahren noch hat die Stadt die Radler dazu aufgerufen, die f\u00fcr Radfahrer gef\u00e4hrlichsten Stellen in der Stadt zu nennen und die Kritikpunkte aufzulisten. <a href=\"https:\/\/radsicherheit.berlin.de\/\" target=\"_blank\">Die Ergebnisse sind im Netz nachzulesen<\/a>.<\/p>\n<p>Aber hat sich etwas getan? Br\u00fcckner hat sich die schlimmsten Orte genau angeschaut (Sch\u00f6nhauser Allee, Kottbusser Tor, Hermannplatz). An keiner der Stellen sind die Gefahrenstellen entsch\u00e4rft. Liegt das am Geld? Br\u00fcckner glaubt das nicht. Denn das Budget f\u00fcr die Fahrradpolitik steigt jedes Jahr, allerdings gehen die Investitionen zur\u00fcck. Warum? Spart Berlin etwa f\u00fcr das Projekt <a href=\"https:\/\/blog.zeit.de\/fahrrad\/2015\/11\/20\/ein-vorzeige-radweg-fur-berlin\/\" target=\"_blank\">Radbahn Berlin<\/a>?<\/p>\n<p>Und noch etwas kritisiert die Berlinerin: die von der Stadt eingef\u00fchrte Fahrradpolizei. Anstatt den Radlern das Fahren zu vereinfachen, verteilen die Polizisten vor allem Kn\u00f6llchen. An Fahrradfahrer, die bei Rot \u00fcber die Ampel oder auf dem Radweg gegen die Fahrtrichtung fahren.<\/p>\n<p><em>Sie interessieren Sich f\u00fcr alles rund ums Radeln? <a href=\"https:\/\/blog.zeit.de\/fahrrad\/\">Dann empfehlen wir unseren Velophil-Blog<\/a>.<\/em><\/p>\n<p><em>Weitere <a href=\"https:\/\/blog.zeit.de\/teilchen\/\" target=\"_blank\">Teilchen finden Sie hier<\/a>.<\/em><\/p>\n","protected":false},"excerpt":{"rendered":"<p>https:\/\/vimeo.com\/149510165 Es ist nicht einfach mit dem Fahrradfahren in Berlin. Diese fiesen, engen Radwege. Diese Baustellen (gerne auf der Fahrradspur). Autos, mit denen Radler [\u2026]<\/p>\n","protected":false},"author":556,"featured_media":10650,"comment_status":"open","ping_status":"closed","sticky":false,"template":"","format":"standard","meta":{"_jetpack_memberships_contains_paid_content":false,"footnotes":""},"categories":[28],"tags":[],"class_list":["post-10641","post","type-post","status-publish","format-standard","has-post-thumbnail","hentry","category-video"],"yoast_head":"<!-- This site is optimized with the Yoast SEO plugin v21.0 - https:\/\/yoast.com\/wordpress\/plugins\/seo\/ -->\n<title>Berlin, was ist nur mit deinen Radwegen los?<\/title>\n<meta name=\"description\" content=\"Was wird f\u00fcr die Ausbesserung der Radwege in Berlin getan? Das Video zeigt: Offensichtlich zu wenig.\" \/>\n<meta name=\"robots\" content=\"index, follow, max-snippet:-1, max-image-preview:large, max-video-preview:-1\" \/>\n<link rel=\"canonical\" href=\"https:\/\/blog.zeit.de\/teilchen\/2015\/12\/23\/berlin-fahrrad-fahrer-wege\/\" \/>\n<meta property=\"og:locale\" content=\"de_DE\" \/>\n<meta property=\"og:type\" content=\"article\" \/>\n<meta property=\"og:title\" content=\"Berlin, was ist nur mit deinen Radwegen los?\" \/>\n<meta property=\"og:description\" content=\"Was wird f\u00fcr die Ausbesserung der Radwege in Berlin getan? Das Video zeigt: Offensichtlich zu wenig.\" \/>\n<meta property=\"og:url\" content=\"https:\/\/blog.zeit.de\/teilchen\/2015\/12\/23\/berlin-fahrrad-fahrer-wege\/\" \/>\n<meta property=\"og:site_name\" content=\"Teilchen\" \/>\n<meta property=\"article:published_time\" content=\"2015-12-23T10:31:30+00:00\" \/>\n<meta property=\"article:modified_time\" content=\"2015-12-23T11:03:24+00:00\" \/>\n<meta property=\"og:image\" content=\"https:\/\/blog.zeit.de\/teilchen\/files\/2015\/12\/Bildschirmfoto-2015-12-23-um-09.49.59.png\" \/>\n\t<meta property=\"og:image:width\" content=\"955\" \/>\n\t<meta property=\"og:image:height\" content=\"531\" \/>\n\t<meta property=\"og:image:type\" content=\"image\/png\" \/>\n<meta name=\"author\" content=\"Tobias Dorfer\" \/>\n<meta name=\"twitter:card\" content=\"summary_large_image\" \/>\n<meta name=\"twitter:creator\" content=\"@tobiasdorfer\" \/>\n<meta name=\"twitter:site\" content=\"@zeitonline\" \/>\n<meta name=\"twitter:label1\" content=\"Geschrieben von\" \/>\n\t<meta name=\"twitter:data1\" content=\"Tobias Dorfer\" \/>\n\t<meta name=\"twitter:label2\" content=\"Gesch\u00e4tzte Lesezeit\" \/>\n\t<meta name=\"twitter:data2\" content=\"1\u00a0Minute\" \/>\n<script type=\"application\/ld+json\" class=\"yoast-schema-graph\">{\"@context\":\"https:\/\/schema.org\",\"@graph\":[{\"@type\":\"WebPage\",\"@id\":\"https:\/\/blog.zeit.de\/teilchen\/2015\/12\/23\/berlin-fahrrad-fahrer-wege\/\",\"url\":\"https:\/\/blog.zeit.de\/teilchen\/2015\/12\/23\/berlin-fahrrad-fahrer-wege\/\",\"name\":\"Berlin, was ist nur mit deinen Radwegen los?\",\"isPartOf\":{\"@id\":\"https:\/\/blog.zeit.de\/teilchen\/#website\"},\"datePublished\":\"2015-12-23T10:31:30+00:00\",\"dateModified\":\"2015-12-23T11:03:24+00:00\",\"author\":{\"@id\":\"https:\/\/blog.zeit.de\/teilchen\/#\/schema\/person\/e90ba849254185115fd919d4fad07dc0\"},\"description\":\"Was wird f\u00fcr die Ausbesserung der Radwege in Berlin getan? Das Video zeigt: Offensichtlich zu wenig.\",\"breadcrumb\":{\"@id\":\"https:\/\/blog.zeit.de\/teilchen\/2015\/12\/23\/berlin-fahrrad-fahrer-wege\/#breadcrumb\"},\"inLanguage\":\"de\",\"potentialAction\":[{\"@type\":\"ReadAction\",\"target\":[\"https:\/\/blog.zeit.de\/teilchen\/2015\/12\/23\/berlin-fahrrad-fahrer-wege\/\"]}]},{\"@type\":\"BreadcrumbList\",\"@id\":\"https:\/\/blog.zeit.de\/teilchen\/2015\/12\/23\/berlin-fahrrad-fahrer-wege\/#breadcrumb\",\"itemListElement\":[{\"@type\":\"ListItem\",\"position\":1,\"name\":\"Startseite\",\"item\":\"https:\/\/blog.zeit.de\/teilchen\/\"},{\"@type\":\"ListItem\",\"position\":2,\"name\":\"Fahrradh\u00f6lle Berlin\"}]},{\"@type\":\"WebSite\",\"@id\":\"https:\/\/blog.zeit.de\/teilchen\/#website\",\"url\":\"https:\/\/blog.zeit.de\/teilchen\/\",\"name\":\"Teilchen\",\"description\":\"Im Netz verstecken sich kleine Sch\u00e4tze - ZEIT ONLINE findet sie.\",\"potentialAction\":[{\"@type\":\"SearchAction\",\"target\":{\"@type\":\"EntryPoint\",\"urlTemplate\":\"https:\/\/blog.zeit.de\/teilchen\/?s={search_term_string}\"},\"query-input\":\"required name=search_term_string\"}],\"inLanguage\":\"de\"},{\"@type\":\"Person\",\"@id\":\"https:\/\/blog.zeit.de\/teilchen\/#\/schema\/person\/e90ba849254185115fd919d4fad07dc0\",\"name\":\"Tobias Dorfer\",\"image\":{\"@type\":\"ImageObject\",\"inLanguage\":\"de\",\"@id\":\"https:\/\/blog.zeit.de\/teilchen\/#\/schema\/person\/image\/\",\"url\":\"https:\/\/secure.gravatar.com\/avatar\/0021e1a3fe9f799912804bcca6f1bcbbe58ee3bf29c8f714a0f453695a888d0a?s=96&d=mm&r=g\",\"contentUrl\":\"https:\/\/secure.gravatar.com\/avatar\/0021e1a3fe9f799912804bcca6f1bcbbe58ee3bf29c8f714a0f453695a888d0a?s=96&d=mm&r=g\",\"caption\":\"Tobias Dorfer\"},\"description\":\"Teamleiter Social Media bei ZEIT ONLINE. Zuvor sieben Jahre bei S\u00fcddeutsche.de, als Redakteur im Wirtschafts- und Regional-Ressort sowie Editorial SEO. Ausbildung an der Deutschen Journalistenschule in M\u00fcnchen mit Hospitanzen bei S\u00fcddeutsche Zeitung, SPIEGEL und SPIEGEL Online.\",\"sameAs\":[\"https:\/\/twitter.com\/tobiasdorfer\"],\"url\":\"https:\/\/blog.zeit.de\/teilchen\/author\/tdorfer\/\"}]}<\/script>\n<!-- \/ Yoast SEO plugin. -->","yoast_head_json":{"title":"Berlin, was ist nur mit deinen Radwegen los?","description":"Was wird f\u00fcr die Ausbesserung der Radwege in Berlin getan? Das Video zeigt: Offensichtlich zu wenig.","robots":{"index":"index","follow":"follow","max-snippet":"max-snippet:-1","max-image-preview":"max-image-preview:large","max-video-preview":"max-video-preview:-1"},"canonical":"https:\/\/blog.zeit.de\/teilchen\/2015\/12\/23\/berlin-fahrrad-fahrer-wege\/","og_locale":"de_DE","og_type":"article","og_title":"Berlin, was ist nur mit deinen Radwegen los?","og_description":"Was wird f\u00fcr die Ausbesserung der Radwege in Berlin getan? Das Video zeigt: Offensichtlich zu wenig.","og_url":"https:\/\/blog.zeit.de\/teilchen\/2015\/12\/23\/berlin-fahrrad-fahrer-wege\/","og_site_name":"Teilchen","article_published_time":"2015-12-23T10:31:30+00:00","article_modified_time":"2015-12-23T11:03:24+00:00","og_image":[{"width":955,"height":531,"url":"https:\/\/blog.zeit.de\/teilchen\/files\/2015\/12\/Bildschirmfoto-2015-12-23-um-09.49.59.png","type":"image\/png"}],"author":"Tobias Dorfer","twitter_card":"summary_large_image","twitter_creator":"@tobiasdorfer","twitter_site":"@zeitonline","twitter_misc":{"Geschrieben von":"Tobias Dorfer","Gesch\u00e4tzte Lesezeit":"1\u00a0Minute"},"schema":{"@context":"https:\/\/schema.org","@graph":[{"@type":"WebPage","@id":"https:\/\/blog.zeit.de\/teilchen\/2015\/12\/23\/berlin-fahrrad-fahrer-wege\/","url":"https:\/\/blog.zeit.de\/teilchen\/2015\/12\/23\/berlin-fahrrad-fahrer-wege\/","name":"Berlin, was ist nur mit deinen Radwegen los?","isPartOf":{"@id":"https:\/\/blog.zeit.de\/teilchen\/#website"},"datePublished":"2015-12-23T10:31:30+00:00","dateModified":"2015-12-23T11:03:24+00:00","author":{"@id":"https:\/\/blog.zeit.de\/teilchen\/#\/schema\/person\/e90ba849254185115fd919d4fad07dc0"},"description":"Was wird f\u00fcr die Ausbesserung der Radwege in Berlin getan? Das Video zeigt: Offensichtlich zu wenig.","breadcrumb":{"@id":"https:\/\/blog.zeit.de\/teilchen\/2015\/12\/23\/berlin-fahrrad-fahrer-wege\/#breadcrumb"},"inLanguage":"de","potentialAction":[{"@type":"ReadAction","target":["https:\/\/blog.zeit.de\/teilchen\/2015\/12\/23\/berlin-fahrrad-fahrer-wege\/"]}]},{"@type":"BreadcrumbList","@id":"https:\/\/blog.zeit.de\/teilchen\/2015\/12\/23\/berlin-fahrrad-fahrer-wege\/#breadcrumb","itemListElement":[{"@type":"ListItem","position":1,"name":"Startseite","item":"https:\/\/blog.zeit.de\/teilchen\/"},{"@type":"ListItem","position":2,"name":"Fahrradh\u00f6lle Berlin"}]},{"@type":"WebSite","@id":"https:\/\/blog.zeit.de\/teilchen\/#website","url":"https:\/\/blog.zeit.de\/teilchen\/","name":"Teilchen","description":"Im Netz verstecken sich kleine Sch\u00e4tze - ZEIT ONLINE findet sie.","potentialAction":[{"@type":"SearchAction","target":{"@type":"EntryPoint","urlTemplate":"https:\/\/blog.zeit.de\/teilchen\/?s={search_term_string}"},"query-input":"required name=search_term_string"}],"inLanguage":"de"},{"@type":"Person","@id":"https:\/\/blog.zeit.de\/teilchen\/#\/schema\/person\/e90ba849254185115fd919d4fad07dc0","name":"Tobias Dorfer","image":{"@type":"ImageObject","inLanguage":"de","@id":"https:\/\/blog.zeit.de\/teilchen\/#\/schema\/person\/image\/","url":"https:\/\/secure.gravatar.com\/avatar\/0021e1a3fe9f799912804bcca6f1bcbbe58ee3bf29c8f714a0f453695a888d0a?s=96&d=mm&r=g","contentUrl":"https:\/\/secure.gravatar.com\/avatar\/0021e1a3fe9f799912804bcca6f1bcbbe58ee3bf29c8f714a0f453695a888d0a?s=96&d=mm&r=g","caption":"Tobias Dorfer"},"description":"Teamleiter Social Media bei ZEIT ONLINE. Zuvor sieben Jahre bei S\u00fcddeutsche.de, als Redakteur im Wirtschafts- und Regional-Ressort sowie Editorial SEO. Ausbildung an der Deutschen Journalistenschule in M\u00fcnchen mit Hospitanzen bei S\u00fcddeutsche Zeitung, SPIEGEL und SPIEGEL Online.","sameAs":["https:\/\/twitter.com\/tobiasdorfer"],"url":"https:\/\/blog.zeit.de\/teilchen\/author\/tdorfer\/"}]}},"jetpack_featured_media_url":"https:\/\/blog.zeit.de\/teilchen\/files\/2015\/12\/Bildschirmfoto-2015-12-23-um-09.49.59.png","jetpack_sharing_enabled":true,"_links":{"self":[{"href":"https:\/\/blog.zeit.de\/teilchen\/wp-json\/wp\/v2\/posts\/10641","targetHints":{"allow":["GET"]}}],"collection":[{"href":"https:\/\/blog.zeit.de\/teilchen\/wp-json\/wp\/v2\/posts"}],"about":[{"href":"https:\/\/blog.zeit.de\/teilchen\/wp-json\/wp\/v2\/types\/post"}],"author":[{"embeddable":true,"href":"https:\/\/blog.zeit.de\/teilchen\/wp-json\/wp\/v2\/users\/556"}],"replies":[{"embeddable":true,"href":"https:\/\/blog.zeit.de\/teilchen\/wp-json\/wp\/v2\/comments?post=10641"}],"version-history":[{"count":11,"href":"https:\/\/blog.zeit.de\/teilchen\/wp-json\/wp\/v2\/posts\/10641\/revisions"}],"predecessor-version":[{"id":10654,"href":"https:\/\/blog.zeit.de\/teilchen\/wp-json\/wp\/v2\/posts\/10641\/revisions\/10654"}],"wp:featuredmedia":[{"embeddable":true,"href":"https:\/\/blog.zeit.de\/teilchen\/wp-json\/wp\/v2\/media\/10650"}],"wp:attachment":[{"href":"https:\/\/blog.zeit.de\/teilchen\/wp-json\/wp\/v2\/media?parent=10641"}],"wp:term":[{"taxonomy":"category","embeddable":true,"href":"https:\/\/blog.zeit.de\/teilchen\/wp-json\/wp\/v2\/categories?post=10641"},{"taxonomy":"post_tag","embeddable":true,"href":"https:\/\/blog.zeit.de\/teilchen\/wp-json\/wp\/v2\/tags?post=10641"}],"curies":[{"name":"wp","href":"https:\/\/api.w.org\/{rel}","templated":true}]}}