{"id":10759,"date":"2016-01-05T14:37:34","date_gmt":"2016-01-05T13:37:34","guid":{"rendered":"http:\/\/blog.zeit.de\/teilchen\/?p=10759"},"modified":"2016-01-05T15:06:44","modified_gmt":"2016-01-05T14:06:44","slug":"staedtenamen-itz-osten","status":"publish","type":"post","link":"https:\/\/blog.zeit.de\/teilchen\/2016\/01\/05\/staedtenamen-itz-osten\/","title":{"rendered":"Itz Osten"},"content":{"rendered":"<p><figure id=\"attachment_10760\" aria-describedby=\"caption-attachment-10760\" style=\"width: 620px\" class=\"wp-caption aligncenter\"><img loading=\"lazy\" decoding=\"async\" class=\"wp-image-10760 size-medium\" src=\"https:\/\/blog.zeit.de\/teilchen\/files\/2016\/01\/Bildschirmfoto-2016-01-05-um-11.48.25-620x481.png\" alt=\"St\u00e4dtenamen: Itz Osten\" width=\"620\" height=\"481\" srcset=\"https:\/\/blog.zeit.de\/teilchen\/files\/2016\/01\/Bildschirmfoto-2016-01-05-um-11.48.25-620x481.png 620w, https:\/\/blog.zeit.de\/teilchen\/files\/2016\/01\/Bildschirmfoto-2016-01-05-um-11.48.25-1024x795.png 1024w, https:\/\/blog.zeit.de\/teilchen\/files\/2016\/01\/Bildschirmfoto-2016-01-05-um-11.48.25.png 1700w\" sizes=\"auto, (max-width: 620px) 100vw, 620px\" \/><figcaption id=\"caption-attachment-10760\" class=\"wp-caption-text\">So enden die Namen deutscher Kommunen: <a href=\"http:\/\/truth-and-beauty.net\/experiments\/ach-ingen-zell\/\" target=\"_blank\">ein \u00dcberblick in Zahl und Lage<\/a>. Quelle: <a href=\"http:\/\/truth-and-beauty.net\" target=\"_blank\">Moritz Stefaner<\/a><\/figcaption><\/figure><\/p>\n<p>Ich wuchs in einem kleinen Ort bei Stuttgart auf und merkte schnell: Alle St\u00e4dte und Orte in unserer Umgebung endeten gleich \u2013 T\u00fcbingen, B\u00f6blingen, Sindelfingen, Esslingen, Nellingen, Reutlingen, Ditzingen, Markgr\u00f6ningen, Gerlingen &#8230; Okay, genug davon. Baden-W\u00fcrttemberg ist offenbar eine &#8222;-ingen&#8220;-Hochburg. Sagte ein Leben lang mein Gef\u00fchl. <a href=\"http:\/\/truth-and-beauty.net\/experiments\/ach-ingen-zell\/\" target=\"_blank\">Und Moritz Stefaner hat diesen Eindruck nun best\u00e4tigt<\/a>.<!--more--><\/p>\n<p>Stefaner &#8222;lebt und atmet Datenvisualisierung&#8220;. Der Designer aus Niedersachsen <a href=\"http:\/\/truth-and-beauty.net\/about\" target=\"_blank\">arbeitet unter anderem f\u00fcr die OECD, das World Economic Forum, Skype und die Max-Planck-Gesellschaft<\/a>. F\u00fcr <a href=\"http:\/\/truth-and-beauty.net\/experiments\/ach-ingen-zell\/\" target=\"_blank\">ein &#8222;schnelles Experiment&#8220;<\/a> hat er die h\u00e4ufigsten Endungen deutscher Orts- und St\u00e4dtenamen herausgesucht und zeigt anhand von Grafiken, wie oft und in welchen Teilen der Republik diese Suffixe besonders oft zu finden sind. Dazu verwendete der Grafikdesigner die <a href=\"http:\/\/www.geonames.org\" target=\"_blank\">Datenbank Geonames<\/a> sowie die <a href=\"https:\/\/de.wikipedia.org\/wiki\/Ortsname\" target=\"_blank\">Wikipedia-Seite, auf der die g\u00e4ngigsten Grundw\u00f6rter deutscher Ortsnamen aufgelistet sind<\/a>.<\/p>\n<p>Die h\u00e4ufigste Endung &#8222;-ede&#8220; ist demnach besonders h\u00e4ufig in der Mitte und im Nordwesten Deutschlands zu finden. Kommunen, die mit &#8222;-siefen&#8220; enden, gibt es dagegen nur 36 und zwar vor allem in Rheinland-Pfalz. Kein Klischee: Wenn Orte mit &#8222;-itz&#8220; enden, befinden sie sich in der Regel in Sachsen, Brandenburg oder Mecklenburg-Vorpommern. Stefaner selbst lebt \u00fcbrigens im nieders\u00e4chsischen Lilienthal, was in der Nachbarschaft des Designers ziemlich exotisch klingt. Denn Niedersachsen ist offenbar zu flach, um eine &#8222;-thal&#8220;-Hochburg zu sein.<\/p>\n<p><em> Lust auf mehr Teilchen? <a href=\"https:\/\/blog.zeit.de\/teilchen\/\" target=\"_blank\">Hier werden Sie f\u00fcndig.<\/a><\/em><\/p>\n","protected":false},"excerpt":{"rendered":"<p>Ich wuchs in einem kleinen Ort bei Stuttgart auf und merkte schnell: Alle St\u00e4dte und Orte in unserer Umgebung endeten gleich \u2013 T\u00fcbingen, B\u00f6blingen, [\u2026]<\/p>\n","protected":false},"author":556,"featured_media":10760,"comment_status":"open","ping_status":"closed","sticky":false,"template":"","format":"standard","meta":{"_jetpack_memberships_contains_paid_content":false,"footnotes":""},"categories":[9469],"tags":[],"class_list":["post-10759","post","type-post","status-publish","format-standard","has-post-thumbnail","hentry","category-infografiken"],"yoast_head":"<!-- This site is optimized with the Yoast SEO plugin v21.0 - https:\/\/yoast.com\/wordpress\/plugins\/seo\/ -->\n<title>St\u00e4dtenamen: Itz Osten<\/title>\n<meta name=\"description\" content=\"Moritz Stefaner hat er die h\u00e4ufigsten Endungen deutscher St\u00e4dtenamen herausgesucht und zeigt in Grafiken, wo welche Suffixe besonders oft zu finden sind.\" \/>\n<meta name=\"robots\" content=\"index, follow, max-snippet:-1, max-image-preview:large, max-video-preview:-1\" \/>\n<link rel=\"canonical\" href=\"https:\/\/blog.zeit.de\/teilchen\/2016\/01\/05\/staedtenamen-itz-osten\/\" \/>\n<meta property=\"og:locale\" content=\"de_DE\" \/>\n<meta property=\"og:type\" content=\"article\" \/>\n<meta property=\"og:title\" content=\"St\u00e4dtenamen: Itz Osten\" \/>\n<meta property=\"og:description\" content=\"Moritz Stefaner hat er die h\u00e4ufigsten Endungen deutscher St\u00e4dtenamen herausgesucht und zeigt in Grafiken, wo welche Suffixe besonders oft zu finden sind.\" \/>\n<meta property=\"og:url\" content=\"https:\/\/blog.zeit.de\/teilchen\/2016\/01\/05\/staedtenamen-itz-osten\/\" \/>\n<meta property=\"og:site_name\" content=\"Teilchen\" \/>\n<meta property=\"article:published_time\" content=\"2016-01-05T13:37:34+00:00\" \/>\n<meta property=\"article:modified_time\" content=\"2016-01-05T14:06:44+00:00\" \/>\n<meta property=\"og:image\" content=\"https:\/\/blog.zeit.de\/teilchen\/files\/2016\/01\/Bildschirmfoto-2016-01-05-um-11.48.25.png\" \/>\n\t<meta property=\"og:image:width\" content=\"1700\" \/>\n\t<meta property=\"og:image:height\" content=\"1320\" \/>\n\t<meta property=\"og:image:type\" content=\"image\/png\" \/>\n<meta name=\"author\" content=\"Tobias Dorfer\" \/>\n<meta name=\"twitter:card\" content=\"summary_large_image\" \/>\n<meta name=\"twitter:creator\" content=\"@tobiasdorfer\" \/>\n<meta name=\"twitter:site\" content=\"@zeitonline\" \/>\n<meta name=\"twitter:label1\" content=\"Geschrieben von\" \/>\n\t<meta name=\"twitter:data1\" content=\"Tobias Dorfer\" \/>\n\t<meta name=\"twitter:label2\" content=\"Gesch\u00e4tzte Lesezeit\" \/>\n\t<meta name=\"twitter:data2\" content=\"1\u00a0Minute\" \/>\n<script type=\"application\/ld+json\" class=\"yoast-schema-graph\">{\"@context\":\"https:\/\/schema.org\",\"@graph\":[{\"@type\":\"WebPage\",\"@id\":\"https:\/\/blog.zeit.de\/teilchen\/2016\/01\/05\/staedtenamen-itz-osten\/\",\"url\":\"https:\/\/blog.zeit.de\/teilchen\/2016\/01\/05\/staedtenamen-itz-osten\/\",\"name\":\"St\u00e4dtenamen: Itz Osten\",\"isPartOf\":{\"@id\":\"https:\/\/blog.zeit.de\/teilchen\/#website\"},\"datePublished\":\"2016-01-05T13:37:34+00:00\",\"dateModified\":\"2016-01-05T14:06:44+00:00\",\"author\":{\"@id\":\"https:\/\/blog.zeit.de\/teilchen\/#\/schema\/person\/e90ba849254185115fd919d4fad07dc0\"},\"description\":\"Moritz Stefaner hat er die h\u00e4ufigsten Endungen deutscher St\u00e4dtenamen herausgesucht und zeigt in Grafiken, wo welche Suffixe besonders oft zu finden sind.\",\"breadcrumb\":{\"@id\":\"https:\/\/blog.zeit.de\/teilchen\/2016\/01\/05\/staedtenamen-itz-osten\/#breadcrumb\"},\"inLanguage\":\"de\",\"potentialAction\":[{\"@type\":\"ReadAction\",\"target\":[\"https:\/\/blog.zeit.de\/teilchen\/2016\/01\/05\/staedtenamen-itz-osten\/\"]}]},{\"@type\":\"BreadcrumbList\",\"@id\":\"https:\/\/blog.zeit.de\/teilchen\/2016\/01\/05\/staedtenamen-itz-osten\/#breadcrumb\",\"itemListElement\":[{\"@type\":\"ListItem\",\"position\":1,\"name\":\"Startseite\",\"item\":\"https:\/\/blog.zeit.de\/teilchen\/\"},{\"@type\":\"ListItem\",\"position\":2,\"name\":\"Itz Osten\"}]},{\"@type\":\"WebSite\",\"@id\":\"https:\/\/blog.zeit.de\/teilchen\/#website\",\"url\":\"https:\/\/blog.zeit.de\/teilchen\/\",\"name\":\"Teilchen\",\"description\":\"Im Netz verstecken sich kleine Sch\u00e4tze - ZEIT ONLINE findet sie.\",\"potentialAction\":[{\"@type\":\"SearchAction\",\"target\":{\"@type\":\"EntryPoint\",\"urlTemplate\":\"https:\/\/blog.zeit.de\/teilchen\/?s={search_term_string}\"},\"query-input\":\"required name=search_term_string\"}],\"inLanguage\":\"de\"},{\"@type\":\"Person\",\"@id\":\"https:\/\/blog.zeit.de\/teilchen\/#\/schema\/person\/e90ba849254185115fd919d4fad07dc0\",\"name\":\"Tobias Dorfer\",\"image\":{\"@type\":\"ImageObject\",\"inLanguage\":\"de\",\"@id\":\"https:\/\/blog.zeit.de\/teilchen\/#\/schema\/person\/image\/\",\"url\":\"https:\/\/secure.gravatar.com\/avatar\/0021e1a3fe9f799912804bcca6f1bcbbe58ee3bf29c8f714a0f453695a888d0a?s=96&d=mm&r=g\",\"contentUrl\":\"https:\/\/secure.gravatar.com\/avatar\/0021e1a3fe9f799912804bcca6f1bcbbe58ee3bf29c8f714a0f453695a888d0a?s=96&d=mm&r=g\",\"caption\":\"Tobias Dorfer\"},\"description\":\"Teamleiter Social Media bei ZEIT ONLINE. Zuvor sieben Jahre bei S\u00fcddeutsche.de, als Redakteur im Wirtschafts- und Regional-Ressort sowie Editorial SEO. Ausbildung an der Deutschen Journalistenschule in M\u00fcnchen mit Hospitanzen bei S\u00fcddeutsche Zeitung, SPIEGEL und SPIEGEL Online.\",\"sameAs\":[\"https:\/\/twitter.com\/tobiasdorfer\"],\"url\":\"https:\/\/blog.zeit.de\/teilchen\/author\/tdorfer\/\"}]}<\/script>\n<!-- \/ Yoast SEO plugin. -->","yoast_head_json":{"title":"St\u00e4dtenamen: Itz Osten","description":"Moritz Stefaner hat er die h\u00e4ufigsten Endungen deutscher St\u00e4dtenamen herausgesucht und zeigt in Grafiken, wo welche Suffixe besonders oft zu finden sind.","robots":{"index":"index","follow":"follow","max-snippet":"max-snippet:-1","max-image-preview":"max-image-preview:large","max-video-preview":"max-video-preview:-1"},"canonical":"https:\/\/blog.zeit.de\/teilchen\/2016\/01\/05\/staedtenamen-itz-osten\/","og_locale":"de_DE","og_type":"article","og_title":"St\u00e4dtenamen: Itz Osten","og_description":"Moritz Stefaner hat er die h\u00e4ufigsten Endungen deutscher St\u00e4dtenamen herausgesucht und zeigt in Grafiken, wo welche Suffixe besonders oft zu finden sind.","og_url":"https:\/\/blog.zeit.de\/teilchen\/2016\/01\/05\/staedtenamen-itz-osten\/","og_site_name":"Teilchen","article_published_time":"2016-01-05T13:37:34+00:00","article_modified_time":"2016-01-05T14:06:44+00:00","og_image":[{"width":1700,"height":1320,"url":"https:\/\/blog.zeit.de\/teilchen\/files\/2016\/01\/Bildschirmfoto-2016-01-05-um-11.48.25.png","type":"image\/png"}],"author":"Tobias Dorfer","twitter_card":"summary_large_image","twitter_creator":"@tobiasdorfer","twitter_site":"@zeitonline","twitter_misc":{"Geschrieben von":"Tobias Dorfer","Gesch\u00e4tzte Lesezeit":"1\u00a0Minute"},"schema":{"@context":"https:\/\/schema.org","@graph":[{"@type":"WebPage","@id":"https:\/\/blog.zeit.de\/teilchen\/2016\/01\/05\/staedtenamen-itz-osten\/","url":"https:\/\/blog.zeit.de\/teilchen\/2016\/01\/05\/staedtenamen-itz-osten\/","name":"St\u00e4dtenamen: Itz Osten","isPartOf":{"@id":"https:\/\/blog.zeit.de\/teilchen\/#website"},"datePublished":"2016-01-05T13:37:34+00:00","dateModified":"2016-01-05T14:06:44+00:00","author":{"@id":"https:\/\/blog.zeit.de\/teilchen\/#\/schema\/person\/e90ba849254185115fd919d4fad07dc0"},"description":"Moritz Stefaner hat er die h\u00e4ufigsten Endungen deutscher St\u00e4dtenamen herausgesucht und zeigt in Grafiken, wo welche Suffixe besonders oft zu finden sind.","breadcrumb":{"@id":"https:\/\/blog.zeit.de\/teilchen\/2016\/01\/05\/staedtenamen-itz-osten\/#breadcrumb"},"inLanguage":"de","potentialAction":[{"@type":"ReadAction","target":["https:\/\/blog.zeit.de\/teilchen\/2016\/01\/05\/staedtenamen-itz-osten\/"]}]},{"@type":"BreadcrumbList","@id":"https:\/\/blog.zeit.de\/teilchen\/2016\/01\/05\/staedtenamen-itz-osten\/#breadcrumb","itemListElement":[{"@type":"ListItem","position":1,"name":"Startseite","item":"https:\/\/blog.zeit.de\/teilchen\/"},{"@type":"ListItem","position":2,"name":"Itz Osten"}]},{"@type":"WebSite","@id":"https:\/\/blog.zeit.de\/teilchen\/#website","url":"https:\/\/blog.zeit.de\/teilchen\/","name":"Teilchen","description":"Im Netz verstecken sich kleine Sch\u00e4tze - ZEIT ONLINE findet sie.","potentialAction":[{"@type":"SearchAction","target":{"@type":"EntryPoint","urlTemplate":"https:\/\/blog.zeit.de\/teilchen\/?s={search_term_string}"},"query-input":"required name=search_term_string"}],"inLanguage":"de"},{"@type":"Person","@id":"https:\/\/blog.zeit.de\/teilchen\/#\/schema\/person\/e90ba849254185115fd919d4fad07dc0","name":"Tobias Dorfer","image":{"@type":"ImageObject","inLanguage":"de","@id":"https:\/\/blog.zeit.de\/teilchen\/#\/schema\/person\/image\/","url":"https:\/\/secure.gravatar.com\/avatar\/0021e1a3fe9f799912804bcca6f1bcbbe58ee3bf29c8f714a0f453695a888d0a?s=96&d=mm&r=g","contentUrl":"https:\/\/secure.gravatar.com\/avatar\/0021e1a3fe9f799912804bcca6f1bcbbe58ee3bf29c8f714a0f453695a888d0a?s=96&d=mm&r=g","caption":"Tobias Dorfer"},"description":"Teamleiter Social Media bei ZEIT ONLINE. Zuvor sieben Jahre bei S\u00fcddeutsche.de, als Redakteur im Wirtschafts- und Regional-Ressort sowie Editorial SEO. Ausbildung an der Deutschen Journalistenschule in M\u00fcnchen mit Hospitanzen bei S\u00fcddeutsche Zeitung, SPIEGEL und SPIEGEL Online.","sameAs":["https:\/\/twitter.com\/tobiasdorfer"],"url":"https:\/\/blog.zeit.de\/teilchen\/author\/tdorfer\/"}]}},"jetpack_featured_media_url":"https:\/\/blog.zeit.de\/teilchen\/files\/2016\/01\/Bildschirmfoto-2016-01-05-um-11.48.25.png","jetpack_sharing_enabled":true,"_links":{"self":[{"href":"https:\/\/blog.zeit.de\/teilchen\/wp-json\/wp\/v2\/posts\/10759","targetHints":{"allow":["GET"]}}],"collection":[{"href":"https:\/\/blog.zeit.de\/teilchen\/wp-json\/wp\/v2\/posts"}],"about":[{"href":"https:\/\/blog.zeit.de\/teilchen\/wp-json\/wp\/v2\/types\/post"}],"author":[{"embeddable":true,"href":"https:\/\/blog.zeit.de\/teilchen\/wp-json\/wp\/v2\/users\/556"}],"replies":[{"embeddable":true,"href":"https:\/\/blog.zeit.de\/teilchen\/wp-json\/wp\/v2\/comments?post=10759"}],"version-history":[{"count":11,"href":"https:\/\/blog.zeit.de\/teilchen\/wp-json\/wp\/v2\/posts\/10759\/revisions"}],"predecessor-version":[{"id":10774,"href":"https:\/\/blog.zeit.de\/teilchen\/wp-json\/wp\/v2\/posts\/10759\/revisions\/10774"}],"wp:featuredmedia":[{"embeddable":true,"href":"https:\/\/blog.zeit.de\/teilchen\/wp-json\/wp\/v2\/media\/10760"}],"wp:attachment":[{"href":"https:\/\/blog.zeit.de\/teilchen\/wp-json\/wp\/v2\/media?parent=10759"}],"wp:term":[{"taxonomy":"category","embeddable":true,"href":"https:\/\/blog.zeit.de\/teilchen\/wp-json\/wp\/v2\/categories?post=10759"},{"taxonomy":"post_tag","embeddable":true,"href":"https:\/\/blog.zeit.de\/teilchen\/wp-json\/wp\/v2\/tags?post=10759"}],"curies":[{"name":"wp","href":"https:\/\/api.w.org\/{rel}","templated":true}]}}